{"id":66132,"date":"2021-12-19T12:11:55","date_gmt":"2021-12-19T12:11:55","guid":{"rendered":"http:\/\/www.noticiasradioreflejos.com.ar\/2021\/?p=66132"},"modified":"2021-12-19T14:05:20","modified_gmt":"2021-12-19T14:05:20","slug":"tras-un-sabado-tormentoso-llega-una-semana-de-calor-a-las-sierras","status":"publish","type":"post","link":"https:\/\/www.noticiasradioreflejos.com.ar\/2021\/tras-un-sabado-tormentoso-llega-una-semana-de-calor-a-las-sierras\/","title":{"rendered":"Tras un s\u00e1bado tormentoso llega una semana de calor a las sierras."},"content":{"rendered":"<p>Un verdadero festival lum\u00ednico tuvo la comarca durante la madrugada y noche de este s\u00e1bado 18 de diciembre, donde no faltaron rayos, rel\u00e1mpagos, truenos y lluvias.<!--more-->Todo comenz\u00f3 muy cerca de la medianoche del viernes, con una tormenta el\u00e9ctrica que\u00a0 iluminaba todo el cord\u00f3n serrano, desde el Ventania al Pillahuinc\u00f3. Durante las primeras horas de este s\u00e1bado 18, la intensa tormenta y la gran cantidad de descargas el\u00e9ctricas estuvieron presentes por mas de dos horas, y un chaparr\u00f3n dej\u00f3 1.2 mm como registro; el d\u00eda pas\u00f3 caluroso con una m\u00e1xima que lleg\u00f3 a los 34,1\u00b0, y cuando comenz\u00f3 a oscurecer, otra tormenta proveniente del sudoeste se abalanz\u00f3 sobre la zona serrana con mas rayos, rel\u00e1mpagos que se extend\u00edan por todo el cielo y una lluvia que lleg\u00f3 a acumular 11.6 mm en el sector urbano de Sierra de la Ventana.<\/p>\n<p>Registros similares se dieron en toda la zona con la presencia de fuertes vientos que en el caso de Bah\u00eda Blanca produjo ca\u00edda de postes y \u00e1rboles.<\/p>\n<p>El pron\u00f3stico anticipa para hoy una m\u00e1xima de 34 grados y cielos ligeramente nublados. Para el resto de la semana se esperan marcas t\u00e9rmicas altas, superiores a los 30\u00b0, m\u00ednimas entre los 15 y 17 grados cent\u00edgrados.<\/p>\n<p>&nbsp;<\/p>\n<p><strong>Datos de lluvias hasta las 8 de la ma\u00f1ana<\/strong><\/p>\n<p>11.6 mm Sierra de la Ventana<br \/>\n11 mm en Calquin<br \/>\n10.5 mm Villa Ventana<br \/>\n1.2 mm en Cerro Napost\u00e1 Oeste<br \/>\n13 mm en Saldungaray<br \/>\n14 mm en Frapal<br \/>\n3.2 mm en Cabildo<br \/>\n26.5 mm en Pig\u00fc\u00e9<br \/>\n30 mm en Goyena<br \/>\n24 mm en Arroyo Corto<br \/>\n20 mm en Espartillar<br \/>\n16 mm en Carhu\u00e9<br \/>\n19 mm. en Dufaur<br \/>\n8.3 mm en Cnel Pringles<br \/>\n7 mm en La Paloma<br \/>\n13 mm en el Pantanoso<br \/>\n23 mm. en Coronel Su\u00e1rez<br \/>\n13 mm. en Huanguel\u00e9n<br \/>\n23 mm en Pasman<br \/>\n4 mm en Cura Malal<br \/>\n15 mm en San Eloy<br \/>\n2 mm en Monte Hermoso<br \/>\n13 mm en Teniente Origone<br \/>\n3 mm en 17 de Agosto<br \/>\n4 mm en Bah\u00eda Blanca.<br \/>\n2.8 mm en Punta Alta<\/p>\n<p><span style=\"color: #808000;\"><strong><br \/>\nFoto de portada: Franco Scialpi<\/strong><\/span><\/p>\n","protected":false},"excerpt":{"rendered":"<p>Un verdadero festival lum\u00ednico tuvo la comarca durante la madrugada y noche de este s\u00e1bado 18 de diciembre, donde no faltaron rayos, rel\u00e1mpagos, truenos y lluvias.<\/p>\n","protected":false},"author":3,"featured_media":0,"comment_status":"closed","ping_status":"closed","sticky":false,"template":"","format":"standard","meta":{"footnotes":""},"categories":[26],"tags":[],"class_list":["post-66132","post","type-post","status-publish","format-standard","hentry","category-sociedad"],"yoast_head":"<!-- This site is optimized with the Yoast SEO plugin v25.9 - https:\/\/yoast.com\/wordpress\/plugins\/seo\/ -->\n<title>Tras un s\u00e1bado tormentoso llega una semana de calor a las sierras. - Noticias Radio Reflejos<\/title>\n<meta name=\"robots\" content=\"index, follow, max-snippet:-1, max-image-preview:large, max-video-preview:-1\" \/>\n<link rel=\"canonical\" href=\"https:\/\/www.noticiasradioreflejos.com.ar\/2021\/tras-un-sabado-tormentoso-llega-una-semana-de-calor-a-las-sierras\/\" \/>\n<meta property=\"og:locale\" content=\"es_ES\" \/>\n<meta property=\"og:type\" content=\"article\" \/>\n<meta property=\"og:title\" content=\"Tras un s\u00e1bado tormentoso llega una semana de calor a las sierras. - Noticias Radio Reflejos\" \/>\n<meta property=\"og:description\" content=\"Un verdadero festival lum\u00ednico tuvo la comarca durante la madrugada y noche de este s\u00e1bado 18 de diciembre, donde no faltaron rayos, rel\u00e1mpagos, truenos y lluvias.\" \/>\n<meta property=\"og:url\" content=\"https:\/\/www.noticiasradioreflejos.com.ar\/2021\/tras-un-sabado-tormentoso-llega-una-semana-de-calor-a-las-sierras\/\" \/>\n<meta property=\"og:site_name\" content=\"Noticias Radio Reflejos\" \/>\n<meta property=\"article:published_time\" content=\"2021-12-19T12:11:55+00:00\" \/>\n<meta property=\"article:modified_time\" content=\"2021-12-19T14:05:20+00:00\" \/>\n<meta property=\"og:image\" content=\"https:\/\/www.noticiasradioreflejos.com.ar\/2021\/wp-content\/uploads\/2021\/07\/logosol300x200.png\" \/>\n\t<meta property=\"og:image:width\" content=\"300\" \/>\n\t<meta property=\"og:image:height\" content=\"200\" \/>\n\t<meta property=\"og:image:type\" content=\"image\/png\" \/>\n<meta name=\"author\" content=\"Arnaldo Botto\" \/>\n<meta name=\"twitter:card\" content=\"summary_large_image\" \/>\n<script type=\"application\/ld+json\" class=\"yoast-schema-graph\">{\"@context\":\"https:\/\/schema.org\",\"@graph\":[{\"@type\":\"WebPage\",\"@id\":\"https:\/\/www.noticiasradioreflejos.com.ar\/2021\/tras-un-sabado-tormentoso-llega-una-semana-de-calor-a-las-sierras\/\",\"url\":\"https:\/\/www.noticiasradioreflejos.com.ar\/2021\/tras-un-sabado-tormentoso-llega-una-semana-de-calor-a-las-sierras\/\",\"name\":\"Tras un s\u00e1bado tormentoso llega una semana de calor a las sierras. - Noticias Radio Reflejos\",\"isPartOf\":{\"@id\":\"https:\/\/www.noticiasradioreflejos.com.ar\/2021\/#website\"},\"datePublished\":\"2021-12-19T12:11:55+00:00\",\"dateModified\":\"2021-12-19T14:05:20+00:00\",\"author\":{\"@id\":\"https:\/\/www.noticiasradioreflejos.com.ar\/2021\/#\/schema\/person\/ad82545263dcc5ec0996818884fd5fb1\"},\"breadcrumb\":{\"@id\":\"https:\/\/www.noticiasradioreflejos.com.ar\/2021\/tras-un-sabado-tormentoso-llega-una-semana-de-calor-a-las-sierras\/#breadcrumb\"},\"inLanguage\":\"es\",\"potentialAction\":[{\"@type\":\"ReadAction\",\"target\":[\"https:\/\/www.noticiasradioreflejos.com.ar\/2021\/tras-un-sabado-tormentoso-llega-una-semana-de-calor-a-las-sierras\/\"]}]},{\"@type\":\"BreadcrumbList\",\"@id\":\"https:\/\/www.noticiasradioreflejos.com.ar\/2021\/tras-un-sabado-tormentoso-llega-una-semana-de-calor-a-las-sierras\/#breadcrumb\",\"itemListElement\":[{\"@type\":\"ListItem\",\"position\":1,\"name\":\"Portada\",\"item\":\"https:\/\/www.noticiasradioreflejos.com.ar\/2021\/\"},{\"@type\":\"ListItem\",\"position\":2,\"name\":\"Tras un s\u00e1bado tormentoso llega una semana de calor a las sierras.\"}]},{\"@type\":\"WebSite\",\"@id\":\"https:\/\/www.noticiasradioreflejos.com.ar\/2021\/#website\",\"url\":\"https:\/\/www.noticiasradioreflejos.com.ar\/2021\/\",\"name\":\"Noticias Radio Reflejos\",\"description\":\"Las noticias de mi comarca\",\"potentialAction\":[{\"@type\":\"SearchAction\",\"target\":{\"@type\":\"EntryPoint\",\"urlTemplate\":\"https:\/\/www.noticiasradioreflejos.com.ar\/2021\/?s={search_term_string}\"},\"query-input\":{\"@type\":\"PropertyValueSpecification\",\"valueRequired\":true,\"valueName\":\"search_term_string\"}}],\"inLanguage\":\"es\"},{\"@type\":\"Person\",\"@id\":\"https:\/\/www.noticiasradioreflejos.com.ar\/2021\/#\/schema\/person\/ad82545263dcc5ec0996818884fd5fb1\",\"name\":\"Arnaldo Botto\",\"image\":{\"@type\":\"ImageObject\",\"inLanguage\":\"es\",\"@id\":\"https:\/\/www.noticiasradioreflejos.com.ar\/2021\/#\/schema\/person\/image\/\",\"url\":\"https:\/\/secure.gravatar.com\/avatar\/55cb5e37c1efa326397366e6974cb338056df65cb50e7d64d1cf314e87504837?s=96&d=mm&r=g\",\"contentUrl\":\"https:\/\/secure.gravatar.com\/avatar\/55cb5e37c1efa326397366e6974cb338056df65cb50e7d64d1cf314e87504837?s=96&d=mm&r=g\",\"caption\":\"Arnaldo Botto\"},\"url\":\"https:\/\/www.noticiasradioreflejos.com.ar\/2021\/author\/arnaldo\/\"}]}<\/script>\n<!-- \/ Yoast SEO plugin. -->","yoast_head_json":{"title":"Tras un s\u00e1bado tormentoso llega una semana de calor a las sierras. - Noticias Radio Reflejos","robots":{"index":"index","follow":"follow","max-snippet":"max-snippet:-1","max-image-preview":"max-image-preview:large","max-video-preview":"max-video-preview:-1"},"canonical":"https:\/\/www.noticiasradioreflejos.com.ar\/2021\/tras-un-sabado-tormentoso-llega-una-semana-de-calor-a-las-sierras\/","og_locale":"es_ES","og_type":"article","og_title":"Tras un s\u00e1bado tormentoso llega una semana de calor a las sierras. - Noticias Radio Reflejos","og_description":"Un verdadero festival lum\u00ednico tuvo la comarca durante la madrugada y noche de este s\u00e1bado 18 de diciembre, donde no faltaron rayos, rel\u00e1mpagos, truenos y lluvias.","og_url":"https:\/\/www.noticiasradioreflejos.com.ar\/2021\/tras-un-sabado-tormentoso-llega-una-semana-de-calor-a-las-sierras\/","og_site_name":"Noticias Radio Reflejos","article_published_time":"2021-12-19T12:11:55+00:00","article_modified_time":"2021-12-19T14:05:20+00:00","og_image":[{"width":300,"height":200,"url":"https:\/\/www.noticiasradioreflejos.com.ar\/2021\/wp-content\/uploads\/2021\/07\/logosol300x200.png","type":"image\/png"}],"author":"Arnaldo Botto","twitter_card":"summary_large_image","schema":{"@context":"https:\/\/schema.org","@graph":[{"@type":"WebPage","@id":"https:\/\/www.noticiasradioreflejos.com.ar\/2021\/tras-un-sabado-tormentoso-llega-una-semana-de-calor-a-las-sierras\/","url":"https:\/\/www.noticiasradioreflejos.com.ar\/2021\/tras-un-sabado-tormentoso-llega-una-semana-de-calor-a-las-sierras\/","name":"Tras un s\u00e1bado tormentoso llega una semana de calor a las sierras. - Noticias Radio Reflejos","isPartOf":{"@id":"https:\/\/www.noticiasradioreflejos.com.ar\/2021\/#website"},"datePublished":"2021-12-19T12:11:55+00:00","dateModified":"2021-12-19T14:05:20+00:00","author":{"@id":"https:\/\/www.noticiasradioreflejos.com.ar\/2021\/#\/schema\/person\/ad82545263dcc5ec0996818884fd5fb1"},"breadcrumb":{"@id":"https:\/\/www.noticiasradioreflejos.com.ar\/2021\/tras-un-sabado-tormentoso-llega-una-semana-de-calor-a-las-sierras\/#breadcrumb"},"inLanguage":"es","potentialAction":[{"@type":"ReadAction","target":["https:\/\/www.noticiasradioreflejos.com.ar\/2021\/tras-un-sabado-tormentoso-llega-una-semana-de-calor-a-las-sierras\/"]}]},{"@type":"BreadcrumbList","@id":"https:\/\/www.noticiasradioreflejos.com.ar\/2021\/tras-un-sabado-tormentoso-llega-una-semana-de-calor-a-las-sierras\/#breadcrumb","itemListElement":[{"@type":"ListItem","position":1,"name":"Portada","item":"https:\/\/www.noticiasradioreflejos.com.ar\/2021\/"},{"@type":"ListItem","position":2,"name":"Tras un s\u00e1bado tormentoso llega una semana de calor a las sierras."}]},{"@type":"WebSite","@id":"https:\/\/www.noticiasradioreflejos.com.ar\/2021\/#website","url":"https:\/\/www.noticiasradioreflejos.com.ar\/2021\/","name":"Noticias Radio Reflejos","description":"Las noticias de mi comarca","potentialAction":[{"@type":"SearchAction","target":{"@type":"EntryPoint","urlTemplate":"https:\/\/www.noticiasradioreflejos.com.ar\/2021\/?s={search_term_string}"},"query-input":{"@type":"PropertyValueSpecification","valueRequired":true,"valueName":"search_term_string"}}],"inLanguage":"es"},{"@type":"Person","@id":"https:\/\/www.noticiasradioreflejos.com.ar\/2021\/#\/schema\/person\/ad82545263dcc5ec0996818884fd5fb1","name":"Arnaldo Botto","image":{"@type":"ImageObject","inLanguage":"es","@id":"https:\/\/www.noticiasradioreflejos.com.ar\/2021\/#\/schema\/person\/image\/","url":"https:\/\/secure.gravatar.com\/avatar\/55cb5e37c1efa326397366e6974cb338056df65cb50e7d64d1cf314e87504837?s=96&d=mm&r=g","contentUrl":"https:\/\/secure.gravatar.com\/avatar\/55cb5e37c1efa326397366e6974cb338056df65cb50e7d64d1cf314e87504837?s=96&d=mm&r=g","caption":"Arnaldo Botto"},"url":"https:\/\/www.noticiasradioreflejos.com.ar\/2021\/author\/arnaldo\/"}]}},"_links":{"self":[{"href":"https:\/\/www.noticiasradioreflejos.com.ar\/2021\/wp-json\/wp\/v2\/posts\/66132","targetHints":{"allow":["GET"]}}],"collection":[{"href":"https:\/\/www.noticiasradioreflejos.com.ar\/2021\/wp-json\/wp\/v2\/posts"}],"about":[{"href":"https:\/\/www.noticiasradioreflejos.com.ar\/2021\/wp-json\/wp\/v2\/types\/post"}],"author":[{"embeddable":true,"href":"https:\/\/www.noticiasradioreflejos.com.ar\/2021\/wp-json\/wp\/v2\/users\/3"}],"replies":[{"embeddable":true,"href":"https:\/\/www.noticiasradioreflejos.com.ar\/2021\/wp-json\/wp\/v2\/comments?post=66132"}],"version-history":[{"count":3,"href":"https:\/\/www.noticiasradioreflejos.com.ar\/2021\/wp-json\/wp\/v2\/posts\/66132\/revisions"}],"predecessor-version":[{"id":66136,"href":"https:\/\/www.noticiasradioreflejos.com.ar\/2021\/wp-json\/wp\/v2\/posts\/66132\/revisions\/66136"}],"wp:attachment":[{"href":"https:\/\/www.noticiasradioreflejos.com.ar\/2021\/wp-json\/wp\/v2\/media?parent=66132"}],"wp:term":[{"taxonomy":"category","embeddable":true,"href":"https:\/\/www.noticiasradioreflejos.com.ar\/2021\/wp-json\/wp\/v2\/categories?post=66132"},{"taxonomy":"post_tag","embeddable":true,"href":"https:\/\/www.noticiasradioreflejos.com.ar\/2021\/wp-json\/wp\/v2\/tags?post=66132"}],"curies":[{"name":"wp","href":"https:\/\/api.w.org\/{rel}","templated":true}]}}