{"id":66027,"date":"2021-12-16T16:12:16","date_gmt":"2021-12-16T16:12:16","guid":{"rendered":"http:\/\/www.noticiasradioreflejos.com.ar\/2021\/?p=66027"},"modified":"2021-12-16T16:13:05","modified_gmt":"2021-12-16T16:13:05","slug":"66027-2","status":"publish","type":"post","link":"https:\/\/www.noticiasradioreflejos.com.ar\/2021\/66027-2\/","title":{"rendered":"Suspender\u00e1n la licencia a conductores alcoholizados en la Ciudad de Buenos Aires"},"content":{"rendered":"<p>La Legislatura porte\u00f1a aprob\u00f3, la semana pasada, el \u201cPrograma Integral de Convivencia Vial\u201d, que establece nuevas penas para la alcoholemia positiva, que depender\u00e1n de la cantidad de alcohol en sangre o la reincidencia. Adem\u00e1s, las multas ser\u00e1n m\u00e1s fuertes a medida que sea mayor el alcohol en sangre. Esta norma es parte de un paquete de cambios la seguridad vial de la Ciudad que incluye extender la validez de las licencias de conducir en las  edades m\u00e1s j\u00f3venes y cambios en el examen te\u00f3rico y  pr\u00e1ctico para obtenerlas, este \u00faltimo ser\u00e1 en la calle. Estas modificaciones al C\u00f3digo de Tr\u00e1nsito y Transporte porte\u00f1o (Ley 2.148) as\u00ed como en el C\u00f3digo Contravencional empezar\u00e1n a regir durante 2022.<!--more--><\/p>\n<p>Inhabilitar\u00e1n para conducir a los conductores alcoholizados<\/p>\n<p>     Uno de cada cinco siniestros viales fatales en la ciudad se relaciona con el consumo de bebidas alcoh\u00f3licas. Por eso se inhabilitar\u00e1 por al menos dos meses a los automovilistas particulares que manejen con m\u00e1s de 0,5 gramo de alcohol por litro de sangre, que es el m\u00e1ximo permitido en la Ciudad. En el caso de los motociclistas el l\u00edmite es de 0,2 y en el de los conductores profesionales y los principiantes es cero. Seg\u00fan fuentes oficiales, en 2020 se hicieron m\u00e1s de 300.000 controles de alcoholemia en territorio porte\u00f1o, un 152% m\u00e1s que en 2016, mientras que la cantidad de positivos baj\u00f3 del 3,3% al 1,4%. Todas estas medidas ejercer\u00e1n una acci\u00f3n preventiva y disuasiva para que cada uno tome conciencia de los riesgos de la conducci\u00f3n alcoholizada.<\/p>\n<p><a href=\"http:\/\/luchemos.org.ar\/es\/sabermas\/recomendaciones-breves\/alcohol-y-conduccion\">Para saber m\u00e1s sobre por qu\u00e9 el alcohol al volante mata<\/a><\/p>\n<p>Cambios en los ex\u00e1menes para obtener la licencia de conducir<\/p>\n<p>     El te\u00f3rico presentar\u00e1 mayor exigencia, mientras que el pr\u00e1ctico ser\u00e1 en la v\u00eda p\u00fablica y en autos de doble comando, con pedalera, tanto para el conductor como para el instructor. El objetivo es analizar las habilidades del aspirante en situaciones reales. El instructor evaluar\u00e1 la t\u00e9cnica de manejo, el respeto por las normas y la interacci\u00f3n con el resto de los actores del tr\u00e1nsito. En cuanto al examen te\u00f3rico, la cantidad de preguntas pasar\u00e1 de 30 a 40 y para aprobar habr\u00e1 que responder en forma correcta el 85%, en lugar del 75%. Para hacerlo habr\u00e1 40 minutos de tiempo, en vez de 45. Adem\u00e1s, el psicof\u00edsico incluir\u00e1 el test de agudeza visual binocular -es decir con los dos ojos abiertos al mismo tiempo-, audi\u00f3metro y otras pruebas. Por otra parte, los cursos de educaci\u00f3n vial para obtener o renovar la licencia se har\u00e1n siempre en formato virtual.<\/p>\n<p>     Tambi\u00e9n habr\u00e1 modificaciones con la vigencia de la licencia, que ser\u00e1 ampliada para quienes respeten las normas. De esta manera, ser\u00e1 de 10 a\u00f1os de validez para conductores de entre 16 y 39 a\u00f1os; seis a\u00f1os para los de entre 40 y 49; cuatro para los de 50 a 69, y dos a partir de los 70. Estos son plazos m\u00e1ximos, porque el cuerpo m\u00e9dico podr\u00e1 fijar una duraci\u00f3n menor, en funci\u00f3n de las condiciones psicof\u00edsicas del aspirante o conductor.<\/p>\n<p>     Estas normas posibilitar\u00e1n aumentar la seguridad vial, en la medida que las autoridades hagan cumplir la ley por medio de controles serios y eficaces y la sanci\u00f3n efectiva a los infractores. Adem\u00e1s, pueden ejercer una acci\u00f3n preventiva y disuasiva para que cada uno tome conciencia de las consecuencias de la conducci\u00f3n alcoholizada.<\/p>\n","protected":false},"excerpt":{"rendered":"<p>La Legislatura porte\u00f1a aprob\u00f3, la semana pasada, el \u201cPrograma Integral de Convivencia Vial\u201d, que establece nuevas penas para la alcoholemia positiva, que depender\u00e1n de la cantidad de alcohol en sangre o la reincidencia. Adem\u00e1s, las multas ser\u00e1n m\u00e1s fuertes a medida que sea mayor el alcohol en sangre. Esta norma es parte de un paquete [&hellip;]<\/p>\n","protected":false},"author":3,"featured_media":0,"comment_status":"closed","ping_status":"closed","sticky":false,"template":"","format":"standard","meta":{"footnotes":""},"categories":[1,25],"tags":[],"class_list":["post-66027","post","type-post","status-publish","format-standard","hentry","category-sin-categoria","category-uncategorized"],"yoast_head":"<!-- This site is optimized with the Yoast SEO plugin v25.9 - https:\/\/yoast.com\/wordpress\/plugins\/seo\/ -->\n<title>Suspender\u00e1n la licencia a conductores alcoholizados en la Ciudad de Buenos Aires - Noticias Radio Reflejos<\/title>\n<meta name=\"robots\" content=\"index, follow, max-snippet:-1, max-image-preview:large, max-video-preview:-1\" \/>\n<link rel=\"canonical\" href=\"https:\/\/www.noticiasradioreflejos.com.ar\/2021\/66027-2\/\" \/>\n<meta property=\"og:locale\" content=\"es_ES\" \/>\n<meta property=\"og:type\" content=\"article\" \/>\n<meta property=\"og:title\" content=\"Suspender\u00e1n la licencia a conductores alcoholizados en la Ciudad de Buenos Aires - Noticias Radio Reflejos\" \/>\n<meta property=\"og:description\" content=\"La Legislatura porte\u00f1a aprob\u00f3, la semana pasada, el \u201cPrograma Integral de Convivencia Vial\u201d, que establece nuevas penas para la alcoholemia positiva, que depender\u00e1n de la cantidad de alcohol en sangre o la reincidencia. Adem\u00e1s, las multas ser\u00e1n m\u00e1s fuertes a medida que sea mayor el alcohol en sangre. Esta norma es parte de un paquete [&hellip;]\" \/>\n<meta property=\"og:url\" content=\"https:\/\/www.noticiasradioreflejos.com.ar\/2021\/66027-2\/\" \/>\n<meta property=\"og:site_name\" content=\"Noticias Radio Reflejos\" \/>\n<meta property=\"article:published_time\" content=\"2021-12-16T16:12:16+00:00\" \/>\n<meta property=\"article:modified_time\" content=\"2021-12-16T16:13:05+00:00\" \/>\n<meta property=\"og:image\" content=\"https:\/\/www.noticiasradioreflejos.com.ar\/2021\/wp-content\/uploads\/2021\/07\/logosol300x200.png\" \/>\n\t<meta property=\"og:image:width\" content=\"300\" \/>\n\t<meta property=\"og:image:height\" content=\"200\" \/>\n\t<meta property=\"og:image:type\" content=\"image\/png\" \/>\n<meta name=\"author\" content=\"Arnaldo Botto\" \/>\n<meta name=\"twitter:card\" content=\"summary_large_image\" \/>\n<script type=\"application\/ld+json\" class=\"yoast-schema-graph\">{\"@context\":\"https:\/\/schema.org\",\"@graph\":[{\"@type\":\"WebPage\",\"@id\":\"https:\/\/www.noticiasradioreflejos.com.ar\/2021\/66027-2\/\",\"url\":\"https:\/\/www.noticiasradioreflejos.com.ar\/2021\/66027-2\/\",\"name\":\"Suspender\u00e1n la licencia a conductores alcoholizados en la Ciudad de Buenos Aires - Noticias Radio Reflejos\",\"isPartOf\":{\"@id\":\"https:\/\/www.noticiasradioreflejos.com.ar\/2021\/#website\"},\"datePublished\":\"2021-12-16T16:12:16+00:00\",\"dateModified\":\"2021-12-16T16:13:05+00:00\",\"author\":{\"@id\":\"https:\/\/www.noticiasradioreflejos.com.ar\/2021\/#\/schema\/person\/ad82545263dcc5ec0996818884fd5fb1\"},\"breadcrumb\":{\"@id\":\"https:\/\/www.noticiasradioreflejos.com.ar\/2021\/66027-2\/#breadcrumb\"},\"inLanguage\":\"es\",\"potentialAction\":[{\"@type\":\"ReadAction\",\"target\":[\"https:\/\/www.noticiasradioreflejos.com.ar\/2021\/66027-2\/\"]}]},{\"@type\":\"BreadcrumbList\",\"@id\":\"https:\/\/www.noticiasradioreflejos.com.ar\/2021\/66027-2\/#breadcrumb\",\"itemListElement\":[{\"@type\":\"ListItem\",\"position\":1,\"name\":\"Portada\",\"item\":\"https:\/\/www.noticiasradioreflejos.com.ar\/2021\/\"},{\"@type\":\"ListItem\",\"position\":2,\"name\":\"Suspender\u00e1n la licencia a conductores alcoholizados en la Ciudad de Buenos Aires\"}]},{\"@type\":\"WebSite\",\"@id\":\"https:\/\/www.noticiasradioreflejos.com.ar\/2021\/#website\",\"url\":\"https:\/\/www.noticiasradioreflejos.com.ar\/2021\/\",\"name\":\"Noticias Radio Reflejos\",\"description\":\"Las noticias de mi comarca\",\"potentialAction\":[{\"@type\":\"SearchAction\",\"target\":{\"@type\":\"EntryPoint\",\"urlTemplate\":\"https:\/\/www.noticiasradioreflejos.com.ar\/2021\/?s={search_term_string}\"},\"query-input\":{\"@type\":\"PropertyValueSpecification\",\"valueRequired\":true,\"valueName\":\"search_term_string\"}}],\"inLanguage\":\"es\"},{\"@type\":\"Person\",\"@id\":\"https:\/\/www.noticiasradioreflejos.com.ar\/2021\/#\/schema\/person\/ad82545263dcc5ec0996818884fd5fb1\",\"name\":\"Arnaldo Botto\",\"image\":{\"@type\":\"ImageObject\",\"inLanguage\":\"es\",\"@id\":\"https:\/\/www.noticiasradioreflejos.com.ar\/2021\/#\/schema\/person\/image\/\",\"url\":\"https:\/\/secure.gravatar.com\/avatar\/55cb5e37c1efa326397366e6974cb338056df65cb50e7d64d1cf314e87504837?s=96&d=mm&r=g\",\"contentUrl\":\"https:\/\/secure.gravatar.com\/avatar\/55cb5e37c1efa326397366e6974cb338056df65cb50e7d64d1cf314e87504837?s=96&d=mm&r=g\",\"caption\":\"Arnaldo Botto\"},\"url\":\"https:\/\/www.noticiasradioreflejos.com.ar\/2021\/author\/arnaldo\/\"}]}<\/script>\n<!-- \/ Yoast SEO plugin. -->","yoast_head_json":{"title":"Suspender\u00e1n la licencia a conductores alcoholizados en la Ciudad de Buenos Aires - Noticias Radio Reflejos","robots":{"index":"index","follow":"follow","max-snippet":"max-snippet:-1","max-image-preview":"max-image-preview:large","max-video-preview":"max-video-preview:-1"},"canonical":"https:\/\/www.noticiasradioreflejos.com.ar\/2021\/66027-2\/","og_locale":"es_ES","og_type":"article","og_title":"Suspender\u00e1n la licencia a conductores alcoholizados en la Ciudad de Buenos Aires - Noticias Radio Reflejos","og_description":"La Legislatura porte\u00f1a aprob\u00f3, la semana pasada, el \u201cPrograma Integral de Convivencia Vial\u201d, que establece nuevas penas para la alcoholemia positiva, que depender\u00e1n de la cantidad de alcohol en sangre o la reincidencia. Adem\u00e1s, las multas ser\u00e1n m\u00e1s fuertes a medida que sea mayor el alcohol en sangre. Esta norma es parte de un paquete [&hellip;]","og_url":"https:\/\/www.noticiasradioreflejos.com.ar\/2021\/66027-2\/","og_site_name":"Noticias Radio Reflejos","article_published_time":"2021-12-16T16:12:16+00:00","article_modified_time":"2021-12-16T16:13:05+00:00","og_image":[{"width":300,"height":200,"url":"https:\/\/www.noticiasradioreflejos.com.ar\/2021\/wp-content\/uploads\/2021\/07\/logosol300x200.png","type":"image\/png"}],"author":"Arnaldo Botto","twitter_card":"summary_large_image","schema":{"@context":"https:\/\/schema.org","@graph":[{"@type":"WebPage","@id":"https:\/\/www.noticiasradioreflejos.com.ar\/2021\/66027-2\/","url":"https:\/\/www.noticiasradioreflejos.com.ar\/2021\/66027-2\/","name":"Suspender\u00e1n la licencia a conductores alcoholizados en la Ciudad de Buenos Aires - Noticias Radio Reflejos","isPartOf":{"@id":"https:\/\/www.noticiasradioreflejos.com.ar\/2021\/#website"},"datePublished":"2021-12-16T16:12:16+00:00","dateModified":"2021-12-16T16:13:05+00:00","author":{"@id":"https:\/\/www.noticiasradioreflejos.com.ar\/2021\/#\/schema\/person\/ad82545263dcc5ec0996818884fd5fb1"},"breadcrumb":{"@id":"https:\/\/www.noticiasradioreflejos.com.ar\/2021\/66027-2\/#breadcrumb"},"inLanguage":"es","potentialAction":[{"@type":"ReadAction","target":["https:\/\/www.noticiasradioreflejos.com.ar\/2021\/66027-2\/"]}]},{"@type":"BreadcrumbList","@id":"https:\/\/www.noticiasradioreflejos.com.ar\/2021\/66027-2\/#breadcrumb","itemListElement":[{"@type":"ListItem","position":1,"name":"Portada","item":"https:\/\/www.noticiasradioreflejos.com.ar\/2021\/"},{"@type":"ListItem","position":2,"name":"Suspender\u00e1n la licencia a conductores alcoholizados en la Ciudad de Buenos Aires"}]},{"@type":"WebSite","@id":"https:\/\/www.noticiasradioreflejos.com.ar\/2021\/#website","url":"https:\/\/www.noticiasradioreflejos.com.ar\/2021\/","name":"Noticias Radio Reflejos","description":"Las noticias de mi comarca","potentialAction":[{"@type":"SearchAction","target":{"@type":"EntryPoint","urlTemplate":"https:\/\/www.noticiasradioreflejos.com.ar\/2021\/?s={search_term_string}"},"query-input":{"@type":"PropertyValueSpecification","valueRequired":true,"valueName":"search_term_string"}}],"inLanguage":"es"},{"@type":"Person","@id":"https:\/\/www.noticiasradioreflejos.com.ar\/2021\/#\/schema\/person\/ad82545263dcc5ec0996818884fd5fb1","name":"Arnaldo Botto","image":{"@type":"ImageObject","inLanguage":"es","@id":"https:\/\/www.noticiasradioreflejos.com.ar\/2021\/#\/schema\/person\/image\/","url":"https:\/\/secure.gravatar.com\/avatar\/55cb5e37c1efa326397366e6974cb338056df65cb50e7d64d1cf314e87504837?s=96&d=mm&r=g","contentUrl":"https:\/\/secure.gravatar.com\/avatar\/55cb5e37c1efa326397366e6974cb338056df65cb50e7d64d1cf314e87504837?s=96&d=mm&r=g","caption":"Arnaldo Botto"},"url":"https:\/\/www.noticiasradioreflejos.com.ar\/2021\/author\/arnaldo\/"}]}},"_links":{"self":[{"href":"https:\/\/www.noticiasradioreflejos.com.ar\/2021\/wp-json\/wp\/v2\/posts\/66027","targetHints":{"allow":["GET"]}}],"collection":[{"href":"https:\/\/www.noticiasradioreflejos.com.ar\/2021\/wp-json\/wp\/v2\/posts"}],"about":[{"href":"https:\/\/www.noticiasradioreflejos.com.ar\/2021\/wp-json\/wp\/v2\/types\/post"}],"author":[{"embeddable":true,"href":"https:\/\/www.noticiasradioreflejos.com.ar\/2021\/wp-json\/wp\/v2\/users\/3"}],"replies":[{"embeddable":true,"href":"https:\/\/www.noticiasradioreflejos.com.ar\/2021\/wp-json\/wp\/v2\/comments?post=66027"}],"version-history":[{"count":2,"href":"https:\/\/www.noticiasradioreflejos.com.ar\/2021\/wp-json\/wp\/v2\/posts\/66027\/revisions"}],"predecessor-version":[{"id":66031,"href":"https:\/\/www.noticiasradioreflejos.com.ar\/2021\/wp-json\/wp\/v2\/posts\/66027\/revisions\/66031"}],"wp:attachment":[{"href":"https:\/\/www.noticiasradioreflejos.com.ar\/2021\/wp-json\/wp\/v2\/media?parent=66027"}],"wp:term":[{"taxonomy":"category","embeddable":true,"href":"https:\/\/www.noticiasradioreflejos.com.ar\/2021\/wp-json\/wp\/v2\/categories?post=66027"},{"taxonomy":"post_tag","embeddable":true,"href":"https:\/\/www.noticiasradioreflejos.com.ar\/2021\/wp-json\/wp\/v2\/tags?post=66027"}],"curies":[{"name":"wp","href":"https:\/\/api.w.org\/{rel}","templated":true}]}}