{"id":66019,"date":"2021-12-16T00:50:06","date_gmt":"2021-12-16T00:50:06","guid":{"rendered":"http:\/\/www.noticiasradioreflejos.com.ar\/2021\/?p=66019"},"modified":"2021-12-16T00:50:06","modified_gmt":"2021-12-16T00:50:06","slug":"el-fdt-obtuvo-dictamen-y-manana-buscara-aprobar-el-presupuesto-2022-en-diputados","status":"publish","type":"post","link":"https:\/\/www.noticiasradioreflejos.com.ar\/2021\/el-fdt-obtuvo-dictamen-y-manana-buscara-aprobar-el-presupuesto-2022-en-diputados\/","title":{"rendered":"El FdT obtuvo dictamen y ma\u00f1ana buscar\u00e1 aprobar el Presupuesto 2022 en diputados"},"content":{"rendered":"<p>El oficialismo de la C\u00e1mara de Diputados consigui\u00f3 hoy dictamen de mayor\u00eda sobre el proyecto de Presupuesto 2022, al reunir 25 de las 49 firmas de legisladores que integran la comisi\u00f3n de Presupuesto y Hacienda, por lo que la iniciativa qued\u00f3 en condiciones de ser debatida por el plenario, en la sesi\u00f3n convocada para ma\u00f1ana al mediod\u00eda.<!--more--><\/p>\n<p>Mientras continuaban las exposiciones en el marco de la comisi\u00f3n que preside el oficialista Carlos Heller, se firm\u00f3 el dictamen de mayor\u00eda que aglutin\u00f3 la aceptaci\u00f3n de los 24 integrantes del Frente de Todos y del representante del Frente de la Concordia misionero.<\/p>\n<p>Por la oposici\u00f3n, los dos diputados de Evoluci\u00f3n Radical que integran la comisi\u00f3n firmaron un dictamen de rechazo; en tanto que los otros 21 integrantes del principal conglomerado opositor expresar\u00e1n el rechazo en el recinto, aunque a\u00fan no firmaron dictamen en ese sentido.<\/p>\n<p>Adem\u00e1s, el interbloque Federal, por intermedio del representante de C\u00f3rdoba Federal, Ignacio Garc\u00eda Aresca, firm\u00f3 un dictamen de minor\u00eda con sello propio.<\/p>\n<p>M\u00e1s all\u00e1 de haber conseguido el n\u00famero para alzarse con el dictamen de mayor\u00eda, el oficialismo a\u00fan no tiene asegurada la cantidad de diputados para imponerse en el recinto, por lo que durante toda la jornada de hoy se sucedieron diferentes reuniones en busca de obtener consensos con algunos bloques opositores.<\/p>\n<p>En ese sentido, al abrir la reuni\u00f3n de la comisi\u00f3n, que se realiz\u00f3 en el recinto -para mantener el distanciamiento social a causa del coronavirus- Carlos Heller (FDT) anunci\u00f3 que \u00abse van a realizar algunos cambios que no alteren los ejes centrales del proyecto y que se han tenido en cuenta las m\u00faltiples solicitudes como la del subsidio para el transporte de pasajeros del interior del pa\u00eds\u00bb.<\/p>\n<p>El diputado precis\u00f3 que se aumentar\u00e1 en un 70% ese subsidio para poder compensar la tarifa de ese servicio contemplado en el Presupuesto Nacional del 2022, ya que se eleva de $27.000 millones a $46.000 millones ese fondo como hab\u00edan solicitado legisladores del Frente de Todos, de Juntos por el Cambio y mandatarios provinciales.<\/p>\n<p>Sin embargo, esa veintena de cambios parecen no haber alcanzado para convencer a los diputados de Juntos por el Cambio, que continuaron expres\u00e1ndose en contra de la iniciativa, aunque la mayor\u00eda de sus integrantes anticiparon que dar\u00e1n qu\u00f3rum.<\/p>\n<p>\u00abNo le queremos voltear el Presupuesto al Gobierno, me siento inc\u00f3modo en caso de que eso suceda. En cuatro a\u00f1os el Frente para la Victoria jam\u00e1s dio qu\u00f3rum y nos vot\u00f3 en contra todos los presupuestos\u00bb, se\u00f1al\u00f3 el vicepresidente de la comisi\u00f3n, Luciano Laspina (PRO) al recordar las posturas del kirchnerismo durante el gobierno de Cambiemos.<\/p>\n<p>\u00abDentro de meses o semanas, cuando venga el acuerdo con el Fondo Monetario quedar\u00e1n a la luz las falencias de este proyecto, no queremos ser obstructivos, pero no nos est\u00e1n dando espacio. Solo pedimos un escenario realista, y no siento que se est\u00e9 dando un ida y vuelta. Si lo traen de nuevo en enero, febrero, lo discutiremos sin problemas, no tenemos inconvenientes\u00bb, complet\u00f3.<\/p>\n<p>Adem\u00e1s de Juntos por el Cambio, el Frente de Izquierda, los denominados libertarios y el interbloque Federal tambi\u00e9n anticiparon que en la sesi\u00f3n de ma\u00f1ana rechazar\u00e1n el proyecto del oficialismo.<\/p>\n<p>\u00abEl proyecto de Presupuesto Nacional 2022 est\u00e1 totalmente fuera de la realidad. Es un dibujo de punta a punta que no sincera la inflaci\u00f3n, la esconde. Insiste en un ajuste general, agravado en sectores como el de los jubilados y la educaci\u00f3n, con el agravante de pretender imponer que el Congreso le entregue facultades al Poder Ejecutivo para que siga aumentando impuestos en los pr\u00f3ximos a\u00f1os\u00bb se\u00f1al\u00f3 la bancada Federal en un comunicado.<\/p>\n<p>Desde la Izquierda, Romina del Pl\u00e1, advirti\u00f3: \u00abEste presupuesto, que se est\u00e1 aprobando con el dictamen de mayor\u00eda, es un presupuesto completamente al servicio del FMI y de los acreedores especulativos y bancarios\u00bb.<\/p>\n<p>Por Evoluci\u00f3n Radical, sector que en su debut parlamentario dej\u00f3 en evidencia los matices con sus socios de JxC, Mart\u00edn Tetaz, asever\u00f3: \u00abNo conozco muchas de las pr\u00e1cticas que tiene el Congreso, pero para mi debut, me parece una verg\u00fcenza que un presupuesto se trate con el tratamiento express\u00bb.<\/p>\n<p>Por el Frente de Todos, Ita\u00ed Hagman, apunt\u00f3: \u00abSi la inflaci\u00f3n de noviembre es de 2,5% y logramos que se mantenga durante todo el a\u00f1o que viene, da una proyecci\u00f3n de 33 o 34%, una cifra razonable en el marco de un conjunto de proyecciones que ya en 2021 se demostraron consistentes\u00bb.<\/p>\n<p>En el cierre de la reuni\u00f3n de comisi\u00f3n de hoy, el oficialista Marcelo Casaretto (Entre R\u00edos), remarc\u00f3: \u00abVinimos a trabajar a la comisi\u00f3n, formulamos un dictamen y obtuvimos la mayor\u00eda. Convocamos a una sesi\u00f3n y ma\u00f1ana trabajaremos para obtener el qu\u00f3rum necesario para sesionar y hasta el \u00faltimo momento esperaremos convencer y persuadir a muchos de los que hoy no est\u00e1n convencidos para que acompa\u00f1en un Presupuesto que es bueno para la Argentina\u00bb.<\/p>\n<p>El proyecto ser\u00e1 el \u00fanico tema de la sesi\u00f3n convocada para las 12 y que, seg\u00fan fuentes parlamentarias se extender\u00eda por al menos 24 horas.<\/p>\n<p>El Presupuesto 2022 girado por el Gobierno nacional prev\u00e9 un crecimiento del 4% del Producto Bruto Interno (PBI), una inflaci\u00f3n del 33% y un d\u00f3lar a $131,1, y contempla un incremento real del gasto social y una reducci\u00f3n de los subsidios energ\u00e9ticos.<\/p>\n<p>Fuente: T\u00e9lam<\/p>\n","protected":false},"excerpt":{"rendered":"<p>El oficialismo de la C\u00e1mara de Diputados consigui\u00f3 hoy dictamen de mayor\u00eda sobre el proyecto de Presupuesto 2022, al reunir 25 de las 49 firmas de legisladores que integran la comisi\u00f3n de Presupuesto y Hacienda, por lo que la iniciativa qued\u00f3 en condiciones de ser debatida por el plenario, en la sesi\u00f3n convocada para ma\u00f1ana [&hellip;]<\/p>\n","protected":false},"author":3,"featured_media":0,"comment_status":"closed","ping_status":"closed","sticky":false,"template":"","format":"standard","meta":{"footnotes":""},"categories":[36],"tags":[],"class_list":["post-66019","post","type-post","status-publish","format-standard","hentry","category-economia"],"yoast_head":"<!-- This site is optimized with the Yoast SEO plugin v25.9 - https:\/\/yoast.com\/wordpress\/plugins\/seo\/ -->\n<title>El FdT obtuvo dictamen y ma\u00f1ana buscar\u00e1 aprobar el Presupuesto 2022 en diputados - Noticias Radio Reflejos<\/title>\n<meta name=\"robots\" content=\"index, follow, max-snippet:-1, max-image-preview:large, max-video-preview:-1\" \/>\n<link rel=\"canonical\" href=\"https:\/\/www.noticiasradioreflejos.com.ar\/2021\/el-fdt-obtuvo-dictamen-y-manana-buscara-aprobar-el-presupuesto-2022-en-diputados\/\" \/>\n<meta property=\"og:locale\" content=\"es_ES\" \/>\n<meta property=\"og:type\" content=\"article\" \/>\n<meta property=\"og:title\" content=\"El FdT obtuvo dictamen y ma\u00f1ana buscar\u00e1 aprobar el Presupuesto 2022 en diputados - Noticias Radio Reflejos\" \/>\n<meta property=\"og:description\" content=\"El oficialismo de la C\u00e1mara de Diputados consigui\u00f3 hoy dictamen de mayor\u00eda sobre el proyecto de Presupuesto 2022, al reunir 25 de las 49 firmas de legisladores que integran la comisi\u00f3n de Presupuesto y Hacienda, por lo que la iniciativa qued\u00f3 en condiciones de ser debatida por el plenario, en la sesi\u00f3n convocada para ma\u00f1ana [&hellip;]\" \/>\n<meta property=\"og:url\" content=\"https:\/\/www.noticiasradioreflejos.com.ar\/2021\/el-fdt-obtuvo-dictamen-y-manana-buscara-aprobar-el-presupuesto-2022-en-diputados\/\" \/>\n<meta property=\"og:site_name\" content=\"Noticias Radio Reflejos\" \/>\n<meta property=\"article:published_time\" content=\"2021-12-16T00:50:06+00:00\" \/>\n<meta property=\"og:image\" content=\"https:\/\/www.noticiasradioreflejos.com.ar\/2021\/wp-content\/uploads\/2021\/07\/logosol300x200.png\" \/>\n\t<meta property=\"og:image:width\" content=\"300\" \/>\n\t<meta property=\"og:image:height\" content=\"200\" \/>\n\t<meta property=\"og:image:type\" content=\"image\/png\" \/>\n<meta name=\"author\" content=\"Arnaldo Botto\" \/>\n<meta name=\"twitter:card\" content=\"summary_large_image\" \/>\n<script type=\"application\/ld+json\" class=\"yoast-schema-graph\">{\"@context\":\"https:\/\/schema.org\",\"@graph\":[{\"@type\":\"WebPage\",\"@id\":\"https:\/\/www.noticiasradioreflejos.com.ar\/2021\/el-fdt-obtuvo-dictamen-y-manana-buscara-aprobar-el-presupuesto-2022-en-diputados\/\",\"url\":\"https:\/\/www.noticiasradioreflejos.com.ar\/2021\/el-fdt-obtuvo-dictamen-y-manana-buscara-aprobar-el-presupuesto-2022-en-diputados\/\",\"name\":\"El FdT obtuvo dictamen y ma\u00f1ana buscar\u00e1 aprobar el Presupuesto 2022 en diputados - Noticias Radio Reflejos\",\"isPartOf\":{\"@id\":\"https:\/\/www.noticiasradioreflejos.com.ar\/2021\/#website\"},\"datePublished\":\"2021-12-16T00:50:06+00:00\",\"author\":{\"@id\":\"https:\/\/www.noticiasradioreflejos.com.ar\/2021\/#\/schema\/person\/ad82545263dcc5ec0996818884fd5fb1\"},\"breadcrumb\":{\"@id\":\"https:\/\/www.noticiasradioreflejos.com.ar\/2021\/el-fdt-obtuvo-dictamen-y-manana-buscara-aprobar-el-presupuesto-2022-en-diputados\/#breadcrumb\"},\"inLanguage\":\"es\",\"potentialAction\":[{\"@type\":\"ReadAction\",\"target\":[\"https:\/\/www.noticiasradioreflejos.com.ar\/2021\/el-fdt-obtuvo-dictamen-y-manana-buscara-aprobar-el-presupuesto-2022-en-diputados\/\"]}]},{\"@type\":\"BreadcrumbList\",\"@id\":\"https:\/\/www.noticiasradioreflejos.com.ar\/2021\/el-fdt-obtuvo-dictamen-y-manana-buscara-aprobar-el-presupuesto-2022-en-diputados\/#breadcrumb\",\"itemListElement\":[{\"@type\":\"ListItem\",\"position\":1,\"name\":\"Portada\",\"item\":\"https:\/\/www.noticiasradioreflejos.com.ar\/2021\/\"},{\"@type\":\"ListItem\",\"position\":2,\"name\":\"El FdT obtuvo dictamen y ma\u00f1ana buscar\u00e1 aprobar el Presupuesto 2022 en diputados\"}]},{\"@type\":\"WebSite\",\"@id\":\"https:\/\/www.noticiasradioreflejos.com.ar\/2021\/#website\",\"url\":\"https:\/\/www.noticiasradioreflejos.com.ar\/2021\/\",\"name\":\"Noticias Radio Reflejos\",\"description\":\"Las noticias de mi comarca\",\"potentialAction\":[{\"@type\":\"SearchAction\",\"target\":{\"@type\":\"EntryPoint\",\"urlTemplate\":\"https:\/\/www.noticiasradioreflejos.com.ar\/2021\/?s={search_term_string}\"},\"query-input\":{\"@type\":\"PropertyValueSpecification\",\"valueRequired\":true,\"valueName\":\"search_term_string\"}}],\"inLanguage\":\"es\"},{\"@type\":\"Person\",\"@id\":\"https:\/\/www.noticiasradioreflejos.com.ar\/2021\/#\/schema\/person\/ad82545263dcc5ec0996818884fd5fb1\",\"name\":\"Arnaldo Botto\",\"image\":{\"@type\":\"ImageObject\",\"inLanguage\":\"es\",\"@id\":\"https:\/\/www.noticiasradioreflejos.com.ar\/2021\/#\/schema\/person\/image\/\",\"url\":\"https:\/\/secure.gravatar.com\/avatar\/55cb5e37c1efa326397366e6974cb338056df65cb50e7d64d1cf314e87504837?s=96&d=mm&r=g\",\"contentUrl\":\"https:\/\/secure.gravatar.com\/avatar\/55cb5e37c1efa326397366e6974cb338056df65cb50e7d64d1cf314e87504837?s=96&d=mm&r=g\",\"caption\":\"Arnaldo Botto\"},\"url\":\"https:\/\/www.noticiasradioreflejos.com.ar\/2021\/author\/arnaldo\/\"}]}<\/script>\n<!-- \/ Yoast SEO plugin. -->","yoast_head_json":{"title":"El FdT obtuvo dictamen y ma\u00f1ana buscar\u00e1 aprobar el Presupuesto 2022 en diputados - Noticias Radio Reflejos","robots":{"index":"index","follow":"follow","max-snippet":"max-snippet:-1","max-image-preview":"max-image-preview:large","max-video-preview":"max-video-preview:-1"},"canonical":"https:\/\/www.noticiasradioreflejos.com.ar\/2021\/el-fdt-obtuvo-dictamen-y-manana-buscara-aprobar-el-presupuesto-2022-en-diputados\/","og_locale":"es_ES","og_type":"article","og_title":"El FdT obtuvo dictamen y ma\u00f1ana buscar\u00e1 aprobar el Presupuesto 2022 en diputados - Noticias Radio Reflejos","og_description":"El oficialismo de la C\u00e1mara de Diputados consigui\u00f3 hoy dictamen de mayor\u00eda sobre el proyecto de Presupuesto 2022, al reunir 25 de las 49 firmas de legisladores que integran la comisi\u00f3n de Presupuesto y Hacienda, por lo que la iniciativa qued\u00f3 en condiciones de ser debatida por el plenario, en la sesi\u00f3n convocada para ma\u00f1ana [&hellip;]","og_url":"https:\/\/www.noticiasradioreflejos.com.ar\/2021\/el-fdt-obtuvo-dictamen-y-manana-buscara-aprobar-el-presupuesto-2022-en-diputados\/","og_site_name":"Noticias Radio Reflejos","article_published_time":"2021-12-16T00:50:06+00:00","og_image":[{"width":300,"height":200,"url":"https:\/\/www.noticiasradioreflejos.com.ar\/2021\/wp-content\/uploads\/2021\/07\/logosol300x200.png","type":"image\/png"}],"author":"Arnaldo Botto","twitter_card":"summary_large_image","schema":{"@context":"https:\/\/schema.org","@graph":[{"@type":"WebPage","@id":"https:\/\/www.noticiasradioreflejos.com.ar\/2021\/el-fdt-obtuvo-dictamen-y-manana-buscara-aprobar-el-presupuesto-2022-en-diputados\/","url":"https:\/\/www.noticiasradioreflejos.com.ar\/2021\/el-fdt-obtuvo-dictamen-y-manana-buscara-aprobar-el-presupuesto-2022-en-diputados\/","name":"El FdT obtuvo dictamen y ma\u00f1ana buscar\u00e1 aprobar el Presupuesto 2022 en diputados - Noticias Radio Reflejos","isPartOf":{"@id":"https:\/\/www.noticiasradioreflejos.com.ar\/2021\/#website"},"datePublished":"2021-12-16T00:50:06+00:00","author":{"@id":"https:\/\/www.noticiasradioreflejos.com.ar\/2021\/#\/schema\/person\/ad82545263dcc5ec0996818884fd5fb1"},"breadcrumb":{"@id":"https:\/\/www.noticiasradioreflejos.com.ar\/2021\/el-fdt-obtuvo-dictamen-y-manana-buscara-aprobar-el-presupuesto-2022-en-diputados\/#breadcrumb"},"inLanguage":"es","potentialAction":[{"@type":"ReadAction","target":["https:\/\/www.noticiasradioreflejos.com.ar\/2021\/el-fdt-obtuvo-dictamen-y-manana-buscara-aprobar-el-presupuesto-2022-en-diputados\/"]}]},{"@type":"BreadcrumbList","@id":"https:\/\/www.noticiasradioreflejos.com.ar\/2021\/el-fdt-obtuvo-dictamen-y-manana-buscara-aprobar-el-presupuesto-2022-en-diputados\/#breadcrumb","itemListElement":[{"@type":"ListItem","position":1,"name":"Portada","item":"https:\/\/www.noticiasradioreflejos.com.ar\/2021\/"},{"@type":"ListItem","position":2,"name":"El FdT obtuvo dictamen y ma\u00f1ana buscar\u00e1 aprobar el Presupuesto 2022 en diputados"}]},{"@type":"WebSite","@id":"https:\/\/www.noticiasradioreflejos.com.ar\/2021\/#website","url":"https:\/\/www.noticiasradioreflejos.com.ar\/2021\/","name":"Noticias Radio Reflejos","description":"Las noticias de mi comarca","potentialAction":[{"@type":"SearchAction","target":{"@type":"EntryPoint","urlTemplate":"https:\/\/www.noticiasradioreflejos.com.ar\/2021\/?s={search_term_string}"},"query-input":{"@type":"PropertyValueSpecification","valueRequired":true,"valueName":"search_term_string"}}],"inLanguage":"es"},{"@type":"Person","@id":"https:\/\/www.noticiasradioreflejos.com.ar\/2021\/#\/schema\/person\/ad82545263dcc5ec0996818884fd5fb1","name":"Arnaldo Botto","image":{"@type":"ImageObject","inLanguage":"es","@id":"https:\/\/www.noticiasradioreflejos.com.ar\/2021\/#\/schema\/person\/image\/","url":"https:\/\/secure.gravatar.com\/avatar\/55cb5e37c1efa326397366e6974cb338056df65cb50e7d64d1cf314e87504837?s=96&d=mm&r=g","contentUrl":"https:\/\/secure.gravatar.com\/avatar\/55cb5e37c1efa326397366e6974cb338056df65cb50e7d64d1cf314e87504837?s=96&d=mm&r=g","caption":"Arnaldo Botto"},"url":"https:\/\/www.noticiasradioreflejos.com.ar\/2021\/author\/arnaldo\/"}]}},"_links":{"self":[{"href":"https:\/\/www.noticiasradioreflejos.com.ar\/2021\/wp-json\/wp\/v2\/posts\/66019","targetHints":{"allow":["GET"]}}],"collection":[{"href":"https:\/\/www.noticiasradioreflejos.com.ar\/2021\/wp-json\/wp\/v2\/posts"}],"about":[{"href":"https:\/\/www.noticiasradioreflejos.com.ar\/2021\/wp-json\/wp\/v2\/types\/post"}],"author":[{"embeddable":true,"href":"https:\/\/www.noticiasradioreflejos.com.ar\/2021\/wp-json\/wp\/v2\/users\/3"}],"replies":[{"embeddable":true,"href":"https:\/\/www.noticiasradioreflejos.com.ar\/2021\/wp-json\/wp\/v2\/comments?post=66019"}],"version-history":[{"count":1,"href":"https:\/\/www.noticiasradioreflejos.com.ar\/2021\/wp-json\/wp\/v2\/posts\/66019\/revisions"}],"predecessor-version":[{"id":66021,"href":"https:\/\/www.noticiasradioreflejos.com.ar\/2021\/wp-json\/wp\/v2\/posts\/66019\/revisions\/66021"}],"wp:attachment":[{"href":"https:\/\/www.noticiasradioreflejos.com.ar\/2021\/wp-json\/wp\/v2\/media?parent=66019"}],"wp:term":[{"taxonomy":"category","embeddable":true,"href":"https:\/\/www.noticiasradioreflejos.com.ar\/2021\/wp-json\/wp\/v2\/categories?post=66019"},{"taxonomy":"post_tag","embeddable":true,"href":"https:\/\/www.noticiasradioreflejos.com.ar\/2021\/wp-json\/wp\/v2\/tags?post=66019"}],"curies":[{"name":"wp","href":"https:\/\/api.w.org\/{rel}","templated":true}]}}