{"id":66016,"date":"2021-12-16T00:46:49","date_gmt":"2021-12-16T00:46:49","guid":{"rendered":"http:\/\/www.noticiasradioreflejos.com.ar\/2021\/?p=66016"},"modified":"2021-12-16T00:46:49","modified_gmt":"2021-12-16T00:46:49","slug":"los-protocolos-de-interrupcion-de-embarazo-y-violencia-sexual-fueron-adaptados-a-lenguas-originarias","status":"publish","type":"post","link":"https:\/\/www.noticiasradioreflejos.com.ar\/2021\/los-protocolos-de-interrupcion-de-embarazo-y-violencia-sexual-fueron-adaptados-a-lenguas-originarias\/","title":{"rendered":"Los protocolos de interrupci\u00f3n de embarazo y violencia sexual fueron adaptados a lenguas originarias"},"content":{"rendered":"<p>Una adaptaci\u00f3n socioling\u00fc\u00edstica a lenguas originarias de materiales gr\u00e1ficos y sonoros que abordan derechos sexuales y reproductivos de manera integral fue presentada este mi\u00e9rcoles en el Congreso por organizaciones civiles que contaron con el apoyo de la direcci\u00f3n de Salud Sexual y Reproductiva del ministerio de Salud de la naci\u00f3n.<!--more--><\/p>\n<p>Los protocolos de interrupci\u00f3n legal del embarazo y de atenci\u00f3n a v\u00edctimas de abuso sexual, junto a los consentimientos informados que cualquier persona debe firmar para acceder a una interrupci\u00f3n voluntaria del embarazo o una ligadura de trompas, fueron adaptados por escrito a las lenguas wich\u00ed y guaran\u00ed, y grabados de forma oral en lenguas wich\u00ed, guaran\u00ed, chorote y toba.<\/p>\n<p>El proyecto forma parte del trabajo conjunto entre Cat\u00f3licas por el Derecho a Decidir (CDD), la organizaci\u00f3n de mujeres ind\u00edgenas Aretede y la radio comunitaria La Voz Ind\u00edgena de la localidad salte\u00f1a de Tartagal, y cont\u00f3 con el apoyo de la direcci\u00f3n de Salud Sexual y Reproductiva de la cartera de Salud.<\/p>\n<p>Felisa Mendoza es directora de la organizaci\u00f3n de mujeres ind\u00edgenas Aretede por el pueblo guaran\u00ed, comunicadora de la radio comunitaria La Voz Ind\u00edgena, lideresa ambiental y defensora de los derechos de los pueblos ind\u00edgenas.<\/p>\n<p>En la presentaci\u00f3n realizada en el anexo de la c\u00e1mara de Diputados de la Naci\u00f3n, Mendoza enfatiz\u00f3: \u00abMuchas mujeres de distintas comunidades nos organizamos y trabajamos para que esto sea posible, a muchas nos hubiese gustado conocer estas cosas y tener estos derechos hace mucho, pero hoy mi nieta de 4 a\u00f1os ya sabe que los tiene y sabe que los tiene que defender; lo m\u00e1s importante que todas tenemos que entender es que somos nosotras las que decidimos cuando y como es el momento de cada cosa\u00bb.<\/p>\n<p>M\u00f3nica Menini, coordinadora de la oficina de Buenos Aires de Cat\u00f3licas por el Derecho a Decidir, y coordinadora de la Colecci\u00f3n Cuerpos y Libertades, dijo a T\u00e9lam: \u00abHicimos un primer material que conocieron la direcci\u00f3n de Salud Sexual y al ministerio de Salud que en 2021 nos propusieron hacer una adaptaci\u00f3n socioling\u00fc\u00edstica de los protocoles de interrupci\u00f3n voluntaria del embarazo y de las personas v\u00edctimas de abuso sexual en idiomas originarios\u00bb.<\/p>\n<p>\u00abHoy estamos presentado ese trabajo en formato f\u00edsico y digital, que incluye los consentimientos informados que es lo que se firma para poder acceder a la pr\u00e1ctica de un aborto o para la anticoncepci\u00f3n quir\u00fargica que es la ligadura de trompas; ambos documentos est\u00e1n grabados en lenguas originarias y los m\u00e9dicos van a poder acceder a ese recurso a trav\u00e9s de un c\u00f3digo QR y hacerle escuchar a la persona en su lengua nativa el documento que debe firmar y que queda en su historia cl\u00ednica\u00bb, subray\u00f3.<\/p>\n<p>Menini se\u00f1al\u00f3: \u00abLe llamamos adaptaci\u00f3n socioling\u00fc\u00edstica porque el material es una resoluci\u00f3n del Ministerio de Salud que no se puede trasladar con una traducci\u00f3n acad\u00e9mica, esto de trabajo dentro de las comunidades con el permiso de las propias comunidades para usar sus lenguas en un tema con tanto debate, se hizo una versi\u00f3n del protocolo y luego traducida a lenguas originarias\u00bb.<\/p>\n<p>Mariana Ortega, docente, investigadora e integrante del equipo de acompa\u00f1amiento de radio comunitaria La Voz Ind\u00edgena y la organizaci\u00f3n de mujeres ind\u00edgenas Aretede, cont\u00f3 a T\u00e9lam que \u00abel marco de este proyecto es el de una organizaci\u00f3n de mujeres y disidencias de pueblos originarios que vienen trabajando hace m\u00e1s de veinte a\u00f1os por sus derechos, desde donde desarrollamos distintas instancias de capacitaci\u00f3n y en 2019 con el apoyo de Cat\u00f3licas tuvimos la primer cartilla de Cuerpos y Libertades y este a\u00f1o esta iniciativa que presentamos ahora\u00bb.<\/p>\n<p>\u00abEl diagnostico que impulsa estas herramientas es el de una gran vulneraci\u00f3n de derechos en general hacia estas comunidades y en particular de los derechos sexuales y reproductivos en el sistema de salud p\u00fablica y de violencias hospitalarias en general, ese sentir est\u00e1 plasmado en estas cartillas\u00bb, a\u00f1adi\u00f3.<\/p>\n<p>Ortega enfatiz\u00f3 que este trabajo \u00abes una contribuci\u00f3n a pensar el sistema de salud desde una perspectiva intercultural e interseccional, un aporte a la reversi\u00f3n de las barreras ling\u00fc\u00edsticas que atraviesan el sistema sanitario salte\u00f1os que en lugares como Tartagal con comunidades que tienen lenguas originarias como primera lengua en lugar del espa\u00f1ol es algo clave frente a un sistema que rechaza cualquier pr\u00e1ctica que tenga que ver con autonom\u00eda sobre el cuerpo\u00bb.<\/p>\n<p>\u00abEs muy poca la repercusi\u00f3n hacia el interior de las comunidades hospitalarias, es muy dif\u00edcil lograr que lo incorporen y es muy alarmante; por eso esperamos que como esto es articulaci\u00f3n con el ministerio de Salud de la naci\u00f3n se pueda trabajar\u00bb, complet\u00f3 la docente salte\u00f1a.<\/p>\n<p>Cuerpos y Libertades aborda las violencias de g\u00e9nero, en especial la violencia sexual, y la interrupci\u00f3n voluntaria del embarazo, a partir de la normativa vigente, y busca contribuir a garantizar el acceso a los derechos sexuales y reproductivos desde una perspectiva integral, intercultural y feminista, levantando barreras ling\u00fc\u00edsticas y desigualdades hist\u00f3ricas, ampliando horizontes y visibilizando historias de lucha, resistencias, desde sus propias voces y cosmovisiones.<\/p>\n<p>La iniciativa cuenta con el apoyo de la Direcci\u00f3n Nacional de Salud Sexual y Reproductiva de la Secretar\u00eda de Acceso a la Salud del Ministerio de Salud de la Naci\u00f3n y la Organizaci\u00f3n Panamericana de la Salud\/Organizaci\u00f3n Mundial de la Salud (OPS\/OMS).<\/p>\n<p>Fuente: T\u00e9lam<\/p>\n","protected":false},"excerpt":{"rendered":"<p>Una adaptaci\u00f3n socioling\u00fc\u00edstica a lenguas originarias de materiales gr\u00e1ficos y sonoros que abordan derechos sexuales y reproductivos de manera integral fue presentada este mi\u00e9rcoles en el Congreso por organizaciones civiles que contaron con el apoyo de la direcci\u00f3n de Salud Sexual y Reproductiva del ministerio de Salud de la naci\u00f3n.<\/p>\n","protected":false},"author":3,"featured_media":0,"comment_status":"closed","ping_status":"closed","sticky":false,"template":"","format":"standard","meta":{"footnotes":""},"categories":[1],"tags":[],"class_list":["post-66016","post","type-post","status-publish","format-standard","hentry","category-sin-categoria"],"yoast_head":"<!-- This site is optimized with the Yoast SEO plugin v25.9 - https:\/\/yoast.com\/wordpress\/plugins\/seo\/ -->\n<title>Los protocolos de interrupci\u00f3n de embarazo y violencia sexual fueron adaptados a lenguas originarias - Noticias Radio Reflejos<\/title>\n<meta name=\"robots\" content=\"index, follow, max-snippet:-1, max-image-preview:large, max-video-preview:-1\" \/>\n<link rel=\"canonical\" href=\"https:\/\/www.noticiasradioreflejos.com.ar\/2021\/los-protocolos-de-interrupcion-de-embarazo-y-violencia-sexual-fueron-adaptados-a-lenguas-originarias\/\" \/>\n<meta property=\"og:locale\" content=\"es_ES\" \/>\n<meta property=\"og:type\" content=\"article\" \/>\n<meta property=\"og:title\" content=\"Los protocolos de interrupci\u00f3n de embarazo y violencia sexual fueron adaptados a lenguas originarias - Noticias Radio Reflejos\" \/>\n<meta property=\"og:description\" content=\"Una adaptaci\u00f3n socioling\u00fc\u00edstica a lenguas originarias de materiales gr\u00e1ficos y sonoros que abordan derechos sexuales y reproductivos de manera integral fue presentada este mi\u00e9rcoles en el Congreso por organizaciones civiles que contaron con el apoyo de la direcci\u00f3n de Salud Sexual y Reproductiva del ministerio de Salud de la naci\u00f3n.\" \/>\n<meta property=\"og:url\" content=\"https:\/\/www.noticiasradioreflejos.com.ar\/2021\/los-protocolos-de-interrupcion-de-embarazo-y-violencia-sexual-fueron-adaptados-a-lenguas-originarias\/\" \/>\n<meta property=\"og:site_name\" content=\"Noticias Radio Reflejos\" \/>\n<meta property=\"article:published_time\" content=\"2021-12-16T00:46:49+00:00\" \/>\n<meta property=\"og:image\" content=\"https:\/\/www.noticiasradioreflejos.com.ar\/2021\/wp-content\/uploads\/2021\/07\/logosol300x200.png\" \/>\n\t<meta property=\"og:image:width\" content=\"300\" \/>\n\t<meta property=\"og:image:height\" content=\"200\" \/>\n\t<meta property=\"og:image:type\" content=\"image\/png\" \/>\n<meta name=\"author\" content=\"Arnaldo Botto\" \/>\n<meta name=\"twitter:card\" content=\"summary_large_image\" \/>\n<script type=\"application\/ld+json\" class=\"yoast-schema-graph\">{\"@context\":\"https:\/\/schema.org\",\"@graph\":[{\"@type\":\"WebPage\",\"@id\":\"https:\/\/www.noticiasradioreflejos.com.ar\/2021\/los-protocolos-de-interrupcion-de-embarazo-y-violencia-sexual-fueron-adaptados-a-lenguas-originarias\/\",\"url\":\"https:\/\/www.noticiasradioreflejos.com.ar\/2021\/los-protocolos-de-interrupcion-de-embarazo-y-violencia-sexual-fueron-adaptados-a-lenguas-originarias\/\",\"name\":\"Los protocolos de interrupci\u00f3n de embarazo y violencia sexual fueron adaptados a lenguas originarias - Noticias Radio Reflejos\",\"isPartOf\":{\"@id\":\"https:\/\/www.noticiasradioreflejos.com.ar\/2021\/#website\"},\"datePublished\":\"2021-12-16T00:46:49+00:00\",\"author\":{\"@id\":\"https:\/\/www.noticiasradioreflejos.com.ar\/2021\/#\/schema\/person\/ad82545263dcc5ec0996818884fd5fb1\"},\"breadcrumb\":{\"@id\":\"https:\/\/www.noticiasradioreflejos.com.ar\/2021\/los-protocolos-de-interrupcion-de-embarazo-y-violencia-sexual-fueron-adaptados-a-lenguas-originarias\/#breadcrumb\"},\"inLanguage\":\"es\",\"potentialAction\":[{\"@type\":\"ReadAction\",\"target\":[\"https:\/\/www.noticiasradioreflejos.com.ar\/2021\/los-protocolos-de-interrupcion-de-embarazo-y-violencia-sexual-fueron-adaptados-a-lenguas-originarias\/\"]}]},{\"@type\":\"BreadcrumbList\",\"@id\":\"https:\/\/www.noticiasradioreflejos.com.ar\/2021\/los-protocolos-de-interrupcion-de-embarazo-y-violencia-sexual-fueron-adaptados-a-lenguas-originarias\/#breadcrumb\",\"itemListElement\":[{\"@type\":\"ListItem\",\"position\":1,\"name\":\"Portada\",\"item\":\"https:\/\/www.noticiasradioreflejos.com.ar\/2021\/\"},{\"@type\":\"ListItem\",\"position\":2,\"name\":\"Los protocolos de interrupci\u00f3n de embarazo y violencia sexual fueron adaptados a lenguas originarias\"}]},{\"@type\":\"WebSite\",\"@id\":\"https:\/\/www.noticiasradioreflejos.com.ar\/2021\/#website\",\"url\":\"https:\/\/www.noticiasradioreflejos.com.ar\/2021\/\",\"name\":\"Noticias Radio Reflejos\",\"description\":\"Las noticias de mi comarca\",\"potentialAction\":[{\"@type\":\"SearchAction\",\"target\":{\"@type\":\"EntryPoint\",\"urlTemplate\":\"https:\/\/www.noticiasradioreflejos.com.ar\/2021\/?s={search_term_string}\"},\"query-input\":{\"@type\":\"PropertyValueSpecification\",\"valueRequired\":true,\"valueName\":\"search_term_string\"}}],\"inLanguage\":\"es\"},{\"@type\":\"Person\",\"@id\":\"https:\/\/www.noticiasradioreflejos.com.ar\/2021\/#\/schema\/person\/ad82545263dcc5ec0996818884fd5fb1\",\"name\":\"Arnaldo Botto\",\"image\":{\"@type\":\"ImageObject\",\"inLanguage\":\"es\",\"@id\":\"https:\/\/www.noticiasradioreflejos.com.ar\/2021\/#\/schema\/person\/image\/\",\"url\":\"https:\/\/secure.gravatar.com\/avatar\/55cb5e37c1efa326397366e6974cb338056df65cb50e7d64d1cf314e87504837?s=96&d=mm&r=g\",\"contentUrl\":\"https:\/\/secure.gravatar.com\/avatar\/55cb5e37c1efa326397366e6974cb338056df65cb50e7d64d1cf314e87504837?s=96&d=mm&r=g\",\"caption\":\"Arnaldo Botto\"},\"url\":\"https:\/\/www.noticiasradioreflejos.com.ar\/2021\/author\/arnaldo\/\"}]}<\/script>\n<!-- \/ Yoast SEO plugin. -->","yoast_head_json":{"title":"Los protocolos de interrupci\u00f3n de embarazo y violencia sexual fueron adaptados a lenguas originarias - Noticias Radio Reflejos","robots":{"index":"index","follow":"follow","max-snippet":"max-snippet:-1","max-image-preview":"max-image-preview:large","max-video-preview":"max-video-preview:-1"},"canonical":"https:\/\/www.noticiasradioreflejos.com.ar\/2021\/los-protocolos-de-interrupcion-de-embarazo-y-violencia-sexual-fueron-adaptados-a-lenguas-originarias\/","og_locale":"es_ES","og_type":"article","og_title":"Los protocolos de interrupci\u00f3n de embarazo y violencia sexual fueron adaptados a lenguas originarias - Noticias Radio Reflejos","og_description":"Una adaptaci\u00f3n socioling\u00fc\u00edstica a lenguas originarias de materiales gr\u00e1ficos y sonoros que abordan derechos sexuales y reproductivos de manera integral fue presentada este mi\u00e9rcoles en el Congreso por organizaciones civiles que contaron con el apoyo de la direcci\u00f3n de Salud Sexual y Reproductiva del ministerio de Salud de la naci\u00f3n.","og_url":"https:\/\/www.noticiasradioreflejos.com.ar\/2021\/los-protocolos-de-interrupcion-de-embarazo-y-violencia-sexual-fueron-adaptados-a-lenguas-originarias\/","og_site_name":"Noticias Radio Reflejos","article_published_time":"2021-12-16T00:46:49+00:00","og_image":[{"width":300,"height":200,"url":"https:\/\/www.noticiasradioreflejos.com.ar\/2021\/wp-content\/uploads\/2021\/07\/logosol300x200.png","type":"image\/png"}],"author":"Arnaldo Botto","twitter_card":"summary_large_image","schema":{"@context":"https:\/\/schema.org","@graph":[{"@type":"WebPage","@id":"https:\/\/www.noticiasradioreflejos.com.ar\/2021\/los-protocolos-de-interrupcion-de-embarazo-y-violencia-sexual-fueron-adaptados-a-lenguas-originarias\/","url":"https:\/\/www.noticiasradioreflejos.com.ar\/2021\/los-protocolos-de-interrupcion-de-embarazo-y-violencia-sexual-fueron-adaptados-a-lenguas-originarias\/","name":"Los protocolos de interrupci\u00f3n de embarazo y violencia sexual fueron adaptados a lenguas originarias - Noticias Radio Reflejos","isPartOf":{"@id":"https:\/\/www.noticiasradioreflejos.com.ar\/2021\/#website"},"datePublished":"2021-12-16T00:46:49+00:00","author":{"@id":"https:\/\/www.noticiasradioreflejos.com.ar\/2021\/#\/schema\/person\/ad82545263dcc5ec0996818884fd5fb1"},"breadcrumb":{"@id":"https:\/\/www.noticiasradioreflejos.com.ar\/2021\/los-protocolos-de-interrupcion-de-embarazo-y-violencia-sexual-fueron-adaptados-a-lenguas-originarias\/#breadcrumb"},"inLanguage":"es","potentialAction":[{"@type":"ReadAction","target":["https:\/\/www.noticiasradioreflejos.com.ar\/2021\/los-protocolos-de-interrupcion-de-embarazo-y-violencia-sexual-fueron-adaptados-a-lenguas-originarias\/"]}]},{"@type":"BreadcrumbList","@id":"https:\/\/www.noticiasradioreflejos.com.ar\/2021\/los-protocolos-de-interrupcion-de-embarazo-y-violencia-sexual-fueron-adaptados-a-lenguas-originarias\/#breadcrumb","itemListElement":[{"@type":"ListItem","position":1,"name":"Portada","item":"https:\/\/www.noticiasradioreflejos.com.ar\/2021\/"},{"@type":"ListItem","position":2,"name":"Los protocolos de interrupci\u00f3n de embarazo y violencia sexual fueron adaptados a lenguas originarias"}]},{"@type":"WebSite","@id":"https:\/\/www.noticiasradioreflejos.com.ar\/2021\/#website","url":"https:\/\/www.noticiasradioreflejos.com.ar\/2021\/","name":"Noticias Radio Reflejos","description":"Las noticias de mi comarca","potentialAction":[{"@type":"SearchAction","target":{"@type":"EntryPoint","urlTemplate":"https:\/\/www.noticiasradioreflejos.com.ar\/2021\/?s={search_term_string}"},"query-input":{"@type":"PropertyValueSpecification","valueRequired":true,"valueName":"search_term_string"}}],"inLanguage":"es"},{"@type":"Person","@id":"https:\/\/www.noticiasradioreflejos.com.ar\/2021\/#\/schema\/person\/ad82545263dcc5ec0996818884fd5fb1","name":"Arnaldo Botto","image":{"@type":"ImageObject","inLanguage":"es","@id":"https:\/\/www.noticiasradioreflejos.com.ar\/2021\/#\/schema\/person\/image\/","url":"https:\/\/secure.gravatar.com\/avatar\/55cb5e37c1efa326397366e6974cb338056df65cb50e7d64d1cf314e87504837?s=96&d=mm&r=g","contentUrl":"https:\/\/secure.gravatar.com\/avatar\/55cb5e37c1efa326397366e6974cb338056df65cb50e7d64d1cf314e87504837?s=96&d=mm&r=g","caption":"Arnaldo Botto"},"url":"https:\/\/www.noticiasradioreflejos.com.ar\/2021\/author\/arnaldo\/"}]}},"_links":{"self":[{"href":"https:\/\/www.noticiasradioreflejos.com.ar\/2021\/wp-json\/wp\/v2\/posts\/66016","targetHints":{"allow":["GET"]}}],"collection":[{"href":"https:\/\/www.noticiasradioreflejos.com.ar\/2021\/wp-json\/wp\/v2\/posts"}],"about":[{"href":"https:\/\/www.noticiasradioreflejos.com.ar\/2021\/wp-json\/wp\/v2\/types\/post"}],"author":[{"embeddable":true,"href":"https:\/\/www.noticiasradioreflejos.com.ar\/2021\/wp-json\/wp\/v2\/users\/3"}],"replies":[{"embeddable":true,"href":"https:\/\/www.noticiasradioreflejos.com.ar\/2021\/wp-json\/wp\/v2\/comments?post=66016"}],"version-history":[{"count":1,"href":"https:\/\/www.noticiasradioreflejos.com.ar\/2021\/wp-json\/wp\/v2\/posts\/66016\/revisions"}],"predecessor-version":[{"id":66018,"href":"https:\/\/www.noticiasradioreflejos.com.ar\/2021\/wp-json\/wp\/v2\/posts\/66016\/revisions\/66018"}],"wp:attachment":[{"href":"https:\/\/www.noticiasradioreflejos.com.ar\/2021\/wp-json\/wp\/v2\/media?parent=66016"}],"wp:term":[{"taxonomy":"category","embeddable":true,"href":"https:\/\/www.noticiasradioreflejos.com.ar\/2021\/wp-json\/wp\/v2\/categories?post=66016"},{"taxonomy":"post_tag","embeddable":true,"href":"https:\/\/www.noticiasradioreflejos.com.ar\/2021\/wp-json\/wp\/v2\/tags?post=66016"}],"curies":[{"name":"wp","href":"https:\/\/api.w.org\/{rel}","templated":true}]}}