{"id":65926,"date":"2021-12-11T17:52:31","date_gmt":"2021-12-11T17:52:31","guid":{"rendered":"http:\/\/www.noticiasradioreflejos.com.ar\/2021\/?p=65926"},"modified":"2021-12-11T17:52:31","modified_gmt":"2021-12-11T17:52:31","slug":"crece-en-la-argentina-la-produccion-de-vinos-organicos-y-sustentables","status":"publish","type":"post","link":"https:\/\/www.noticiasradioreflejos.com.ar\/2021\/crece-en-la-argentina-la-produccion-de-vinos-organicos-y-sustentables\/","title":{"rendered":"Crece en la Argentina la producci\u00f3n de vinos org\u00e1nicos y sustentables"},"content":{"rendered":"<p>La producci\u00f3n, consumo y exportaci\u00f3n de vinos org\u00e1nicos crecen en forma lenta pero sostenida en los \u00faltimos a\u00f1os en la Argentina, impulsados por el incremento de la demanda, tanto local como mundial, de productos m\u00e1s saludables y en armon\u00eda con el medio ambiente.<!--more--><\/p>\n<p>En 2020, el consumo interno total de vinos org\u00e1nicos fue de 167.125 litros, con un crecimiento superior a 5.000% en referencia a 2018 (2.970 litros); se exportaron m\u00e1s de 10 millones de litros de vinos org\u00e1nicos certificados, 24% (casi tres millones de litros) m\u00e1s que en 2019.<\/p>\n<p>En la Argentina, 2,5% de la producci\u00f3n vitivin\u00edcola es org\u00e1nica; Mendoza es la provincia con mayor superficie de cultivos de vid org\u00e1nica certificada con 7.300 hect\u00e1reas certificadas; y hay 250 productores nucleados en 79 bodegas, de las cuales 69 exportan.<\/p>\n<p>La Uni\u00f3n Europea (UE) sigue siendo el principal destino con 64%, seguido por el Reino Unido (14%), Suiza (3%) y Jap\u00f3n (2%); dentro de la UE, Dinamarca y Suecia importan m\u00e1s de 4,5 millones de litros, casi 50% del consumo internacional de los vinos org\u00e1nicos argentinos.<\/p>\n<p>En este marco, la semana pr\u00f3xima se realizar\u00e1 una nueva edici\u00f3n de la Feria de Vinos Org\u00e1nicos y Sustentables, evento que re\u00fane a los productores certificados o en proceso de certificaci\u00f3n.<\/p>\n<p>Organizada por \u00abVIOS, vinos m\u00e1s sustentables\u00bb, entidad creada por el periodista Francisco \u00abPancho\u00bb Barreiro y el licenciado en Ciencias Ambientales Juan Pino, la Feria naci\u00f3 en 2014 con el objetivo de comunicar la \u00absustentabilidad a trav\u00e9s del vino\u00bb y el \u00abvino a trav\u00e9s de la sustentabilidad\u00bb.<\/p>\n<p>\u00abEn los \u00faltimos a\u00f1os se ve un crecimiento importante en la cantidad de productores org\u00e1nicos y en el inter\u00e9s de las bodegas por realizar un trabajo sustentable y tener entre sus vinos, aunque sea, un vino org\u00e1nico\u00bb, afirm\u00f3 Barreiro.<\/p>\n<p>\u00abLuego de un a\u00f1o dif\u00edcil, como fue 2020, no quer\u00edamos terminar este 2021 sin llevar a cabo el evento que nos reencuentra con un mont\u00f3n de personas que buscan productos diferentes y con conciencia ambiental\u00bb, agreg\u00f3 Pino.<\/p>\n<p>El viernes 17 de diciembre, en la casa-museo \u00abLa Botica del \u00c1ngel\u00bb, se expondr\u00e1n m\u00e1s de cincuenta vinos de casi una veintena de bodegas que producen vinos org\u00e1nicos, biodin\u00e1micos, sustentables y de comercio justo.<\/p>\n<p>Fuente: T\u00e9lam<\/p>\n","protected":false},"excerpt":{"rendered":"<p>La producci\u00f3n, consumo y exportaci\u00f3n de vinos org\u00e1nicos crecen en forma lenta pero sostenida en los \u00faltimos a\u00f1os en la Argentina, impulsados por el incremento de la demanda, tanto local como mundial, de productos m\u00e1s saludables y en armon\u00eda con el medio ambiente.<\/p>\n","protected":false},"author":3,"featured_media":0,"comment_status":"closed","ping_status":"closed","sticky":false,"template":"","format":"standard","meta":{"footnotes":""},"categories":[36],"tags":[],"class_list":["post-65926","post","type-post","status-publish","format-standard","hentry","category-economia"],"yoast_head":"<!-- This site is optimized with the Yoast SEO plugin v25.9 - https:\/\/yoast.com\/wordpress\/plugins\/seo\/ -->\n<title>Crece en la Argentina la producci\u00f3n de vinos org\u00e1nicos y sustentables - Noticias Radio Reflejos<\/title>\n<meta name=\"robots\" content=\"index, follow, max-snippet:-1, max-image-preview:large, max-video-preview:-1\" \/>\n<link rel=\"canonical\" href=\"https:\/\/www.noticiasradioreflejos.com.ar\/2021\/crece-en-la-argentina-la-produccion-de-vinos-organicos-y-sustentables\/\" \/>\n<meta property=\"og:locale\" content=\"es_ES\" \/>\n<meta property=\"og:type\" content=\"article\" \/>\n<meta property=\"og:title\" content=\"Crece en la Argentina la producci\u00f3n de vinos org\u00e1nicos y sustentables - Noticias Radio Reflejos\" \/>\n<meta property=\"og:description\" content=\"La producci\u00f3n, consumo y exportaci\u00f3n de vinos org\u00e1nicos crecen en forma lenta pero sostenida en los \u00faltimos a\u00f1os en la Argentina, impulsados por el incremento de la demanda, tanto local como mundial, de productos m\u00e1s saludables y en armon\u00eda con el medio ambiente.\" \/>\n<meta property=\"og:url\" content=\"https:\/\/www.noticiasradioreflejos.com.ar\/2021\/crece-en-la-argentina-la-produccion-de-vinos-organicos-y-sustentables\/\" \/>\n<meta property=\"og:site_name\" content=\"Noticias Radio Reflejos\" \/>\n<meta property=\"article:published_time\" content=\"2021-12-11T17:52:31+00:00\" \/>\n<meta property=\"og:image\" content=\"https:\/\/www.noticiasradioreflejos.com.ar\/2021\/wp-content\/uploads\/2021\/07\/logosol300x200.png\" \/>\n\t<meta property=\"og:image:width\" content=\"300\" \/>\n\t<meta property=\"og:image:height\" content=\"200\" \/>\n\t<meta property=\"og:image:type\" content=\"image\/png\" \/>\n<meta name=\"author\" content=\"Arnaldo Botto\" \/>\n<meta name=\"twitter:card\" content=\"summary_large_image\" \/>\n<script type=\"application\/ld+json\" class=\"yoast-schema-graph\">{\"@context\":\"https:\/\/schema.org\",\"@graph\":[{\"@type\":\"WebPage\",\"@id\":\"https:\/\/www.noticiasradioreflejos.com.ar\/2021\/crece-en-la-argentina-la-produccion-de-vinos-organicos-y-sustentables\/\",\"url\":\"https:\/\/www.noticiasradioreflejos.com.ar\/2021\/crece-en-la-argentina-la-produccion-de-vinos-organicos-y-sustentables\/\",\"name\":\"Crece en la Argentina la producci\u00f3n de vinos org\u00e1nicos y sustentables - Noticias Radio Reflejos\",\"isPartOf\":{\"@id\":\"https:\/\/www.noticiasradioreflejos.com.ar\/2021\/#website\"},\"datePublished\":\"2021-12-11T17:52:31+00:00\",\"author\":{\"@id\":\"https:\/\/www.noticiasradioreflejos.com.ar\/2021\/#\/schema\/person\/ad82545263dcc5ec0996818884fd5fb1\"},\"breadcrumb\":{\"@id\":\"https:\/\/www.noticiasradioreflejos.com.ar\/2021\/crece-en-la-argentina-la-produccion-de-vinos-organicos-y-sustentables\/#breadcrumb\"},\"inLanguage\":\"es\",\"potentialAction\":[{\"@type\":\"ReadAction\",\"target\":[\"https:\/\/www.noticiasradioreflejos.com.ar\/2021\/crece-en-la-argentina-la-produccion-de-vinos-organicos-y-sustentables\/\"]}]},{\"@type\":\"BreadcrumbList\",\"@id\":\"https:\/\/www.noticiasradioreflejos.com.ar\/2021\/crece-en-la-argentina-la-produccion-de-vinos-organicos-y-sustentables\/#breadcrumb\",\"itemListElement\":[{\"@type\":\"ListItem\",\"position\":1,\"name\":\"Portada\",\"item\":\"https:\/\/www.noticiasradioreflejos.com.ar\/2021\/\"},{\"@type\":\"ListItem\",\"position\":2,\"name\":\"Crece en la Argentina la producci\u00f3n de vinos org\u00e1nicos y sustentables\"}]},{\"@type\":\"WebSite\",\"@id\":\"https:\/\/www.noticiasradioreflejos.com.ar\/2021\/#website\",\"url\":\"https:\/\/www.noticiasradioreflejos.com.ar\/2021\/\",\"name\":\"Noticias Radio Reflejos\",\"description\":\"Las noticias de mi comarca\",\"potentialAction\":[{\"@type\":\"SearchAction\",\"target\":{\"@type\":\"EntryPoint\",\"urlTemplate\":\"https:\/\/www.noticiasradioreflejos.com.ar\/2021\/?s={search_term_string}\"},\"query-input\":{\"@type\":\"PropertyValueSpecification\",\"valueRequired\":true,\"valueName\":\"search_term_string\"}}],\"inLanguage\":\"es\"},{\"@type\":\"Person\",\"@id\":\"https:\/\/www.noticiasradioreflejos.com.ar\/2021\/#\/schema\/person\/ad82545263dcc5ec0996818884fd5fb1\",\"name\":\"Arnaldo Botto\",\"image\":{\"@type\":\"ImageObject\",\"inLanguage\":\"es\",\"@id\":\"https:\/\/www.noticiasradioreflejos.com.ar\/2021\/#\/schema\/person\/image\/\",\"url\":\"https:\/\/secure.gravatar.com\/avatar\/55cb5e37c1efa326397366e6974cb338056df65cb50e7d64d1cf314e87504837?s=96&d=mm&r=g\",\"contentUrl\":\"https:\/\/secure.gravatar.com\/avatar\/55cb5e37c1efa326397366e6974cb338056df65cb50e7d64d1cf314e87504837?s=96&d=mm&r=g\",\"caption\":\"Arnaldo Botto\"},\"url\":\"https:\/\/www.noticiasradioreflejos.com.ar\/2021\/author\/arnaldo\/\"}]}<\/script>\n<!-- \/ Yoast SEO plugin. -->","yoast_head_json":{"title":"Crece en la Argentina la producci\u00f3n de vinos org\u00e1nicos y sustentables - Noticias Radio Reflejos","robots":{"index":"index","follow":"follow","max-snippet":"max-snippet:-1","max-image-preview":"max-image-preview:large","max-video-preview":"max-video-preview:-1"},"canonical":"https:\/\/www.noticiasradioreflejos.com.ar\/2021\/crece-en-la-argentina-la-produccion-de-vinos-organicos-y-sustentables\/","og_locale":"es_ES","og_type":"article","og_title":"Crece en la Argentina la producci\u00f3n de vinos org\u00e1nicos y sustentables - Noticias Radio Reflejos","og_description":"La producci\u00f3n, consumo y exportaci\u00f3n de vinos org\u00e1nicos crecen en forma lenta pero sostenida en los \u00faltimos a\u00f1os en la Argentina, impulsados por el incremento de la demanda, tanto local como mundial, de productos m\u00e1s saludables y en armon\u00eda con el medio ambiente.","og_url":"https:\/\/www.noticiasradioreflejos.com.ar\/2021\/crece-en-la-argentina-la-produccion-de-vinos-organicos-y-sustentables\/","og_site_name":"Noticias Radio Reflejos","article_published_time":"2021-12-11T17:52:31+00:00","og_image":[{"width":300,"height":200,"url":"https:\/\/www.noticiasradioreflejos.com.ar\/2021\/wp-content\/uploads\/2021\/07\/logosol300x200.png","type":"image\/png"}],"author":"Arnaldo Botto","twitter_card":"summary_large_image","schema":{"@context":"https:\/\/schema.org","@graph":[{"@type":"WebPage","@id":"https:\/\/www.noticiasradioreflejos.com.ar\/2021\/crece-en-la-argentina-la-produccion-de-vinos-organicos-y-sustentables\/","url":"https:\/\/www.noticiasradioreflejos.com.ar\/2021\/crece-en-la-argentina-la-produccion-de-vinos-organicos-y-sustentables\/","name":"Crece en la Argentina la producci\u00f3n de vinos org\u00e1nicos y sustentables - Noticias Radio Reflejos","isPartOf":{"@id":"https:\/\/www.noticiasradioreflejos.com.ar\/2021\/#website"},"datePublished":"2021-12-11T17:52:31+00:00","author":{"@id":"https:\/\/www.noticiasradioreflejos.com.ar\/2021\/#\/schema\/person\/ad82545263dcc5ec0996818884fd5fb1"},"breadcrumb":{"@id":"https:\/\/www.noticiasradioreflejos.com.ar\/2021\/crece-en-la-argentina-la-produccion-de-vinos-organicos-y-sustentables\/#breadcrumb"},"inLanguage":"es","potentialAction":[{"@type":"ReadAction","target":["https:\/\/www.noticiasradioreflejos.com.ar\/2021\/crece-en-la-argentina-la-produccion-de-vinos-organicos-y-sustentables\/"]}]},{"@type":"BreadcrumbList","@id":"https:\/\/www.noticiasradioreflejos.com.ar\/2021\/crece-en-la-argentina-la-produccion-de-vinos-organicos-y-sustentables\/#breadcrumb","itemListElement":[{"@type":"ListItem","position":1,"name":"Portada","item":"https:\/\/www.noticiasradioreflejos.com.ar\/2021\/"},{"@type":"ListItem","position":2,"name":"Crece en la Argentina la producci\u00f3n de vinos org\u00e1nicos y sustentables"}]},{"@type":"WebSite","@id":"https:\/\/www.noticiasradioreflejos.com.ar\/2021\/#website","url":"https:\/\/www.noticiasradioreflejos.com.ar\/2021\/","name":"Noticias Radio Reflejos","description":"Las noticias de mi comarca","potentialAction":[{"@type":"SearchAction","target":{"@type":"EntryPoint","urlTemplate":"https:\/\/www.noticiasradioreflejos.com.ar\/2021\/?s={search_term_string}"},"query-input":{"@type":"PropertyValueSpecification","valueRequired":true,"valueName":"search_term_string"}}],"inLanguage":"es"},{"@type":"Person","@id":"https:\/\/www.noticiasradioreflejos.com.ar\/2021\/#\/schema\/person\/ad82545263dcc5ec0996818884fd5fb1","name":"Arnaldo Botto","image":{"@type":"ImageObject","inLanguage":"es","@id":"https:\/\/www.noticiasradioreflejos.com.ar\/2021\/#\/schema\/person\/image\/","url":"https:\/\/secure.gravatar.com\/avatar\/55cb5e37c1efa326397366e6974cb338056df65cb50e7d64d1cf314e87504837?s=96&d=mm&r=g","contentUrl":"https:\/\/secure.gravatar.com\/avatar\/55cb5e37c1efa326397366e6974cb338056df65cb50e7d64d1cf314e87504837?s=96&d=mm&r=g","caption":"Arnaldo Botto"},"url":"https:\/\/www.noticiasradioreflejos.com.ar\/2021\/author\/arnaldo\/"}]}},"_links":{"self":[{"href":"https:\/\/www.noticiasradioreflejos.com.ar\/2021\/wp-json\/wp\/v2\/posts\/65926","targetHints":{"allow":["GET"]}}],"collection":[{"href":"https:\/\/www.noticiasradioreflejos.com.ar\/2021\/wp-json\/wp\/v2\/posts"}],"about":[{"href":"https:\/\/www.noticiasradioreflejos.com.ar\/2021\/wp-json\/wp\/v2\/types\/post"}],"author":[{"embeddable":true,"href":"https:\/\/www.noticiasradioreflejos.com.ar\/2021\/wp-json\/wp\/v2\/users\/3"}],"replies":[{"embeddable":true,"href":"https:\/\/www.noticiasradioreflejos.com.ar\/2021\/wp-json\/wp\/v2\/comments?post=65926"}],"version-history":[{"count":1,"href":"https:\/\/www.noticiasradioreflejos.com.ar\/2021\/wp-json\/wp\/v2\/posts\/65926\/revisions"}],"predecessor-version":[{"id":65928,"href":"https:\/\/www.noticiasradioreflejos.com.ar\/2021\/wp-json\/wp\/v2\/posts\/65926\/revisions\/65928"}],"wp:attachment":[{"href":"https:\/\/www.noticiasradioreflejos.com.ar\/2021\/wp-json\/wp\/v2\/media?parent=65926"}],"wp:term":[{"taxonomy":"category","embeddable":true,"href":"https:\/\/www.noticiasradioreflejos.com.ar\/2021\/wp-json\/wp\/v2\/categories?post=65926"},{"taxonomy":"post_tag","embeddable":true,"href":"https:\/\/www.noticiasradioreflejos.com.ar\/2021\/wp-json\/wp\/v2\/tags?post=65926"}],"curies":[{"name":"wp","href":"https:\/\/api.w.org\/{rel}","templated":true}]}}