{"id":65923,"date":"2021-12-11T17:48:05","date_gmt":"2021-12-11T17:48:05","guid":{"rendered":"http:\/\/www.noticiasradioreflejos.com.ar\/2021\/?p=65923"},"modified":"2021-12-11T17:48:05","modified_gmt":"2021-12-11T17:48:05","slug":"vuelos-de-la-muerte-un-juez-de-neuquen-allano-una-casa-en-villa-ventana","status":"publish","type":"post","link":"https:\/\/www.noticiasradioreflejos.com.ar\/2021\/vuelos-de-la-muerte-un-juez-de-neuquen-allano-una-casa-en-villa-ventana\/","title":{"rendered":"Vuelos de la muerte: un juez de Neuqu\u00e9n allan\u00f3 una casa en Villa Ventana"},"content":{"rendered":"<p>La justicia neuquina secuestr\u00f3 documentaci\u00f3n de vuelos desde la base Espora en 1976. Daniel Eduardo Gordoa ser\u00e1 indagado. Hoy hubo condenas a perpetua en el juicio \u00abLa Escuelita\u00bb.<!--more--><\/p>\n<p>El juez Gustavo Villanueva allan\u00f3 el viernes pasado en Villa Ventana la casa del militar que en 1976 fue copiloto de Juan Jos\u00e9 Capella, acusado de transportar personas desaparecidas al centro clandestino de detenci\u00f3n \u00abLa Escuelita\u00bb, ubicado detr\u00e1s de los cuarteles del V Cuerpo de Ej\u00e9rcito, en Bah\u00eda Blanca.<\/p>\n<p>   Seg\u00fan inform\u00f3 el Diario R\u00edo Negro, la justicia secuestr\u00f3 documentaci\u00f3n de vuelos desde la base Espora en 1976, donde Capella era el jefe de la secci\u00f3n. Otras planillas de vuelo fueron usadas en el juicio en Neuqu\u00e9n, en el que la fiscal\u00eda hab\u00eda pedido condena perpetua para el piloto.<\/p>\n<p>   \u00abEl copiloto de Capella era Daniel Eduardo Gordoa y fue identificado por la fiscal\u00eda federal de Neuqu\u00e9n en el avance de las audiencias del s\u00e9ptimo juicio por delitos de lesa humanidad. El 4 de noviembre el fiscal Miguel Angel Palazzani pidi\u00f3 que lo indaguen, se lo detenga y le allanen la casa\u00bb, indic\u00f3 el medio rionegrino.<\/p>\n<p>Gordoa no fue detenido pero ser\u00e1 indagado la semana pr\u00f3xima en el juzgado federal de Neuqu\u00e9n.<\/p>\n<p>   Este fue acusado por Palazzani y el fiscal Jos\u00e9 Nebbia de integrar el equipo de aviadores que llevaba desaparecidos a la tortura en Bah\u00eda Blanca, en 1976.<\/p>\n<p> De Villa Ventana el magistrado se llev\u00f3 documentaci\u00f3n de las \u00f3rdenes de vuelo desde la base Espora, desde donde sal\u00eda el avi\u00f3n Twin Otter que estaba al servicio del Comandante del V Cuerpo, para regresar con personas cautivas, indic\u00f3 el Diario R\u00edo Negro.<\/p>\n<p>   \u201cEste ministerio considera que existe sospecha suficiente para afirmar que el imputado Daniel Eduardo Gordoa particip\u00f3 como parte de la tripulaci\u00f3n del avi\u00f3n piloteado por Capella, en los cuatro vuelos que transportaron a las v\u00edctimas desde la ciudad de Neuqu\u00e9n hasta la localidad de Bah\u00eda Blanca, donde fueron mantenidas en cautiverio y torturadas en el CCD &#8216;La Escuelita&#8217; de Bah\u00eda Blanca; y ocho de ellas, luego fueron asesinadas\u201d, dice el pedido de indagatoria.<\/p>\n<p>   \u201cTanto Gordoa como Colombo\u201d, el mec\u00e1nico que fue testigo de Capella en el juicio y qued\u00f3 imputado y tambi\u00e9n a las puertas de una indagatoria, son part\u00edcipes de los delitos de lesa humanidad, seg\u00fan la fiscal\u00eda. No s\u00f3lo de los secuestros, torturas y desapariciones forzadas, sino tambi\u00e9n de la violencia sexual a las que fueron sometidas las sobrevivientes Dora, Argentina Seguel y Alicia Villaverde.<\/p>\n<p>   R\u00edo Negro indic\u00f3 que \u00abla fiscal\u00eda acus\u00f3 al copiloto de Capella de haber participado de los cuatro vuelos que trasladaron personas tabicadas, maniatadas y con se\u00f1ales claras de tortura con destino a los calabozos clandestinos ubicados detr\u00e1s del batall\u00f3n bahiense, en el acceso de tranquera por el camino a la Carrindanga\u00bb.<\/p>\n<p>   Hoy, en el juicio, hubo condenas a cadena perpetua y por violaciones. En el caso de Capella, decidieron condenarlo a 12 a\u00f1os de c\u00e1rcel.<\/p>\n<p>   Los comisarios rionegrinos Desiderio Penchulef y Enerio Huirca\u00edn fueron condenadoa a 6 a\u00f1os y 5 a\u00f1os de prisi\u00f3n; el federal Miguel Cancrini, fue condenado a 5 a\u00f1os y 6 meses de prisi\u00f3n.<\/p>\n<p>   Las perpetuas fueron para Oscar Reinhold, Eduardo Molina Ezcurra, Jorge Di Pasquale, Sergio San Mart\u00edn, Ra\u00fal Guglielminetti, Osvaldo P\u00e1ez, Norberto Condall, Jorge Granada, Carlos Taffarel y Walter Tejada. (Diario R\u00edo Negro)<\/p>\n<p>Fuente: La Nueva<\/p>\n","protected":false},"excerpt":{"rendered":"<p>La justicia neuquina secuestr\u00f3 documentaci\u00f3n de vuelos desde la base Espora en 1976. Daniel Eduardo Gordoa ser\u00e1 indagado. Hoy hubo condenas a perpetua en el juicio \u00abLa Escuelita\u00bb.<\/p>\n","protected":false},"author":3,"featured_media":0,"comment_status":"closed","ping_status":"closed","sticky":false,"template":"","format":"standard","meta":{"footnotes":""},"categories":[1],"tags":[],"class_list":["post-65923","post","type-post","status-publish","format-standard","hentry","category-sin-categoria"],"yoast_head":"<!-- This site is optimized with the Yoast SEO plugin v25.9 - https:\/\/yoast.com\/wordpress\/plugins\/seo\/ -->\n<title>Vuelos de la muerte: un juez de Neuqu\u00e9n allan\u00f3 una casa en Villa Ventana - Noticias Radio Reflejos<\/title>\n<meta name=\"robots\" content=\"index, follow, max-snippet:-1, max-image-preview:large, max-video-preview:-1\" \/>\n<link rel=\"canonical\" href=\"https:\/\/www.noticiasradioreflejos.com.ar\/2021\/vuelos-de-la-muerte-un-juez-de-neuquen-allano-una-casa-en-villa-ventana\/\" \/>\n<meta property=\"og:locale\" content=\"es_ES\" \/>\n<meta property=\"og:type\" content=\"article\" \/>\n<meta property=\"og:title\" content=\"Vuelos de la muerte: un juez de Neuqu\u00e9n allan\u00f3 una casa en Villa Ventana - Noticias Radio Reflejos\" \/>\n<meta property=\"og:description\" content=\"La justicia neuquina secuestr\u00f3 documentaci\u00f3n de vuelos desde la base Espora en 1976. Daniel Eduardo Gordoa ser\u00e1 indagado. Hoy hubo condenas a perpetua en el juicio \u00abLa Escuelita\u00bb.\" \/>\n<meta property=\"og:url\" content=\"https:\/\/www.noticiasradioreflejos.com.ar\/2021\/vuelos-de-la-muerte-un-juez-de-neuquen-allano-una-casa-en-villa-ventana\/\" \/>\n<meta property=\"og:site_name\" content=\"Noticias Radio Reflejos\" \/>\n<meta property=\"article:published_time\" content=\"2021-12-11T17:48:05+00:00\" \/>\n<meta property=\"og:image\" content=\"https:\/\/www.noticiasradioreflejos.com.ar\/2021\/wp-content\/uploads\/2021\/07\/logosol300x200.png\" \/>\n\t<meta property=\"og:image:width\" content=\"300\" \/>\n\t<meta property=\"og:image:height\" content=\"200\" \/>\n\t<meta property=\"og:image:type\" content=\"image\/png\" \/>\n<meta name=\"author\" content=\"Arnaldo Botto\" \/>\n<meta name=\"twitter:card\" content=\"summary_large_image\" \/>\n<script type=\"application\/ld+json\" class=\"yoast-schema-graph\">{\"@context\":\"https:\/\/schema.org\",\"@graph\":[{\"@type\":\"WebPage\",\"@id\":\"https:\/\/www.noticiasradioreflejos.com.ar\/2021\/vuelos-de-la-muerte-un-juez-de-neuquen-allano-una-casa-en-villa-ventana\/\",\"url\":\"https:\/\/www.noticiasradioreflejos.com.ar\/2021\/vuelos-de-la-muerte-un-juez-de-neuquen-allano-una-casa-en-villa-ventana\/\",\"name\":\"Vuelos de la muerte: un juez de Neuqu\u00e9n allan\u00f3 una casa en Villa Ventana - Noticias Radio Reflejos\",\"isPartOf\":{\"@id\":\"https:\/\/www.noticiasradioreflejos.com.ar\/2021\/#website\"},\"datePublished\":\"2021-12-11T17:48:05+00:00\",\"author\":{\"@id\":\"https:\/\/www.noticiasradioreflejos.com.ar\/2021\/#\/schema\/person\/ad82545263dcc5ec0996818884fd5fb1\"},\"breadcrumb\":{\"@id\":\"https:\/\/www.noticiasradioreflejos.com.ar\/2021\/vuelos-de-la-muerte-un-juez-de-neuquen-allano-una-casa-en-villa-ventana\/#breadcrumb\"},\"inLanguage\":\"es\",\"potentialAction\":[{\"@type\":\"ReadAction\",\"target\":[\"https:\/\/www.noticiasradioreflejos.com.ar\/2021\/vuelos-de-la-muerte-un-juez-de-neuquen-allano-una-casa-en-villa-ventana\/\"]}]},{\"@type\":\"BreadcrumbList\",\"@id\":\"https:\/\/www.noticiasradioreflejos.com.ar\/2021\/vuelos-de-la-muerte-un-juez-de-neuquen-allano-una-casa-en-villa-ventana\/#breadcrumb\",\"itemListElement\":[{\"@type\":\"ListItem\",\"position\":1,\"name\":\"Portada\",\"item\":\"https:\/\/www.noticiasradioreflejos.com.ar\/2021\/\"},{\"@type\":\"ListItem\",\"position\":2,\"name\":\"Vuelos de la muerte: un juez de Neuqu\u00e9n allan\u00f3 una casa en Villa Ventana\"}]},{\"@type\":\"WebSite\",\"@id\":\"https:\/\/www.noticiasradioreflejos.com.ar\/2021\/#website\",\"url\":\"https:\/\/www.noticiasradioreflejos.com.ar\/2021\/\",\"name\":\"Noticias Radio Reflejos\",\"description\":\"Las noticias de mi comarca\",\"potentialAction\":[{\"@type\":\"SearchAction\",\"target\":{\"@type\":\"EntryPoint\",\"urlTemplate\":\"https:\/\/www.noticiasradioreflejos.com.ar\/2021\/?s={search_term_string}\"},\"query-input\":{\"@type\":\"PropertyValueSpecification\",\"valueRequired\":true,\"valueName\":\"search_term_string\"}}],\"inLanguage\":\"es\"},{\"@type\":\"Person\",\"@id\":\"https:\/\/www.noticiasradioreflejos.com.ar\/2021\/#\/schema\/person\/ad82545263dcc5ec0996818884fd5fb1\",\"name\":\"Arnaldo Botto\",\"image\":{\"@type\":\"ImageObject\",\"inLanguage\":\"es\",\"@id\":\"https:\/\/www.noticiasradioreflejos.com.ar\/2021\/#\/schema\/person\/image\/\",\"url\":\"https:\/\/secure.gravatar.com\/avatar\/55cb5e37c1efa326397366e6974cb338056df65cb50e7d64d1cf314e87504837?s=96&d=mm&r=g\",\"contentUrl\":\"https:\/\/secure.gravatar.com\/avatar\/55cb5e37c1efa326397366e6974cb338056df65cb50e7d64d1cf314e87504837?s=96&d=mm&r=g\",\"caption\":\"Arnaldo Botto\"},\"url\":\"https:\/\/www.noticiasradioreflejos.com.ar\/2021\/author\/arnaldo\/\"}]}<\/script>\n<!-- \/ Yoast SEO plugin. -->","yoast_head_json":{"title":"Vuelos de la muerte: un juez de Neuqu\u00e9n allan\u00f3 una casa en Villa Ventana - Noticias Radio Reflejos","robots":{"index":"index","follow":"follow","max-snippet":"max-snippet:-1","max-image-preview":"max-image-preview:large","max-video-preview":"max-video-preview:-1"},"canonical":"https:\/\/www.noticiasradioreflejos.com.ar\/2021\/vuelos-de-la-muerte-un-juez-de-neuquen-allano-una-casa-en-villa-ventana\/","og_locale":"es_ES","og_type":"article","og_title":"Vuelos de la muerte: un juez de Neuqu\u00e9n allan\u00f3 una casa en Villa Ventana - Noticias Radio Reflejos","og_description":"La justicia neuquina secuestr\u00f3 documentaci\u00f3n de vuelos desde la base Espora en 1976. Daniel Eduardo Gordoa ser\u00e1 indagado. Hoy hubo condenas a perpetua en el juicio \u00abLa Escuelita\u00bb.","og_url":"https:\/\/www.noticiasradioreflejos.com.ar\/2021\/vuelos-de-la-muerte-un-juez-de-neuquen-allano-una-casa-en-villa-ventana\/","og_site_name":"Noticias Radio Reflejos","article_published_time":"2021-12-11T17:48:05+00:00","og_image":[{"width":300,"height":200,"url":"https:\/\/www.noticiasradioreflejos.com.ar\/2021\/wp-content\/uploads\/2021\/07\/logosol300x200.png","type":"image\/png"}],"author":"Arnaldo Botto","twitter_card":"summary_large_image","schema":{"@context":"https:\/\/schema.org","@graph":[{"@type":"WebPage","@id":"https:\/\/www.noticiasradioreflejos.com.ar\/2021\/vuelos-de-la-muerte-un-juez-de-neuquen-allano-una-casa-en-villa-ventana\/","url":"https:\/\/www.noticiasradioreflejos.com.ar\/2021\/vuelos-de-la-muerte-un-juez-de-neuquen-allano-una-casa-en-villa-ventana\/","name":"Vuelos de la muerte: un juez de Neuqu\u00e9n allan\u00f3 una casa en Villa Ventana - Noticias Radio Reflejos","isPartOf":{"@id":"https:\/\/www.noticiasradioreflejos.com.ar\/2021\/#website"},"datePublished":"2021-12-11T17:48:05+00:00","author":{"@id":"https:\/\/www.noticiasradioreflejos.com.ar\/2021\/#\/schema\/person\/ad82545263dcc5ec0996818884fd5fb1"},"breadcrumb":{"@id":"https:\/\/www.noticiasradioreflejos.com.ar\/2021\/vuelos-de-la-muerte-un-juez-de-neuquen-allano-una-casa-en-villa-ventana\/#breadcrumb"},"inLanguage":"es","potentialAction":[{"@type":"ReadAction","target":["https:\/\/www.noticiasradioreflejos.com.ar\/2021\/vuelos-de-la-muerte-un-juez-de-neuquen-allano-una-casa-en-villa-ventana\/"]}]},{"@type":"BreadcrumbList","@id":"https:\/\/www.noticiasradioreflejos.com.ar\/2021\/vuelos-de-la-muerte-un-juez-de-neuquen-allano-una-casa-en-villa-ventana\/#breadcrumb","itemListElement":[{"@type":"ListItem","position":1,"name":"Portada","item":"https:\/\/www.noticiasradioreflejos.com.ar\/2021\/"},{"@type":"ListItem","position":2,"name":"Vuelos de la muerte: un juez de Neuqu\u00e9n allan\u00f3 una casa en Villa Ventana"}]},{"@type":"WebSite","@id":"https:\/\/www.noticiasradioreflejos.com.ar\/2021\/#website","url":"https:\/\/www.noticiasradioreflejos.com.ar\/2021\/","name":"Noticias Radio Reflejos","description":"Las noticias de mi comarca","potentialAction":[{"@type":"SearchAction","target":{"@type":"EntryPoint","urlTemplate":"https:\/\/www.noticiasradioreflejos.com.ar\/2021\/?s={search_term_string}"},"query-input":{"@type":"PropertyValueSpecification","valueRequired":true,"valueName":"search_term_string"}}],"inLanguage":"es"},{"@type":"Person","@id":"https:\/\/www.noticiasradioreflejos.com.ar\/2021\/#\/schema\/person\/ad82545263dcc5ec0996818884fd5fb1","name":"Arnaldo Botto","image":{"@type":"ImageObject","inLanguage":"es","@id":"https:\/\/www.noticiasradioreflejos.com.ar\/2021\/#\/schema\/person\/image\/","url":"https:\/\/secure.gravatar.com\/avatar\/55cb5e37c1efa326397366e6974cb338056df65cb50e7d64d1cf314e87504837?s=96&d=mm&r=g","contentUrl":"https:\/\/secure.gravatar.com\/avatar\/55cb5e37c1efa326397366e6974cb338056df65cb50e7d64d1cf314e87504837?s=96&d=mm&r=g","caption":"Arnaldo Botto"},"url":"https:\/\/www.noticiasradioreflejos.com.ar\/2021\/author\/arnaldo\/"}]}},"_links":{"self":[{"href":"https:\/\/www.noticiasradioreflejos.com.ar\/2021\/wp-json\/wp\/v2\/posts\/65923","targetHints":{"allow":["GET"]}}],"collection":[{"href":"https:\/\/www.noticiasradioreflejos.com.ar\/2021\/wp-json\/wp\/v2\/posts"}],"about":[{"href":"https:\/\/www.noticiasradioreflejos.com.ar\/2021\/wp-json\/wp\/v2\/types\/post"}],"author":[{"embeddable":true,"href":"https:\/\/www.noticiasradioreflejos.com.ar\/2021\/wp-json\/wp\/v2\/users\/3"}],"replies":[{"embeddable":true,"href":"https:\/\/www.noticiasradioreflejos.com.ar\/2021\/wp-json\/wp\/v2\/comments?post=65923"}],"version-history":[{"count":1,"href":"https:\/\/www.noticiasradioreflejos.com.ar\/2021\/wp-json\/wp\/v2\/posts\/65923\/revisions"}],"predecessor-version":[{"id":65925,"href":"https:\/\/www.noticiasradioreflejos.com.ar\/2021\/wp-json\/wp\/v2\/posts\/65923\/revisions\/65925"}],"wp:attachment":[{"href":"https:\/\/www.noticiasradioreflejos.com.ar\/2021\/wp-json\/wp\/v2\/media?parent=65923"}],"wp:term":[{"taxonomy":"category","embeddable":true,"href":"https:\/\/www.noticiasradioreflejos.com.ar\/2021\/wp-json\/wp\/v2\/categories?post=65923"},{"taxonomy":"post_tag","embeddable":true,"href":"https:\/\/www.noticiasradioreflejos.com.ar\/2021\/wp-json\/wp\/v2\/tags?post=65923"}],"curies":[{"name":"wp","href":"https:\/\/api.w.org\/{rel}","templated":true}]}}