{"id":65918,"date":"2021-12-10T18:58:27","date_gmt":"2021-12-10T18:58:27","guid":{"rendered":"http:\/\/www.noticiasradioreflejos.com.ar\/2021\/?p=65918"},"modified":"2021-12-10T18:58:27","modified_gmt":"2021-12-10T18:58:27","slug":"raverta-el-presidente-tomo-la-decision-politica-de-otorgar-un-bono-a-fin-de-ano-para-las-jubiladas-y-los-jubilados","status":"publish","type":"post","link":"https:\/\/www.noticiasradioreflejos.com.ar\/2021\/raverta-el-presidente-tomo-la-decision-politica-de-otorgar-un-bono-a-fin-de-ano-para-las-jubiladas-y-los-jubilados\/","title":{"rendered":"Raverta: \u00abEl presidente tom\u00f3 la decisi\u00f3n pol\u00edtica de otorgar un bono a fin de a\u00f1o para las jubiladas y los jubilados\u00bb"},"content":{"rendered":"<p>La directora ejecutiva de ANSES, Fernanda Raverta, inform\u00f3 hoy en El Destape Radio que \u201cse est\u00e1 evaluando el alcance del bono para jubilados y jubiladas, de qu\u00e9 manera, qu\u00e9 monto y en qu\u00e9 fecha se otorgar\u00e1. Requiere de cuestiones administrativas y log\u00edsticas muy importantes, pero otorgarlo fue una decisi\u00f3n pol\u00edtica del Presidente\u201d.<!--more--><\/p>\n<p>Asimismo, Raverta destac\u00f3 que \u201ceste bono se da en el marco de la nueva f\u00f3rmula de movilidad jubilatoria que dej\u00f3 un saldo muy positivo.\u201d Y agreg\u00f3: \u201cNos comprometimos a que los haberes de los jubilados y las jubiladas no perdieran contra la inflaci\u00f3n y que pudieran ganarle siempre a la f\u00f3rmula anterior y eso se cumpli\u00f3 de acuerdo al compromiso que asumimos, gracias al aumento del 12,11 por ciento que reciben por la Ley de Movilidad\u201d.<\/p>\n<p>Con respecto al trabajo del organismo, mencion\u00f3: \u00abTenemos como objetivo universalizar el alcance de todas nuestras prestaciones. Al empezar la gesti\u00f3n hab\u00eda 340 mil chicos dentro del Progresar, ahora son m\u00e1s de un mill\u00f3n. Lo mismo con los chicos de la AUH, gracias a un DNU del Presidente incorporamos a m\u00e1s de 700 mil\u201d y destac\u00f3 que \u201clogramos que muchos tr\u00e1mites se hicieran de una manera m\u00e1s \u00e1gil y alcanzar a una mayor cantidad de argentinos: 85 mil personas lograron acceder a jubilarse en un mes\u00bb, agreg\u00f3.<\/p>\n<p>Para finalizar, la directora ejecutiva hizo menci\u00f3n del programa M\u00e1s Cultura que el organismo relanz\u00f3 esta semana y dijo: \u201cVolvemos a poner en funcionamiento la industria cultural que fue afectada por la pandemia. Junto al Ministerio de Cultura de la Naci\u00f3n llevamos adelante una propuesta para que j\u00f3venes de 18 a 24 a\u00f1os accedan a bienes culturales, como libros, entradas de cine, de teatro, recitales. Lo pueden hacer gracias a una billetera virtual del Banco Naci\u00f3n con 5 mil pesos por semestre. Hoy m\u00e1s de 400 mil chicos ya tienen ese dinero depositado\u201d.<\/p>\n","protected":false},"excerpt":{"rendered":"<p>La directora ejecutiva de ANSES, Fernanda Raverta, inform\u00f3 hoy en El Destape Radio que \u201cse est\u00e1 evaluando el alcance del bono para jubilados y jubiladas, de qu\u00e9 manera, qu\u00e9 monto y en qu\u00e9 fecha se otorgar\u00e1. Requiere de cuestiones administrativas y log\u00edsticas muy importantes, pero otorgarlo fue una decisi\u00f3n pol\u00edtica del Presidente\u201d.<\/p>\n","protected":false},"author":3,"featured_media":0,"comment_status":"closed","ping_status":"closed","sticky":false,"template":"","format":"standard","meta":{"footnotes":""},"categories":[36],"tags":[],"class_list":["post-65918","post","type-post","status-publish","format-standard","hentry","category-economia"],"yoast_head":"<!-- This site is optimized with the Yoast SEO plugin v25.9 - https:\/\/yoast.com\/wordpress\/plugins\/seo\/ -->\n<title>Raverta: &quot;El presidente tom\u00f3 la decisi\u00f3n pol\u00edtica de otorgar un bono a fin de a\u00f1o para las jubiladas y los jubilados&quot; - Noticias Radio Reflejos<\/title>\n<meta name=\"robots\" content=\"index, follow, max-snippet:-1, max-image-preview:large, max-video-preview:-1\" \/>\n<link rel=\"canonical\" href=\"https:\/\/www.noticiasradioreflejos.com.ar\/2021\/raverta-el-presidente-tomo-la-decision-politica-de-otorgar-un-bono-a-fin-de-ano-para-las-jubiladas-y-los-jubilados\/\" \/>\n<meta property=\"og:locale\" content=\"es_ES\" \/>\n<meta property=\"og:type\" content=\"article\" \/>\n<meta property=\"og:title\" content=\"Raverta: &quot;El presidente tom\u00f3 la decisi\u00f3n pol\u00edtica de otorgar un bono a fin de a\u00f1o para las jubiladas y los jubilados&quot; - Noticias Radio Reflejos\" \/>\n<meta property=\"og:description\" content=\"La directora ejecutiva de ANSES, Fernanda Raverta, inform\u00f3 hoy en El Destape Radio que \u201cse est\u00e1 evaluando el alcance del bono para jubilados y jubiladas, de qu\u00e9 manera, qu\u00e9 monto y en qu\u00e9 fecha se otorgar\u00e1. Requiere de cuestiones administrativas y log\u00edsticas muy importantes, pero otorgarlo fue una decisi\u00f3n pol\u00edtica del Presidente\u201d.\" \/>\n<meta property=\"og:url\" content=\"https:\/\/www.noticiasradioreflejos.com.ar\/2021\/raverta-el-presidente-tomo-la-decision-politica-de-otorgar-un-bono-a-fin-de-ano-para-las-jubiladas-y-los-jubilados\/\" \/>\n<meta property=\"og:site_name\" content=\"Noticias Radio Reflejos\" \/>\n<meta property=\"article:published_time\" content=\"2021-12-10T18:58:27+00:00\" \/>\n<meta property=\"og:image\" content=\"https:\/\/www.noticiasradioreflejos.com.ar\/2021\/wp-content\/uploads\/2021\/07\/logosol300x200.png\" \/>\n\t<meta property=\"og:image:width\" content=\"300\" \/>\n\t<meta property=\"og:image:height\" content=\"200\" \/>\n\t<meta property=\"og:image:type\" content=\"image\/png\" \/>\n<meta name=\"author\" content=\"Arnaldo Botto\" \/>\n<meta name=\"twitter:card\" content=\"summary_large_image\" \/>\n<script type=\"application\/ld+json\" class=\"yoast-schema-graph\">{\"@context\":\"https:\/\/schema.org\",\"@graph\":[{\"@type\":\"WebPage\",\"@id\":\"https:\/\/www.noticiasradioreflejos.com.ar\/2021\/raverta-el-presidente-tomo-la-decision-politica-de-otorgar-un-bono-a-fin-de-ano-para-las-jubiladas-y-los-jubilados\/\",\"url\":\"https:\/\/www.noticiasradioreflejos.com.ar\/2021\/raverta-el-presidente-tomo-la-decision-politica-de-otorgar-un-bono-a-fin-de-ano-para-las-jubiladas-y-los-jubilados\/\",\"name\":\"Raverta: \\\"El presidente tom\u00f3 la decisi\u00f3n pol\u00edtica de otorgar un bono a fin de a\u00f1o para las jubiladas y los jubilados\\\" - Noticias Radio Reflejos\",\"isPartOf\":{\"@id\":\"https:\/\/www.noticiasradioreflejos.com.ar\/2021\/#website\"},\"datePublished\":\"2021-12-10T18:58:27+00:00\",\"author\":{\"@id\":\"https:\/\/www.noticiasradioreflejos.com.ar\/2021\/#\/schema\/person\/ad82545263dcc5ec0996818884fd5fb1\"},\"breadcrumb\":{\"@id\":\"https:\/\/www.noticiasradioreflejos.com.ar\/2021\/raverta-el-presidente-tomo-la-decision-politica-de-otorgar-un-bono-a-fin-de-ano-para-las-jubiladas-y-los-jubilados\/#breadcrumb\"},\"inLanguage\":\"es\",\"potentialAction\":[{\"@type\":\"ReadAction\",\"target\":[\"https:\/\/www.noticiasradioreflejos.com.ar\/2021\/raverta-el-presidente-tomo-la-decision-politica-de-otorgar-un-bono-a-fin-de-ano-para-las-jubiladas-y-los-jubilados\/\"]}]},{\"@type\":\"BreadcrumbList\",\"@id\":\"https:\/\/www.noticiasradioreflejos.com.ar\/2021\/raverta-el-presidente-tomo-la-decision-politica-de-otorgar-un-bono-a-fin-de-ano-para-las-jubiladas-y-los-jubilados\/#breadcrumb\",\"itemListElement\":[{\"@type\":\"ListItem\",\"position\":1,\"name\":\"Portada\",\"item\":\"https:\/\/www.noticiasradioreflejos.com.ar\/2021\/\"},{\"@type\":\"ListItem\",\"position\":2,\"name\":\"Raverta: \u00abEl presidente tom\u00f3 la decisi\u00f3n pol\u00edtica de otorgar un bono a fin de a\u00f1o para las jubiladas y los jubilados\u00bb\"}]},{\"@type\":\"WebSite\",\"@id\":\"https:\/\/www.noticiasradioreflejos.com.ar\/2021\/#website\",\"url\":\"https:\/\/www.noticiasradioreflejos.com.ar\/2021\/\",\"name\":\"Noticias Radio Reflejos\",\"description\":\"Las noticias de mi comarca\",\"potentialAction\":[{\"@type\":\"SearchAction\",\"target\":{\"@type\":\"EntryPoint\",\"urlTemplate\":\"https:\/\/www.noticiasradioreflejos.com.ar\/2021\/?s={search_term_string}\"},\"query-input\":{\"@type\":\"PropertyValueSpecification\",\"valueRequired\":true,\"valueName\":\"search_term_string\"}}],\"inLanguage\":\"es\"},{\"@type\":\"Person\",\"@id\":\"https:\/\/www.noticiasradioreflejos.com.ar\/2021\/#\/schema\/person\/ad82545263dcc5ec0996818884fd5fb1\",\"name\":\"Arnaldo Botto\",\"image\":{\"@type\":\"ImageObject\",\"inLanguage\":\"es\",\"@id\":\"https:\/\/www.noticiasradioreflejos.com.ar\/2021\/#\/schema\/person\/image\/\",\"url\":\"https:\/\/secure.gravatar.com\/avatar\/55cb5e37c1efa326397366e6974cb338056df65cb50e7d64d1cf314e87504837?s=96&d=mm&r=g\",\"contentUrl\":\"https:\/\/secure.gravatar.com\/avatar\/55cb5e37c1efa326397366e6974cb338056df65cb50e7d64d1cf314e87504837?s=96&d=mm&r=g\",\"caption\":\"Arnaldo Botto\"},\"url\":\"https:\/\/www.noticiasradioreflejos.com.ar\/2021\/author\/arnaldo\/\"}]}<\/script>\n<!-- \/ Yoast SEO plugin. -->","yoast_head_json":{"title":"Raverta: \"El presidente tom\u00f3 la decisi\u00f3n pol\u00edtica de otorgar un bono a fin de a\u00f1o para las jubiladas y los jubilados\" - Noticias Radio Reflejos","robots":{"index":"index","follow":"follow","max-snippet":"max-snippet:-1","max-image-preview":"max-image-preview:large","max-video-preview":"max-video-preview:-1"},"canonical":"https:\/\/www.noticiasradioreflejos.com.ar\/2021\/raverta-el-presidente-tomo-la-decision-politica-de-otorgar-un-bono-a-fin-de-ano-para-las-jubiladas-y-los-jubilados\/","og_locale":"es_ES","og_type":"article","og_title":"Raverta: \"El presidente tom\u00f3 la decisi\u00f3n pol\u00edtica de otorgar un bono a fin de a\u00f1o para las jubiladas y los jubilados\" - Noticias Radio Reflejos","og_description":"La directora ejecutiva de ANSES, Fernanda Raverta, inform\u00f3 hoy en El Destape Radio que \u201cse est\u00e1 evaluando el alcance del bono para jubilados y jubiladas, de qu\u00e9 manera, qu\u00e9 monto y en qu\u00e9 fecha se otorgar\u00e1. Requiere de cuestiones administrativas y log\u00edsticas muy importantes, pero otorgarlo fue una decisi\u00f3n pol\u00edtica del Presidente\u201d.","og_url":"https:\/\/www.noticiasradioreflejos.com.ar\/2021\/raverta-el-presidente-tomo-la-decision-politica-de-otorgar-un-bono-a-fin-de-ano-para-las-jubiladas-y-los-jubilados\/","og_site_name":"Noticias Radio Reflejos","article_published_time":"2021-12-10T18:58:27+00:00","og_image":[{"width":300,"height":200,"url":"https:\/\/www.noticiasradioreflejos.com.ar\/2021\/wp-content\/uploads\/2021\/07\/logosol300x200.png","type":"image\/png"}],"author":"Arnaldo Botto","twitter_card":"summary_large_image","schema":{"@context":"https:\/\/schema.org","@graph":[{"@type":"WebPage","@id":"https:\/\/www.noticiasradioreflejos.com.ar\/2021\/raverta-el-presidente-tomo-la-decision-politica-de-otorgar-un-bono-a-fin-de-ano-para-las-jubiladas-y-los-jubilados\/","url":"https:\/\/www.noticiasradioreflejos.com.ar\/2021\/raverta-el-presidente-tomo-la-decision-politica-de-otorgar-un-bono-a-fin-de-ano-para-las-jubiladas-y-los-jubilados\/","name":"Raverta: \"El presidente tom\u00f3 la decisi\u00f3n pol\u00edtica de otorgar un bono a fin de a\u00f1o para las jubiladas y los jubilados\" - Noticias Radio Reflejos","isPartOf":{"@id":"https:\/\/www.noticiasradioreflejos.com.ar\/2021\/#website"},"datePublished":"2021-12-10T18:58:27+00:00","author":{"@id":"https:\/\/www.noticiasradioreflejos.com.ar\/2021\/#\/schema\/person\/ad82545263dcc5ec0996818884fd5fb1"},"breadcrumb":{"@id":"https:\/\/www.noticiasradioreflejos.com.ar\/2021\/raverta-el-presidente-tomo-la-decision-politica-de-otorgar-un-bono-a-fin-de-ano-para-las-jubiladas-y-los-jubilados\/#breadcrumb"},"inLanguage":"es","potentialAction":[{"@type":"ReadAction","target":["https:\/\/www.noticiasradioreflejos.com.ar\/2021\/raverta-el-presidente-tomo-la-decision-politica-de-otorgar-un-bono-a-fin-de-ano-para-las-jubiladas-y-los-jubilados\/"]}]},{"@type":"BreadcrumbList","@id":"https:\/\/www.noticiasradioreflejos.com.ar\/2021\/raverta-el-presidente-tomo-la-decision-politica-de-otorgar-un-bono-a-fin-de-ano-para-las-jubiladas-y-los-jubilados\/#breadcrumb","itemListElement":[{"@type":"ListItem","position":1,"name":"Portada","item":"https:\/\/www.noticiasradioreflejos.com.ar\/2021\/"},{"@type":"ListItem","position":2,"name":"Raverta: \u00abEl presidente tom\u00f3 la decisi\u00f3n pol\u00edtica de otorgar un bono a fin de a\u00f1o para las jubiladas y los jubilados\u00bb"}]},{"@type":"WebSite","@id":"https:\/\/www.noticiasradioreflejos.com.ar\/2021\/#website","url":"https:\/\/www.noticiasradioreflejos.com.ar\/2021\/","name":"Noticias Radio Reflejos","description":"Las noticias de mi comarca","potentialAction":[{"@type":"SearchAction","target":{"@type":"EntryPoint","urlTemplate":"https:\/\/www.noticiasradioreflejos.com.ar\/2021\/?s={search_term_string}"},"query-input":{"@type":"PropertyValueSpecification","valueRequired":true,"valueName":"search_term_string"}}],"inLanguage":"es"},{"@type":"Person","@id":"https:\/\/www.noticiasradioreflejos.com.ar\/2021\/#\/schema\/person\/ad82545263dcc5ec0996818884fd5fb1","name":"Arnaldo Botto","image":{"@type":"ImageObject","inLanguage":"es","@id":"https:\/\/www.noticiasradioreflejos.com.ar\/2021\/#\/schema\/person\/image\/","url":"https:\/\/secure.gravatar.com\/avatar\/55cb5e37c1efa326397366e6974cb338056df65cb50e7d64d1cf314e87504837?s=96&d=mm&r=g","contentUrl":"https:\/\/secure.gravatar.com\/avatar\/55cb5e37c1efa326397366e6974cb338056df65cb50e7d64d1cf314e87504837?s=96&d=mm&r=g","caption":"Arnaldo Botto"},"url":"https:\/\/www.noticiasradioreflejos.com.ar\/2021\/author\/arnaldo\/"}]}},"_links":{"self":[{"href":"https:\/\/www.noticiasradioreflejos.com.ar\/2021\/wp-json\/wp\/v2\/posts\/65918","targetHints":{"allow":["GET"]}}],"collection":[{"href":"https:\/\/www.noticiasradioreflejos.com.ar\/2021\/wp-json\/wp\/v2\/posts"}],"about":[{"href":"https:\/\/www.noticiasradioreflejos.com.ar\/2021\/wp-json\/wp\/v2\/types\/post"}],"author":[{"embeddable":true,"href":"https:\/\/www.noticiasradioreflejos.com.ar\/2021\/wp-json\/wp\/v2\/users\/3"}],"replies":[{"embeddable":true,"href":"https:\/\/www.noticiasradioreflejos.com.ar\/2021\/wp-json\/wp\/v2\/comments?post=65918"}],"version-history":[{"count":1,"href":"https:\/\/www.noticiasradioreflejos.com.ar\/2021\/wp-json\/wp\/v2\/posts\/65918\/revisions"}],"predecessor-version":[{"id":65920,"href":"https:\/\/www.noticiasradioreflejos.com.ar\/2021\/wp-json\/wp\/v2\/posts\/65918\/revisions\/65920"}],"wp:attachment":[{"href":"https:\/\/www.noticiasradioreflejos.com.ar\/2021\/wp-json\/wp\/v2\/media?parent=65918"}],"wp:term":[{"taxonomy":"category","embeddable":true,"href":"https:\/\/www.noticiasradioreflejos.com.ar\/2021\/wp-json\/wp\/v2\/categories?post=65918"},{"taxonomy":"post_tag","embeddable":true,"href":"https:\/\/www.noticiasradioreflejos.com.ar\/2021\/wp-json\/wp\/v2\/tags?post=65918"}],"curies":[{"name":"wp","href":"https:\/\/api.w.org\/{rel}","templated":true}]}}