{"id":65904,"date":"2021-12-10T18:34:30","date_gmt":"2021-12-10T18:34:30","guid":{"rendered":"http:\/\/www.noticiasradioreflejos.com.ar\/2021\/?p=65904"},"modified":"2021-12-10T18:34:30","modified_gmt":"2021-12-10T18:34:30","slug":"en-el-dia-de-los-derechos-humanos-la-biblioteca-macedonio-fernandez-se-pronuncia-en-defensa-de-los-mismos","status":"publish","type":"post","link":"https:\/\/www.noticiasradioreflejos.com.ar\/2021\/en-el-dia-de-los-derechos-humanos-la-biblioteca-macedonio-fernandez-se-pronuncia-en-defensa-de-los-mismos\/","title":{"rendered":"En el d\u00eda de los Derechos Humanos, la Biblioteca Macedonio Fern\u00e1ndez se pronuncia en defensa de los mismos"},"content":{"rendered":"<p>En el marco del d\u00eda de los Derechos Humanos, la comisi\u00f3n de la Biblioteca Popular Macedonio Fern\u00e1ndez de Villa Ventana expresa unas palabras para reafirmar su compromiso con la memoria, la verdad y la justicia y pronunciarse como instituci\u00f3n clave para los procesos de formaci\u00f3n ciudadana.<!--more--><\/p>\n<p>En el d\u00eda de conmemoraci\u00f3n de los Derechos Humanos a nivel internacional, esta Comisi\u00f3n Directiva de la Biblioteca Popular Macedonio Fern\u00e1ndez de Villa Ventana, se pronuncia en defensa de los mismos. <\/p>\n<p>Contamos en nuestro patrimonio bibliogr\u00e1fico con material variado y valioso en temas de Derechos Humanos,  y en este sentido, el inmenso aporte de la biblioteca personal del Dr. Hugo  Ca\u00f1\u00f3n \u2013 ex Fiscal General de la C\u00e1mara Federal de Apelaciones de Bah\u00eda Blanca, quien impugn\u00f3 la ley de obediencia debida, siendo luego un Fiscal clave en las causas de lesa humanidad y en los juicios por la verdad contra los genocidas de la \u00faltima dictadura c\u00edvico, , militar, eclesi\u00e1stica -.  <\/p>\n<p>Participamos de diferentes programas y proyectos impulsados desde la Comisi\u00f3n Nacional de Bibliotecas Populares (CONABIP) y fuimos elegidas por sus autoridades y el Ministerio de G\u00e9nero y Diversidad entre las bibliotecas del  pa\u00eds para exponer nuestros trabajos y proyectos de derechos referidos a g\u00e9nero. Funcionamos y funcionaremos como instituci\u00f3n clave en la creaci\u00f3n, dinamizaci\u00f3n y fortalecimiento de procesos de formaci\u00f3n ciudadana. <\/p>\n<p> En este contexto manifestamos nuestro estupor al enterarnos del allanamiento en nuestra localidad ordenado por el juez Gustavo Villanueva en la casa del militar retirado Daniel Eduardo Gordoa,  socio de la biblioteca, quien fue citado a declarar la semana pr\u00f3xima en la causa que lleva a cabo el Tribunal Oral Federal n\u00famero 1 de Neuqu\u00e9n  por cr\u00edmenes de lesa humanidad cometidos en R\u00edo Negro, Neuqu\u00e9n y Bah\u00eda Blanca durante la \u00faltima dictadura c\u00edvico militar. <\/p>\n<p><a href=\"https:\/\/www.rionegro.com.ar\/el-juez-allano-la-casa-del-copiloto-de-los-vuelos-de-la-muerte-en-la-previa-al-veredicto-del-juicio-la-escuelita-2069495\/\" rel=\"noopener\" target=\"_blank\">Link adjuntado por la Biblioteca<\/a><\/p>\n<p>Reafirmamos nuestro compromiso con la memoria, la verdad y la justicia. <\/p>\n","protected":false},"excerpt":{"rendered":"<p>En el marco del d\u00eda de los Derechos Humanos, la comisi\u00f3n de la Biblioteca Popular Macedonio Fern\u00e1ndez de Villa Ventana expresa unas palabras para reafirmar su compromiso con la memoria, la verdad y la justicia y pronunciarse como instituci\u00f3n clave para los procesos de formaci\u00f3n ciudadana.<\/p>\n","protected":false},"author":3,"featured_media":37978,"comment_status":"closed","ping_status":"closed","sticky":false,"template":"","format":"standard","meta":{"footnotes":""},"categories":[26],"tags":[],"class_list":["post-65904","post","type-post","status-publish","format-standard","has-post-thumbnail","hentry","category-sociedad"],"yoast_head":"<!-- This site is optimized with the Yoast SEO plugin v25.9 - https:\/\/yoast.com\/wordpress\/plugins\/seo\/ -->\n<title>En el d\u00eda de los Derechos Humanos, la Biblioteca Macedonio Fern\u00e1ndez se pronuncia en defensa de los mismos - Noticias Radio Reflejos<\/title>\n<meta name=\"robots\" content=\"index, follow, max-snippet:-1, max-image-preview:large, max-video-preview:-1\" \/>\n<link rel=\"canonical\" href=\"https:\/\/www.noticiasradioreflejos.com.ar\/2021\/en-el-dia-de-los-derechos-humanos-la-biblioteca-macedonio-fernandez-se-pronuncia-en-defensa-de-los-mismos\/\" \/>\n<meta property=\"og:locale\" content=\"es_ES\" \/>\n<meta property=\"og:type\" content=\"article\" \/>\n<meta property=\"og:title\" content=\"En el d\u00eda de los Derechos Humanos, la Biblioteca Macedonio Fern\u00e1ndez se pronuncia en defensa de los mismos - Noticias Radio Reflejos\" \/>\n<meta property=\"og:description\" content=\"En el marco del d\u00eda de los Derechos Humanos, la comisi\u00f3n de la Biblioteca Popular Macedonio Fern\u00e1ndez de Villa Ventana expresa unas palabras para reafirmar su compromiso con la memoria, la verdad y la justicia y pronunciarse como instituci\u00f3n clave para los procesos de formaci\u00f3n ciudadana.\" \/>\n<meta property=\"og:url\" content=\"https:\/\/www.noticiasradioreflejos.com.ar\/2021\/en-el-dia-de-los-derechos-humanos-la-biblioteca-macedonio-fernandez-se-pronuncia-en-defensa-de-los-mismos\/\" \/>\n<meta property=\"og:site_name\" content=\"Noticias Radio Reflejos\" \/>\n<meta property=\"article:published_time\" content=\"2021-12-10T18:34:30+00:00\" \/>\n<meta property=\"og:image\" content=\"https:\/\/www.noticiasradioreflejos.com.ar\/2021\/wp-content\/uploads\/2020\/01\/Biblioteca-macedonio.jpg\" \/>\n\t<meta property=\"og:image:width\" content=\"960\" \/>\n\t<meta property=\"og:image:height\" content=\"661\" \/>\n\t<meta property=\"og:image:type\" content=\"image\/jpeg\" \/>\n<meta name=\"author\" content=\"Arnaldo Botto\" \/>\n<meta name=\"twitter:card\" content=\"summary_large_image\" \/>\n<script type=\"application\/ld+json\" class=\"yoast-schema-graph\">{\"@context\":\"https:\/\/schema.org\",\"@graph\":[{\"@type\":\"WebPage\",\"@id\":\"https:\/\/www.noticiasradioreflejos.com.ar\/2021\/en-el-dia-de-los-derechos-humanos-la-biblioteca-macedonio-fernandez-se-pronuncia-en-defensa-de-los-mismos\/\",\"url\":\"https:\/\/www.noticiasradioreflejos.com.ar\/2021\/en-el-dia-de-los-derechos-humanos-la-biblioteca-macedonio-fernandez-se-pronuncia-en-defensa-de-los-mismos\/\",\"name\":\"En el d\u00eda de los Derechos Humanos, la Biblioteca Macedonio Fern\u00e1ndez se pronuncia en defensa de los mismos - Noticias Radio Reflejos\",\"isPartOf\":{\"@id\":\"https:\/\/www.noticiasradioreflejos.com.ar\/2021\/#website\"},\"primaryImageOfPage\":{\"@id\":\"https:\/\/www.noticiasradioreflejos.com.ar\/2021\/en-el-dia-de-los-derechos-humanos-la-biblioteca-macedonio-fernandez-se-pronuncia-en-defensa-de-los-mismos\/#primaryimage\"},\"image\":{\"@id\":\"https:\/\/www.noticiasradioreflejos.com.ar\/2021\/en-el-dia-de-los-derechos-humanos-la-biblioteca-macedonio-fernandez-se-pronuncia-en-defensa-de-los-mismos\/#primaryimage\"},\"thumbnailUrl\":\"https:\/\/www.noticiasradioreflejos.com.ar\/2021\/wp-content\/uploads\/2020\/01\/Biblioteca-macedonio.jpg\",\"datePublished\":\"2021-12-10T18:34:30+00:00\",\"author\":{\"@id\":\"https:\/\/www.noticiasradioreflejos.com.ar\/2021\/#\/schema\/person\/ad82545263dcc5ec0996818884fd5fb1\"},\"breadcrumb\":{\"@id\":\"https:\/\/www.noticiasradioreflejos.com.ar\/2021\/en-el-dia-de-los-derechos-humanos-la-biblioteca-macedonio-fernandez-se-pronuncia-en-defensa-de-los-mismos\/#breadcrumb\"},\"inLanguage\":\"es\",\"potentialAction\":[{\"@type\":\"ReadAction\",\"target\":[\"https:\/\/www.noticiasradioreflejos.com.ar\/2021\/en-el-dia-de-los-derechos-humanos-la-biblioteca-macedonio-fernandez-se-pronuncia-en-defensa-de-los-mismos\/\"]}]},{\"@type\":\"ImageObject\",\"inLanguage\":\"es\",\"@id\":\"https:\/\/www.noticiasradioreflejos.com.ar\/2021\/en-el-dia-de-los-derechos-humanos-la-biblioteca-macedonio-fernandez-se-pronuncia-en-defensa-de-los-mismos\/#primaryimage\",\"url\":\"https:\/\/www.noticiasradioreflejos.com.ar\/2021\/wp-content\/uploads\/2020\/01\/Biblioteca-macedonio.jpg\",\"contentUrl\":\"https:\/\/www.noticiasradioreflejos.com.ar\/2021\/wp-content\/uploads\/2020\/01\/Biblioteca-macedonio.jpg\",\"width\":960,\"height\":661},{\"@type\":\"BreadcrumbList\",\"@id\":\"https:\/\/www.noticiasradioreflejos.com.ar\/2021\/en-el-dia-de-los-derechos-humanos-la-biblioteca-macedonio-fernandez-se-pronuncia-en-defensa-de-los-mismos\/#breadcrumb\",\"itemListElement\":[{\"@type\":\"ListItem\",\"position\":1,\"name\":\"Portada\",\"item\":\"https:\/\/www.noticiasradioreflejos.com.ar\/2021\/\"},{\"@type\":\"ListItem\",\"position\":2,\"name\":\"En el d\u00eda de los Derechos Humanos, la Biblioteca Macedonio Fern\u00e1ndez se pronuncia en defensa de los mismos\"}]},{\"@type\":\"WebSite\",\"@id\":\"https:\/\/www.noticiasradioreflejos.com.ar\/2021\/#website\",\"url\":\"https:\/\/www.noticiasradioreflejos.com.ar\/2021\/\",\"name\":\"Noticias Radio Reflejos\",\"description\":\"Las noticias de mi comarca\",\"potentialAction\":[{\"@type\":\"SearchAction\",\"target\":{\"@type\":\"EntryPoint\",\"urlTemplate\":\"https:\/\/www.noticiasradioreflejos.com.ar\/2021\/?s={search_term_string}\"},\"query-input\":{\"@type\":\"PropertyValueSpecification\",\"valueRequired\":true,\"valueName\":\"search_term_string\"}}],\"inLanguage\":\"es\"},{\"@type\":\"Person\",\"@id\":\"https:\/\/www.noticiasradioreflejos.com.ar\/2021\/#\/schema\/person\/ad82545263dcc5ec0996818884fd5fb1\",\"name\":\"Arnaldo Botto\",\"image\":{\"@type\":\"ImageObject\",\"inLanguage\":\"es\",\"@id\":\"https:\/\/www.noticiasradioreflejos.com.ar\/2021\/#\/schema\/person\/image\/\",\"url\":\"https:\/\/secure.gravatar.com\/avatar\/55cb5e37c1efa326397366e6974cb338056df65cb50e7d64d1cf314e87504837?s=96&d=mm&r=g\",\"contentUrl\":\"https:\/\/secure.gravatar.com\/avatar\/55cb5e37c1efa326397366e6974cb338056df65cb50e7d64d1cf314e87504837?s=96&d=mm&r=g\",\"caption\":\"Arnaldo Botto\"},\"url\":\"https:\/\/www.noticiasradioreflejos.com.ar\/2021\/author\/arnaldo\/\"}]}<\/script>\n<!-- \/ Yoast SEO plugin. -->","yoast_head_json":{"title":"En el d\u00eda de los Derechos Humanos, la Biblioteca Macedonio Fern\u00e1ndez se pronuncia en defensa de los mismos - Noticias Radio Reflejos","robots":{"index":"index","follow":"follow","max-snippet":"max-snippet:-1","max-image-preview":"max-image-preview:large","max-video-preview":"max-video-preview:-1"},"canonical":"https:\/\/www.noticiasradioreflejos.com.ar\/2021\/en-el-dia-de-los-derechos-humanos-la-biblioteca-macedonio-fernandez-se-pronuncia-en-defensa-de-los-mismos\/","og_locale":"es_ES","og_type":"article","og_title":"En el d\u00eda de los Derechos Humanos, la Biblioteca Macedonio Fern\u00e1ndez se pronuncia en defensa de los mismos - Noticias Radio Reflejos","og_description":"En el marco del d\u00eda de los Derechos Humanos, la comisi\u00f3n de la Biblioteca Popular Macedonio Fern\u00e1ndez de Villa Ventana expresa unas palabras para reafirmar su compromiso con la memoria, la verdad y la justicia y pronunciarse como instituci\u00f3n clave para los procesos de formaci\u00f3n ciudadana.","og_url":"https:\/\/www.noticiasradioreflejos.com.ar\/2021\/en-el-dia-de-los-derechos-humanos-la-biblioteca-macedonio-fernandez-se-pronuncia-en-defensa-de-los-mismos\/","og_site_name":"Noticias Radio Reflejos","article_published_time":"2021-12-10T18:34:30+00:00","og_image":[{"width":960,"height":661,"url":"https:\/\/www.noticiasradioreflejos.com.ar\/2021\/wp-content\/uploads\/2020\/01\/Biblioteca-macedonio.jpg","type":"image\/jpeg"}],"author":"Arnaldo Botto","twitter_card":"summary_large_image","schema":{"@context":"https:\/\/schema.org","@graph":[{"@type":"WebPage","@id":"https:\/\/www.noticiasradioreflejos.com.ar\/2021\/en-el-dia-de-los-derechos-humanos-la-biblioteca-macedonio-fernandez-se-pronuncia-en-defensa-de-los-mismos\/","url":"https:\/\/www.noticiasradioreflejos.com.ar\/2021\/en-el-dia-de-los-derechos-humanos-la-biblioteca-macedonio-fernandez-se-pronuncia-en-defensa-de-los-mismos\/","name":"En el d\u00eda de los Derechos Humanos, la Biblioteca Macedonio Fern\u00e1ndez se pronuncia en defensa de los mismos - Noticias Radio Reflejos","isPartOf":{"@id":"https:\/\/www.noticiasradioreflejos.com.ar\/2021\/#website"},"primaryImageOfPage":{"@id":"https:\/\/www.noticiasradioreflejos.com.ar\/2021\/en-el-dia-de-los-derechos-humanos-la-biblioteca-macedonio-fernandez-se-pronuncia-en-defensa-de-los-mismos\/#primaryimage"},"image":{"@id":"https:\/\/www.noticiasradioreflejos.com.ar\/2021\/en-el-dia-de-los-derechos-humanos-la-biblioteca-macedonio-fernandez-se-pronuncia-en-defensa-de-los-mismos\/#primaryimage"},"thumbnailUrl":"https:\/\/www.noticiasradioreflejos.com.ar\/2021\/wp-content\/uploads\/2020\/01\/Biblioteca-macedonio.jpg","datePublished":"2021-12-10T18:34:30+00:00","author":{"@id":"https:\/\/www.noticiasradioreflejos.com.ar\/2021\/#\/schema\/person\/ad82545263dcc5ec0996818884fd5fb1"},"breadcrumb":{"@id":"https:\/\/www.noticiasradioreflejos.com.ar\/2021\/en-el-dia-de-los-derechos-humanos-la-biblioteca-macedonio-fernandez-se-pronuncia-en-defensa-de-los-mismos\/#breadcrumb"},"inLanguage":"es","potentialAction":[{"@type":"ReadAction","target":["https:\/\/www.noticiasradioreflejos.com.ar\/2021\/en-el-dia-de-los-derechos-humanos-la-biblioteca-macedonio-fernandez-se-pronuncia-en-defensa-de-los-mismos\/"]}]},{"@type":"ImageObject","inLanguage":"es","@id":"https:\/\/www.noticiasradioreflejos.com.ar\/2021\/en-el-dia-de-los-derechos-humanos-la-biblioteca-macedonio-fernandez-se-pronuncia-en-defensa-de-los-mismos\/#primaryimage","url":"https:\/\/www.noticiasradioreflejos.com.ar\/2021\/wp-content\/uploads\/2020\/01\/Biblioteca-macedonio.jpg","contentUrl":"https:\/\/www.noticiasradioreflejos.com.ar\/2021\/wp-content\/uploads\/2020\/01\/Biblioteca-macedonio.jpg","width":960,"height":661},{"@type":"BreadcrumbList","@id":"https:\/\/www.noticiasradioreflejos.com.ar\/2021\/en-el-dia-de-los-derechos-humanos-la-biblioteca-macedonio-fernandez-se-pronuncia-en-defensa-de-los-mismos\/#breadcrumb","itemListElement":[{"@type":"ListItem","position":1,"name":"Portada","item":"https:\/\/www.noticiasradioreflejos.com.ar\/2021\/"},{"@type":"ListItem","position":2,"name":"En el d\u00eda de los Derechos Humanos, la Biblioteca Macedonio Fern\u00e1ndez se pronuncia en defensa de los mismos"}]},{"@type":"WebSite","@id":"https:\/\/www.noticiasradioreflejos.com.ar\/2021\/#website","url":"https:\/\/www.noticiasradioreflejos.com.ar\/2021\/","name":"Noticias Radio Reflejos","description":"Las noticias de mi comarca","potentialAction":[{"@type":"SearchAction","target":{"@type":"EntryPoint","urlTemplate":"https:\/\/www.noticiasradioreflejos.com.ar\/2021\/?s={search_term_string}"},"query-input":{"@type":"PropertyValueSpecification","valueRequired":true,"valueName":"search_term_string"}}],"inLanguage":"es"},{"@type":"Person","@id":"https:\/\/www.noticiasradioreflejos.com.ar\/2021\/#\/schema\/person\/ad82545263dcc5ec0996818884fd5fb1","name":"Arnaldo Botto","image":{"@type":"ImageObject","inLanguage":"es","@id":"https:\/\/www.noticiasradioreflejos.com.ar\/2021\/#\/schema\/person\/image\/","url":"https:\/\/secure.gravatar.com\/avatar\/55cb5e37c1efa326397366e6974cb338056df65cb50e7d64d1cf314e87504837?s=96&d=mm&r=g","contentUrl":"https:\/\/secure.gravatar.com\/avatar\/55cb5e37c1efa326397366e6974cb338056df65cb50e7d64d1cf314e87504837?s=96&d=mm&r=g","caption":"Arnaldo Botto"},"url":"https:\/\/www.noticiasradioreflejos.com.ar\/2021\/author\/arnaldo\/"}]}},"_links":{"self":[{"href":"https:\/\/www.noticiasradioreflejos.com.ar\/2021\/wp-json\/wp\/v2\/posts\/65904","targetHints":{"allow":["GET"]}}],"collection":[{"href":"https:\/\/www.noticiasradioreflejos.com.ar\/2021\/wp-json\/wp\/v2\/posts"}],"about":[{"href":"https:\/\/www.noticiasradioreflejos.com.ar\/2021\/wp-json\/wp\/v2\/types\/post"}],"author":[{"embeddable":true,"href":"https:\/\/www.noticiasradioreflejos.com.ar\/2021\/wp-json\/wp\/v2\/users\/3"}],"replies":[{"embeddable":true,"href":"https:\/\/www.noticiasradioreflejos.com.ar\/2021\/wp-json\/wp\/v2\/comments?post=65904"}],"version-history":[{"count":1,"href":"https:\/\/www.noticiasradioreflejos.com.ar\/2021\/wp-json\/wp\/v2\/posts\/65904\/revisions"}],"predecessor-version":[{"id":65905,"href":"https:\/\/www.noticiasradioreflejos.com.ar\/2021\/wp-json\/wp\/v2\/posts\/65904\/revisions\/65905"}],"wp:featuredmedia":[{"embeddable":true,"href":"https:\/\/www.noticiasradioreflejos.com.ar\/2021\/wp-json\/wp\/v2\/media\/37978"}],"wp:attachment":[{"href":"https:\/\/www.noticiasradioreflejos.com.ar\/2021\/wp-json\/wp\/v2\/media?parent=65904"}],"wp:term":[{"taxonomy":"category","embeddable":true,"href":"https:\/\/www.noticiasradioreflejos.com.ar\/2021\/wp-json\/wp\/v2\/categories?post=65904"},{"taxonomy":"post_tag","embeddable":true,"href":"https:\/\/www.noticiasradioreflejos.com.ar\/2021\/wp-json\/wp\/v2\/tags?post=65904"}],"curies":[{"name":"wp","href":"https:\/\/api.w.org\/{rel}","templated":true}]}}