{"id":65895,"date":"2021-12-10T18:17:20","date_gmt":"2021-12-10T18:17:20","guid":{"rendered":"http:\/\/www.noticiasradioreflejos.com.ar\/2021\/?p=65895"},"modified":"2021-12-10T18:17:20","modified_gmt":"2021-12-10T18:17:20","slug":"frente-de-todos-envio-una-nota-al-consejo-escolar-a-fin-de-presentar-el-relevamiento-hecho-durante-la-campana-para-que-sea-considerado","status":"publish","type":"post","link":"https:\/\/www.noticiasradioreflejos.com.ar\/2021\/frente-de-todos-envio-una-nota-al-consejo-escolar-a-fin-de-presentar-el-relevamiento-hecho-durante-la-campana-para-que-sea-considerado\/","title":{"rendered":"Frente de Todos envi\u00f3 una nota al Consejo Escolar a fin de presentar el relevamiento hecho durante la campa\u00f1a para que sea considerado"},"content":{"rendered":"<p>Los candidatos y candidatas a consejeros y consejeras escolares del FRENTE DE TODOS TORNQUIST, presentaron una nota en la que se detalla el relevamiento realizado durante la campa\u00f1a, para que las autoridades electas cuenten con la informaci\u00f3n recabada en cada localidad de nuestro distrito, y as\u00ed puedan realizar las gestiones para satisfacer las necesidades del personal y los establecimientos educativos del distrito.<!--more--><\/p>\n<p>\u00abAclaramos que al no tener representaci\u00f3n de nuestro espacio pol\u00edtico en el Consejo Escolar, no podemos responsabilizarnos de llevar a cabo lo pedido por nuestros vecinos y vecinas, pero s\u00ed consideramos importante que estos cambios y mejoras est\u00e9n en manos de quienes s\u00ed pueden cumplir con las necesidades\u00bb informaron los integrantes del Frente de Todos Tornquist.<\/p>\n<p><a href=\"https:\/\/www.flickr.com\/photos\/182279889@N02\/51738365229\/in\/dateposted-public\/\"><img loading=\"lazy\" decoding=\"async\" src=\"https:\/\/live.staticflickr.com\/65535\/51738365229_6d25824f0a.jpg\" alt=\"Nota Frente de Todos a Consejo Escolar\" width=\"500\" height=\"348\" \/><\/a><\/p>\n","protected":false},"excerpt":{"rendered":"<p>Los candidatos y candidatas a consejeros y consejeras escolares del FRENTE DE TODOS TORNQUIST, presentaron una nota en la que se detalla el relevamiento realizado durante la campa\u00f1a, para que las autoridades electas cuenten con la informaci\u00f3n recabada en cada localidad de nuestro distrito, y as\u00ed puedan realizar las gestiones para satisfacer las necesidades del [&hellip;]<\/p>\n","protected":false},"author":3,"featured_media":58872,"comment_status":"closed","ping_status":"closed","sticky":false,"template":"","format":"standard","meta":{"footnotes":""},"categories":[26],"tags":[],"class_list":["post-65895","post","type-post","status-publish","format-standard","has-post-thumbnail","hentry","category-sociedad"],"yoast_head":"<!-- This site is optimized with the Yoast SEO plugin v25.9 - https:\/\/yoast.com\/wordpress\/plugins\/seo\/ -->\n<title>Frente de Todos envi\u00f3 una nota al Consejo Escolar a fin de presentar el relevamiento hecho durante la campa\u00f1a para que sea considerado - Noticias Radio Reflejos<\/title>\n<meta name=\"robots\" content=\"index, follow, max-snippet:-1, max-image-preview:large, max-video-preview:-1\" \/>\n<link rel=\"canonical\" href=\"https:\/\/www.noticiasradioreflejos.com.ar\/2021\/frente-de-todos-envio-una-nota-al-consejo-escolar-a-fin-de-presentar-el-relevamiento-hecho-durante-la-campana-para-que-sea-considerado\/\" \/>\n<meta property=\"og:locale\" content=\"es_ES\" \/>\n<meta property=\"og:type\" content=\"article\" \/>\n<meta property=\"og:title\" content=\"Frente de Todos envi\u00f3 una nota al Consejo Escolar a fin de presentar el relevamiento hecho durante la campa\u00f1a para que sea considerado - Noticias Radio Reflejos\" \/>\n<meta property=\"og:description\" content=\"Los candidatos y candidatas a consejeros y consejeras escolares del FRENTE DE TODOS TORNQUIST, presentaron una nota en la que se detalla el relevamiento realizado durante la campa\u00f1a, para que las autoridades electas cuenten con la informaci\u00f3n recabada en cada localidad de nuestro distrito, y as\u00ed puedan realizar las gestiones para satisfacer las necesidades del [&hellip;]\" \/>\n<meta property=\"og:url\" content=\"https:\/\/www.noticiasradioreflejos.com.ar\/2021\/frente-de-todos-envio-una-nota-al-consejo-escolar-a-fin-de-presentar-el-relevamiento-hecho-durante-la-campana-para-que-sea-considerado\/\" \/>\n<meta property=\"og:site_name\" content=\"Noticias Radio Reflejos\" \/>\n<meta property=\"article:published_time\" content=\"2021-12-10T18:17:20+00:00\" \/>\n<meta property=\"og:image\" content=\"https:\/\/www.noticiasradioreflejos.com.ar\/2021\/wp-content\/uploads\/2021\/06\/frente-de-todos.png\" \/>\n\t<meta property=\"og:image:width\" content=\"1032\" \/>\n\t<meta property=\"og:image:height\" content=\"1032\" \/>\n\t<meta property=\"og:image:type\" content=\"image\/png\" \/>\n<meta name=\"author\" content=\"Arnaldo Botto\" \/>\n<meta name=\"twitter:card\" content=\"summary_large_image\" \/>\n<script type=\"application\/ld+json\" class=\"yoast-schema-graph\">{\"@context\":\"https:\/\/schema.org\",\"@graph\":[{\"@type\":\"WebPage\",\"@id\":\"https:\/\/www.noticiasradioreflejos.com.ar\/2021\/frente-de-todos-envio-una-nota-al-consejo-escolar-a-fin-de-presentar-el-relevamiento-hecho-durante-la-campana-para-que-sea-considerado\/\",\"url\":\"https:\/\/www.noticiasradioreflejos.com.ar\/2021\/frente-de-todos-envio-una-nota-al-consejo-escolar-a-fin-de-presentar-el-relevamiento-hecho-durante-la-campana-para-que-sea-considerado\/\",\"name\":\"Frente de Todos envi\u00f3 una nota al Consejo Escolar a fin de presentar el relevamiento hecho durante la campa\u00f1a para que sea considerado - Noticias Radio Reflejos\",\"isPartOf\":{\"@id\":\"https:\/\/www.noticiasradioreflejos.com.ar\/2021\/#website\"},\"primaryImageOfPage\":{\"@id\":\"https:\/\/www.noticiasradioreflejos.com.ar\/2021\/frente-de-todos-envio-una-nota-al-consejo-escolar-a-fin-de-presentar-el-relevamiento-hecho-durante-la-campana-para-que-sea-considerado\/#primaryimage\"},\"image\":{\"@id\":\"https:\/\/www.noticiasradioreflejos.com.ar\/2021\/frente-de-todos-envio-una-nota-al-consejo-escolar-a-fin-de-presentar-el-relevamiento-hecho-durante-la-campana-para-que-sea-considerado\/#primaryimage\"},\"thumbnailUrl\":\"https:\/\/www.noticiasradioreflejos.com.ar\/2021\/wp-content\/uploads\/2021\/06\/frente-de-todos.png\",\"datePublished\":\"2021-12-10T18:17:20+00:00\",\"author\":{\"@id\":\"https:\/\/www.noticiasradioreflejos.com.ar\/2021\/#\/schema\/person\/ad82545263dcc5ec0996818884fd5fb1\"},\"breadcrumb\":{\"@id\":\"https:\/\/www.noticiasradioreflejos.com.ar\/2021\/frente-de-todos-envio-una-nota-al-consejo-escolar-a-fin-de-presentar-el-relevamiento-hecho-durante-la-campana-para-que-sea-considerado\/#breadcrumb\"},\"inLanguage\":\"es\",\"potentialAction\":[{\"@type\":\"ReadAction\",\"target\":[\"https:\/\/www.noticiasradioreflejos.com.ar\/2021\/frente-de-todos-envio-una-nota-al-consejo-escolar-a-fin-de-presentar-el-relevamiento-hecho-durante-la-campana-para-que-sea-considerado\/\"]}]},{\"@type\":\"ImageObject\",\"inLanguage\":\"es\",\"@id\":\"https:\/\/www.noticiasradioreflejos.com.ar\/2021\/frente-de-todos-envio-una-nota-al-consejo-escolar-a-fin-de-presentar-el-relevamiento-hecho-durante-la-campana-para-que-sea-considerado\/#primaryimage\",\"url\":\"https:\/\/www.noticiasradioreflejos.com.ar\/2021\/wp-content\/uploads\/2021\/06\/frente-de-todos.png\",\"contentUrl\":\"https:\/\/www.noticiasradioreflejos.com.ar\/2021\/wp-content\/uploads\/2021\/06\/frente-de-todos.png\",\"width\":1032,\"height\":1032},{\"@type\":\"BreadcrumbList\",\"@id\":\"https:\/\/www.noticiasradioreflejos.com.ar\/2021\/frente-de-todos-envio-una-nota-al-consejo-escolar-a-fin-de-presentar-el-relevamiento-hecho-durante-la-campana-para-que-sea-considerado\/#breadcrumb\",\"itemListElement\":[{\"@type\":\"ListItem\",\"position\":1,\"name\":\"Portada\",\"item\":\"https:\/\/www.noticiasradioreflejos.com.ar\/2021\/\"},{\"@type\":\"ListItem\",\"position\":2,\"name\":\"Frente de Todos envi\u00f3 una nota al Consejo Escolar a fin de presentar el relevamiento hecho durante la campa\u00f1a para que sea considerado\"}]},{\"@type\":\"WebSite\",\"@id\":\"https:\/\/www.noticiasradioreflejos.com.ar\/2021\/#website\",\"url\":\"https:\/\/www.noticiasradioreflejos.com.ar\/2021\/\",\"name\":\"Noticias Radio Reflejos\",\"description\":\"Las noticias de mi comarca\",\"potentialAction\":[{\"@type\":\"SearchAction\",\"target\":{\"@type\":\"EntryPoint\",\"urlTemplate\":\"https:\/\/www.noticiasradioreflejos.com.ar\/2021\/?s={search_term_string}\"},\"query-input\":{\"@type\":\"PropertyValueSpecification\",\"valueRequired\":true,\"valueName\":\"search_term_string\"}}],\"inLanguage\":\"es\"},{\"@type\":\"Person\",\"@id\":\"https:\/\/www.noticiasradioreflejos.com.ar\/2021\/#\/schema\/person\/ad82545263dcc5ec0996818884fd5fb1\",\"name\":\"Arnaldo Botto\",\"image\":{\"@type\":\"ImageObject\",\"inLanguage\":\"es\",\"@id\":\"https:\/\/www.noticiasradioreflejos.com.ar\/2021\/#\/schema\/person\/image\/\",\"url\":\"https:\/\/secure.gravatar.com\/avatar\/55cb5e37c1efa326397366e6974cb338056df65cb50e7d64d1cf314e87504837?s=96&d=mm&r=g\",\"contentUrl\":\"https:\/\/secure.gravatar.com\/avatar\/55cb5e37c1efa326397366e6974cb338056df65cb50e7d64d1cf314e87504837?s=96&d=mm&r=g\",\"caption\":\"Arnaldo Botto\"},\"url\":\"https:\/\/www.noticiasradioreflejos.com.ar\/2021\/author\/arnaldo\/\"}]}<\/script>\n<!-- \/ Yoast SEO plugin. -->","yoast_head_json":{"title":"Frente de Todos envi\u00f3 una nota al Consejo Escolar a fin de presentar el relevamiento hecho durante la campa\u00f1a para que sea considerado - Noticias Radio Reflejos","robots":{"index":"index","follow":"follow","max-snippet":"max-snippet:-1","max-image-preview":"max-image-preview:large","max-video-preview":"max-video-preview:-1"},"canonical":"https:\/\/www.noticiasradioreflejos.com.ar\/2021\/frente-de-todos-envio-una-nota-al-consejo-escolar-a-fin-de-presentar-el-relevamiento-hecho-durante-la-campana-para-que-sea-considerado\/","og_locale":"es_ES","og_type":"article","og_title":"Frente de Todos envi\u00f3 una nota al Consejo Escolar a fin de presentar el relevamiento hecho durante la campa\u00f1a para que sea considerado - Noticias Radio Reflejos","og_description":"Los candidatos y candidatas a consejeros y consejeras escolares del FRENTE DE TODOS TORNQUIST, presentaron una nota en la que se detalla el relevamiento realizado durante la campa\u00f1a, para que las autoridades electas cuenten con la informaci\u00f3n recabada en cada localidad de nuestro distrito, y as\u00ed puedan realizar las gestiones para satisfacer las necesidades del [&hellip;]","og_url":"https:\/\/www.noticiasradioreflejos.com.ar\/2021\/frente-de-todos-envio-una-nota-al-consejo-escolar-a-fin-de-presentar-el-relevamiento-hecho-durante-la-campana-para-que-sea-considerado\/","og_site_name":"Noticias Radio Reflejos","article_published_time":"2021-12-10T18:17:20+00:00","og_image":[{"width":1032,"height":1032,"url":"https:\/\/www.noticiasradioreflejos.com.ar\/2021\/wp-content\/uploads\/2021\/06\/frente-de-todos.png","type":"image\/png"}],"author":"Arnaldo Botto","twitter_card":"summary_large_image","schema":{"@context":"https:\/\/schema.org","@graph":[{"@type":"WebPage","@id":"https:\/\/www.noticiasradioreflejos.com.ar\/2021\/frente-de-todos-envio-una-nota-al-consejo-escolar-a-fin-de-presentar-el-relevamiento-hecho-durante-la-campana-para-que-sea-considerado\/","url":"https:\/\/www.noticiasradioreflejos.com.ar\/2021\/frente-de-todos-envio-una-nota-al-consejo-escolar-a-fin-de-presentar-el-relevamiento-hecho-durante-la-campana-para-que-sea-considerado\/","name":"Frente de Todos envi\u00f3 una nota al Consejo Escolar a fin de presentar el relevamiento hecho durante la campa\u00f1a para que sea considerado - Noticias Radio Reflejos","isPartOf":{"@id":"https:\/\/www.noticiasradioreflejos.com.ar\/2021\/#website"},"primaryImageOfPage":{"@id":"https:\/\/www.noticiasradioreflejos.com.ar\/2021\/frente-de-todos-envio-una-nota-al-consejo-escolar-a-fin-de-presentar-el-relevamiento-hecho-durante-la-campana-para-que-sea-considerado\/#primaryimage"},"image":{"@id":"https:\/\/www.noticiasradioreflejos.com.ar\/2021\/frente-de-todos-envio-una-nota-al-consejo-escolar-a-fin-de-presentar-el-relevamiento-hecho-durante-la-campana-para-que-sea-considerado\/#primaryimage"},"thumbnailUrl":"https:\/\/www.noticiasradioreflejos.com.ar\/2021\/wp-content\/uploads\/2021\/06\/frente-de-todos.png","datePublished":"2021-12-10T18:17:20+00:00","author":{"@id":"https:\/\/www.noticiasradioreflejos.com.ar\/2021\/#\/schema\/person\/ad82545263dcc5ec0996818884fd5fb1"},"breadcrumb":{"@id":"https:\/\/www.noticiasradioreflejos.com.ar\/2021\/frente-de-todos-envio-una-nota-al-consejo-escolar-a-fin-de-presentar-el-relevamiento-hecho-durante-la-campana-para-que-sea-considerado\/#breadcrumb"},"inLanguage":"es","potentialAction":[{"@type":"ReadAction","target":["https:\/\/www.noticiasradioreflejos.com.ar\/2021\/frente-de-todos-envio-una-nota-al-consejo-escolar-a-fin-de-presentar-el-relevamiento-hecho-durante-la-campana-para-que-sea-considerado\/"]}]},{"@type":"ImageObject","inLanguage":"es","@id":"https:\/\/www.noticiasradioreflejos.com.ar\/2021\/frente-de-todos-envio-una-nota-al-consejo-escolar-a-fin-de-presentar-el-relevamiento-hecho-durante-la-campana-para-que-sea-considerado\/#primaryimage","url":"https:\/\/www.noticiasradioreflejos.com.ar\/2021\/wp-content\/uploads\/2021\/06\/frente-de-todos.png","contentUrl":"https:\/\/www.noticiasradioreflejos.com.ar\/2021\/wp-content\/uploads\/2021\/06\/frente-de-todos.png","width":1032,"height":1032},{"@type":"BreadcrumbList","@id":"https:\/\/www.noticiasradioreflejos.com.ar\/2021\/frente-de-todos-envio-una-nota-al-consejo-escolar-a-fin-de-presentar-el-relevamiento-hecho-durante-la-campana-para-que-sea-considerado\/#breadcrumb","itemListElement":[{"@type":"ListItem","position":1,"name":"Portada","item":"https:\/\/www.noticiasradioreflejos.com.ar\/2021\/"},{"@type":"ListItem","position":2,"name":"Frente de Todos envi\u00f3 una nota al Consejo Escolar a fin de presentar el relevamiento hecho durante la campa\u00f1a para que sea considerado"}]},{"@type":"WebSite","@id":"https:\/\/www.noticiasradioreflejos.com.ar\/2021\/#website","url":"https:\/\/www.noticiasradioreflejos.com.ar\/2021\/","name":"Noticias Radio Reflejos","description":"Las noticias de mi comarca","potentialAction":[{"@type":"SearchAction","target":{"@type":"EntryPoint","urlTemplate":"https:\/\/www.noticiasradioreflejos.com.ar\/2021\/?s={search_term_string}"},"query-input":{"@type":"PropertyValueSpecification","valueRequired":true,"valueName":"search_term_string"}}],"inLanguage":"es"},{"@type":"Person","@id":"https:\/\/www.noticiasradioreflejos.com.ar\/2021\/#\/schema\/person\/ad82545263dcc5ec0996818884fd5fb1","name":"Arnaldo Botto","image":{"@type":"ImageObject","inLanguage":"es","@id":"https:\/\/www.noticiasradioreflejos.com.ar\/2021\/#\/schema\/person\/image\/","url":"https:\/\/secure.gravatar.com\/avatar\/55cb5e37c1efa326397366e6974cb338056df65cb50e7d64d1cf314e87504837?s=96&d=mm&r=g","contentUrl":"https:\/\/secure.gravatar.com\/avatar\/55cb5e37c1efa326397366e6974cb338056df65cb50e7d64d1cf314e87504837?s=96&d=mm&r=g","caption":"Arnaldo Botto"},"url":"https:\/\/www.noticiasradioreflejos.com.ar\/2021\/author\/arnaldo\/"}]}},"_links":{"self":[{"href":"https:\/\/www.noticiasradioreflejos.com.ar\/2021\/wp-json\/wp\/v2\/posts\/65895","targetHints":{"allow":["GET"]}}],"collection":[{"href":"https:\/\/www.noticiasradioreflejos.com.ar\/2021\/wp-json\/wp\/v2\/posts"}],"about":[{"href":"https:\/\/www.noticiasradioreflejos.com.ar\/2021\/wp-json\/wp\/v2\/types\/post"}],"author":[{"embeddable":true,"href":"https:\/\/www.noticiasradioreflejos.com.ar\/2021\/wp-json\/wp\/v2\/users\/3"}],"replies":[{"embeddable":true,"href":"https:\/\/www.noticiasradioreflejos.com.ar\/2021\/wp-json\/wp\/v2\/comments?post=65895"}],"version-history":[{"count":1,"href":"https:\/\/www.noticiasradioreflejos.com.ar\/2021\/wp-json\/wp\/v2\/posts\/65895\/revisions"}],"predecessor-version":[{"id":65896,"href":"https:\/\/www.noticiasradioreflejos.com.ar\/2021\/wp-json\/wp\/v2\/posts\/65895\/revisions\/65896"}],"wp:featuredmedia":[{"embeddable":true,"href":"https:\/\/www.noticiasradioreflejos.com.ar\/2021\/wp-json\/wp\/v2\/media\/58872"}],"wp:attachment":[{"href":"https:\/\/www.noticiasradioreflejos.com.ar\/2021\/wp-json\/wp\/v2\/media?parent=65895"}],"wp:term":[{"taxonomy":"category","embeddable":true,"href":"https:\/\/www.noticiasradioreflejos.com.ar\/2021\/wp-json\/wp\/v2\/categories?post=65895"},{"taxonomy":"post_tag","embeddable":true,"href":"https:\/\/www.noticiasradioreflejos.com.ar\/2021\/wp-json\/wp\/v2\/tags?post=65895"}],"curies":[{"name":"wp","href":"https:\/\/api.w.org\/{rel}","templated":true}]}}