{"id":65891,"date":"2021-12-10T01:31:42","date_gmt":"2021-12-10T01:31:42","guid":{"rendered":"http:\/\/www.noticiasradioreflejos.com.ar\/2021\/?p=65891"},"modified":"2021-12-10T01:31:42","modified_gmt":"2021-12-10T01:31:42","slug":"vialidad-nacional-fortalece-los-trabajos-de-mantenimiento-de-rutas-nacionales-de-la-zona","status":"publish","type":"post","link":"https:\/\/www.noticiasradioreflejos.com.ar\/2021\/vialidad-nacional-fortalece-los-trabajos-de-mantenimiento-de-rutas-nacionales-de-la-zona\/","title":{"rendered":"Vialidad Nacional fortalece los trabajos de mantenimiento de rutas nacionales de la zona"},"content":{"rendered":"<p><strong>Bah\u00eda Blanca, 09 de diciembre de 2021<\/strong>&#8211; El Ministerio de Obras P\u00fablicas, a trav\u00e9s de Vialidad Nacional, informa que <strong>contin\u00faan los trabajos de mantenimiento en las rutas atendidas por administraci\u00f3n <\/strong>dentro de la jurisdicci\u00f3n del distrito Bah\u00eda Blanca.<!--more--><\/p>\n<p><a data-flickr-embed=\"true\" href=\"https:\/\/www.flickr.com\/photos\/182279889@N02\/51737040939\/in\/dateposted-public\/\" title=\"WhatsApp Image 2021-12-09 at 08.41.29\"><img loading=\"lazy\" decoding=\"async\" src=\"https:\/\/live.staticflickr.com\/65535\/51737040939_d46423aac6_c.jpg\" width=\"800\" height=\"522\" alt=\"WhatsApp Image 2021-12-09 at 08.41.29\"><\/a><script async src=\"\/\/embedr.flickr.com\/assets\/client-code.js\" charset=\"utf-8\"><\/script><\/p>\n<p>Las tareas se llevan a cabo con personal de la cuadrilla de la Divisi\u00f3n Conservaci\u00f3n del 19\u00ba Distrito, y consisten en bacheo en frio, perfilado y calce de banquinas, recolecci\u00f3n de residuos y limpieza de alcantarillas en rotondas y accesos a localidades de la regi\u00f3n. Tambi\u00e9n se lleva a cabo el corte de pastos, desmalezado de bosquecillos y zonas de camino y cortafuegos. Por otro lado, rutinariamente se realiza el mantenimiento de los campamentos viales ubicados a la vera de las rutas 3, 22 y 33.<\/p>\n<p>Todos los trabajos mencionados se realizan en beneficio de las personas que circulan por la ruta y la seguridad vial, a fin de mantener en \u00f3ptimas condiciones la limpieza y el mantenimiento de la calzada. <strong>En el caso de los cortafuegos, esta acci\u00f3n cobra importancia en la \u00e9poca estival ya que previene la propagaci\u00f3n de incendios forestales que comiencen en la zona de camino. <\/strong>En el caso de las alcantarillas, es importante el desmalezado, limpieza y mantenimiento para el buen funcionamiento y escurrimiento de las aguas. En otro orden, pero a modo de refuerzo de seguridad vial, se realiza el control peri\u00f3dico de se\u00f1alamiento vertical, reponiendo aquellas se\u00f1ales hurtadas o da\u00f1adas.<\/p>\n<p><strong>Cabe destacar que estas tareas se vieron beneficiadas por el reciente ingreso de equipos viales, <\/strong>entre los que se destacan tractores 4&#215;4, terminadora de asfalto, motoniveladora, cami\u00f3n cabina doble vuelco trasero, camionetas, semirremolques, fresadora y cami\u00f3n con equipo de bacheo.<\/p>\n<p>Se recomienda a los conductores y conductoras circular con extrema precauci\u00f3n en los sectores donde operan las maquinarias viales. Utilizar el cintur\u00f3n de seguridad, llevar las luces bajas encendidas, respetar la velocidad m\u00e1xima y m\u00ednima indicada y las indicaciones viales en el tramo de obra.<\/p>\n<p><a data-flickr-embed=\"true\" href=\"https:\/\/www.flickr.com\/photos\/182279889@N02\/51737286390\/in\/dateposted-public\/\" title=\"WhatsApp Image 2021-12-09 at 08.41.30 (1)\"><img loading=\"lazy\" decoding=\"async\" src=\"https:\/\/live.staticflickr.com\/65535\/51737286390_3c2b08dcf3_c.jpg\" width=\"800\" height=\"800\" alt=\"WhatsApp Image 2021-12-09 at 08.41.30 (1)\"><\/a><script async src=\"\/\/embedr.flickr.com\/assets\/client-code.js\" charset=\"utf-8\"><\/script><\/p>\n","protected":false},"excerpt":{"rendered":"<p>Bah\u00eda Blanca, 09 de diciembre de 2021&#8211; El Ministerio de Obras P\u00fablicas, a trav\u00e9s de Vialidad Nacional, informa que contin\u00faan los trabajos de mantenimiento en las rutas atendidas por administraci\u00f3n dentro de la jurisdicci\u00f3n del distrito Bah\u00eda Blanca.<\/p>\n","protected":false},"author":3,"featured_media":0,"comment_status":"closed","ping_status":"closed","sticky":false,"template":"","format":"standard","meta":{"footnotes":""},"categories":[24,26],"tags":[],"class_list":["post-65891","post","type-post","status-publish","format-standard","hentry","category-politica","category-sociedad"],"yoast_head":"<!-- This site is optimized with the Yoast SEO plugin v25.9 - https:\/\/yoast.com\/wordpress\/plugins\/seo\/ -->\n<title>Vialidad Nacional fortalece los trabajos de mantenimiento de rutas nacionales de la zona - Noticias Radio Reflejos<\/title>\n<meta name=\"robots\" content=\"index, follow, max-snippet:-1, max-image-preview:large, max-video-preview:-1\" \/>\n<link rel=\"canonical\" href=\"https:\/\/www.noticiasradioreflejos.com.ar\/2021\/vialidad-nacional-fortalece-los-trabajos-de-mantenimiento-de-rutas-nacionales-de-la-zona\/\" \/>\n<meta property=\"og:locale\" content=\"es_ES\" \/>\n<meta property=\"og:type\" content=\"article\" \/>\n<meta property=\"og:title\" content=\"Vialidad Nacional fortalece los trabajos de mantenimiento de rutas nacionales de la zona - Noticias Radio Reflejos\" \/>\n<meta property=\"og:description\" content=\"Bah\u00eda Blanca, 09 de diciembre de 2021&#8211; El Ministerio de Obras P\u00fablicas, a trav\u00e9s de Vialidad Nacional, informa que contin\u00faan los trabajos de mantenimiento en las rutas atendidas por administraci\u00f3n dentro de la jurisdicci\u00f3n del distrito Bah\u00eda Blanca.\" \/>\n<meta property=\"og:url\" content=\"https:\/\/www.noticiasradioreflejos.com.ar\/2021\/vialidad-nacional-fortalece-los-trabajos-de-mantenimiento-de-rutas-nacionales-de-la-zona\/\" \/>\n<meta property=\"og:site_name\" content=\"Noticias Radio Reflejos\" \/>\n<meta property=\"article:published_time\" content=\"2021-12-10T01:31:42+00:00\" \/>\n<meta property=\"og:image\" content=\"https:\/\/live.staticflickr.com\/65535\/51737040939_d46423aac6_c.jpg\" \/>\n<meta name=\"author\" content=\"Arnaldo Botto\" \/>\n<meta name=\"twitter:card\" content=\"summary_large_image\" \/>\n<script type=\"application\/ld+json\" class=\"yoast-schema-graph\">{\"@context\":\"https:\/\/schema.org\",\"@graph\":[{\"@type\":\"WebPage\",\"@id\":\"https:\/\/www.noticiasradioreflejos.com.ar\/2021\/vialidad-nacional-fortalece-los-trabajos-de-mantenimiento-de-rutas-nacionales-de-la-zona\/\",\"url\":\"https:\/\/www.noticiasradioreflejos.com.ar\/2021\/vialidad-nacional-fortalece-los-trabajos-de-mantenimiento-de-rutas-nacionales-de-la-zona\/\",\"name\":\"Vialidad Nacional fortalece los trabajos de mantenimiento de rutas nacionales de la zona - Noticias Radio Reflejos\",\"isPartOf\":{\"@id\":\"https:\/\/www.noticiasradioreflejos.com.ar\/2021\/#website\"},\"primaryImageOfPage\":{\"@id\":\"https:\/\/www.noticiasradioreflejos.com.ar\/2021\/vialidad-nacional-fortalece-los-trabajos-de-mantenimiento-de-rutas-nacionales-de-la-zona\/#primaryimage\"},\"image\":{\"@id\":\"https:\/\/www.noticiasradioreflejos.com.ar\/2021\/vialidad-nacional-fortalece-los-trabajos-de-mantenimiento-de-rutas-nacionales-de-la-zona\/#primaryimage\"},\"thumbnailUrl\":\"https:\/\/live.staticflickr.com\/65535\/51737040939_d46423aac6_c.jpg\",\"datePublished\":\"2021-12-10T01:31:42+00:00\",\"author\":{\"@id\":\"https:\/\/www.noticiasradioreflejos.com.ar\/2021\/#\/schema\/person\/ad82545263dcc5ec0996818884fd5fb1\"},\"breadcrumb\":{\"@id\":\"https:\/\/www.noticiasradioreflejos.com.ar\/2021\/vialidad-nacional-fortalece-los-trabajos-de-mantenimiento-de-rutas-nacionales-de-la-zona\/#breadcrumb\"},\"inLanguage\":\"es\",\"potentialAction\":[{\"@type\":\"ReadAction\",\"target\":[\"https:\/\/www.noticiasradioreflejos.com.ar\/2021\/vialidad-nacional-fortalece-los-trabajos-de-mantenimiento-de-rutas-nacionales-de-la-zona\/\"]}]},{\"@type\":\"ImageObject\",\"inLanguage\":\"es\",\"@id\":\"https:\/\/www.noticiasradioreflejos.com.ar\/2021\/vialidad-nacional-fortalece-los-trabajos-de-mantenimiento-de-rutas-nacionales-de-la-zona\/#primaryimage\",\"url\":\"https:\/\/live.staticflickr.com\/65535\/51737040939_d46423aac6_c.jpg\",\"contentUrl\":\"https:\/\/live.staticflickr.com\/65535\/51737040939_d46423aac6_c.jpg\"},{\"@type\":\"BreadcrumbList\",\"@id\":\"https:\/\/www.noticiasradioreflejos.com.ar\/2021\/vialidad-nacional-fortalece-los-trabajos-de-mantenimiento-de-rutas-nacionales-de-la-zona\/#breadcrumb\",\"itemListElement\":[{\"@type\":\"ListItem\",\"position\":1,\"name\":\"Portada\",\"item\":\"https:\/\/www.noticiasradioreflejos.com.ar\/2021\/\"},{\"@type\":\"ListItem\",\"position\":2,\"name\":\"Vialidad Nacional fortalece los trabajos de mantenimiento de rutas nacionales de la zona\"}]},{\"@type\":\"WebSite\",\"@id\":\"https:\/\/www.noticiasradioreflejos.com.ar\/2021\/#website\",\"url\":\"https:\/\/www.noticiasradioreflejos.com.ar\/2021\/\",\"name\":\"Noticias Radio Reflejos\",\"description\":\"Las noticias de mi comarca\",\"potentialAction\":[{\"@type\":\"SearchAction\",\"target\":{\"@type\":\"EntryPoint\",\"urlTemplate\":\"https:\/\/www.noticiasradioreflejos.com.ar\/2021\/?s={search_term_string}\"},\"query-input\":{\"@type\":\"PropertyValueSpecification\",\"valueRequired\":true,\"valueName\":\"search_term_string\"}}],\"inLanguage\":\"es\"},{\"@type\":\"Person\",\"@id\":\"https:\/\/www.noticiasradioreflejos.com.ar\/2021\/#\/schema\/person\/ad82545263dcc5ec0996818884fd5fb1\",\"name\":\"Arnaldo Botto\",\"image\":{\"@type\":\"ImageObject\",\"inLanguage\":\"es\",\"@id\":\"https:\/\/www.noticiasradioreflejos.com.ar\/2021\/#\/schema\/person\/image\/\",\"url\":\"https:\/\/secure.gravatar.com\/avatar\/55cb5e37c1efa326397366e6974cb338056df65cb50e7d64d1cf314e87504837?s=96&d=mm&r=g\",\"contentUrl\":\"https:\/\/secure.gravatar.com\/avatar\/55cb5e37c1efa326397366e6974cb338056df65cb50e7d64d1cf314e87504837?s=96&d=mm&r=g\",\"caption\":\"Arnaldo Botto\"},\"url\":\"https:\/\/www.noticiasradioreflejos.com.ar\/2021\/author\/arnaldo\/\"}]}<\/script>\n<!-- \/ Yoast SEO plugin. -->","yoast_head_json":{"title":"Vialidad Nacional fortalece los trabajos de mantenimiento de rutas nacionales de la zona - Noticias Radio Reflejos","robots":{"index":"index","follow":"follow","max-snippet":"max-snippet:-1","max-image-preview":"max-image-preview:large","max-video-preview":"max-video-preview:-1"},"canonical":"https:\/\/www.noticiasradioreflejos.com.ar\/2021\/vialidad-nacional-fortalece-los-trabajos-de-mantenimiento-de-rutas-nacionales-de-la-zona\/","og_locale":"es_ES","og_type":"article","og_title":"Vialidad Nacional fortalece los trabajos de mantenimiento de rutas nacionales de la zona - Noticias Radio Reflejos","og_description":"Bah\u00eda Blanca, 09 de diciembre de 2021&#8211; El Ministerio de Obras P\u00fablicas, a trav\u00e9s de Vialidad Nacional, informa que contin\u00faan los trabajos de mantenimiento en las rutas atendidas por administraci\u00f3n dentro de la jurisdicci\u00f3n del distrito Bah\u00eda Blanca.","og_url":"https:\/\/www.noticiasradioreflejos.com.ar\/2021\/vialidad-nacional-fortalece-los-trabajos-de-mantenimiento-de-rutas-nacionales-de-la-zona\/","og_site_name":"Noticias Radio Reflejos","article_published_time":"2021-12-10T01:31:42+00:00","og_image":[{"url":"https:\/\/live.staticflickr.com\/65535\/51737040939_d46423aac6_c.jpg","type":"","width":"","height":""}],"author":"Arnaldo Botto","twitter_card":"summary_large_image","schema":{"@context":"https:\/\/schema.org","@graph":[{"@type":"WebPage","@id":"https:\/\/www.noticiasradioreflejos.com.ar\/2021\/vialidad-nacional-fortalece-los-trabajos-de-mantenimiento-de-rutas-nacionales-de-la-zona\/","url":"https:\/\/www.noticiasradioreflejos.com.ar\/2021\/vialidad-nacional-fortalece-los-trabajos-de-mantenimiento-de-rutas-nacionales-de-la-zona\/","name":"Vialidad Nacional fortalece los trabajos de mantenimiento de rutas nacionales de la zona - Noticias Radio Reflejos","isPartOf":{"@id":"https:\/\/www.noticiasradioreflejos.com.ar\/2021\/#website"},"primaryImageOfPage":{"@id":"https:\/\/www.noticiasradioreflejos.com.ar\/2021\/vialidad-nacional-fortalece-los-trabajos-de-mantenimiento-de-rutas-nacionales-de-la-zona\/#primaryimage"},"image":{"@id":"https:\/\/www.noticiasradioreflejos.com.ar\/2021\/vialidad-nacional-fortalece-los-trabajos-de-mantenimiento-de-rutas-nacionales-de-la-zona\/#primaryimage"},"thumbnailUrl":"https:\/\/live.staticflickr.com\/65535\/51737040939_d46423aac6_c.jpg","datePublished":"2021-12-10T01:31:42+00:00","author":{"@id":"https:\/\/www.noticiasradioreflejos.com.ar\/2021\/#\/schema\/person\/ad82545263dcc5ec0996818884fd5fb1"},"breadcrumb":{"@id":"https:\/\/www.noticiasradioreflejos.com.ar\/2021\/vialidad-nacional-fortalece-los-trabajos-de-mantenimiento-de-rutas-nacionales-de-la-zona\/#breadcrumb"},"inLanguage":"es","potentialAction":[{"@type":"ReadAction","target":["https:\/\/www.noticiasradioreflejos.com.ar\/2021\/vialidad-nacional-fortalece-los-trabajos-de-mantenimiento-de-rutas-nacionales-de-la-zona\/"]}]},{"@type":"ImageObject","inLanguage":"es","@id":"https:\/\/www.noticiasradioreflejos.com.ar\/2021\/vialidad-nacional-fortalece-los-trabajos-de-mantenimiento-de-rutas-nacionales-de-la-zona\/#primaryimage","url":"https:\/\/live.staticflickr.com\/65535\/51737040939_d46423aac6_c.jpg","contentUrl":"https:\/\/live.staticflickr.com\/65535\/51737040939_d46423aac6_c.jpg"},{"@type":"BreadcrumbList","@id":"https:\/\/www.noticiasradioreflejos.com.ar\/2021\/vialidad-nacional-fortalece-los-trabajos-de-mantenimiento-de-rutas-nacionales-de-la-zona\/#breadcrumb","itemListElement":[{"@type":"ListItem","position":1,"name":"Portada","item":"https:\/\/www.noticiasradioreflejos.com.ar\/2021\/"},{"@type":"ListItem","position":2,"name":"Vialidad Nacional fortalece los trabajos de mantenimiento de rutas nacionales de la zona"}]},{"@type":"WebSite","@id":"https:\/\/www.noticiasradioreflejos.com.ar\/2021\/#website","url":"https:\/\/www.noticiasradioreflejos.com.ar\/2021\/","name":"Noticias Radio Reflejos","description":"Las noticias de mi comarca","potentialAction":[{"@type":"SearchAction","target":{"@type":"EntryPoint","urlTemplate":"https:\/\/www.noticiasradioreflejos.com.ar\/2021\/?s={search_term_string}"},"query-input":{"@type":"PropertyValueSpecification","valueRequired":true,"valueName":"search_term_string"}}],"inLanguage":"es"},{"@type":"Person","@id":"https:\/\/www.noticiasradioreflejos.com.ar\/2021\/#\/schema\/person\/ad82545263dcc5ec0996818884fd5fb1","name":"Arnaldo Botto","image":{"@type":"ImageObject","inLanguage":"es","@id":"https:\/\/www.noticiasradioreflejos.com.ar\/2021\/#\/schema\/person\/image\/","url":"https:\/\/secure.gravatar.com\/avatar\/55cb5e37c1efa326397366e6974cb338056df65cb50e7d64d1cf314e87504837?s=96&d=mm&r=g","contentUrl":"https:\/\/secure.gravatar.com\/avatar\/55cb5e37c1efa326397366e6974cb338056df65cb50e7d64d1cf314e87504837?s=96&d=mm&r=g","caption":"Arnaldo Botto"},"url":"https:\/\/www.noticiasradioreflejos.com.ar\/2021\/author\/arnaldo\/"}]}},"_links":{"self":[{"href":"https:\/\/www.noticiasradioreflejos.com.ar\/2021\/wp-json\/wp\/v2\/posts\/65891","targetHints":{"allow":["GET"]}}],"collection":[{"href":"https:\/\/www.noticiasradioreflejos.com.ar\/2021\/wp-json\/wp\/v2\/posts"}],"about":[{"href":"https:\/\/www.noticiasradioreflejos.com.ar\/2021\/wp-json\/wp\/v2\/types\/post"}],"author":[{"embeddable":true,"href":"https:\/\/www.noticiasradioreflejos.com.ar\/2021\/wp-json\/wp\/v2\/users\/3"}],"replies":[{"embeddable":true,"href":"https:\/\/www.noticiasradioreflejos.com.ar\/2021\/wp-json\/wp\/v2\/comments?post=65891"}],"version-history":[{"count":1,"href":"https:\/\/www.noticiasradioreflejos.com.ar\/2021\/wp-json\/wp\/v2\/posts\/65891\/revisions"}],"predecessor-version":[{"id":65893,"href":"https:\/\/www.noticiasradioreflejos.com.ar\/2021\/wp-json\/wp\/v2\/posts\/65891\/revisions\/65893"}],"wp:attachment":[{"href":"https:\/\/www.noticiasradioreflejos.com.ar\/2021\/wp-json\/wp\/v2\/media?parent=65891"}],"wp:term":[{"taxonomy":"category","embeddable":true,"href":"https:\/\/www.noticiasradioreflejos.com.ar\/2021\/wp-json\/wp\/v2\/categories?post=65891"},{"taxonomy":"post_tag","embeddable":true,"href":"https:\/\/www.noticiasradioreflejos.com.ar\/2021\/wp-json\/wp\/v2\/tags?post=65891"}],"curies":[{"name":"wp","href":"https:\/\/api.w.org\/{rel}","templated":true}]}}