{"id":65885,"date":"2021-12-09T20:23:22","date_gmt":"2021-12-09T20:23:22","guid":{"rendered":"http:\/\/www.noticiasradioreflejos.com.ar\/2021\/?p=65885"},"modified":"2021-12-09T20:23:22","modified_gmt":"2021-12-09T20:23:22","slug":"el-gobierno-confirmo-que-habra-un-bono-antes-de-navidad-para-jubilados","status":"publish","type":"post","link":"https:\/\/www.noticiasradioreflejos.com.ar\/2021\/el-gobierno-confirmo-que-habra-un-bono-antes-de-navidad-para-jubilados\/","title":{"rendered":"El Gobierno confirm\u00f3 que habr\u00e1 un bono antes de Navidad para jubilados"},"content":{"rendered":"<p>La portavoz de la Presidencia, Gabriela Cerruti, confirm\u00f3 hoy que el Gobierno pagar\u00e1, a trav\u00e9s de la Administraci\u00f3n Nacional de la Seguridad Social (Anses), un bono antes de Navidad a los jubilados.<\/p>\n<p>La funcionaria dijo que el monto ser\u00e1 definido por el Palacio de Hacienda, mientras que la Anses deber\u00e1 fijar el esquema para que puedan recibirlo en sus cuentas.<\/p>\n<p>\u00abEl presidente (Alberto Fern\u00e1ndez) le pidi\u00f3 al ministro de Econom\u00eda (Martin Guzm\u00e1n) y la titular de la Anses, Fernanda Raverta, que vean la posibilidad de que se llegue a implementar un bono antes de la Navidad\u00bb, dijo la portavoz en su habitual rueda de prensa de los jueves en la Casa de Gobierno.<\/p>\n<p>En ese marco, reafirm\u00f3 que \u00abse est\u00e1 trabajando en el tema\u00bb y ratific\u00f3: \u00abVa a haber bono, los detalles y el monto lo sabremos en el momento en que el ministro (Guzm\u00e1n) lo termine de definir\u00bb.<\/p>\n<p>La semana pasada, Raverta hab\u00eda anticipado que el Gobierno estaba evaluando \u00abentregar un bono de fin de a\u00f1o para las y los jubilados\u00bb.<\/p>\n<p>\u201cComo lo venimos haciendo desde que asumimos como gobierno, seguimos pensando en c\u00f3mo llegar, atender y asistir mejor a nuestros jubilados y, es por eso, que estamos evaluando la posibilidad de un bono de fin de a\u00f1o\u201d, afirm\u00f3 Raverta durante una presentaci\u00f3n en la localidad bonaerense de Miramar.<\/p>\n<p>Desde que asumi\u00f3 la actual gesti\u00f3n de Gobierno se entregaron seis bonos a los jubilados y jubiladas de los haberes m\u00e1s bajos: tres fueron durante 2020 -dos de $ 5.000 y otro por $ 3.000- y los otros tres en 2021 -dos por $1.500 en abril y mayo, y otro por $ 5.000 en agosto-.<\/p>\n<p>En caso de aprobarse, el bono se sumar\u00e1 al aumento del 12,11% para todas las jubilaciones, pensiones y prestaciones sociales en diciembre, el cuarto incremento del a\u00f1o para esos sectores que acumular\u00e1n un alza de 52,7% en 2021, por encima de la inflaci\u00f3n proyectada para el per\u00edodo.<\/p>\n<p>El aumento corresponde a la aplicaci\u00f3n de la movilidad jubilatoria, que establece aumentos en los meses de marzo, junio, septiembre y diciembre en base a una f\u00f3rmula cuyo \u00edndice se obtiene 50% en base al aumento de los recursos con destino a la Anses y un 50% por la evoluci\u00f3n del \u00cdndice de Remuneraci\u00f3n Imponible Promedio de los Trabajadores Estables (Ripte) que elabora la Seguridad Social y el \u00cdndice de Salarios del Indec.<\/p>\n<p>\u201cDesde que asumimos dijimos que \u00edbamos a trabajar todos los d\u00edas para que las jubiladas y jubilados le ganen a la inflaci\u00f3n. Y hoy estamos muy contentos de comprobar, tal como lo aseguramos cuando se discut\u00eda la ley, que la nueva f\u00f3rmula es mucho mejor que la que hab\u00eda sancionado el gobierno de Macri\u201d, asegur\u00f3 Raverta d\u00edas atr\u00e1s.<\/p>\n<p>En la actualidad el haber m\u00ednimo es de $ 29.062, el doble respecto a diciembre de 2019 cuando era de $ 14.068, una suba de 107%, lo mismo ocurre con las asignaciones y dem\u00e1s prestaciones incluidas en la ley de movilidad.<\/p>\n<p>Si hubiese continuado la f\u00f3rmula de la Ley N\u00b0 27.426 de 2017, sancionada durante el gobierno de Juntos por el Cambio, la variaci\u00f3n interanual de los haberes ser\u00eda de alrededor de cuatro puntos porcentuales inferior, en torno a 48,6%.<\/p>\n<p>\u201cEn diciembre del 2019, tras quitarle el 20% de poder adquisitivo a las jubilaciones, Macri dej\u00f3 un haber m\u00ednimo de 14.067 pesos. Con el aumento que estamos anunciando hoy las jubilaciones m\u00ednimas pasan a 29.061 pesos. Sabemos que a\u00fan falta mucho para seguir recuperando y mejorando la calidad de vida de las y los jubilados, pero tambi\u00e9n sabemos que es por este camino que lo vamos a conseguir\u201d, subray\u00f3 la directora ejecutiva del organismo previsional.<\/p>\n<p>El Presidente comenz\u00f3 el a\u00f1o firmando el decreto 1\/2021 con el cual se promulg\u00f3 la Ley de Movilidad (27.609) aprobada en diciembre de 2020, y que tiene como objetivo recomponer los ingresos y recuperar el poder adquisitivo de los jubilados y jubiladas.<\/p>\n<p>En total, el incremento de diciembre alcanza a m\u00e1s de 7,1 millones de jubilados, jubiladas, pensionados y pensionadas, y a casi 9 millones de ni\u00f1os, ni\u00f1as y adolescentes (4,4 millones mediante la Asignaci\u00f3n Universal por Hijo, y 4,3 millones por las Asignaciones Familiares).<\/p>\n<p>Tambi\u00e9n impacta en las asignaciones por Embarazo y prenatal, nacimiento, adopci\u00f3n, matrimonio y asignaciones por c\u00f3nyuge.<\/p>\n","protected":false},"excerpt":{"rendered":"<p>La portavoz de la Presidencia, Gabriela Cerruti, confirm\u00f3 hoy que el Gobierno pagar\u00e1, a trav\u00e9s de la Administraci\u00f3n Nacional de la Seguridad Social (Anses), un bono antes de Navidad a los jubilados. La funcionaria dijo que el monto ser\u00e1 definido por el Palacio de Hacienda, mientras que la Anses deber\u00e1 fijar el esquema para que [&hellip;]<\/p>\n","protected":false},"author":3,"featured_media":0,"comment_status":"closed","ping_status":"closed","sticky":false,"template":"","format":"standard","meta":{"footnotes":""},"categories":[36],"tags":[],"class_list":["post-65885","post","type-post","status-publish","format-standard","hentry","category-economia"],"yoast_head":"<!-- This site is optimized with the Yoast SEO plugin v25.9 - https:\/\/yoast.com\/wordpress\/plugins\/seo\/ -->\n<title>El Gobierno confirm\u00f3 que habr\u00e1 un bono antes de Navidad para jubilados - Noticias Radio Reflejos<\/title>\n<meta name=\"robots\" content=\"index, follow, max-snippet:-1, max-image-preview:large, max-video-preview:-1\" \/>\n<link rel=\"canonical\" href=\"https:\/\/www.noticiasradioreflejos.com.ar\/2021\/el-gobierno-confirmo-que-habra-un-bono-antes-de-navidad-para-jubilados\/\" \/>\n<meta property=\"og:locale\" content=\"es_ES\" \/>\n<meta property=\"og:type\" content=\"article\" \/>\n<meta property=\"og:title\" content=\"El Gobierno confirm\u00f3 que habr\u00e1 un bono antes de Navidad para jubilados - Noticias Radio Reflejos\" \/>\n<meta property=\"og:description\" content=\"La portavoz de la Presidencia, Gabriela Cerruti, confirm\u00f3 hoy que el Gobierno pagar\u00e1, a trav\u00e9s de la Administraci\u00f3n Nacional de la Seguridad Social (Anses), un bono antes de Navidad a los jubilados. La funcionaria dijo que el monto ser\u00e1 definido por el Palacio de Hacienda, mientras que la Anses deber\u00e1 fijar el esquema para que [&hellip;]\" \/>\n<meta property=\"og:url\" content=\"https:\/\/www.noticiasradioreflejos.com.ar\/2021\/el-gobierno-confirmo-que-habra-un-bono-antes-de-navidad-para-jubilados\/\" \/>\n<meta property=\"og:site_name\" content=\"Noticias Radio Reflejos\" \/>\n<meta property=\"article:published_time\" content=\"2021-12-09T20:23:22+00:00\" \/>\n<meta property=\"og:image\" content=\"https:\/\/www.noticiasradioreflejos.com.ar\/2021\/wp-content\/uploads\/2021\/07\/logosol300x200.png\" \/>\n\t<meta property=\"og:image:width\" content=\"300\" \/>\n\t<meta property=\"og:image:height\" content=\"200\" \/>\n\t<meta property=\"og:image:type\" content=\"image\/png\" \/>\n<meta name=\"author\" content=\"Arnaldo Botto\" \/>\n<meta name=\"twitter:card\" content=\"summary_large_image\" \/>\n<script type=\"application\/ld+json\" class=\"yoast-schema-graph\">{\"@context\":\"https:\/\/schema.org\",\"@graph\":[{\"@type\":\"WebPage\",\"@id\":\"https:\/\/www.noticiasradioreflejos.com.ar\/2021\/el-gobierno-confirmo-que-habra-un-bono-antes-de-navidad-para-jubilados\/\",\"url\":\"https:\/\/www.noticiasradioreflejos.com.ar\/2021\/el-gobierno-confirmo-que-habra-un-bono-antes-de-navidad-para-jubilados\/\",\"name\":\"El Gobierno confirm\u00f3 que habr\u00e1 un bono antes de Navidad para jubilados - Noticias Radio Reflejos\",\"isPartOf\":{\"@id\":\"https:\/\/www.noticiasradioreflejos.com.ar\/2021\/#website\"},\"datePublished\":\"2021-12-09T20:23:22+00:00\",\"author\":{\"@id\":\"https:\/\/www.noticiasradioreflejos.com.ar\/2021\/#\/schema\/person\/ad82545263dcc5ec0996818884fd5fb1\"},\"breadcrumb\":{\"@id\":\"https:\/\/www.noticiasradioreflejos.com.ar\/2021\/el-gobierno-confirmo-que-habra-un-bono-antes-de-navidad-para-jubilados\/#breadcrumb\"},\"inLanguage\":\"es\",\"potentialAction\":[{\"@type\":\"ReadAction\",\"target\":[\"https:\/\/www.noticiasradioreflejos.com.ar\/2021\/el-gobierno-confirmo-que-habra-un-bono-antes-de-navidad-para-jubilados\/\"]}]},{\"@type\":\"BreadcrumbList\",\"@id\":\"https:\/\/www.noticiasradioreflejos.com.ar\/2021\/el-gobierno-confirmo-que-habra-un-bono-antes-de-navidad-para-jubilados\/#breadcrumb\",\"itemListElement\":[{\"@type\":\"ListItem\",\"position\":1,\"name\":\"Portada\",\"item\":\"https:\/\/www.noticiasradioreflejos.com.ar\/2021\/\"},{\"@type\":\"ListItem\",\"position\":2,\"name\":\"El Gobierno confirm\u00f3 que habr\u00e1 un bono antes de Navidad para jubilados\"}]},{\"@type\":\"WebSite\",\"@id\":\"https:\/\/www.noticiasradioreflejos.com.ar\/2021\/#website\",\"url\":\"https:\/\/www.noticiasradioreflejos.com.ar\/2021\/\",\"name\":\"Noticias Radio Reflejos\",\"description\":\"Las noticias de mi comarca\",\"potentialAction\":[{\"@type\":\"SearchAction\",\"target\":{\"@type\":\"EntryPoint\",\"urlTemplate\":\"https:\/\/www.noticiasradioreflejos.com.ar\/2021\/?s={search_term_string}\"},\"query-input\":{\"@type\":\"PropertyValueSpecification\",\"valueRequired\":true,\"valueName\":\"search_term_string\"}}],\"inLanguage\":\"es\"},{\"@type\":\"Person\",\"@id\":\"https:\/\/www.noticiasradioreflejos.com.ar\/2021\/#\/schema\/person\/ad82545263dcc5ec0996818884fd5fb1\",\"name\":\"Arnaldo Botto\",\"image\":{\"@type\":\"ImageObject\",\"inLanguage\":\"es\",\"@id\":\"https:\/\/www.noticiasradioreflejos.com.ar\/2021\/#\/schema\/person\/image\/\",\"url\":\"https:\/\/secure.gravatar.com\/avatar\/55cb5e37c1efa326397366e6974cb338056df65cb50e7d64d1cf314e87504837?s=96&d=mm&r=g\",\"contentUrl\":\"https:\/\/secure.gravatar.com\/avatar\/55cb5e37c1efa326397366e6974cb338056df65cb50e7d64d1cf314e87504837?s=96&d=mm&r=g\",\"caption\":\"Arnaldo Botto\"},\"url\":\"https:\/\/www.noticiasradioreflejos.com.ar\/2021\/author\/arnaldo\/\"}]}<\/script>\n<!-- \/ Yoast SEO plugin. -->","yoast_head_json":{"title":"El Gobierno confirm\u00f3 que habr\u00e1 un bono antes de Navidad para jubilados - Noticias Radio Reflejos","robots":{"index":"index","follow":"follow","max-snippet":"max-snippet:-1","max-image-preview":"max-image-preview:large","max-video-preview":"max-video-preview:-1"},"canonical":"https:\/\/www.noticiasradioreflejos.com.ar\/2021\/el-gobierno-confirmo-que-habra-un-bono-antes-de-navidad-para-jubilados\/","og_locale":"es_ES","og_type":"article","og_title":"El Gobierno confirm\u00f3 que habr\u00e1 un bono antes de Navidad para jubilados - Noticias Radio Reflejos","og_description":"La portavoz de la Presidencia, Gabriela Cerruti, confirm\u00f3 hoy que el Gobierno pagar\u00e1, a trav\u00e9s de la Administraci\u00f3n Nacional de la Seguridad Social (Anses), un bono antes de Navidad a los jubilados. La funcionaria dijo que el monto ser\u00e1 definido por el Palacio de Hacienda, mientras que la Anses deber\u00e1 fijar el esquema para que [&hellip;]","og_url":"https:\/\/www.noticiasradioreflejos.com.ar\/2021\/el-gobierno-confirmo-que-habra-un-bono-antes-de-navidad-para-jubilados\/","og_site_name":"Noticias Radio Reflejos","article_published_time":"2021-12-09T20:23:22+00:00","og_image":[{"width":300,"height":200,"url":"https:\/\/www.noticiasradioreflejos.com.ar\/2021\/wp-content\/uploads\/2021\/07\/logosol300x200.png","type":"image\/png"}],"author":"Arnaldo Botto","twitter_card":"summary_large_image","schema":{"@context":"https:\/\/schema.org","@graph":[{"@type":"WebPage","@id":"https:\/\/www.noticiasradioreflejos.com.ar\/2021\/el-gobierno-confirmo-que-habra-un-bono-antes-de-navidad-para-jubilados\/","url":"https:\/\/www.noticiasradioreflejos.com.ar\/2021\/el-gobierno-confirmo-que-habra-un-bono-antes-de-navidad-para-jubilados\/","name":"El Gobierno confirm\u00f3 que habr\u00e1 un bono antes de Navidad para jubilados - Noticias Radio Reflejos","isPartOf":{"@id":"https:\/\/www.noticiasradioreflejos.com.ar\/2021\/#website"},"datePublished":"2021-12-09T20:23:22+00:00","author":{"@id":"https:\/\/www.noticiasradioreflejos.com.ar\/2021\/#\/schema\/person\/ad82545263dcc5ec0996818884fd5fb1"},"breadcrumb":{"@id":"https:\/\/www.noticiasradioreflejos.com.ar\/2021\/el-gobierno-confirmo-que-habra-un-bono-antes-de-navidad-para-jubilados\/#breadcrumb"},"inLanguage":"es","potentialAction":[{"@type":"ReadAction","target":["https:\/\/www.noticiasradioreflejos.com.ar\/2021\/el-gobierno-confirmo-que-habra-un-bono-antes-de-navidad-para-jubilados\/"]}]},{"@type":"BreadcrumbList","@id":"https:\/\/www.noticiasradioreflejos.com.ar\/2021\/el-gobierno-confirmo-que-habra-un-bono-antes-de-navidad-para-jubilados\/#breadcrumb","itemListElement":[{"@type":"ListItem","position":1,"name":"Portada","item":"https:\/\/www.noticiasradioreflejos.com.ar\/2021\/"},{"@type":"ListItem","position":2,"name":"El Gobierno confirm\u00f3 que habr\u00e1 un bono antes de Navidad para jubilados"}]},{"@type":"WebSite","@id":"https:\/\/www.noticiasradioreflejos.com.ar\/2021\/#website","url":"https:\/\/www.noticiasradioreflejos.com.ar\/2021\/","name":"Noticias Radio Reflejos","description":"Las noticias de mi comarca","potentialAction":[{"@type":"SearchAction","target":{"@type":"EntryPoint","urlTemplate":"https:\/\/www.noticiasradioreflejos.com.ar\/2021\/?s={search_term_string}"},"query-input":{"@type":"PropertyValueSpecification","valueRequired":true,"valueName":"search_term_string"}}],"inLanguage":"es"},{"@type":"Person","@id":"https:\/\/www.noticiasradioreflejos.com.ar\/2021\/#\/schema\/person\/ad82545263dcc5ec0996818884fd5fb1","name":"Arnaldo Botto","image":{"@type":"ImageObject","inLanguage":"es","@id":"https:\/\/www.noticiasradioreflejos.com.ar\/2021\/#\/schema\/person\/image\/","url":"https:\/\/secure.gravatar.com\/avatar\/55cb5e37c1efa326397366e6974cb338056df65cb50e7d64d1cf314e87504837?s=96&d=mm&r=g","contentUrl":"https:\/\/secure.gravatar.com\/avatar\/55cb5e37c1efa326397366e6974cb338056df65cb50e7d64d1cf314e87504837?s=96&d=mm&r=g","caption":"Arnaldo Botto"},"url":"https:\/\/www.noticiasradioreflejos.com.ar\/2021\/author\/arnaldo\/"}]}},"_links":{"self":[{"href":"https:\/\/www.noticiasradioreflejos.com.ar\/2021\/wp-json\/wp\/v2\/posts\/65885","targetHints":{"allow":["GET"]}}],"collection":[{"href":"https:\/\/www.noticiasradioreflejos.com.ar\/2021\/wp-json\/wp\/v2\/posts"}],"about":[{"href":"https:\/\/www.noticiasradioreflejos.com.ar\/2021\/wp-json\/wp\/v2\/types\/post"}],"author":[{"embeddable":true,"href":"https:\/\/www.noticiasradioreflejos.com.ar\/2021\/wp-json\/wp\/v2\/users\/3"}],"replies":[{"embeddable":true,"href":"https:\/\/www.noticiasradioreflejos.com.ar\/2021\/wp-json\/wp\/v2\/comments?post=65885"}],"version-history":[{"count":1,"href":"https:\/\/www.noticiasradioreflejos.com.ar\/2021\/wp-json\/wp\/v2\/posts\/65885\/revisions"}],"predecessor-version":[{"id":65887,"href":"https:\/\/www.noticiasradioreflejos.com.ar\/2021\/wp-json\/wp\/v2\/posts\/65885\/revisions\/65887"}],"wp:attachment":[{"href":"https:\/\/www.noticiasradioreflejos.com.ar\/2021\/wp-json\/wp\/v2\/media?parent=65885"}],"wp:term":[{"taxonomy":"category","embeddable":true,"href":"https:\/\/www.noticiasradioreflejos.com.ar\/2021\/wp-json\/wp\/v2\/categories?post=65885"},{"taxonomy":"post_tag","embeddable":true,"href":"https:\/\/www.noticiasradioreflejos.com.ar\/2021\/wp-json\/wp\/v2\/tags?post=65885"}],"curies":[{"name":"wp","href":"https:\/\/api.w.org\/{rel}","templated":true}]}}