{"id":65882,"date":"2021-12-09T19:52:18","date_gmt":"2021-12-09T19:52:18","guid":{"rendered":"http:\/\/www.noticiasradioreflejos.com.ar\/2021\/?p=65882"},"modified":"2021-12-09T19:52:18","modified_gmt":"2021-12-09T19:52:18","slug":"la-actividad-industrial-crecio-43-en-octubre-y-la-construccion-83-informo-el-indec","status":"publish","type":"post","link":"https:\/\/www.noticiasradioreflejos.com.ar\/2021\/la-actividad-industrial-crecio-43-en-octubre-y-la-construccion-83-informo-el-indec\/","title":{"rendered":"La actividad industrial creci\u00f3 4,3% en octubre y la construcci\u00f3n 8,3%, inform\u00f3 el Indec"},"content":{"rendered":"<p>La actividad industrial aument\u00f3 durante octubre 4,3% en relaci\u00f3n a igual mes del a\u00f1o pasado, y la construcci\u00f3n avanz\u00f3 8,3% en similar per\u00edodo, inform\u00f3 hoy el Instituto Nacional de Estad\u00edstica y Censos (Indec).<!--more--><\/p>\n<p>En lo que respecta al cotejo intermensual, la actividad fabril estuvo 5,7% por debajo de la de septiembre, en tanto que la construcci\u00f3n aumento avanz\u00f3 en octubre 2,3%.<\/p>\n<p>De esta manera, la industria acumul\u00f3 en los 10 primeros meses del a\u00f1o una suba del 17%.<\/p>\n<p>La construcci\u00f3n, por su parte, marc\u00f3 un incremento den 37,9% entre enero y octubre.<\/p>\n<p>Minutos despu\u00e9s de que el Indec diera a conocer estos datos, el ministro de Desarrollo Productivo, Mat\u00edas Kulfas, destac\u00f3 que \u201cde los \u00faltimos 12 meses, en 11 la industria produjo m\u00e1s que en el mismo per\u00edodo de 2019\u201d.<\/p>\n<p>\u201cEn lo que va de 2021, las f\u00e1bricas est\u00e1n produciendo 5,5% m\u00e1s que en 2019\u201d, subray\u00f3 Kulfas a trav\u00e9s de su cuenta en la red social Twitter.<\/p>\n<p>\u201cA tono con lo que preve\u00edamos, octubre mostr\u00f3 una desaceleraci\u00f3n respecto a septiembre\u201d, dijo el ministro, para luego agregar que \u00aben noviembre la industria volvi\u00f3 a cobrar fuerza\u00bb.<\/p>\n<p>\u00abEl consumo de energ\u00eda en noviembre (term\u00f3metro de la actividad fabril) fue el m\u00e1s alto desde febrero de 2018. Nuestras estimaciones preliminares arrojan un crecimiento de la producci\u00f3n industrial del 9% contra noviembre de 2019\u201d, concluy\u00f3 Kulfas.<\/p>\n<p>Fuente: Cablera T\u00e9lam<\/p>\n","protected":false},"excerpt":{"rendered":"<p>La actividad industrial aument\u00f3 durante octubre 4,3% en relaci\u00f3n a igual mes del a\u00f1o pasado, y la construcci\u00f3n avanz\u00f3 8,3% en similar per\u00edodo, inform\u00f3 hoy el Instituto Nacional de Estad\u00edstica y Censos (Indec).<\/p>\n","protected":false},"author":3,"featured_media":0,"comment_status":"closed","ping_status":"closed","sticky":false,"template":"","format":"standard","meta":{"footnotes":""},"categories":[36],"tags":[],"class_list":["post-65882","post","type-post","status-publish","format-standard","hentry","category-economia"],"yoast_head":"<!-- This site is optimized with the Yoast SEO plugin v25.9 - https:\/\/yoast.com\/wordpress\/plugins\/seo\/ -->\n<title>La actividad industrial creci\u00f3 4,3% en octubre y la construcci\u00f3n 8,3%, inform\u00f3 el Indec - Noticias Radio Reflejos<\/title>\n<meta name=\"robots\" content=\"index, follow, max-snippet:-1, max-image-preview:large, max-video-preview:-1\" \/>\n<link rel=\"canonical\" href=\"https:\/\/www.noticiasradioreflejos.com.ar\/2021\/la-actividad-industrial-crecio-43-en-octubre-y-la-construccion-83-informo-el-indec\/\" \/>\n<meta property=\"og:locale\" content=\"es_ES\" \/>\n<meta property=\"og:type\" content=\"article\" \/>\n<meta property=\"og:title\" content=\"La actividad industrial creci\u00f3 4,3% en octubre y la construcci\u00f3n 8,3%, inform\u00f3 el Indec - Noticias Radio Reflejos\" \/>\n<meta property=\"og:description\" content=\"La actividad industrial aument\u00f3 durante octubre 4,3% en relaci\u00f3n a igual mes del a\u00f1o pasado, y la construcci\u00f3n avanz\u00f3 8,3% en similar per\u00edodo, inform\u00f3 hoy el Instituto Nacional de Estad\u00edstica y Censos (Indec).\" \/>\n<meta property=\"og:url\" content=\"https:\/\/www.noticiasradioreflejos.com.ar\/2021\/la-actividad-industrial-crecio-43-en-octubre-y-la-construccion-83-informo-el-indec\/\" \/>\n<meta property=\"og:site_name\" content=\"Noticias Radio Reflejos\" \/>\n<meta property=\"article:published_time\" content=\"2021-12-09T19:52:18+00:00\" \/>\n<meta property=\"og:image\" content=\"https:\/\/www.noticiasradioreflejos.com.ar\/2021\/wp-content\/uploads\/2021\/07\/logosol300x200.png\" \/>\n\t<meta property=\"og:image:width\" content=\"300\" \/>\n\t<meta property=\"og:image:height\" content=\"200\" \/>\n\t<meta property=\"og:image:type\" content=\"image\/png\" \/>\n<meta name=\"author\" content=\"Arnaldo Botto\" \/>\n<meta name=\"twitter:card\" content=\"summary_large_image\" \/>\n<script type=\"application\/ld+json\" class=\"yoast-schema-graph\">{\"@context\":\"https:\/\/schema.org\",\"@graph\":[{\"@type\":\"WebPage\",\"@id\":\"https:\/\/www.noticiasradioreflejos.com.ar\/2021\/la-actividad-industrial-crecio-43-en-octubre-y-la-construccion-83-informo-el-indec\/\",\"url\":\"https:\/\/www.noticiasradioreflejos.com.ar\/2021\/la-actividad-industrial-crecio-43-en-octubre-y-la-construccion-83-informo-el-indec\/\",\"name\":\"La actividad industrial creci\u00f3 4,3% en octubre y la construcci\u00f3n 8,3%, inform\u00f3 el Indec - Noticias Radio Reflejos\",\"isPartOf\":{\"@id\":\"https:\/\/www.noticiasradioreflejos.com.ar\/2021\/#website\"},\"datePublished\":\"2021-12-09T19:52:18+00:00\",\"author\":{\"@id\":\"https:\/\/www.noticiasradioreflejos.com.ar\/2021\/#\/schema\/person\/ad82545263dcc5ec0996818884fd5fb1\"},\"breadcrumb\":{\"@id\":\"https:\/\/www.noticiasradioreflejos.com.ar\/2021\/la-actividad-industrial-crecio-43-en-octubre-y-la-construccion-83-informo-el-indec\/#breadcrumb\"},\"inLanguage\":\"es\",\"potentialAction\":[{\"@type\":\"ReadAction\",\"target\":[\"https:\/\/www.noticiasradioreflejos.com.ar\/2021\/la-actividad-industrial-crecio-43-en-octubre-y-la-construccion-83-informo-el-indec\/\"]}]},{\"@type\":\"BreadcrumbList\",\"@id\":\"https:\/\/www.noticiasradioreflejos.com.ar\/2021\/la-actividad-industrial-crecio-43-en-octubre-y-la-construccion-83-informo-el-indec\/#breadcrumb\",\"itemListElement\":[{\"@type\":\"ListItem\",\"position\":1,\"name\":\"Portada\",\"item\":\"https:\/\/www.noticiasradioreflejos.com.ar\/2021\/\"},{\"@type\":\"ListItem\",\"position\":2,\"name\":\"La actividad industrial creci\u00f3 4,3% en octubre y la construcci\u00f3n 8,3%, inform\u00f3 el Indec\"}]},{\"@type\":\"WebSite\",\"@id\":\"https:\/\/www.noticiasradioreflejos.com.ar\/2021\/#website\",\"url\":\"https:\/\/www.noticiasradioreflejos.com.ar\/2021\/\",\"name\":\"Noticias Radio Reflejos\",\"description\":\"Las noticias de mi comarca\",\"potentialAction\":[{\"@type\":\"SearchAction\",\"target\":{\"@type\":\"EntryPoint\",\"urlTemplate\":\"https:\/\/www.noticiasradioreflejos.com.ar\/2021\/?s={search_term_string}\"},\"query-input\":{\"@type\":\"PropertyValueSpecification\",\"valueRequired\":true,\"valueName\":\"search_term_string\"}}],\"inLanguage\":\"es\"},{\"@type\":\"Person\",\"@id\":\"https:\/\/www.noticiasradioreflejos.com.ar\/2021\/#\/schema\/person\/ad82545263dcc5ec0996818884fd5fb1\",\"name\":\"Arnaldo Botto\",\"image\":{\"@type\":\"ImageObject\",\"inLanguage\":\"es\",\"@id\":\"https:\/\/www.noticiasradioreflejos.com.ar\/2021\/#\/schema\/person\/image\/\",\"url\":\"https:\/\/secure.gravatar.com\/avatar\/55cb5e37c1efa326397366e6974cb338056df65cb50e7d64d1cf314e87504837?s=96&d=mm&r=g\",\"contentUrl\":\"https:\/\/secure.gravatar.com\/avatar\/55cb5e37c1efa326397366e6974cb338056df65cb50e7d64d1cf314e87504837?s=96&d=mm&r=g\",\"caption\":\"Arnaldo Botto\"},\"url\":\"https:\/\/www.noticiasradioreflejos.com.ar\/2021\/author\/arnaldo\/\"}]}<\/script>\n<!-- \/ Yoast SEO plugin. -->","yoast_head_json":{"title":"La actividad industrial creci\u00f3 4,3% en octubre y la construcci\u00f3n 8,3%, inform\u00f3 el Indec - Noticias Radio Reflejos","robots":{"index":"index","follow":"follow","max-snippet":"max-snippet:-1","max-image-preview":"max-image-preview:large","max-video-preview":"max-video-preview:-1"},"canonical":"https:\/\/www.noticiasradioreflejos.com.ar\/2021\/la-actividad-industrial-crecio-43-en-octubre-y-la-construccion-83-informo-el-indec\/","og_locale":"es_ES","og_type":"article","og_title":"La actividad industrial creci\u00f3 4,3% en octubre y la construcci\u00f3n 8,3%, inform\u00f3 el Indec - Noticias Radio Reflejos","og_description":"La actividad industrial aument\u00f3 durante octubre 4,3% en relaci\u00f3n a igual mes del a\u00f1o pasado, y la construcci\u00f3n avanz\u00f3 8,3% en similar per\u00edodo, inform\u00f3 hoy el Instituto Nacional de Estad\u00edstica y Censos (Indec).","og_url":"https:\/\/www.noticiasradioreflejos.com.ar\/2021\/la-actividad-industrial-crecio-43-en-octubre-y-la-construccion-83-informo-el-indec\/","og_site_name":"Noticias Radio Reflejos","article_published_time":"2021-12-09T19:52:18+00:00","og_image":[{"width":300,"height":200,"url":"https:\/\/www.noticiasradioreflejos.com.ar\/2021\/wp-content\/uploads\/2021\/07\/logosol300x200.png","type":"image\/png"}],"author":"Arnaldo Botto","twitter_card":"summary_large_image","schema":{"@context":"https:\/\/schema.org","@graph":[{"@type":"WebPage","@id":"https:\/\/www.noticiasradioreflejos.com.ar\/2021\/la-actividad-industrial-crecio-43-en-octubre-y-la-construccion-83-informo-el-indec\/","url":"https:\/\/www.noticiasradioreflejos.com.ar\/2021\/la-actividad-industrial-crecio-43-en-octubre-y-la-construccion-83-informo-el-indec\/","name":"La actividad industrial creci\u00f3 4,3% en octubre y la construcci\u00f3n 8,3%, inform\u00f3 el Indec - Noticias Radio Reflejos","isPartOf":{"@id":"https:\/\/www.noticiasradioreflejos.com.ar\/2021\/#website"},"datePublished":"2021-12-09T19:52:18+00:00","author":{"@id":"https:\/\/www.noticiasradioreflejos.com.ar\/2021\/#\/schema\/person\/ad82545263dcc5ec0996818884fd5fb1"},"breadcrumb":{"@id":"https:\/\/www.noticiasradioreflejos.com.ar\/2021\/la-actividad-industrial-crecio-43-en-octubre-y-la-construccion-83-informo-el-indec\/#breadcrumb"},"inLanguage":"es","potentialAction":[{"@type":"ReadAction","target":["https:\/\/www.noticiasradioreflejos.com.ar\/2021\/la-actividad-industrial-crecio-43-en-octubre-y-la-construccion-83-informo-el-indec\/"]}]},{"@type":"BreadcrumbList","@id":"https:\/\/www.noticiasradioreflejos.com.ar\/2021\/la-actividad-industrial-crecio-43-en-octubre-y-la-construccion-83-informo-el-indec\/#breadcrumb","itemListElement":[{"@type":"ListItem","position":1,"name":"Portada","item":"https:\/\/www.noticiasradioreflejos.com.ar\/2021\/"},{"@type":"ListItem","position":2,"name":"La actividad industrial creci\u00f3 4,3% en octubre y la construcci\u00f3n 8,3%, inform\u00f3 el Indec"}]},{"@type":"WebSite","@id":"https:\/\/www.noticiasradioreflejos.com.ar\/2021\/#website","url":"https:\/\/www.noticiasradioreflejos.com.ar\/2021\/","name":"Noticias Radio Reflejos","description":"Las noticias de mi comarca","potentialAction":[{"@type":"SearchAction","target":{"@type":"EntryPoint","urlTemplate":"https:\/\/www.noticiasradioreflejos.com.ar\/2021\/?s={search_term_string}"},"query-input":{"@type":"PropertyValueSpecification","valueRequired":true,"valueName":"search_term_string"}}],"inLanguage":"es"},{"@type":"Person","@id":"https:\/\/www.noticiasradioreflejos.com.ar\/2021\/#\/schema\/person\/ad82545263dcc5ec0996818884fd5fb1","name":"Arnaldo Botto","image":{"@type":"ImageObject","inLanguage":"es","@id":"https:\/\/www.noticiasradioreflejos.com.ar\/2021\/#\/schema\/person\/image\/","url":"https:\/\/secure.gravatar.com\/avatar\/55cb5e37c1efa326397366e6974cb338056df65cb50e7d64d1cf314e87504837?s=96&d=mm&r=g","contentUrl":"https:\/\/secure.gravatar.com\/avatar\/55cb5e37c1efa326397366e6974cb338056df65cb50e7d64d1cf314e87504837?s=96&d=mm&r=g","caption":"Arnaldo Botto"},"url":"https:\/\/www.noticiasradioreflejos.com.ar\/2021\/author\/arnaldo\/"}]}},"_links":{"self":[{"href":"https:\/\/www.noticiasradioreflejos.com.ar\/2021\/wp-json\/wp\/v2\/posts\/65882","targetHints":{"allow":["GET"]}}],"collection":[{"href":"https:\/\/www.noticiasradioreflejos.com.ar\/2021\/wp-json\/wp\/v2\/posts"}],"about":[{"href":"https:\/\/www.noticiasradioreflejos.com.ar\/2021\/wp-json\/wp\/v2\/types\/post"}],"author":[{"embeddable":true,"href":"https:\/\/www.noticiasradioreflejos.com.ar\/2021\/wp-json\/wp\/v2\/users\/3"}],"replies":[{"embeddable":true,"href":"https:\/\/www.noticiasradioreflejos.com.ar\/2021\/wp-json\/wp\/v2\/comments?post=65882"}],"version-history":[{"count":1,"href":"https:\/\/www.noticiasradioreflejos.com.ar\/2021\/wp-json\/wp\/v2\/posts\/65882\/revisions"}],"predecessor-version":[{"id":65884,"href":"https:\/\/www.noticiasradioreflejos.com.ar\/2021\/wp-json\/wp\/v2\/posts\/65882\/revisions\/65884"}],"wp:attachment":[{"href":"https:\/\/www.noticiasradioreflejos.com.ar\/2021\/wp-json\/wp\/v2\/media?parent=65882"}],"wp:term":[{"taxonomy":"category","embeddable":true,"href":"https:\/\/www.noticiasradioreflejos.com.ar\/2021\/wp-json\/wp\/v2\/categories?post=65882"},{"taxonomy":"post_tag","embeddable":true,"href":"https:\/\/www.noticiasradioreflejos.com.ar\/2021\/wp-json\/wp\/v2\/tags?post=65882"}],"curies":[{"name":"wp","href":"https:\/\/api.w.org\/{rel}","templated":true}]}}