{"id":65878,"date":"2021-12-09T19:48:05","date_gmt":"2021-12-09T19:48:05","guid":{"rendered":"http:\/\/www.noticiasradioreflejos.com.ar\/2021\/?p=65878"},"modified":"2021-12-09T19:48:05","modified_gmt":"2021-12-09T19:48:05","slug":"el-primer-hotel-escuela-de-latinoamerica-ya-toma-reservas-para-marzo-de-2022","status":"publish","type":"post","link":"https:\/\/www.noticiasradioreflejos.com.ar\/2021\/el-primer-hotel-escuela-de-latinoamerica-ya-toma-reservas-para-marzo-de-2022\/","title":{"rendered":"El primer Hotel Escuela de Latinoam\u00e9rica ya toma reservas para marzo de 2022"},"content":{"rendered":"<p>AMAU Hotel, el primer Hotel Escuela de formaci\u00f3n universitaria de Latinoam\u00e9rica, planificado y gestado \u00edntegramente por una Universidad P\u00fablica, la casa de altos estudios de La Plata, ya toma reservas para marzo 2022, seg\u00fan precis\u00f3 la universidad platense.<!--more--><\/p>\n<p>Con un acto del que participaron las m\u00e1ximas autoridades de la Universidad Nacional de La Plata, se present\u00f3 formalmente hoy AMAU, el primer hotel de formaci\u00f3n universitaria de Am\u00e9rica Latina, y se anunci\u00f3 el lanzamiento de una preventa exclusiva de estad\u00edas para usar a partir de marzo de 2022.<\/p>\n<p>El acto fue encabezado por el presidente de la UNLP, Fernando Tauber, quien estuvo acompa\u00f1ado por el vicepresidente del \u00c1rea Acad\u00e9mica, Mart\u00edn L\u00f3pez Armengol; el vicepresidente del \u00c1rea Institucional, Maercos Actis; el secretario General, Patricio Lorente; el decano de la Facultad de Ciencias Econ\u00f3micas, Eduardo De Giusti; y la gerenta del Hotel, Virginia Sahores.<\/p>\n<p>\u00abEstamos transformando juntos la universidad, no s\u00f3lo siendo m\u00e1s eficientes y mejorando en el rendimiento acad\u00e9mico, el ingreso, el crecimiento de la ciencia y la extensi\u00f3n universitaria, sino que en este tiempo la UNLP entendi\u00f3 que su rol tambi\u00e9n est\u00e1 estrechamente ligado al compromiso con la sociedad, la producci\u00f3n y el trabajo\u00bb, dijo el presidente Tauber.<\/p>\n<p>El titular de la casa de estudios afirm\u00f3 adem\u00e1s que \u00abel hotel no es una idea aislada; es parte del proyecto de la universidad interviniendo y transformando el centro de la ciudad y la calidad de vida de sus habitantes\u00bb.<\/p>\n<p>Tauber destac\u00f3 que \u00abla UNLP organiza m\u00e1s de 300 congresos por a\u00f1o, de los cuales unos 50 son internacionales, y eso nos obliga a buscar espacios para realizarlos. Contar con un hospedaje propio para poder alojar a la gran cantidad de profesores e invitados que llegan a La Plata es fundamental\u00bb.<\/p>\n<p>AMAU ser\u00e1 gestionado y administrado por la Facultad de Ciencias Econ\u00f3micas de la UNLP, donde se dicta la carrera de Licenciatura en Turismo. Est\u00e1 ubicado en calle 51 entre 8 y 9, en un sitio c\u00e9ntrico estrat\u00e9gico: apenas cinco cuadras lo separan de la sede del Rectorado de la UNLP, de la Facultad de Ciencias Econ\u00f3micas y del Edificio Sergio Karakachoff.<\/p>\n<p>Adem\u00e1s, quienes elijan alojarse estar\u00e1n a solo 50 metros del Teatro Argentino, muy cerca de la Catedral y del emblem\u00e1tico eje fundacional de la ciudad.<\/p>\n<p>El flamante Hotel Escuela permitir\u00e1 que los alumnos de la carrera de turismo consoliden su formaci\u00f3n, adem\u00e1s de reafirmar a la ciudad como un polo de atracci\u00f3n cient\u00edfico y cultural..<\/p>\n<p>La gerenta de AMAU, Virginia Sahores, adelant\u00f3 que la preventa \u00abse podr\u00e1 utilizar a partir de marzo y le permite al hu\u00e9sped reservar desde ahora su habitaci\u00f3n y congelar el precio, aun sin conocer la fecha exacta en que se hospedar\u00e1\u00bb.<\/p>\n<p>Los interesados en conocer los detalles de la preventa y acceder al beneficio exclusivo, pueden hacerlo en la cuenta oficial de Instagram amauhotel o comunic\u00e1ndose telef\u00f3nicamente al 221 5982941.<\/p>\n<p>El formulario web para realizar la reserva anticipada con el 25% off est\u00e1 disponible <a href=\"https:\/\/pagos.unlp.edu.ar\/publicacion-activa\/9708e208\" target=\"_blank\" rel=\"noopener\">aqu\u00ed<\/a><\/p>\n<p>Fuente: Cablera T\u00e9lam<\/p>\n","protected":false},"excerpt":{"rendered":"<p>AMAU Hotel, el primer Hotel Escuela de formaci\u00f3n universitaria de Latinoam\u00e9rica, planificado y gestado \u00edntegramente por una Universidad P\u00fablica, la casa de altos estudios de La Plata, ya toma reservas para marzo 2022, seg\u00fan precis\u00f3 la universidad platense.<\/p>\n","protected":false},"author":3,"featured_media":0,"comment_status":"closed","ping_status":"closed","sticky":false,"template":"","format":"standard","meta":{"footnotes":""},"categories":[26],"tags":[],"class_list":["post-65878","post","type-post","status-publish","format-standard","hentry","category-sociedad"],"yoast_head":"<!-- This site is optimized with the Yoast SEO plugin v25.9 - https:\/\/yoast.com\/wordpress\/plugins\/seo\/ -->\n<title>El primer Hotel Escuela de Latinoam\u00e9rica ya toma reservas para marzo de 2022 - Noticias Radio Reflejos<\/title>\n<meta name=\"robots\" content=\"index, follow, max-snippet:-1, max-image-preview:large, max-video-preview:-1\" \/>\n<link rel=\"canonical\" href=\"https:\/\/www.noticiasradioreflejos.com.ar\/2021\/el-primer-hotel-escuela-de-latinoamerica-ya-toma-reservas-para-marzo-de-2022\/\" \/>\n<meta property=\"og:locale\" content=\"es_ES\" \/>\n<meta property=\"og:type\" content=\"article\" \/>\n<meta property=\"og:title\" content=\"El primer Hotel Escuela de Latinoam\u00e9rica ya toma reservas para marzo de 2022 - Noticias Radio Reflejos\" \/>\n<meta property=\"og:description\" content=\"AMAU Hotel, el primer Hotel Escuela de formaci\u00f3n universitaria de Latinoam\u00e9rica, planificado y gestado \u00edntegramente por una Universidad P\u00fablica, la casa de altos estudios de La Plata, ya toma reservas para marzo 2022, seg\u00fan precis\u00f3 la universidad platense.\" \/>\n<meta property=\"og:url\" content=\"https:\/\/www.noticiasradioreflejos.com.ar\/2021\/el-primer-hotel-escuela-de-latinoamerica-ya-toma-reservas-para-marzo-de-2022\/\" \/>\n<meta property=\"og:site_name\" content=\"Noticias Radio Reflejos\" \/>\n<meta property=\"article:published_time\" content=\"2021-12-09T19:48:05+00:00\" \/>\n<meta property=\"og:image\" content=\"https:\/\/www.noticiasradioreflejos.com.ar\/2021\/wp-content\/uploads\/2021\/07\/logosol300x200.png\" \/>\n\t<meta property=\"og:image:width\" content=\"300\" \/>\n\t<meta property=\"og:image:height\" content=\"200\" \/>\n\t<meta property=\"og:image:type\" content=\"image\/png\" \/>\n<meta name=\"author\" content=\"Arnaldo Botto\" \/>\n<meta name=\"twitter:card\" content=\"summary_large_image\" \/>\n<script type=\"application\/ld+json\" class=\"yoast-schema-graph\">{\"@context\":\"https:\/\/schema.org\",\"@graph\":[{\"@type\":\"WebPage\",\"@id\":\"https:\/\/www.noticiasradioreflejos.com.ar\/2021\/el-primer-hotel-escuela-de-latinoamerica-ya-toma-reservas-para-marzo-de-2022\/\",\"url\":\"https:\/\/www.noticiasradioreflejos.com.ar\/2021\/el-primer-hotel-escuela-de-latinoamerica-ya-toma-reservas-para-marzo-de-2022\/\",\"name\":\"El primer Hotel Escuela de Latinoam\u00e9rica ya toma reservas para marzo de 2022 - Noticias Radio Reflejos\",\"isPartOf\":{\"@id\":\"https:\/\/www.noticiasradioreflejos.com.ar\/2021\/#website\"},\"datePublished\":\"2021-12-09T19:48:05+00:00\",\"author\":{\"@id\":\"https:\/\/www.noticiasradioreflejos.com.ar\/2021\/#\/schema\/person\/ad82545263dcc5ec0996818884fd5fb1\"},\"breadcrumb\":{\"@id\":\"https:\/\/www.noticiasradioreflejos.com.ar\/2021\/el-primer-hotel-escuela-de-latinoamerica-ya-toma-reservas-para-marzo-de-2022\/#breadcrumb\"},\"inLanguage\":\"es\",\"potentialAction\":[{\"@type\":\"ReadAction\",\"target\":[\"https:\/\/www.noticiasradioreflejos.com.ar\/2021\/el-primer-hotel-escuela-de-latinoamerica-ya-toma-reservas-para-marzo-de-2022\/\"]}]},{\"@type\":\"BreadcrumbList\",\"@id\":\"https:\/\/www.noticiasradioreflejos.com.ar\/2021\/el-primer-hotel-escuela-de-latinoamerica-ya-toma-reservas-para-marzo-de-2022\/#breadcrumb\",\"itemListElement\":[{\"@type\":\"ListItem\",\"position\":1,\"name\":\"Portada\",\"item\":\"https:\/\/www.noticiasradioreflejos.com.ar\/2021\/\"},{\"@type\":\"ListItem\",\"position\":2,\"name\":\"El primer Hotel Escuela de Latinoam\u00e9rica ya toma reservas para marzo de 2022\"}]},{\"@type\":\"WebSite\",\"@id\":\"https:\/\/www.noticiasradioreflejos.com.ar\/2021\/#website\",\"url\":\"https:\/\/www.noticiasradioreflejos.com.ar\/2021\/\",\"name\":\"Noticias Radio Reflejos\",\"description\":\"Las noticias de mi comarca\",\"potentialAction\":[{\"@type\":\"SearchAction\",\"target\":{\"@type\":\"EntryPoint\",\"urlTemplate\":\"https:\/\/www.noticiasradioreflejos.com.ar\/2021\/?s={search_term_string}\"},\"query-input\":{\"@type\":\"PropertyValueSpecification\",\"valueRequired\":true,\"valueName\":\"search_term_string\"}}],\"inLanguage\":\"es\"},{\"@type\":\"Person\",\"@id\":\"https:\/\/www.noticiasradioreflejos.com.ar\/2021\/#\/schema\/person\/ad82545263dcc5ec0996818884fd5fb1\",\"name\":\"Arnaldo Botto\",\"image\":{\"@type\":\"ImageObject\",\"inLanguage\":\"es\",\"@id\":\"https:\/\/www.noticiasradioreflejos.com.ar\/2021\/#\/schema\/person\/image\/\",\"url\":\"https:\/\/secure.gravatar.com\/avatar\/55cb5e37c1efa326397366e6974cb338056df65cb50e7d64d1cf314e87504837?s=96&d=mm&r=g\",\"contentUrl\":\"https:\/\/secure.gravatar.com\/avatar\/55cb5e37c1efa326397366e6974cb338056df65cb50e7d64d1cf314e87504837?s=96&d=mm&r=g\",\"caption\":\"Arnaldo Botto\"},\"url\":\"https:\/\/www.noticiasradioreflejos.com.ar\/2021\/author\/arnaldo\/\"}]}<\/script>\n<!-- \/ Yoast SEO plugin. -->","yoast_head_json":{"title":"El primer Hotel Escuela de Latinoam\u00e9rica ya toma reservas para marzo de 2022 - Noticias Radio Reflejos","robots":{"index":"index","follow":"follow","max-snippet":"max-snippet:-1","max-image-preview":"max-image-preview:large","max-video-preview":"max-video-preview:-1"},"canonical":"https:\/\/www.noticiasradioreflejos.com.ar\/2021\/el-primer-hotel-escuela-de-latinoamerica-ya-toma-reservas-para-marzo-de-2022\/","og_locale":"es_ES","og_type":"article","og_title":"El primer Hotel Escuela de Latinoam\u00e9rica ya toma reservas para marzo de 2022 - Noticias Radio Reflejos","og_description":"AMAU Hotel, el primer Hotel Escuela de formaci\u00f3n universitaria de Latinoam\u00e9rica, planificado y gestado \u00edntegramente por una Universidad P\u00fablica, la casa de altos estudios de La Plata, ya toma reservas para marzo 2022, seg\u00fan precis\u00f3 la universidad platense.","og_url":"https:\/\/www.noticiasradioreflejos.com.ar\/2021\/el-primer-hotel-escuela-de-latinoamerica-ya-toma-reservas-para-marzo-de-2022\/","og_site_name":"Noticias Radio Reflejos","article_published_time":"2021-12-09T19:48:05+00:00","og_image":[{"width":300,"height":200,"url":"https:\/\/www.noticiasradioreflejos.com.ar\/2021\/wp-content\/uploads\/2021\/07\/logosol300x200.png","type":"image\/png"}],"author":"Arnaldo Botto","twitter_card":"summary_large_image","schema":{"@context":"https:\/\/schema.org","@graph":[{"@type":"WebPage","@id":"https:\/\/www.noticiasradioreflejos.com.ar\/2021\/el-primer-hotel-escuela-de-latinoamerica-ya-toma-reservas-para-marzo-de-2022\/","url":"https:\/\/www.noticiasradioreflejos.com.ar\/2021\/el-primer-hotel-escuela-de-latinoamerica-ya-toma-reservas-para-marzo-de-2022\/","name":"El primer Hotel Escuela de Latinoam\u00e9rica ya toma reservas para marzo de 2022 - Noticias Radio Reflejos","isPartOf":{"@id":"https:\/\/www.noticiasradioreflejos.com.ar\/2021\/#website"},"datePublished":"2021-12-09T19:48:05+00:00","author":{"@id":"https:\/\/www.noticiasradioreflejos.com.ar\/2021\/#\/schema\/person\/ad82545263dcc5ec0996818884fd5fb1"},"breadcrumb":{"@id":"https:\/\/www.noticiasradioreflejos.com.ar\/2021\/el-primer-hotel-escuela-de-latinoamerica-ya-toma-reservas-para-marzo-de-2022\/#breadcrumb"},"inLanguage":"es","potentialAction":[{"@type":"ReadAction","target":["https:\/\/www.noticiasradioreflejos.com.ar\/2021\/el-primer-hotel-escuela-de-latinoamerica-ya-toma-reservas-para-marzo-de-2022\/"]}]},{"@type":"BreadcrumbList","@id":"https:\/\/www.noticiasradioreflejos.com.ar\/2021\/el-primer-hotel-escuela-de-latinoamerica-ya-toma-reservas-para-marzo-de-2022\/#breadcrumb","itemListElement":[{"@type":"ListItem","position":1,"name":"Portada","item":"https:\/\/www.noticiasradioreflejos.com.ar\/2021\/"},{"@type":"ListItem","position":2,"name":"El primer Hotel Escuela de Latinoam\u00e9rica ya toma reservas para marzo de 2022"}]},{"@type":"WebSite","@id":"https:\/\/www.noticiasradioreflejos.com.ar\/2021\/#website","url":"https:\/\/www.noticiasradioreflejos.com.ar\/2021\/","name":"Noticias Radio Reflejos","description":"Las noticias de mi comarca","potentialAction":[{"@type":"SearchAction","target":{"@type":"EntryPoint","urlTemplate":"https:\/\/www.noticiasradioreflejos.com.ar\/2021\/?s={search_term_string}"},"query-input":{"@type":"PropertyValueSpecification","valueRequired":true,"valueName":"search_term_string"}}],"inLanguage":"es"},{"@type":"Person","@id":"https:\/\/www.noticiasradioreflejos.com.ar\/2021\/#\/schema\/person\/ad82545263dcc5ec0996818884fd5fb1","name":"Arnaldo Botto","image":{"@type":"ImageObject","inLanguage":"es","@id":"https:\/\/www.noticiasradioreflejos.com.ar\/2021\/#\/schema\/person\/image\/","url":"https:\/\/secure.gravatar.com\/avatar\/55cb5e37c1efa326397366e6974cb338056df65cb50e7d64d1cf314e87504837?s=96&d=mm&r=g","contentUrl":"https:\/\/secure.gravatar.com\/avatar\/55cb5e37c1efa326397366e6974cb338056df65cb50e7d64d1cf314e87504837?s=96&d=mm&r=g","caption":"Arnaldo Botto"},"url":"https:\/\/www.noticiasradioreflejos.com.ar\/2021\/author\/arnaldo\/"}]}},"_links":{"self":[{"href":"https:\/\/www.noticiasradioreflejos.com.ar\/2021\/wp-json\/wp\/v2\/posts\/65878","targetHints":{"allow":["GET"]}}],"collection":[{"href":"https:\/\/www.noticiasradioreflejos.com.ar\/2021\/wp-json\/wp\/v2\/posts"}],"about":[{"href":"https:\/\/www.noticiasradioreflejos.com.ar\/2021\/wp-json\/wp\/v2\/types\/post"}],"author":[{"embeddable":true,"href":"https:\/\/www.noticiasradioreflejos.com.ar\/2021\/wp-json\/wp\/v2\/users\/3"}],"replies":[{"embeddable":true,"href":"https:\/\/www.noticiasradioreflejos.com.ar\/2021\/wp-json\/wp\/v2\/comments?post=65878"}],"version-history":[{"count":1,"href":"https:\/\/www.noticiasradioreflejos.com.ar\/2021\/wp-json\/wp\/v2\/posts\/65878\/revisions"}],"predecessor-version":[{"id":65880,"href":"https:\/\/www.noticiasradioreflejos.com.ar\/2021\/wp-json\/wp\/v2\/posts\/65878\/revisions\/65880"}],"wp:attachment":[{"href":"https:\/\/www.noticiasradioreflejos.com.ar\/2021\/wp-json\/wp\/v2\/media?parent=65878"}],"wp:term":[{"taxonomy":"category","embeddable":true,"href":"https:\/\/www.noticiasradioreflejos.com.ar\/2021\/wp-json\/wp\/v2\/categories?post=65878"},{"taxonomy":"post_tag","embeddable":true,"href":"https:\/\/www.noticiasradioreflejos.com.ar\/2021\/wp-json\/wp\/v2\/tags?post=65878"}],"curies":[{"name":"wp","href":"https:\/\/api.w.org\/{rel}","templated":true}]}}