{"id":65868,"date":"2021-12-09T19:29:56","date_gmt":"2021-12-09T19:29:56","guid":{"rendered":"http:\/\/www.noticiasradioreflejos.com.ar\/2021\/?p=65868"},"modified":"2021-12-09T19:32:32","modified_gmt":"2021-12-09T19:32:32","slug":"las-presentaciones-de-los-talleres-del-centro-de-dia-seran-el-17-de-diciembre","status":"publish","type":"post","link":"https:\/\/www.noticiasradioreflejos.com.ar\/2021\/las-presentaciones-de-los-talleres-del-centro-de-dia-seran-el-17-de-diciembre\/","title":{"rendered":"Las presentaciones de los talleres del Centro de D\u00eda ser\u00e1n el 17 de diciembre"},"content":{"rendered":"<p>Dos talleres que se dictan en el Centro de D\u00eda de Tornquist, se presentar\u00e1n el 17 de diciembre en el Teatro Municipal \u2018Rodolfo Funke\u2019, desde las 20 hs con entrada libre y gratuita.<!--more--><\/p>\n<p>Se trata del Taller de Teatro, con \u2018FamiL\u00cdOn\u2019, una obra audiovisual de creaci\u00f3n colectiva; y \u2018Compa\u00f1eros de viaje\u2019, una fotonovela del Taller de Fotograf\u00eda.<\/p>\n<p>La actividad, que se realiza en el marco del D\u00eda de la Discapacidad, estaba inicialmente prevista para el jueves 2, pero por las inclemencias del tiempo de ese d\u00eda, fue reprogramada.<\/p>\n<p><a href=\"https:\/\/www.flickr.com\/photos\/182279889@N02\/51736056563\/in\/dateposted-public\/\"><img loading=\"lazy\" decoding=\"async\" src=\"https:\/\/live.staticflickr.com\/65535\/51736056563_eb0da58935.jpg\" alt=\"Teatro centro de dia\" width=\"400\" height=\"500\" \/><\/a><\/p>\n","protected":false},"excerpt":{"rendered":"<p>Dos talleres que se dictan en el Centro de D\u00eda de Tornquist, se presentar\u00e1n el 17 de diciembre en el Teatro Municipal \u2018Rodolfo Funke\u2019, desde las 20 hs con entrada libre y gratuita.<\/p>\n","protected":false},"author":3,"featured_media":0,"comment_status":"closed","ping_status":"closed","sticky":false,"template":"","format":"standard","meta":{"footnotes":""},"categories":[35],"tags":[],"class_list":["post-65868","post","type-post","status-publish","format-standard","hentry","category-cultura"],"yoast_head":"<!-- This site is optimized with the Yoast SEO plugin v25.9 - https:\/\/yoast.com\/wordpress\/plugins\/seo\/ -->\n<title>Las presentaciones de los talleres del Centro de D\u00eda ser\u00e1n el 17 de diciembre - Noticias Radio Reflejos<\/title>\n<meta name=\"robots\" content=\"index, follow, max-snippet:-1, max-image-preview:large, max-video-preview:-1\" \/>\n<link rel=\"canonical\" href=\"https:\/\/www.noticiasradioreflejos.com.ar\/2021\/las-presentaciones-de-los-talleres-del-centro-de-dia-seran-el-17-de-diciembre\/\" \/>\n<meta property=\"og:locale\" content=\"es_ES\" \/>\n<meta property=\"og:type\" content=\"article\" \/>\n<meta property=\"og:title\" content=\"Las presentaciones de los talleres del Centro de D\u00eda ser\u00e1n el 17 de diciembre - Noticias Radio Reflejos\" \/>\n<meta property=\"og:description\" content=\"Dos talleres que se dictan en el Centro de D\u00eda de Tornquist, se presentar\u00e1n el 17 de diciembre en el Teatro Municipal \u2018Rodolfo Funke\u2019, desde las 20 hs con entrada libre y gratuita.\" \/>\n<meta property=\"og:url\" content=\"https:\/\/www.noticiasradioreflejos.com.ar\/2021\/las-presentaciones-de-los-talleres-del-centro-de-dia-seran-el-17-de-diciembre\/\" \/>\n<meta property=\"og:site_name\" content=\"Noticias Radio Reflejos\" \/>\n<meta property=\"article:published_time\" content=\"2021-12-09T19:29:56+00:00\" \/>\n<meta property=\"article:modified_time\" content=\"2021-12-09T19:32:32+00:00\" \/>\n<meta property=\"og:image\" content=\"https:\/\/www.noticiasradioreflejos.com.ar\/2021\/wp-content\/uploads\/2021\/07\/logosol300x200.png\" \/>\n\t<meta property=\"og:image:width\" content=\"300\" \/>\n\t<meta property=\"og:image:height\" content=\"200\" \/>\n\t<meta property=\"og:image:type\" content=\"image\/png\" \/>\n<meta name=\"author\" content=\"Arnaldo Botto\" \/>\n<meta name=\"twitter:card\" content=\"summary_large_image\" \/>\n<script type=\"application\/ld+json\" class=\"yoast-schema-graph\">{\"@context\":\"https:\/\/schema.org\",\"@graph\":[{\"@type\":\"WebPage\",\"@id\":\"https:\/\/www.noticiasradioreflejos.com.ar\/2021\/las-presentaciones-de-los-talleres-del-centro-de-dia-seran-el-17-de-diciembre\/\",\"url\":\"https:\/\/www.noticiasradioreflejos.com.ar\/2021\/las-presentaciones-de-los-talleres-del-centro-de-dia-seran-el-17-de-diciembre\/\",\"name\":\"Las presentaciones de los talleres del Centro de D\u00eda ser\u00e1n el 17 de diciembre - Noticias Radio Reflejos\",\"isPartOf\":{\"@id\":\"https:\/\/www.noticiasradioreflejos.com.ar\/2021\/#website\"},\"datePublished\":\"2021-12-09T19:29:56+00:00\",\"dateModified\":\"2021-12-09T19:32:32+00:00\",\"author\":{\"@id\":\"https:\/\/www.noticiasradioreflejos.com.ar\/2021\/#\/schema\/person\/ad82545263dcc5ec0996818884fd5fb1\"},\"breadcrumb\":{\"@id\":\"https:\/\/www.noticiasradioreflejos.com.ar\/2021\/las-presentaciones-de-los-talleres-del-centro-de-dia-seran-el-17-de-diciembre\/#breadcrumb\"},\"inLanguage\":\"es\",\"potentialAction\":[{\"@type\":\"ReadAction\",\"target\":[\"https:\/\/www.noticiasradioreflejos.com.ar\/2021\/las-presentaciones-de-los-talleres-del-centro-de-dia-seran-el-17-de-diciembre\/\"]}]},{\"@type\":\"BreadcrumbList\",\"@id\":\"https:\/\/www.noticiasradioreflejos.com.ar\/2021\/las-presentaciones-de-los-talleres-del-centro-de-dia-seran-el-17-de-diciembre\/#breadcrumb\",\"itemListElement\":[{\"@type\":\"ListItem\",\"position\":1,\"name\":\"Portada\",\"item\":\"https:\/\/www.noticiasradioreflejos.com.ar\/2021\/\"},{\"@type\":\"ListItem\",\"position\":2,\"name\":\"Las presentaciones de los talleres del Centro de D\u00eda ser\u00e1n el 17 de diciembre\"}]},{\"@type\":\"WebSite\",\"@id\":\"https:\/\/www.noticiasradioreflejos.com.ar\/2021\/#website\",\"url\":\"https:\/\/www.noticiasradioreflejos.com.ar\/2021\/\",\"name\":\"Noticias Radio Reflejos\",\"description\":\"Las noticias de mi comarca\",\"potentialAction\":[{\"@type\":\"SearchAction\",\"target\":{\"@type\":\"EntryPoint\",\"urlTemplate\":\"https:\/\/www.noticiasradioreflejos.com.ar\/2021\/?s={search_term_string}\"},\"query-input\":{\"@type\":\"PropertyValueSpecification\",\"valueRequired\":true,\"valueName\":\"search_term_string\"}}],\"inLanguage\":\"es\"},{\"@type\":\"Person\",\"@id\":\"https:\/\/www.noticiasradioreflejos.com.ar\/2021\/#\/schema\/person\/ad82545263dcc5ec0996818884fd5fb1\",\"name\":\"Arnaldo Botto\",\"image\":{\"@type\":\"ImageObject\",\"inLanguage\":\"es\",\"@id\":\"https:\/\/www.noticiasradioreflejos.com.ar\/2021\/#\/schema\/person\/image\/\",\"url\":\"https:\/\/secure.gravatar.com\/avatar\/55cb5e37c1efa326397366e6974cb338056df65cb50e7d64d1cf314e87504837?s=96&d=mm&r=g\",\"contentUrl\":\"https:\/\/secure.gravatar.com\/avatar\/55cb5e37c1efa326397366e6974cb338056df65cb50e7d64d1cf314e87504837?s=96&d=mm&r=g\",\"caption\":\"Arnaldo Botto\"},\"url\":\"https:\/\/www.noticiasradioreflejos.com.ar\/2021\/author\/arnaldo\/\"}]}<\/script>\n<!-- \/ Yoast SEO plugin. -->","yoast_head_json":{"title":"Las presentaciones de los talleres del Centro de D\u00eda ser\u00e1n el 17 de diciembre - Noticias Radio Reflejos","robots":{"index":"index","follow":"follow","max-snippet":"max-snippet:-1","max-image-preview":"max-image-preview:large","max-video-preview":"max-video-preview:-1"},"canonical":"https:\/\/www.noticiasradioreflejos.com.ar\/2021\/las-presentaciones-de-los-talleres-del-centro-de-dia-seran-el-17-de-diciembre\/","og_locale":"es_ES","og_type":"article","og_title":"Las presentaciones de los talleres del Centro de D\u00eda ser\u00e1n el 17 de diciembre - Noticias Radio Reflejos","og_description":"Dos talleres que se dictan en el Centro de D\u00eda de Tornquist, se presentar\u00e1n el 17 de diciembre en el Teatro Municipal \u2018Rodolfo Funke\u2019, desde las 20 hs con entrada libre y gratuita.","og_url":"https:\/\/www.noticiasradioreflejos.com.ar\/2021\/las-presentaciones-de-los-talleres-del-centro-de-dia-seran-el-17-de-diciembre\/","og_site_name":"Noticias Radio Reflejos","article_published_time":"2021-12-09T19:29:56+00:00","article_modified_time":"2021-12-09T19:32:32+00:00","og_image":[{"width":300,"height":200,"url":"https:\/\/www.noticiasradioreflejos.com.ar\/2021\/wp-content\/uploads\/2021\/07\/logosol300x200.png","type":"image\/png"}],"author":"Arnaldo Botto","twitter_card":"summary_large_image","schema":{"@context":"https:\/\/schema.org","@graph":[{"@type":"WebPage","@id":"https:\/\/www.noticiasradioreflejos.com.ar\/2021\/las-presentaciones-de-los-talleres-del-centro-de-dia-seran-el-17-de-diciembre\/","url":"https:\/\/www.noticiasradioreflejos.com.ar\/2021\/las-presentaciones-de-los-talleres-del-centro-de-dia-seran-el-17-de-diciembre\/","name":"Las presentaciones de los talleres del Centro de D\u00eda ser\u00e1n el 17 de diciembre - Noticias Radio Reflejos","isPartOf":{"@id":"https:\/\/www.noticiasradioreflejos.com.ar\/2021\/#website"},"datePublished":"2021-12-09T19:29:56+00:00","dateModified":"2021-12-09T19:32:32+00:00","author":{"@id":"https:\/\/www.noticiasradioreflejos.com.ar\/2021\/#\/schema\/person\/ad82545263dcc5ec0996818884fd5fb1"},"breadcrumb":{"@id":"https:\/\/www.noticiasradioreflejos.com.ar\/2021\/las-presentaciones-de-los-talleres-del-centro-de-dia-seran-el-17-de-diciembre\/#breadcrumb"},"inLanguage":"es","potentialAction":[{"@type":"ReadAction","target":["https:\/\/www.noticiasradioreflejos.com.ar\/2021\/las-presentaciones-de-los-talleres-del-centro-de-dia-seran-el-17-de-diciembre\/"]}]},{"@type":"BreadcrumbList","@id":"https:\/\/www.noticiasradioreflejos.com.ar\/2021\/las-presentaciones-de-los-talleres-del-centro-de-dia-seran-el-17-de-diciembre\/#breadcrumb","itemListElement":[{"@type":"ListItem","position":1,"name":"Portada","item":"https:\/\/www.noticiasradioreflejos.com.ar\/2021\/"},{"@type":"ListItem","position":2,"name":"Las presentaciones de los talleres del Centro de D\u00eda ser\u00e1n el 17 de diciembre"}]},{"@type":"WebSite","@id":"https:\/\/www.noticiasradioreflejos.com.ar\/2021\/#website","url":"https:\/\/www.noticiasradioreflejos.com.ar\/2021\/","name":"Noticias Radio Reflejos","description":"Las noticias de mi comarca","potentialAction":[{"@type":"SearchAction","target":{"@type":"EntryPoint","urlTemplate":"https:\/\/www.noticiasradioreflejos.com.ar\/2021\/?s={search_term_string}"},"query-input":{"@type":"PropertyValueSpecification","valueRequired":true,"valueName":"search_term_string"}}],"inLanguage":"es"},{"@type":"Person","@id":"https:\/\/www.noticiasradioreflejos.com.ar\/2021\/#\/schema\/person\/ad82545263dcc5ec0996818884fd5fb1","name":"Arnaldo Botto","image":{"@type":"ImageObject","inLanguage":"es","@id":"https:\/\/www.noticiasradioreflejos.com.ar\/2021\/#\/schema\/person\/image\/","url":"https:\/\/secure.gravatar.com\/avatar\/55cb5e37c1efa326397366e6974cb338056df65cb50e7d64d1cf314e87504837?s=96&d=mm&r=g","contentUrl":"https:\/\/secure.gravatar.com\/avatar\/55cb5e37c1efa326397366e6974cb338056df65cb50e7d64d1cf314e87504837?s=96&d=mm&r=g","caption":"Arnaldo Botto"},"url":"https:\/\/www.noticiasradioreflejos.com.ar\/2021\/author\/arnaldo\/"}]}},"_links":{"self":[{"href":"https:\/\/www.noticiasradioreflejos.com.ar\/2021\/wp-json\/wp\/v2\/posts\/65868","targetHints":{"allow":["GET"]}}],"collection":[{"href":"https:\/\/www.noticiasradioreflejos.com.ar\/2021\/wp-json\/wp\/v2\/posts"}],"about":[{"href":"https:\/\/www.noticiasradioreflejos.com.ar\/2021\/wp-json\/wp\/v2\/types\/post"}],"author":[{"embeddable":true,"href":"https:\/\/www.noticiasradioreflejos.com.ar\/2021\/wp-json\/wp\/v2\/users\/3"}],"replies":[{"embeddable":true,"href":"https:\/\/www.noticiasradioreflejos.com.ar\/2021\/wp-json\/wp\/v2\/comments?post=65868"}],"version-history":[{"count":3,"href":"https:\/\/www.noticiasradioreflejos.com.ar\/2021\/wp-json\/wp\/v2\/posts\/65868\/revisions"}],"predecessor-version":[{"id":65872,"href":"https:\/\/www.noticiasradioreflejos.com.ar\/2021\/wp-json\/wp\/v2\/posts\/65868\/revisions\/65872"}],"wp:attachment":[{"href":"https:\/\/www.noticiasradioreflejos.com.ar\/2021\/wp-json\/wp\/v2\/media?parent=65868"}],"wp:term":[{"taxonomy":"category","embeddable":true,"href":"https:\/\/www.noticiasradioreflejos.com.ar\/2021\/wp-json\/wp\/v2\/categories?post=65868"},{"taxonomy":"post_tag","embeddable":true,"href":"https:\/\/www.noticiasradioreflejos.com.ar\/2021\/wp-json\/wp\/v2\/tags?post=65868"}],"curies":[{"name":"wp","href":"https:\/\/api.w.org\/{rel}","templated":true}]}}