{"id":65860,"date":"2021-12-09T19:15:14","date_gmt":"2021-12-09T19:15:14","guid":{"rendered":"http:\/\/www.noticiasradioreflejos.com.ar\/2021\/?p=65860"},"modified":"2021-12-09T19:15:14","modified_gmt":"2021-12-09T19:15:14","slug":"casa-silvia-sa-seleccionara-personal-para-venta-de-salon","status":"publish","type":"post","link":"https:\/\/www.noticiasradioreflejos.com.ar\/2021\/casa-silvia-sa-seleccionara-personal-para-venta-de-salon\/","title":{"rendered":"Casa Silvia  SA seleccionar\u00e1 personal para venta de sal\u00f3n"},"content":{"rendered":"<p>Casa Silvia, empresa de art\u00edculos para el Hogar y Muebles, estar\u00e1 seleccionando personal para venta de sal\u00f3n. A continuaci\u00f3n, se expresan los requisitos para el puesto de trabajo.<!--more--><\/p>\n<p>Requisitos: Edad entre 25 y 40 a\u00f1os, secundario completo, experiencia en ventas, conocimientos en paquete office e inform\u00e1tica, buena presencia, excelente trato, vocabulario acorde, din\u00e1mico con ganas de progresar y capacidad de adaptaci\u00f3n para trabajar en equipo. Disponibilidad full time.<\/p>\n<p>&#8211; Se Ofrece: Excelente remuneraci\u00f3n, buen ambiente de trabajo, capacitaci\u00f3n y estabilidad laboral.<\/p>\n<p>&#8211; Enviar curriculum vitae con datos y foto actualizados, referencias comprobables a e-mail: personalsolicitado@hotmail.com<\/p>\n","protected":false},"excerpt":{"rendered":"<p>Casa Silvia, empresa de art\u00edculos para el Hogar y Muebles, estar\u00e1 seleccionando personal para venta de sal\u00f3n. A continuaci\u00f3n, se expresan los requisitos para el puesto de trabajo.<\/p>\n","protected":false},"author":3,"featured_media":65861,"comment_status":"closed","ping_status":"closed","sticky":false,"template":"","format":"standard","meta":{"footnotes":""},"categories":[37],"tags":[],"class_list":["post-65860","post","type-post","status-publish","format-standard","has-post-thumbnail","hentry","category-clasificados"],"yoast_head":"<!-- This site is optimized with the Yoast SEO plugin v25.9 - https:\/\/yoast.com\/wordpress\/plugins\/seo\/ -->\n<title>Casa Silvia SA seleccionar\u00e1 personal para venta de sal\u00f3n - Noticias Radio Reflejos<\/title>\n<meta name=\"robots\" content=\"index, follow, max-snippet:-1, max-image-preview:large, max-video-preview:-1\" \/>\n<link rel=\"canonical\" href=\"https:\/\/www.noticiasradioreflejos.com.ar\/2021\/casa-silvia-sa-seleccionara-personal-para-venta-de-salon\/\" \/>\n<meta property=\"og:locale\" content=\"es_ES\" \/>\n<meta property=\"og:type\" content=\"article\" \/>\n<meta property=\"og:title\" content=\"Casa Silvia SA seleccionar\u00e1 personal para venta de sal\u00f3n - Noticias Radio Reflejos\" \/>\n<meta property=\"og:description\" content=\"Casa Silvia, empresa de art\u00edculos para el Hogar y Muebles, estar\u00e1 seleccionando personal para venta de sal\u00f3n. A continuaci\u00f3n, se expresan los requisitos para el puesto de trabajo.\" \/>\n<meta property=\"og:url\" content=\"https:\/\/www.noticiasradioreflejos.com.ar\/2021\/casa-silvia-sa-seleccionara-personal-para-venta-de-salon\/\" \/>\n<meta property=\"og:site_name\" content=\"Noticias Radio Reflejos\" \/>\n<meta property=\"article:published_time\" content=\"2021-12-09T19:15:14+00:00\" \/>\n<meta property=\"og:image\" content=\"https:\/\/www.noticiasradioreflejos.com.ar\/2021\/wp-content\/uploads\/2021\/12\/casasilviatqt.jpg\" \/>\n\t<meta property=\"og:image:width\" content=\"370\" \/>\n\t<meta property=\"og:image:height\" content=\"246\" \/>\n\t<meta property=\"og:image:type\" content=\"image\/jpeg\" \/>\n<meta name=\"author\" content=\"Arnaldo Botto\" \/>\n<meta name=\"twitter:card\" content=\"summary_large_image\" \/>\n<script type=\"application\/ld+json\" class=\"yoast-schema-graph\">{\"@context\":\"https:\/\/schema.org\",\"@graph\":[{\"@type\":\"WebPage\",\"@id\":\"https:\/\/www.noticiasradioreflejos.com.ar\/2021\/casa-silvia-sa-seleccionara-personal-para-venta-de-salon\/\",\"url\":\"https:\/\/www.noticiasradioreflejos.com.ar\/2021\/casa-silvia-sa-seleccionara-personal-para-venta-de-salon\/\",\"name\":\"Casa Silvia SA seleccionar\u00e1 personal para venta de sal\u00f3n - Noticias Radio Reflejos\",\"isPartOf\":{\"@id\":\"https:\/\/www.noticiasradioreflejos.com.ar\/2021\/#website\"},\"primaryImageOfPage\":{\"@id\":\"https:\/\/www.noticiasradioreflejos.com.ar\/2021\/casa-silvia-sa-seleccionara-personal-para-venta-de-salon\/#primaryimage\"},\"image\":{\"@id\":\"https:\/\/www.noticiasradioreflejos.com.ar\/2021\/casa-silvia-sa-seleccionara-personal-para-venta-de-salon\/#primaryimage\"},\"thumbnailUrl\":\"https:\/\/www.noticiasradioreflejos.com.ar\/2021\/wp-content\/uploads\/2021\/12\/casasilviatqt.jpg\",\"datePublished\":\"2021-12-09T19:15:14+00:00\",\"author\":{\"@id\":\"https:\/\/www.noticiasradioreflejos.com.ar\/2021\/#\/schema\/person\/ad82545263dcc5ec0996818884fd5fb1\"},\"breadcrumb\":{\"@id\":\"https:\/\/www.noticiasradioreflejos.com.ar\/2021\/casa-silvia-sa-seleccionara-personal-para-venta-de-salon\/#breadcrumb\"},\"inLanguage\":\"es\",\"potentialAction\":[{\"@type\":\"ReadAction\",\"target\":[\"https:\/\/www.noticiasradioreflejos.com.ar\/2021\/casa-silvia-sa-seleccionara-personal-para-venta-de-salon\/\"]}]},{\"@type\":\"ImageObject\",\"inLanguage\":\"es\",\"@id\":\"https:\/\/www.noticiasradioreflejos.com.ar\/2021\/casa-silvia-sa-seleccionara-personal-para-venta-de-salon\/#primaryimage\",\"url\":\"https:\/\/www.noticiasradioreflejos.com.ar\/2021\/wp-content\/uploads\/2021\/12\/casasilviatqt.jpg\",\"contentUrl\":\"https:\/\/www.noticiasradioreflejos.com.ar\/2021\/wp-content\/uploads\/2021\/12\/casasilviatqt.jpg\",\"width\":370,\"height\":246},{\"@type\":\"BreadcrumbList\",\"@id\":\"https:\/\/www.noticiasradioreflejos.com.ar\/2021\/casa-silvia-sa-seleccionara-personal-para-venta-de-salon\/#breadcrumb\",\"itemListElement\":[{\"@type\":\"ListItem\",\"position\":1,\"name\":\"Portada\",\"item\":\"https:\/\/www.noticiasradioreflejos.com.ar\/2021\/\"},{\"@type\":\"ListItem\",\"position\":2,\"name\":\"Casa Silvia SA seleccionar\u00e1 personal para venta de sal\u00f3n\"}]},{\"@type\":\"WebSite\",\"@id\":\"https:\/\/www.noticiasradioreflejos.com.ar\/2021\/#website\",\"url\":\"https:\/\/www.noticiasradioreflejos.com.ar\/2021\/\",\"name\":\"Noticias Radio Reflejos\",\"description\":\"Las noticias de mi comarca\",\"potentialAction\":[{\"@type\":\"SearchAction\",\"target\":{\"@type\":\"EntryPoint\",\"urlTemplate\":\"https:\/\/www.noticiasradioreflejos.com.ar\/2021\/?s={search_term_string}\"},\"query-input\":{\"@type\":\"PropertyValueSpecification\",\"valueRequired\":true,\"valueName\":\"search_term_string\"}}],\"inLanguage\":\"es\"},{\"@type\":\"Person\",\"@id\":\"https:\/\/www.noticiasradioreflejos.com.ar\/2021\/#\/schema\/person\/ad82545263dcc5ec0996818884fd5fb1\",\"name\":\"Arnaldo Botto\",\"image\":{\"@type\":\"ImageObject\",\"inLanguage\":\"es\",\"@id\":\"https:\/\/www.noticiasradioreflejos.com.ar\/2021\/#\/schema\/person\/image\/\",\"url\":\"https:\/\/secure.gravatar.com\/avatar\/55cb5e37c1efa326397366e6974cb338056df65cb50e7d64d1cf314e87504837?s=96&d=mm&r=g\",\"contentUrl\":\"https:\/\/secure.gravatar.com\/avatar\/55cb5e37c1efa326397366e6974cb338056df65cb50e7d64d1cf314e87504837?s=96&d=mm&r=g\",\"caption\":\"Arnaldo Botto\"},\"url\":\"https:\/\/www.noticiasradioreflejos.com.ar\/2021\/author\/arnaldo\/\"}]}<\/script>\n<!-- \/ Yoast SEO plugin. -->","yoast_head_json":{"title":"Casa Silvia SA seleccionar\u00e1 personal para venta de sal\u00f3n - Noticias Radio Reflejos","robots":{"index":"index","follow":"follow","max-snippet":"max-snippet:-1","max-image-preview":"max-image-preview:large","max-video-preview":"max-video-preview:-1"},"canonical":"https:\/\/www.noticiasradioreflejos.com.ar\/2021\/casa-silvia-sa-seleccionara-personal-para-venta-de-salon\/","og_locale":"es_ES","og_type":"article","og_title":"Casa Silvia SA seleccionar\u00e1 personal para venta de sal\u00f3n - Noticias Radio Reflejos","og_description":"Casa Silvia, empresa de art\u00edculos para el Hogar y Muebles, estar\u00e1 seleccionando personal para venta de sal\u00f3n. A continuaci\u00f3n, se expresan los requisitos para el puesto de trabajo.","og_url":"https:\/\/www.noticiasradioreflejos.com.ar\/2021\/casa-silvia-sa-seleccionara-personal-para-venta-de-salon\/","og_site_name":"Noticias Radio Reflejos","article_published_time":"2021-12-09T19:15:14+00:00","og_image":[{"width":370,"height":246,"url":"https:\/\/www.noticiasradioreflejos.com.ar\/2021\/wp-content\/uploads\/2021\/12\/casasilviatqt.jpg","type":"image\/jpeg"}],"author":"Arnaldo Botto","twitter_card":"summary_large_image","schema":{"@context":"https:\/\/schema.org","@graph":[{"@type":"WebPage","@id":"https:\/\/www.noticiasradioreflejos.com.ar\/2021\/casa-silvia-sa-seleccionara-personal-para-venta-de-salon\/","url":"https:\/\/www.noticiasradioreflejos.com.ar\/2021\/casa-silvia-sa-seleccionara-personal-para-venta-de-salon\/","name":"Casa Silvia SA seleccionar\u00e1 personal para venta de sal\u00f3n - Noticias Radio Reflejos","isPartOf":{"@id":"https:\/\/www.noticiasradioreflejos.com.ar\/2021\/#website"},"primaryImageOfPage":{"@id":"https:\/\/www.noticiasradioreflejos.com.ar\/2021\/casa-silvia-sa-seleccionara-personal-para-venta-de-salon\/#primaryimage"},"image":{"@id":"https:\/\/www.noticiasradioreflejos.com.ar\/2021\/casa-silvia-sa-seleccionara-personal-para-venta-de-salon\/#primaryimage"},"thumbnailUrl":"https:\/\/www.noticiasradioreflejos.com.ar\/2021\/wp-content\/uploads\/2021\/12\/casasilviatqt.jpg","datePublished":"2021-12-09T19:15:14+00:00","author":{"@id":"https:\/\/www.noticiasradioreflejos.com.ar\/2021\/#\/schema\/person\/ad82545263dcc5ec0996818884fd5fb1"},"breadcrumb":{"@id":"https:\/\/www.noticiasradioreflejos.com.ar\/2021\/casa-silvia-sa-seleccionara-personal-para-venta-de-salon\/#breadcrumb"},"inLanguage":"es","potentialAction":[{"@type":"ReadAction","target":["https:\/\/www.noticiasradioreflejos.com.ar\/2021\/casa-silvia-sa-seleccionara-personal-para-venta-de-salon\/"]}]},{"@type":"ImageObject","inLanguage":"es","@id":"https:\/\/www.noticiasradioreflejos.com.ar\/2021\/casa-silvia-sa-seleccionara-personal-para-venta-de-salon\/#primaryimage","url":"https:\/\/www.noticiasradioreflejos.com.ar\/2021\/wp-content\/uploads\/2021\/12\/casasilviatqt.jpg","contentUrl":"https:\/\/www.noticiasradioreflejos.com.ar\/2021\/wp-content\/uploads\/2021\/12\/casasilviatqt.jpg","width":370,"height":246},{"@type":"BreadcrumbList","@id":"https:\/\/www.noticiasradioreflejos.com.ar\/2021\/casa-silvia-sa-seleccionara-personal-para-venta-de-salon\/#breadcrumb","itemListElement":[{"@type":"ListItem","position":1,"name":"Portada","item":"https:\/\/www.noticiasradioreflejos.com.ar\/2021\/"},{"@type":"ListItem","position":2,"name":"Casa Silvia SA seleccionar\u00e1 personal para venta de sal\u00f3n"}]},{"@type":"WebSite","@id":"https:\/\/www.noticiasradioreflejos.com.ar\/2021\/#website","url":"https:\/\/www.noticiasradioreflejos.com.ar\/2021\/","name":"Noticias Radio Reflejos","description":"Las noticias de mi comarca","potentialAction":[{"@type":"SearchAction","target":{"@type":"EntryPoint","urlTemplate":"https:\/\/www.noticiasradioreflejos.com.ar\/2021\/?s={search_term_string}"},"query-input":{"@type":"PropertyValueSpecification","valueRequired":true,"valueName":"search_term_string"}}],"inLanguage":"es"},{"@type":"Person","@id":"https:\/\/www.noticiasradioreflejos.com.ar\/2021\/#\/schema\/person\/ad82545263dcc5ec0996818884fd5fb1","name":"Arnaldo Botto","image":{"@type":"ImageObject","inLanguage":"es","@id":"https:\/\/www.noticiasradioreflejos.com.ar\/2021\/#\/schema\/person\/image\/","url":"https:\/\/secure.gravatar.com\/avatar\/55cb5e37c1efa326397366e6974cb338056df65cb50e7d64d1cf314e87504837?s=96&d=mm&r=g","contentUrl":"https:\/\/secure.gravatar.com\/avatar\/55cb5e37c1efa326397366e6974cb338056df65cb50e7d64d1cf314e87504837?s=96&d=mm&r=g","caption":"Arnaldo Botto"},"url":"https:\/\/www.noticiasradioreflejos.com.ar\/2021\/author\/arnaldo\/"}]}},"_links":{"self":[{"href":"https:\/\/www.noticiasradioreflejos.com.ar\/2021\/wp-json\/wp\/v2\/posts\/65860","targetHints":{"allow":["GET"]}}],"collection":[{"href":"https:\/\/www.noticiasradioreflejos.com.ar\/2021\/wp-json\/wp\/v2\/posts"}],"about":[{"href":"https:\/\/www.noticiasradioreflejos.com.ar\/2021\/wp-json\/wp\/v2\/types\/post"}],"author":[{"embeddable":true,"href":"https:\/\/www.noticiasradioreflejos.com.ar\/2021\/wp-json\/wp\/v2\/users\/3"}],"replies":[{"embeddable":true,"href":"https:\/\/www.noticiasradioreflejos.com.ar\/2021\/wp-json\/wp\/v2\/comments?post=65860"}],"version-history":[{"count":1,"href":"https:\/\/www.noticiasradioreflejos.com.ar\/2021\/wp-json\/wp\/v2\/posts\/65860\/revisions"}],"predecessor-version":[{"id":65862,"href":"https:\/\/www.noticiasradioreflejos.com.ar\/2021\/wp-json\/wp\/v2\/posts\/65860\/revisions\/65862"}],"wp:featuredmedia":[{"embeddable":true,"href":"https:\/\/www.noticiasradioreflejos.com.ar\/2021\/wp-json\/wp\/v2\/media\/65861"}],"wp:attachment":[{"href":"https:\/\/www.noticiasradioreflejos.com.ar\/2021\/wp-json\/wp\/v2\/media?parent=65860"}],"wp:term":[{"taxonomy":"category","embeddable":true,"href":"https:\/\/www.noticiasradioreflejos.com.ar\/2021\/wp-json\/wp\/v2\/categories?post=65860"},{"taxonomy":"post_tag","embeddable":true,"href":"https:\/\/www.noticiasradioreflejos.com.ar\/2021\/wp-json\/wp\/v2\/tags?post=65860"}],"curies":[{"name":"wp","href":"https:\/\/api.w.org\/{rel}","templated":true}]}}