{"id":65854,"date":"2021-12-09T18:50:04","date_gmt":"2021-12-09T18:50:04","guid":{"rendered":"http:\/\/www.noticiasradioreflejos.com.ar\/2021\/?p=65854"},"modified":"2021-12-09T18:51:43","modified_gmt":"2021-12-09T18:51:43","slug":"uniran-sierra-de-la-ventana-y-saldungaray-con-una-jornada-de-plogging-2","status":"publish","type":"post","link":"https:\/\/www.noticiasradioreflejos.com.ar\/2021\/uniran-sierra-de-la-ventana-y-saldungaray-con-una-jornada-de-plogging-2\/","title":{"rendered":"Unir\u00e1n Sierra de la Ventana y Saldungaray con una jornada de plogging"},"content":{"rendered":"<p>Con motivo del 11\u00b0 aniversario de la Planta de Reciclaje 3R, el domingo 12 de diciembre se realizar\u00e1 una jornada de plogging que unir\u00e1 Sierra de la Ventana con Saldungaray.<!--more--><\/p>\n<p>La actividad, organizada por la agrupaci\u00f3n Ciclismo Zonal, la Cooperativa 3R y la Direcci\u00f3n de Medio Ambiente, comenzar\u00e1 a las 9 hs y tendr\u00e1 dos puntos de partida: la Plaza del Reloj de Sierra de la Ventana y la plaza principal de Saldungaray. Al finalizar, se sortear\u00e1n dos bicicletas entre todos los participantes.<\/p>\n<p>El plogging es una actividad deportiva sostenible, que combina el ejercicio con el cuidado del ambiente, y consiste en llevar una bolsa y recoger los residuos s\u00f3lidos que se encuentran durante el recorrido, donde se realiza la actividad f\u00edsica.<\/p>\n<p><a href=\"https:\/\/www.flickr.com\/photos\/182279889@N02\/51735975468\/in\/dateposted-public\/\"><img loading=\"lazy\" decoding=\"async\" src=\"https:\/\/live.staticflickr.com\/65535\/51735975468_648c0045ba_z.jpg\" alt=\"Jornada plogging\" width=\"361\" height=\"640\" \/><\/a><\/p>\n","protected":false},"excerpt":{"rendered":"<p>Con motivo del 11\u00b0 aniversario de la Planta de Reciclaje 3R, el domingo 12 de diciembre se realizar\u00e1 una jornada de plogging que unir\u00e1 Sierra de la Ventana con Saldungaray.<\/p>\n","protected":false},"author":3,"featured_media":0,"comment_status":"closed","ping_status":"closed","sticky":false,"template":"","format":"standard","meta":{"footnotes":""},"categories":[33],"tags":[],"class_list":["post-65854","post","type-post","status-publish","format-standard","hentry","category-turismo"],"yoast_head":"<!-- This site is optimized with the Yoast SEO plugin v25.9 - https:\/\/yoast.com\/wordpress\/plugins\/seo\/ -->\n<title>Unir\u00e1n Sierra de la Ventana y Saldungaray con una jornada de plogging - Noticias Radio Reflejos<\/title>\n<meta name=\"robots\" content=\"index, follow, max-snippet:-1, max-image-preview:large, max-video-preview:-1\" \/>\n<link rel=\"canonical\" href=\"https:\/\/www.noticiasradioreflejos.com.ar\/2021\/uniran-sierra-de-la-ventana-y-saldungaray-con-una-jornada-de-plogging-2\/\" \/>\n<meta property=\"og:locale\" content=\"es_ES\" \/>\n<meta property=\"og:type\" content=\"article\" \/>\n<meta property=\"og:title\" content=\"Unir\u00e1n Sierra de la Ventana y Saldungaray con una jornada de plogging - Noticias Radio Reflejos\" \/>\n<meta property=\"og:description\" content=\"Con motivo del 11\u00b0 aniversario de la Planta de Reciclaje 3R, el domingo 12 de diciembre se realizar\u00e1 una jornada de plogging que unir\u00e1 Sierra de la Ventana con Saldungaray.\" \/>\n<meta property=\"og:url\" content=\"https:\/\/www.noticiasradioreflejos.com.ar\/2021\/uniran-sierra-de-la-ventana-y-saldungaray-con-una-jornada-de-plogging-2\/\" \/>\n<meta property=\"og:site_name\" content=\"Noticias Radio Reflejos\" \/>\n<meta property=\"article:published_time\" content=\"2021-12-09T18:50:04+00:00\" \/>\n<meta property=\"article:modified_time\" content=\"2021-12-09T18:51:43+00:00\" \/>\n<meta property=\"og:image\" content=\"https:\/\/www.noticiasradioreflejos.com.ar\/2021\/wp-content\/uploads\/2021\/07\/logosol300x200.png\" \/>\n\t<meta property=\"og:image:width\" content=\"300\" \/>\n\t<meta property=\"og:image:height\" content=\"200\" \/>\n\t<meta property=\"og:image:type\" content=\"image\/png\" \/>\n<meta name=\"author\" content=\"Arnaldo Botto\" \/>\n<meta name=\"twitter:card\" content=\"summary_large_image\" \/>\n<script type=\"application\/ld+json\" class=\"yoast-schema-graph\">{\"@context\":\"https:\/\/schema.org\",\"@graph\":[{\"@type\":\"WebPage\",\"@id\":\"https:\/\/www.noticiasradioreflejos.com.ar\/2021\/uniran-sierra-de-la-ventana-y-saldungaray-con-una-jornada-de-plogging-2\/\",\"url\":\"https:\/\/www.noticiasradioreflejos.com.ar\/2021\/uniran-sierra-de-la-ventana-y-saldungaray-con-una-jornada-de-plogging-2\/\",\"name\":\"Unir\u00e1n Sierra de la Ventana y Saldungaray con una jornada de plogging - Noticias Radio Reflejos\",\"isPartOf\":{\"@id\":\"https:\/\/www.noticiasradioreflejos.com.ar\/2021\/#website\"},\"datePublished\":\"2021-12-09T18:50:04+00:00\",\"dateModified\":\"2021-12-09T18:51:43+00:00\",\"author\":{\"@id\":\"https:\/\/www.noticiasradioreflejos.com.ar\/2021\/#\/schema\/person\/ad82545263dcc5ec0996818884fd5fb1\"},\"breadcrumb\":{\"@id\":\"https:\/\/www.noticiasradioreflejos.com.ar\/2021\/uniran-sierra-de-la-ventana-y-saldungaray-con-una-jornada-de-plogging-2\/#breadcrumb\"},\"inLanguage\":\"es\",\"potentialAction\":[{\"@type\":\"ReadAction\",\"target\":[\"https:\/\/www.noticiasradioreflejos.com.ar\/2021\/uniran-sierra-de-la-ventana-y-saldungaray-con-una-jornada-de-plogging-2\/\"]}]},{\"@type\":\"BreadcrumbList\",\"@id\":\"https:\/\/www.noticiasradioreflejos.com.ar\/2021\/uniran-sierra-de-la-ventana-y-saldungaray-con-una-jornada-de-plogging-2\/#breadcrumb\",\"itemListElement\":[{\"@type\":\"ListItem\",\"position\":1,\"name\":\"Portada\",\"item\":\"https:\/\/www.noticiasradioreflejos.com.ar\/2021\/\"},{\"@type\":\"ListItem\",\"position\":2,\"name\":\"Unir\u00e1n Sierra de la Ventana y Saldungaray con una jornada de plogging\"}]},{\"@type\":\"WebSite\",\"@id\":\"https:\/\/www.noticiasradioreflejos.com.ar\/2021\/#website\",\"url\":\"https:\/\/www.noticiasradioreflejos.com.ar\/2021\/\",\"name\":\"Noticias Radio Reflejos\",\"description\":\"Las noticias de mi comarca\",\"potentialAction\":[{\"@type\":\"SearchAction\",\"target\":{\"@type\":\"EntryPoint\",\"urlTemplate\":\"https:\/\/www.noticiasradioreflejos.com.ar\/2021\/?s={search_term_string}\"},\"query-input\":{\"@type\":\"PropertyValueSpecification\",\"valueRequired\":true,\"valueName\":\"search_term_string\"}}],\"inLanguage\":\"es\"},{\"@type\":\"Person\",\"@id\":\"https:\/\/www.noticiasradioreflejos.com.ar\/2021\/#\/schema\/person\/ad82545263dcc5ec0996818884fd5fb1\",\"name\":\"Arnaldo Botto\",\"image\":{\"@type\":\"ImageObject\",\"inLanguage\":\"es\",\"@id\":\"https:\/\/www.noticiasradioreflejos.com.ar\/2021\/#\/schema\/person\/image\/\",\"url\":\"https:\/\/secure.gravatar.com\/avatar\/55cb5e37c1efa326397366e6974cb338056df65cb50e7d64d1cf314e87504837?s=96&d=mm&r=g\",\"contentUrl\":\"https:\/\/secure.gravatar.com\/avatar\/55cb5e37c1efa326397366e6974cb338056df65cb50e7d64d1cf314e87504837?s=96&d=mm&r=g\",\"caption\":\"Arnaldo Botto\"},\"url\":\"https:\/\/www.noticiasradioreflejos.com.ar\/2021\/author\/arnaldo\/\"}]}<\/script>\n<!-- \/ Yoast SEO plugin. -->","yoast_head_json":{"title":"Unir\u00e1n Sierra de la Ventana y Saldungaray con una jornada de plogging - Noticias Radio Reflejos","robots":{"index":"index","follow":"follow","max-snippet":"max-snippet:-1","max-image-preview":"max-image-preview:large","max-video-preview":"max-video-preview:-1"},"canonical":"https:\/\/www.noticiasradioreflejos.com.ar\/2021\/uniran-sierra-de-la-ventana-y-saldungaray-con-una-jornada-de-plogging-2\/","og_locale":"es_ES","og_type":"article","og_title":"Unir\u00e1n Sierra de la Ventana y Saldungaray con una jornada de plogging - Noticias Radio Reflejos","og_description":"Con motivo del 11\u00b0 aniversario de la Planta de Reciclaje 3R, el domingo 12 de diciembre se realizar\u00e1 una jornada de plogging que unir\u00e1 Sierra de la Ventana con Saldungaray.","og_url":"https:\/\/www.noticiasradioreflejos.com.ar\/2021\/uniran-sierra-de-la-ventana-y-saldungaray-con-una-jornada-de-plogging-2\/","og_site_name":"Noticias Radio Reflejos","article_published_time":"2021-12-09T18:50:04+00:00","article_modified_time":"2021-12-09T18:51:43+00:00","og_image":[{"width":300,"height":200,"url":"https:\/\/www.noticiasradioreflejos.com.ar\/2021\/wp-content\/uploads\/2021\/07\/logosol300x200.png","type":"image\/png"}],"author":"Arnaldo Botto","twitter_card":"summary_large_image","schema":{"@context":"https:\/\/schema.org","@graph":[{"@type":"WebPage","@id":"https:\/\/www.noticiasradioreflejos.com.ar\/2021\/uniran-sierra-de-la-ventana-y-saldungaray-con-una-jornada-de-plogging-2\/","url":"https:\/\/www.noticiasradioreflejos.com.ar\/2021\/uniran-sierra-de-la-ventana-y-saldungaray-con-una-jornada-de-plogging-2\/","name":"Unir\u00e1n Sierra de la Ventana y Saldungaray con una jornada de plogging - Noticias Radio Reflejos","isPartOf":{"@id":"https:\/\/www.noticiasradioreflejos.com.ar\/2021\/#website"},"datePublished":"2021-12-09T18:50:04+00:00","dateModified":"2021-12-09T18:51:43+00:00","author":{"@id":"https:\/\/www.noticiasradioreflejos.com.ar\/2021\/#\/schema\/person\/ad82545263dcc5ec0996818884fd5fb1"},"breadcrumb":{"@id":"https:\/\/www.noticiasradioreflejos.com.ar\/2021\/uniran-sierra-de-la-ventana-y-saldungaray-con-una-jornada-de-plogging-2\/#breadcrumb"},"inLanguage":"es","potentialAction":[{"@type":"ReadAction","target":["https:\/\/www.noticiasradioreflejos.com.ar\/2021\/uniran-sierra-de-la-ventana-y-saldungaray-con-una-jornada-de-plogging-2\/"]}]},{"@type":"BreadcrumbList","@id":"https:\/\/www.noticiasradioreflejos.com.ar\/2021\/uniran-sierra-de-la-ventana-y-saldungaray-con-una-jornada-de-plogging-2\/#breadcrumb","itemListElement":[{"@type":"ListItem","position":1,"name":"Portada","item":"https:\/\/www.noticiasradioreflejos.com.ar\/2021\/"},{"@type":"ListItem","position":2,"name":"Unir\u00e1n Sierra de la Ventana y Saldungaray con una jornada de plogging"}]},{"@type":"WebSite","@id":"https:\/\/www.noticiasradioreflejos.com.ar\/2021\/#website","url":"https:\/\/www.noticiasradioreflejos.com.ar\/2021\/","name":"Noticias Radio Reflejos","description":"Las noticias de mi comarca","potentialAction":[{"@type":"SearchAction","target":{"@type":"EntryPoint","urlTemplate":"https:\/\/www.noticiasradioreflejos.com.ar\/2021\/?s={search_term_string}"},"query-input":{"@type":"PropertyValueSpecification","valueRequired":true,"valueName":"search_term_string"}}],"inLanguage":"es"},{"@type":"Person","@id":"https:\/\/www.noticiasradioreflejos.com.ar\/2021\/#\/schema\/person\/ad82545263dcc5ec0996818884fd5fb1","name":"Arnaldo Botto","image":{"@type":"ImageObject","inLanguage":"es","@id":"https:\/\/www.noticiasradioreflejos.com.ar\/2021\/#\/schema\/person\/image\/","url":"https:\/\/secure.gravatar.com\/avatar\/55cb5e37c1efa326397366e6974cb338056df65cb50e7d64d1cf314e87504837?s=96&d=mm&r=g","contentUrl":"https:\/\/secure.gravatar.com\/avatar\/55cb5e37c1efa326397366e6974cb338056df65cb50e7d64d1cf314e87504837?s=96&d=mm&r=g","caption":"Arnaldo Botto"},"url":"https:\/\/www.noticiasradioreflejos.com.ar\/2021\/author\/arnaldo\/"}]}},"_links":{"self":[{"href":"https:\/\/www.noticiasradioreflejos.com.ar\/2021\/wp-json\/wp\/v2\/posts\/65854","targetHints":{"allow":["GET"]}}],"collection":[{"href":"https:\/\/www.noticiasradioreflejos.com.ar\/2021\/wp-json\/wp\/v2\/posts"}],"about":[{"href":"https:\/\/www.noticiasradioreflejos.com.ar\/2021\/wp-json\/wp\/v2\/types\/post"}],"author":[{"embeddable":true,"href":"https:\/\/www.noticiasradioreflejos.com.ar\/2021\/wp-json\/wp\/v2\/users\/3"}],"replies":[{"embeddable":true,"href":"https:\/\/www.noticiasradioreflejos.com.ar\/2021\/wp-json\/wp\/v2\/comments?post=65854"}],"version-history":[{"count":2,"href":"https:\/\/www.noticiasradioreflejos.com.ar\/2021\/wp-json\/wp\/v2\/posts\/65854\/revisions"}],"predecessor-version":[{"id":65857,"href":"https:\/\/www.noticiasradioreflejos.com.ar\/2021\/wp-json\/wp\/v2\/posts\/65854\/revisions\/65857"}],"wp:attachment":[{"href":"https:\/\/www.noticiasradioreflejos.com.ar\/2021\/wp-json\/wp\/v2\/media?parent=65854"}],"wp:term":[{"taxonomy":"category","embeddable":true,"href":"https:\/\/www.noticiasradioreflejos.com.ar\/2021\/wp-json\/wp\/v2\/categories?post=65854"},{"taxonomy":"post_tag","embeddable":true,"href":"https:\/\/www.noticiasradioreflejos.com.ar\/2021\/wp-json\/wp\/v2\/tags?post=65854"}],"curies":[{"name":"wp","href":"https:\/\/api.w.org\/{rel}","templated":true}]}}