{"id":65842,"date":"2021-12-08T23:41:04","date_gmt":"2021-12-08T23:41:04","guid":{"rendered":"http:\/\/www.noticiasradioreflejos.com.ar\/2021\/?p=65842"},"modified":"2021-12-08T23:41:04","modified_gmt":"2021-12-08T23:41:04","slug":"academicos-de-sociales-abordaran-las-desigualdades-en-la-latinoamerica-de-la-pospandemia","status":"publish","type":"post","link":"https:\/\/www.noticiasradioreflejos.com.ar\/2021\/academicos-de-sociales-abordaran-las-desigualdades-en-la-latinoamerica-de-la-pospandemia\/","title":{"rendered":"Acad\u00e9micos de Sociales abordar\u00e1n las desigualdades en la Latinoam\u00e9rica de la pospandemia"},"content":{"rendered":"<p>Las desigualdades en Am\u00e9rica Latina y el Caribe ser\u00e1n eje de la novena Conferencia Latinoamericana y Caribe\u00f1a de Ciencias Sociales, el mayor evento acad\u00e9mico y pol\u00edtico de las Ciencias Sociales y las Humanidades de la regi\u00f3n, que abordar\u00e1 los aspectos sociales, educativos y culturales en la pospandemia.<!--more--><\/p>\n<p>El Consejo Latinoamericano de Ciencias Sociales (Clacso) ser\u00e1 el organizador del evento a desarrollarse en M\u00e9xico en junio del a\u00f1o pr\u00f3ximo con la participaci\u00f3n de m\u00e1s de 5.000 conferencistas que trabajar\u00e1n 34 abordajes sobre la desigualdad.<\/p>\n<p>De acuerdo con datos de Clacso, en el 2019 un 10% de la poblaci\u00f3n de la regi\u00f3n concentraba el 37% de los ingresos, mientras el 40% el 13%.<\/p>\n<p>En tanto, en 2020, de cada 100 habitantes, 34 eran pobres y 13 se encontraban en pobreza extrema.<\/p>\n<p>Adem\u00e1s, las desigualdades por g\u00e9nero, un rasgo estructural e hist\u00f3rico en la regi\u00f3n, registr\u00f3 el a\u00f1o pasado un retroceso de 18 a\u00f1os en la participaci\u00f3n de las mujeres en el mercado laboral, como producto de la pandemia.<\/p>\n<p>Seg\u00fan diversos estudios, durante la primera fase de la pandemia, en Argentina el 54% de las mujeres expres\u00f3 sentir una mayor sobrecarga de trabajo de cuidados, mientras que en Colombia, mientras las mujeres sol\u00edan dedicar 7 horas al trabajo no remunerado, con la pandemia dedicaron una hora m\u00e1s.<\/p>\n<p>En Chile, las mujeres sumaron 2 horas diarias y en Uruguay, una hora y media m\u00e1s a las que ya les dedicaban a las tareas de cuidado.<\/p>\n<p>La situaci\u00f3n m\u00e1s extrema de la desigualdad de g\u00e9nero est\u00e1 representada por el feminicidio.<\/p>\n<p>Seg\u00edn Clacso, las estad\u00edsticas o registros de la Oficina de Naciones Unidas contra las Drogas y el Crimen (UNODC), muestra que en Am\u00e9rica Latina 14 de los 25 pa\u00edses tienen los \u00edndices de cr\u00edmenes contra las mujeres m\u00e1s altos del mundo. Y que la regi\u00f3n es adem\u00e1s la segunda m\u00e1s peligrosa para las mujeres, solo superada por \u00c1frica.<\/p>\n<p>En cuanto a las desigualdades econ\u00f3micas, en el 2020, de cada 100 habitantes de Am\u00e9rica latina y el Caribe, 34 eran pobres (sus ingresos no cubr\u00edan la canasta b\u00e1sica). De esos, 13 se hallaban en la pobreza extrema sin cubrir la canasta alimentaria.<\/p>\n<p>Se trata de 209 millones de personas pobres, 22 millones m\u00e1s que en 2019 y 78 millones en situaci\u00f3n de pobreza extrema ,8 millones m\u00e1s que hace dos a\u00f1os , seg\u00fan la Comisi\u00f3n Econ\u00f3mica para Am\u00e9rica Latina y el Caribe (CEPAL)<\/p>\n<p>El objetivo de la Conferencia ser\u00e1 abordar las desigualdades sociales a partir de distintos \u00e1spectos como el acceso a la ciudad, la salud y la educaci\u00f3n; ciencia, tecnolog\u00eda y sociedad; cultura; conflictos urbanos; feminismos y disidencias; infancias y juventudes; migraciones; sociedad del cuidado; violencias de g\u00e9nero<\/p>\n<p>Tambi\u00e9n violencias y pol\u00edticas de seguridad; conflictos agrarios; procesos de paz; naturaleza y ambiente, entre otros.<\/p>\n<p>Adem\u00e1s, habr\u00e1 una feria internacional del libro de las ciencias sociales y las humanidades, y un ciclo internacional de cine, entre otros eventos especiales.<\/p>\n<p>La conferencia tendr\u00e1 lugar entre el 7 y el 10 junio de 2022, en la sede de la Universidad Aut\u00f3noma de M\u00e9xico (UNAM).<\/p>\n<p>Fuente: T\u00e9lam<\/p>\n","protected":false},"excerpt":{"rendered":"<p>Las desigualdades en Am\u00e9rica Latina y el Caribe ser\u00e1n eje de la novena Conferencia Latinoamericana y Caribe\u00f1a de Ciencias Sociales, el mayor evento acad\u00e9mico y pol\u00edtico de las Ciencias Sociales y las Humanidades de la regi\u00f3n, que abordar\u00e1 los aspectos sociales, educativos y culturales en la pospandemia.<\/p>\n","protected":false},"author":3,"featured_media":0,"comment_status":"closed","ping_status":"closed","sticky":false,"template":"","format":"standard","meta":{"footnotes":""},"categories":[26],"tags":[],"class_list":["post-65842","post","type-post","status-publish","format-standard","hentry","category-sociedad"],"yoast_head":"<!-- This site is optimized with the Yoast SEO plugin v25.9 - https:\/\/yoast.com\/wordpress\/plugins\/seo\/ -->\n<title>Acad\u00e9micos de Sociales abordar\u00e1n las desigualdades en la Latinoam\u00e9rica de la pospandemia - Noticias Radio Reflejos<\/title>\n<meta name=\"robots\" content=\"index, follow, max-snippet:-1, max-image-preview:large, max-video-preview:-1\" \/>\n<link rel=\"canonical\" href=\"https:\/\/www.noticiasradioreflejos.com.ar\/2021\/academicos-de-sociales-abordaran-las-desigualdades-en-la-latinoamerica-de-la-pospandemia\/\" \/>\n<meta property=\"og:locale\" content=\"es_ES\" \/>\n<meta property=\"og:type\" content=\"article\" \/>\n<meta property=\"og:title\" content=\"Acad\u00e9micos de Sociales abordar\u00e1n las desigualdades en la Latinoam\u00e9rica de la pospandemia - Noticias Radio Reflejos\" \/>\n<meta property=\"og:description\" content=\"Las desigualdades en Am\u00e9rica Latina y el Caribe ser\u00e1n eje de la novena Conferencia Latinoamericana y Caribe\u00f1a de Ciencias Sociales, el mayor evento acad\u00e9mico y pol\u00edtico de las Ciencias Sociales y las Humanidades de la regi\u00f3n, que abordar\u00e1 los aspectos sociales, educativos y culturales en la pospandemia.\" \/>\n<meta property=\"og:url\" content=\"https:\/\/www.noticiasradioreflejos.com.ar\/2021\/academicos-de-sociales-abordaran-las-desigualdades-en-la-latinoamerica-de-la-pospandemia\/\" \/>\n<meta property=\"og:site_name\" content=\"Noticias Radio Reflejos\" \/>\n<meta property=\"article:published_time\" content=\"2021-12-08T23:41:04+00:00\" \/>\n<meta property=\"og:image\" content=\"https:\/\/www.noticiasradioreflejos.com.ar\/2021\/wp-content\/uploads\/2021\/07\/logosol300x200.png\" \/>\n\t<meta property=\"og:image:width\" content=\"300\" \/>\n\t<meta property=\"og:image:height\" content=\"200\" \/>\n\t<meta property=\"og:image:type\" content=\"image\/png\" \/>\n<meta name=\"author\" content=\"Arnaldo Botto\" \/>\n<meta name=\"twitter:card\" content=\"summary_large_image\" \/>\n<script type=\"application\/ld+json\" class=\"yoast-schema-graph\">{\"@context\":\"https:\/\/schema.org\",\"@graph\":[{\"@type\":\"WebPage\",\"@id\":\"https:\/\/www.noticiasradioreflejos.com.ar\/2021\/academicos-de-sociales-abordaran-las-desigualdades-en-la-latinoamerica-de-la-pospandemia\/\",\"url\":\"https:\/\/www.noticiasradioreflejos.com.ar\/2021\/academicos-de-sociales-abordaran-las-desigualdades-en-la-latinoamerica-de-la-pospandemia\/\",\"name\":\"Acad\u00e9micos de Sociales abordar\u00e1n las desigualdades en la Latinoam\u00e9rica de la pospandemia - Noticias Radio Reflejos\",\"isPartOf\":{\"@id\":\"https:\/\/www.noticiasradioreflejos.com.ar\/2021\/#website\"},\"datePublished\":\"2021-12-08T23:41:04+00:00\",\"author\":{\"@id\":\"https:\/\/www.noticiasradioreflejos.com.ar\/2021\/#\/schema\/person\/ad82545263dcc5ec0996818884fd5fb1\"},\"breadcrumb\":{\"@id\":\"https:\/\/www.noticiasradioreflejos.com.ar\/2021\/academicos-de-sociales-abordaran-las-desigualdades-en-la-latinoamerica-de-la-pospandemia\/#breadcrumb\"},\"inLanguage\":\"es\",\"potentialAction\":[{\"@type\":\"ReadAction\",\"target\":[\"https:\/\/www.noticiasradioreflejos.com.ar\/2021\/academicos-de-sociales-abordaran-las-desigualdades-en-la-latinoamerica-de-la-pospandemia\/\"]}]},{\"@type\":\"BreadcrumbList\",\"@id\":\"https:\/\/www.noticiasradioreflejos.com.ar\/2021\/academicos-de-sociales-abordaran-las-desigualdades-en-la-latinoamerica-de-la-pospandemia\/#breadcrumb\",\"itemListElement\":[{\"@type\":\"ListItem\",\"position\":1,\"name\":\"Portada\",\"item\":\"https:\/\/www.noticiasradioreflejos.com.ar\/2021\/\"},{\"@type\":\"ListItem\",\"position\":2,\"name\":\"Acad\u00e9micos de Sociales abordar\u00e1n las desigualdades en la Latinoam\u00e9rica de la pospandemia\"}]},{\"@type\":\"WebSite\",\"@id\":\"https:\/\/www.noticiasradioreflejos.com.ar\/2021\/#website\",\"url\":\"https:\/\/www.noticiasradioreflejos.com.ar\/2021\/\",\"name\":\"Noticias Radio Reflejos\",\"description\":\"Las noticias de mi comarca\",\"potentialAction\":[{\"@type\":\"SearchAction\",\"target\":{\"@type\":\"EntryPoint\",\"urlTemplate\":\"https:\/\/www.noticiasradioreflejos.com.ar\/2021\/?s={search_term_string}\"},\"query-input\":{\"@type\":\"PropertyValueSpecification\",\"valueRequired\":true,\"valueName\":\"search_term_string\"}}],\"inLanguage\":\"es\"},{\"@type\":\"Person\",\"@id\":\"https:\/\/www.noticiasradioreflejos.com.ar\/2021\/#\/schema\/person\/ad82545263dcc5ec0996818884fd5fb1\",\"name\":\"Arnaldo Botto\",\"image\":{\"@type\":\"ImageObject\",\"inLanguage\":\"es\",\"@id\":\"https:\/\/www.noticiasradioreflejos.com.ar\/2021\/#\/schema\/person\/image\/\",\"url\":\"https:\/\/secure.gravatar.com\/avatar\/55cb5e37c1efa326397366e6974cb338056df65cb50e7d64d1cf314e87504837?s=96&d=mm&r=g\",\"contentUrl\":\"https:\/\/secure.gravatar.com\/avatar\/55cb5e37c1efa326397366e6974cb338056df65cb50e7d64d1cf314e87504837?s=96&d=mm&r=g\",\"caption\":\"Arnaldo Botto\"},\"url\":\"https:\/\/www.noticiasradioreflejos.com.ar\/2021\/author\/arnaldo\/\"}]}<\/script>\n<!-- \/ Yoast SEO plugin. -->","yoast_head_json":{"title":"Acad\u00e9micos de Sociales abordar\u00e1n las desigualdades en la Latinoam\u00e9rica de la pospandemia - Noticias Radio Reflejos","robots":{"index":"index","follow":"follow","max-snippet":"max-snippet:-1","max-image-preview":"max-image-preview:large","max-video-preview":"max-video-preview:-1"},"canonical":"https:\/\/www.noticiasradioreflejos.com.ar\/2021\/academicos-de-sociales-abordaran-las-desigualdades-en-la-latinoamerica-de-la-pospandemia\/","og_locale":"es_ES","og_type":"article","og_title":"Acad\u00e9micos de Sociales abordar\u00e1n las desigualdades en la Latinoam\u00e9rica de la pospandemia - Noticias Radio Reflejos","og_description":"Las desigualdades en Am\u00e9rica Latina y el Caribe ser\u00e1n eje de la novena Conferencia Latinoamericana y Caribe\u00f1a de Ciencias Sociales, el mayor evento acad\u00e9mico y pol\u00edtico de las Ciencias Sociales y las Humanidades de la regi\u00f3n, que abordar\u00e1 los aspectos sociales, educativos y culturales en la pospandemia.","og_url":"https:\/\/www.noticiasradioreflejos.com.ar\/2021\/academicos-de-sociales-abordaran-las-desigualdades-en-la-latinoamerica-de-la-pospandemia\/","og_site_name":"Noticias Radio Reflejos","article_published_time":"2021-12-08T23:41:04+00:00","og_image":[{"width":300,"height":200,"url":"https:\/\/www.noticiasradioreflejos.com.ar\/2021\/wp-content\/uploads\/2021\/07\/logosol300x200.png","type":"image\/png"}],"author":"Arnaldo Botto","twitter_card":"summary_large_image","schema":{"@context":"https:\/\/schema.org","@graph":[{"@type":"WebPage","@id":"https:\/\/www.noticiasradioreflejos.com.ar\/2021\/academicos-de-sociales-abordaran-las-desigualdades-en-la-latinoamerica-de-la-pospandemia\/","url":"https:\/\/www.noticiasradioreflejos.com.ar\/2021\/academicos-de-sociales-abordaran-las-desigualdades-en-la-latinoamerica-de-la-pospandemia\/","name":"Acad\u00e9micos de Sociales abordar\u00e1n las desigualdades en la Latinoam\u00e9rica de la pospandemia - Noticias Radio Reflejos","isPartOf":{"@id":"https:\/\/www.noticiasradioreflejos.com.ar\/2021\/#website"},"datePublished":"2021-12-08T23:41:04+00:00","author":{"@id":"https:\/\/www.noticiasradioreflejos.com.ar\/2021\/#\/schema\/person\/ad82545263dcc5ec0996818884fd5fb1"},"breadcrumb":{"@id":"https:\/\/www.noticiasradioreflejos.com.ar\/2021\/academicos-de-sociales-abordaran-las-desigualdades-en-la-latinoamerica-de-la-pospandemia\/#breadcrumb"},"inLanguage":"es","potentialAction":[{"@type":"ReadAction","target":["https:\/\/www.noticiasradioreflejos.com.ar\/2021\/academicos-de-sociales-abordaran-las-desigualdades-en-la-latinoamerica-de-la-pospandemia\/"]}]},{"@type":"BreadcrumbList","@id":"https:\/\/www.noticiasradioreflejos.com.ar\/2021\/academicos-de-sociales-abordaran-las-desigualdades-en-la-latinoamerica-de-la-pospandemia\/#breadcrumb","itemListElement":[{"@type":"ListItem","position":1,"name":"Portada","item":"https:\/\/www.noticiasradioreflejos.com.ar\/2021\/"},{"@type":"ListItem","position":2,"name":"Acad\u00e9micos de Sociales abordar\u00e1n las desigualdades en la Latinoam\u00e9rica de la pospandemia"}]},{"@type":"WebSite","@id":"https:\/\/www.noticiasradioreflejos.com.ar\/2021\/#website","url":"https:\/\/www.noticiasradioreflejos.com.ar\/2021\/","name":"Noticias Radio Reflejos","description":"Las noticias de mi comarca","potentialAction":[{"@type":"SearchAction","target":{"@type":"EntryPoint","urlTemplate":"https:\/\/www.noticiasradioreflejos.com.ar\/2021\/?s={search_term_string}"},"query-input":{"@type":"PropertyValueSpecification","valueRequired":true,"valueName":"search_term_string"}}],"inLanguage":"es"},{"@type":"Person","@id":"https:\/\/www.noticiasradioreflejos.com.ar\/2021\/#\/schema\/person\/ad82545263dcc5ec0996818884fd5fb1","name":"Arnaldo Botto","image":{"@type":"ImageObject","inLanguage":"es","@id":"https:\/\/www.noticiasradioreflejos.com.ar\/2021\/#\/schema\/person\/image\/","url":"https:\/\/secure.gravatar.com\/avatar\/55cb5e37c1efa326397366e6974cb338056df65cb50e7d64d1cf314e87504837?s=96&d=mm&r=g","contentUrl":"https:\/\/secure.gravatar.com\/avatar\/55cb5e37c1efa326397366e6974cb338056df65cb50e7d64d1cf314e87504837?s=96&d=mm&r=g","caption":"Arnaldo Botto"},"url":"https:\/\/www.noticiasradioreflejos.com.ar\/2021\/author\/arnaldo\/"}]}},"_links":{"self":[{"href":"https:\/\/www.noticiasradioreflejos.com.ar\/2021\/wp-json\/wp\/v2\/posts\/65842","targetHints":{"allow":["GET"]}}],"collection":[{"href":"https:\/\/www.noticiasradioreflejos.com.ar\/2021\/wp-json\/wp\/v2\/posts"}],"about":[{"href":"https:\/\/www.noticiasradioreflejos.com.ar\/2021\/wp-json\/wp\/v2\/types\/post"}],"author":[{"embeddable":true,"href":"https:\/\/www.noticiasradioreflejos.com.ar\/2021\/wp-json\/wp\/v2\/users\/3"}],"replies":[{"embeddable":true,"href":"https:\/\/www.noticiasradioreflejos.com.ar\/2021\/wp-json\/wp\/v2\/comments?post=65842"}],"version-history":[{"count":1,"href":"https:\/\/www.noticiasradioreflejos.com.ar\/2021\/wp-json\/wp\/v2\/posts\/65842\/revisions"}],"predecessor-version":[{"id":65844,"href":"https:\/\/www.noticiasradioreflejos.com.ar\/2021\/wp-json\/wp\/v2\/posts\/65842\/revisions\/65844"}],"wp:attachment":[{"href":"https:\/\/www.noticiasradioreflejos.com.ar\/2021\/wp-json\/wp\/v2\/media?parent=65842"}],"wp:term":[{"taxonomy":"category","embeddable":true,"href":"https:\/\/www.noticiasradioreflejos.com.ar\/2021\/wp-json\/wp\/v2\/categories?post=65842"},{"taxonomy":"post_tag","embeddable":true,"href":"https:\/\/www.noticiasradioreflejos.com.ar\/2021\/wp-json\/wp\/v2\/tags?post=65842"}],"curies":[{"name":"wp","href":"https:\/\/api.w.org\/{rel}","templated":true}]}}