{"id":65837,"date":"2021-12-08T13:42:17","date_gmt":"2021-12-08T13:42:17","guid":{"rendered":"http:\/\/www.noticiasradioreflejos.com.ar\/2021\/?p=65837"},"modified":"2021-12-08T13:42:17","modified_gmt":"2021-12-08T13:42:17","slug":"se-relanzo-el-programa-mas-cultura","status":"publish","type":"post","link":"https:\/\/www.noticiasradioreflejos.com.ar\/2021\/se-relanzo-el-programa-mas-cultura\/","title":{"rendered":"Se relanz\u00f3 el Programa \u00abM\u00c1S CULTURA\u00bb"},"content":{"rendered":"<p>El presidente de la Naci\u00f3n,\u00a0<strong><b>Alberto Fern\u00e1ndez<\/b><\/strong>, junto a la directora ejecutiva de ANSES,\u00a0<strong><b>Fernanda Raverta,\u00a0<\/b><\/strong>y al<strong><b>\u00a0<\/b><\/strong>ministro de Cultura de la Naci\u00f3n,\u00a0<strong><b>Trist\u00e1n Bauer<\/b><\/strong>, participaron del relanzamiento del programa\u00a0<strong><em><b><i>M\u00e1s Cultura,\u00a0<\/i><\/b><\/em><\/strong>por el cual j\u00f3venes de todo el pa\u00eds podr\u00e1n disfrutar de pel\u00edculas de cine, obras de teatro, shows musicales, visitas a museos y acceder a distintos bienes y espacios culturales.<!--more--><\/p>\n<p><a title=\"mas_cultura_2\" href=\"https:\/\/www.flickr.com\/photos\/182279889@N02\/51733941365\/in\/dateposted-public\/\" data-flickr-embed=\"true\"><img loading=\"lazy\" decoding=\"async\" src=\"https:\/\/live.staticflickr.com\/65535\/51733941365_205003f38b_c.jpg\" alt=\"mas_cultura_2\" width=\"800\" height=\"653\" \/><\/a><script async src=\"\/\/embedr.flickr.com\/assets\/client-code.js\" charset=\"utf-8\"><\/script><\/p>\n<p>Al respecto, el presidente,\u00a0<strong><b>Alberto Fern\u00e1ndez,<\/b><\/strong>\u00a0expres\u00f3: \u201c<em><i>El arte debe ser popular, capaz de llegar a todos y todas sin excepciones y, si a alguno le cuesta que el arte le llegue, tiene que haber un Estado que lo ayude\u00bb<\/i><\/em>, y agreg\u00f3: \u201c<em><i>Lo peor qued\u00f3 atr\u00e1s y ahora viene un tiempo mejor donde el arte y la cultura tienen mucho que ver<\/i><\/em>\u201d.<\/p>\n<p>Por su parte,\u00a0<strong><b>Raverta<\/b><\/strong>\u00a0afirm\u00f3:\u00a0\u00ab<em><i>Las y los j\u00f3venes de la Argentina pusieron en pausa cuestiones important\u00edsimas de su vida, sus proyectos personales, para cuidar a otras generaciones. Cuidarse ustedes para cuidar a otros es un acto transgresor, valioso y amoroso que, desde este Gobierno, queremos reconocer y agradecer\u00bb.<\/i><\/em><\/p>\n<p><em><i>\u00abNos merecemos un nuevo tiempo, un tiempo para disfrutar, construir y compartir. Despu\u00e9s de cuidarnos tanto ahora viene el tiempo de estar bien juntos, de seguir cuid\u00e1ndonos, pero abraz\u00e1ndonos fuerte\u00bb, concluy\u00f3\u00a0<strong><b>Raverta<\/b><\/strong>.<\/i><\/em><\/p>\n<p>A su tiempo,\u00a0<strong><b>Bauer<\/b><\/strong>\u00a0mencion\u00f3:\u00a0<em><i>\u00abDesde el Estado nacional trabajamos mucho para acompa\u00f1ar y sostener durante la pandemia. Ahora viene un momento nuevo, un momento de construcci\u00f3n, de esperanza y de trabajo para todas y todos. Este Ministerio, como lo est\u00e1 hoy con este programa, va a estar al lado de ustedes para que la cultura argentina florezca y ustedes van a ser protagonistas de esa transformaci\u00f3n y de ese cambio\u00bb<\/i><\/em>.<\/p>\n<p>La previa musical estuvo a cargo de\u00a0<strong><b>La<\/b><\/strong>\u00a0<strong><b>Coneja China<\/b><\/strong>,\u00a0<strong><b>Malandro<\/b><\/strong>\u00a0y\u00a0<strong><b>Shitstem<\/b><\/strong>.<\/p>\n<p>Ya son 400 mil las y los j\u00f3venes que durante diciembre comenzaron a disfrutar de\u00a0<strong><em><b><i>M\u00e1s Cultura<\/i><\/b><\/em><\/strong>\u00a0accediendo a entradas de cine, teatro, shows musicales, museos y distintos bienes y espacios culturales. A\u00fan hay tiempo de inscribirse en este programa.<\/p>\n<p><strong><em><b><i>M\u00e1s Cultura<\/i><\/b><\/em><\/strong>\u00a0es una iniciativa del Ministerio de Cultura de la Naci\u00f3n, en articulaci\u00f3n con ANSES y el Banco de la Naci\u00f3n Argentina, que iguala las oportunidades en el acceso a la cultura, al tiempo que fortalece y reactiva el sector cultural, protegiendo y creando miles de puestos de trabajo para artistas, productores, trabajadores y trabajadoras de nuestro pa\u00eds.<\/p>\n<p>Las y los j\u00f3venes que formen parte de este programa acceder\u00e1n a una tarjeta virtual a trav\u00e9s de la aplicaci\u00f3n BNA+ con 5000 pesos de cr\u00e9dito semestrales que podr\u00e1n usar para ir al cine, teatro, eventos musicales, museos y espacios culturales. Tambi\u00e9n podr\u00e1n comprar libros, instrumentos, artesan\u00edas, pagar cuotas de cursos y talleres, entre otras actividades. Adem\u00e1s, tendr\u00e1n promociones exclusivas en espacios y comercios culturales.<\/p>\n<p><strong><b>\u00bfQui\u00e9nes pueden acceder a\u00a0<em><i>M\u00e1s Cultura<\/i><\/em>?<\/b><\/strong><\/p>\n<p>El programa est\u00e1 dirigido a todas y todos los titulares de Progresar y a j\u00f3venes entre 18 y 24 a\u00f1os que perciban una Asignaci\u00f3n Universal por Hijo, Asignaci\u00f3n por Embarazo y Pensi\u00f3n no Contributiva por Invalidez.<\/p>\n<p><strong><b>Quienes cumplan con las condiciones para acceder y a\u00fan no se hayan inscripto pueden hacerlo de la siguiente forma:<\/b><\/strong><\/p>\n<ol>\n<li>Entrar a<strong><em><b><i><a href=\"http:\/\/mas.cultura.gob.ar\/\" data-saferedirecturl=\"https:\/\/www.google.com\/url?q=http:\/\/mas.cultura.gob.ar&amp;source=gmail&amp;ust=1639056604239000&amp;usg=AOvVaw2oLpvNKJB9SNSCgim0NQNh\">mas.cultura.gob.ar<\/a><\/i><\/b><\/em>y elegir la opci\u00f3n \u201cInscribirme\u201d<\/strong>.<\/li>\n<li><strong><b>Ingresar CUIL y Clave de la Seguridad Social<\/b><\/strong>. Es muy importante que quienes se inscriban confirmen sus datos personales y de contacto.<\/li>\n<li><strong><b>Seleccionar la sucursal del Banco Naci\u00f3n <\/b><\/strong>m\u00e1s cercana y enviar la solicitud de inscripci\u00f3n.<\/li>\n<li><strong><b>Descargar la aplicaci\u00f3n BNA+<\/b><\/strong>en su celular, ya que la van a necesitar para utilizar la tarjeta virtual con 5000 pesos de cr\u00e9dito.<\/li>\n<\/ol>\n<p>Quienes ya hayan realizado la inscripci\u00f3n al programa, podr\u00e1n consultar si su solicitud fue aprobada ingresando a mi ANSES &gt; Programas y beneficios &gt; M\u00e1s Cultura con CUIL y Clave de la Seguridad Social.<\/p>\n<p><strong><b>+ Im\u00e1genes adjuntas<\/b><\/strong><\/p>\n<p><strong><b><a href=\"http:\/\/www.anses.gob.ar\/\" data-saferedirecturl=\"https:\/\/www.google.com\/url?q=http:\/\/www.anses.gob.ar&amp;source=gmail&amp;ust=1639056604239000&amp;usg=AOvVaw3CRq9Nu6fRwjRkCQ8J5tsM\">www.anses.gob.ar<\/a><\/b><\/strong><\/p>\n<p><a title=\"mas_cultura_3\" href=\"https:\/\/www.flickr.com\/photos\/182279889@N02\/51733052521\/in\/dateposted-public\/\" data-flickr-embed=\"true\"><img loading=\"lazy\" decoding=\"async\" src=\"https:\/\/live.staticflickr.com\/65535\/51733052521_6263d71c03_c.jpg\" alt=\"mas_cultura_3\" width=\"800\" height=\"534\" \/><\/a><script async src=\"\/\/embedr.flickr.com\/assets\/client-code.js\" charset=\"utf-8\"><\/script><\/p>\n","protected":false},"excerpt":{"rendered":"<p>El presidente de la Naci\u00f3n,\u00a0Alberto Fern\u00e1ndez, junto a la directora ejecutiva de ANSES,\u00a0Fernanda Raverta,\u00a0y al\u00a0ministro de Cultura de la Naci\u00f3n,\u00a0Trist\u00e1n Bauer, participaron del relanzamiento del programa\u00a0M\u00e1s Cultura,\u00a0por el cual j\u00f3venes de todo el pa\u00eds podr\u00e1n disfrutar de pel\u00edculas de cine, obras de teatro, shows musicales, visitas a museos y acceder a distintos bienes y espacios [&hellip;]<\/p>\n","protected":false},"author":3,"featured_media":0,"comment_status":"closed","ping_status":"closed","sticky":false,"template":"","format":"standard","meta":{"footnotes":""},"categories":[35],"tags":[],"class_list":["post-65837","post","type-post","status-publish","format-standard","hentry","category-cultura"],"yoast_head":"<!-- This site is optimized with the Yoast SEO plugin v25.9 - https:\/\/yoast.com\/wordpress\/plugins\/seo\/ -->\n<title>Se relanz\u00f3 el Programa &quot;M\u00c1S CULTURA&quot; - Noticias Radio Reflejos<\/title>\n<meta name=\"robots\" content=\"index, follow, max-snippet:-1, max-image-preview:large, max-video-preview:-1\" \/>\n<link rel=\"canonical\" href=\"https:\/\/www.noticiasradioreflejos.com.ar\/2021\/se-relanzo-el-programa-mas-cultura\/\" \/>\n<meta property=\"og:locale\" content=\"es_ES\" \/>\n<meta property=\"og:type\" content=\"article\" \/>\n<meta property=\"og:title\" content=\"Se relanz\u00f3 el Programa &quot;M\u00c1S CULTURA&quot; - Noticias Radio Reflejos\" \/>\n<meta property=\"og:description\" content=\"El presidente de la Naci\u00f3n,\u00a0Alberto Fern\u00e1ndez, junto a la directora ejecutiva de ANSES,\u00a0Fernanda Raverta,\u00a0y al\u00a0ministro de Cultura de la Naci\u00f3n,\u00a0Trist\u00e1n Bauer, participaron del relanzamiento del programa\u00a0M\u00e1s Cultura,\u00a0por el cual j\u00f3venes de todo el pa\u00eds podr\u00e1n disfrutar de pel\u00edculas de cine, obras de teatro, shows musicales, visitas a museos y acceder a distintos bienes y espacios [&hellip;]\" \/>\n<meta property=\"og:url\" content=\"https:\/\/www.noticiasradioreflejos.com.ar\/2021\/se-relanzo-el-programa-mas-cultura\/\" \/>\n<meta property=\"og:site_name\" content=\"Noticias Radio Reflejos\" \/>\n<meta property=\"article:published_time\" content=\"2021-12-08T13:42:17+00:00\" \/>\n<meta property=\"og:image\" content=\"https:\/\/live.staticflickr.com\/65535\/51733941365_205003f38b_c.jpg\" \/>\n<meta name=\"author\" content=\"Arnaldo Botto\" \/>\n<meta name=\"twitter:card\" content=\"summary_large_image\" \/>\n<script type=\"application\/ld+json\" class=\"yoast-schema-graph\">{\"@context\":\"https:\/\/schema.org\",\"@graph\":[{\"@type\":\"WebPage\",\"@id\":\"https:\/\/www.noticiasradioreflejos.com.ar\/2021\/se-relanzo-el-programa-mas-cultura\/\",\"url\":\"https:\/\/www.noticiasradioreflejos.com.ar\/2021\/se-relanzo-el-programa-mas-cultura\/\",\"name\":\"Se relanz\u00f3 el Programa \\\"M\u00c1S CULTURA\\\" - Noticias Radio Reflejos\",\"isPartOf\":{\"@id\":\"https:\/\/www.noticiasradioreflejos.com.ar\/2021\/#website\"},\"primaryImageOfPage\":{\"@id\":\"https:\/\/www.noticiasradioreflejos.com.ar\/2021\/se-relanzo-el-programa-mas-cultura\/#primaryimage\"},\"image\":{\"@id\":\"https:\/\/www.noticiasradioreflejos.com.ar\/2021\/se-relanzo-el-programa-mas-cultura\/#primaryimage\"},\"thumbnailUrl\":\"https:\/\/live.staticflickr.com\/65535\/51733941365_205003f38b_c.jpg\",\"datePublished\":\"2021-12-08T13:42:17+00:00\",\"author\":{\"@id\":\"https:\/\/www.noticiasradioreflejos.com.ar\/2021\/#\/schema\/person\/ad82545263dcc5ec0996818884fd5fb1\"},\"breadcrumb\":{\"@id\":\"https:\/\/www.noticiasradioreflejos.com.ar\/2021\/se-relanzo-el-programa-mas-cultura\/#breadcrumb\"},\"inLanguage\":\"es\",\"potentialAction\":[{\"@type\":\"ReadAction\",\"target\":[\"https:\/\/www.noticiasradioreflejos.com.ar\/2021\/se-relanzo-el-programa-mas-cultura\/\"]}]},{\"@type\":\"ImageObject\",\"inLanguage\":\"es\",\"@id\":\"https:\/\/www.noticiasradioreflejos.com.ar\/2021\/se-relanzo-el-programa-mas-cultura\/#primaryimage\",\"url\":\"https:\/\/live.staticflickr.com\/65535\/51733941365_205003f38b_c.jpg\",\"contentUrl\":\"https:\/\/live.staticflickr.com\/65535\/51733941365_205003f38b_c.jpg\"},{\"@type\":\"BreadcrumbList\",\"@id\":\"https:\/\/www.noticiasradioreflejos.com.ar\/2021\/se-relanzo-el-programa-mas-cultura\/#breadcrumb\",\"itemListElement\":[{\"@type\":\"ListItem\",\"position\":1,\"name\":\"Portada\",\"item\":\"https:\/\/www.noticiasradioreflejos.com.ar\/2021\/\"},{\"@type\":\"ListItem\",\"position\":2,\"name\":\"Se relanz\u00f3 el Programa \u00abM\u00c1S CULTURA\u00bb\"}]},{\"@type\":\"WebSite\",\"@id\":\"https:\/\/www.noticiasradioreflejos.com.ar\/2021\/#website\",\"url\":\"https:\/\/www.noticiasradioreflejos.com.ar\/2021\/\",\"name\":\"Noticias Radio Reflejos\",\"description\":\"Las noticias de mi comarca\",\"potentialAction\":[{\"@type\":\"SearchAction\",\"target\":{\"@type\":\"EntryPoint\",\"urlTemplate\":\"https:\/\/www.noticiasradioreflejos.com.ar\/2021\/?s={search_term_string}\"},\"query-input\":{\"@type\":\"PropertyValueSpecification\",\"valueRequired\":true,\"valueName\":\"search_term_string\"}}],\"inLanguage\":\"es\"},{\"@type\":\"Person\",\"@id\":\"https:\/\/www.noticiasradioreflejos.com.ar\/2021\/#\/schema\/person\/ad82545263dcc5ec0996818884fd5fb1\",\"name\":\"Arnaldo Botto\",\"image\":{\"@type\":\"ImageObject\",\"inLanguage\":\"es\",\"@id\":\"https:\/\/www.noticiasradioreflejos.com.ar\/2021\/#\/schema\/person\/image\/\",\"url\":\"https:\/\/secure.gravatar.com\/avatar\/55cb5e37c1efa326397366e6974cb338056df65cb50e7d64d1cf314e87504837?s=96&d=mm&r=g\",\"contentUrl\":\"https:\/\/secure.gravatar.com\/avatar\/55cb5e37c1efa326397366e6974cb338056df65cb50e7d64d1cf314e87504837?s=96&d=mm&r=g\",\"caption\":\"Arnaldo Botto\"},\"url\":\"https:\/\/www.noticiasradioreflejos.com.ar\/2021\/author\/arnaldo\/\"}]}<\/script>\n<!-- \/ Yoast SEO plugin. -->","yoast_head_json":{"title":"Se relanz\u00f3 el Programa \"M\u00c1S CULTURA\" - Noticias Radio Reflejos","robots":{"index":"index","follow":"follow","max-snippet":"max-snippet:-1","max-image-preview":"max-image-preview:large","max-video-preview":"max-video-preview:-1"},"canonical":"https:\/\/www.noticiasradioreflejos.com.ar\/2021\/se-relanzo-el-programa-mas-cultura\/","og_locale":"es_ES","og_type":"article","og_title":"Se relanz\u00f3 el Programa \"M\u00c1S CULTURA\" - Noticias Radio Reflejos","og_description":"El presidente de la Naci\u00f3n,\u00a0Alberto Fern\u00e1ndez, junto a la directora ejecutiva de ANSES,\u00a0Fernanda Raverta,\u00a0y al\u00a0ministro de Cultura de la Naci\u00f3n,\u00a0Trist\u00e1n Bauer, participaron del relanzamiento del programa\u00a0M\u00e1s Cultura,\u00a0por el cual j\u00f3venes de todo el pa\u00eds podr\u00e1n disfrutar de pel\u00edculas de cine, obras de teatro, shows musicales, visitas a museos y acceder a distintos bienes y espacios [&hellip;]","og_url":"https:\/\/www.noticiasradioreflejos.com.ar\/2021\/se-relanzo-el-programa-mas-cultura\/","og_site_name":"Noticias Radio Reflejos","article_published_time":"2021-12-08T13:42:17+00:00","og_image":[{"url":"https:\/\/live.staticflickr.com\/65535\/51733941365_205003f38b_c.jpg","type":"","width":"","height":""}],"author":"Arnaldo Botto","twitter_card":"summary_large_image","schema":{"@context":"https:\/\/schema.org","@graph":[{"@type":"WebPage","@id":"https:\/\/www.noticiasradioreflejos.com.ar\/2021\/se-relanzo-el-programa-mas-cultura\/","url":"https:\/\/www.noticiasradioreflejos.com.ar\/2021\/se-relanzo-el-programa-mas-cultura\/","name":"Se relanz\u00f3 el Programa \"M\u00c1S CULTURA\" - Noticias Radio Reflejos","isPartOf":{"@id":"https:\/\/www.noticiasradioreflejos.com.ar\/2021\/#website"},"primaryImageOfPage":{"@id":"https:\/\/www.noticiasradioreflejos.com.ar\/2021\/se-relanzo-el-programa-mas-cultura\/#primaryimage"},"image":{"@id":"https:\/\/www.noticiasradioreflejos.com.ar\/2021\/se-relanzo-el-programa-mas-cultura\/#primaryimage"},"thumbnailUrl":"https:\/\/live.staticflickr.com\/65535\/51733941365_205003f38b_c.jpg","datePublished":"2021-12-08T13:42:17+00:00","author":{"@id":"https:\/\/www.noticiasradioreflejos.com.ar\/2021\/#\/schema\/person\/ad82545263dcc5ec0996818884fd5fb1"},"breadcrumb":{"@id":"https:\/\/www.noticiasradioreflejos.com.ar\/2021\/se-relanzo-el-programa-mas-cultura\/#breadcrumb"},"inLanguage":"es","potentialAction":[{"@type":"ReadAction","target":["https:\/\/www.noticiasradioreflejos.com.ar\/2021\/se-relanzo-el-programa-mas-cultura\/"]}]},{"@type":"ImageObject","inLanguage":"es","@id":"https:\/\/www.noticiasradioreflejos.com.ar\/2021\/se-relanzo-el-programa-mas-cultura\/#primaryimage","url":"https:\/\/live.staticflickr.com\/65535\/51733941365_205003f38b_c.jpg","contentUrl":"https:\/\/live.staticflickr.com\/65535\/51733941365_205003f38b_c.jpg"},{"@type":"BreadcrumbList","@id":"https:\/\/www.noticiasradioreflejos.com.ar\/2021\/se-relanzo-el-programa-mas-cultura\/#breadcrumb","itemListElement":[{"@type":"ListItem","position":1,"name":"Portada","item":"https:\/\/www.noticiasradioreflejos.com.ar\/2021\/"},{"@type":"ListItem","position":2,"name":"Se relanz\u00f3 el Programa \u00abM\u00c1S CULTURA\u00bb"}]},{"@type":"WebSite","@id":"https:\/\/www.noticiasradioreflejos.com.ar\/2021\/#website","url":"https:\/\/www.noticiasradioreflejos.com.ar\/2021\/","name":"Noticias Radio Reflejos","description":"Las noticias de mi comarca","potentialAction":[{"@type":"SearchAction","target":{"@type":"EntryPoint","urlTemplate":"https:\/\/www.noticiasradioreflejos.com.ar\/2021\/?s={search_term_string}"},"query-input":{"@type":"PropertyValueSpecification","valueRequired":true,"valueName":"search_term_string"}}],"inLanguage":"es"},{"@type":"Person","@id":"https:\/\/www.noticiasradioreflejos.com.ar\/2021\/#\/schema\/person\/ad82545263dcc5ec0996818884fd5fb1","name":"Arnaldo Botto","image":{"@type":"ImageObject","inLanguage":"es","@id":"https:\/\/www.noticiasradioreflejos.com.ar\/2021\/#\/schema\/person\/image\/","url":"https:\/\/secure.gravatar.com\/avatar\/55cb5e37c1efa326397366e6974cb338056df65cb50e7d64d1cf314e87504837?s=96&d=mm&r=g","contentUrl":"https:\/\/secure.gravatar.com\/avatar\/55cb5e37c1efa326397366e6974cb338056df65cb50e7d64d1cf314e87504837?s=96&d=mm&r=g","caption":"Arnaldo Botto"},"url":"https:\/\/www.noticiasradioreflejos.com.ar\/2021\/author\/arnaldo\/"}]}},"_links":{"self":[{"href":"https:\/\/www.noticiasradioreflejos.com.ar\/2021\/wp-json\/wp\/v2\/posts\/65837","targetHints":{"allow":["GET"]}}],"collection":[{"href":"https:\/\/www.noticiasradioreflejos.com.ar\/2021\/wp-json\/wp\/v2\/posts"}],"about":[{"href":"https:\/\/www.noticiasradioreflejos.com.ar\/2021\/wp-json\/wp\/v2\/types\/post"}],"author":[{"embeddable":true,"href":"https:\/\/www.noticiasradioreflejos.com.ar\/2021\/wp-json\/wp\/v2\/users\/3"}],"replies":[{"embeddable":true,"href":"https:\/\/www.noticiasradioreflejos.com.ar\/2021\/wp-json\/wp\/v2\/comments?post=65837"}],"version-history":[{"count":1,"href":"https:\/\/www.noticiasradioreflejos.com.ar\/2021\/wp-json\/wp\/v2\/posts\/65837\/revisions"}],"predecessor-version":[{"id":65839,"href":"https:\/\/www.noticiasradioreflejos.com.ar\/2021\/wp-json\/wp\/v2\/posts\/65837\/revisions\/65839"}],"wp:attachment":[{"href":"https:\/\/www.noticiasradioreflejos.com.ar\/2021\/wp-json\/wp\/v2\/media?parent=65837"}],"wp:term":[{"taxonomy":"category","embeddable":true,"href":"https:\/\/www.noticiasradioreflejos.com.ar\/2021\/wp-json\/wp\/v2\/categories?post=65837"},{"taxonomy":"post_tag","embeddable":true,"href":"https:\/\/www.noticiasradioreflejos.com.ar\/2021\/wp-json\/wp\/v2\/tags?post=65837"}],"curies":[{"name":"wp","href":"https:\/\/api.w.org\/{rel}","templated":true}]}}