{"id":65834,"date":"2021-12-08T13:36:24","date_gmt":"2021-12-08T13:36:24","guid":{"rendered":"http:\/\/www.noticiasradioreflejos.com.ar\/2021\/?p=65834"},"modified":"2021-12-08T13:36:24","modified_gmt":"2021-12-08T13:36:24","slug":"automoto-voley-subcampeon-en-sub-14","status":"publish","type":"post","link":"https:\/\/www.noticiasradioreflejos.com.ar\/2021\/automoto-voley-subcampeon-en-sub-14\/","title":{"rendered":"Automoto Voley, subcampe\u00f3n en Sub 14"},"content":{"rendered":"<p>El equipo Sub 14 de Automoto Voley se consagr\u00f3 subcampe\u00f3n de la Copa de Oro de la temporada de la Asociaci\u00f3n de V\u00f3leibol del Sudoeste, luego de caer en el partido decisivo ante Deportivo Sarmiento de Coronel Su\u00e1rez.<!--more--><\/p>\n<p>Las chicas dirigidas por Sof\u00eda Urriaga y Federico Mutti cayeron por 2 a 0 en ese partido final de la categor\u00eda, que consagr\u00f3 al mejor equipo del a\u00f1o.<\/p>\n<p>Antes, en el juego semifinal disputado tambi\u00e9n en Coronel Su\u00e1rez, el conjunto azulgrana hab\u00eda vencido a Uni\u00f3n Pig\u00fc\u00e9 con parciales de 2 a 1.<\/p>\n<p>Automoto cont\u00f3 con Luc\u00eda Trankels, Luisina Bay\u00f3n, Morena Belate, Luisina Miconi, Catalina Fuhr, Renata Muzzi, Emma Gandini, Alma Urriaga, Olivia Naab, Juliana Rusconi y Abril Clavelino.<\/p>\n<p>&nbsp;<\/p>\n<p>Departamento de Prensa \u2013 Automoto Club Deportivo<\/p>\n<p>Facebook: \/automototornquist<\/p>\n<p>Twitter: @ClubAutomoto<\/p>\n<p>Instagram: @AutomotoClubTornquist<\/p>\n","protected":false},"excerpt":{"rendered":"<p>El equipo Sub 14 de Automoto Voley se consagr\u00f3 subcampe\u00f3n de la Copa de Oro de la temporada de la Asociaci\u00f3n de V\u00f3leibol del Sudoeste, luego de caer en el partido decisivo ante Deportivo Sarmiento de Coronel Su\u00e1rez.<\/p>\n","protected":false},"author":3,"featured_media":0,"comment_status":"closed","ping_status":"closed","sticky":false,"template":"","format":"standard","meta":{"footnotes":""},"categories":[27],"tags":[],"class_list":["post-65834","post","type-post","status-publish","format-standard","hentry","category-deportes"],"yoast_head":"<!-- This site is optimized with the Yoast SEO plugin v25.9 - https:\/\/yoast.com\/wordpress\/plugins\/seo\/ -->\n<title>Automoto Voley, subcampe\u00f3n en Sub 14 - Noticias Radio Reflejos<\/title>\n<meta name=\"robots\" content=\"index, follow, max-snippet:-1, max-image-preview:large, max-video-preview:-1\" \/>\n<link rel=\"canonical\" href=\"https:\/\/www.noticiasradioreflejos.com.ar\/2021\/automoto-voley-subcampeon-en-sub-14\/\" \/>\n<meta property=\"og:locale\" content=\"es_ES\" \/>\n<meta property=\"og:type\" content=\"article\" \/>\n<meta property=\"og:title\" content=\"Automoto Voley, subcampe\u00f3n en Sub 14 - Noticias Radio Reflejos\" \/>\n<meta property=\"og:description\" content=\"El equipo Sub 14 de Automoto Voley se consagr\u00f3 subcampe\u00f3n de la Copa de Oro de la temporada de la Asociaci\u00f3n de V\u00f3leibol del Sudoeste, luego de caer en el partido decisivo ante Deportivo Sarmiento de Coronel Su\u00e1rez.\" \/>\n<meta property=\"og:url\" content=\"https:\/\/www.noticiasradioreflejos.com.ar\/2021\/automoto-voley-subcampeon-en-sub-14\/\" \/>\n<meta property=\"og:site_name\" content=\"Noticias Radio Reflejos\" \/>\n<meta property=\"article:published_time\" content=\"2021-12-08T13:36:24+00:00\" \/>\n<meta property=\"og:image\" content=\"https:\/\/www.noticiasradioreflejos.com.ar\/2021\/wp-content\/uploads\/2021\/07\/logosol300x200.png\" \/>\n\t<meta property=\"og:image:width\" content=\"300\" \/>\n\t<meta property=\"og:image:height\" content=\"200\" \/>\n\t<meta property=\"og:image:type\" content=\"image\/png\" \/>\n<meta name=\"author\" content=\"Arnaldo Botto\" \/>\n<meta name=\"twitter:card\" content=\"summary_large_image\" \/>\n<script type=\"application\/ld+json\" class=\"yoast-schema-graph\">{\"@context\":\"https:\/\/schema.org\",\"@graph\":[{\"@type\":\"WebPage\",\"@id\":\"https:\/\/www.noticiasradioreflejos.com.ar\/2021\/automoto-voley-subcampeon-en-sub-14\/\",\"url\":\"https:\/\/www.noticiasradioreflejos.com.ar\/2021\/automoto-voley-subcampeon-en-sub-14\/\",\"name\":\"Automoto Voley, subcampe\u00f3n en Sub 14 - Noticias Radio Reflejos\",\"isPartOf\":{\"@id\":\"https:\/\/www.noticiasradioreflejos.com.ar\/2021\/#website\"},\"datePublished\":\"2021-12-08T13:36:24+00:00\",\"author\":{\"@id\":\"https:\/\/www.noticiasradioreflejos.com.ar\/2021\/#\/schema\/person\/ad82545263dcc5ec0996818884fd5fb1\"},\"breadcrumb\":{\"@id\":\"https:\/\/www.noticiasradioreflejos.com.ar\/2021\/automoto-voley-subcampeon-en-sub-14\/#breadcrumb\"},\"inLanguage\":\"es\",\"potentialAction\":[{\"@type\":\"ReadAction\",\"target\":[\"https:\/\/www.noticiasradioreflejos.com.ar\/2021\/automoto-voley-subcampeon-en-sub-14\/\"]}]},{\"@type\":\"BreadcrumbList\",\"@id\":\"https:\/\/www.noticiasradioreflejos.com.ar\/2021\/automoto-voley-subcampeon-en-sub-14\/#breadcrumb\",\"itemListElement\":[{\"@type\":\"ListItem\",\"position\":1,\"name\":\"Portada\",\"item\":\"https:\/\/www.noticiasradioreflejos.com.ar\/2021\/\"},{\"@type\":\"ListItem\",\"position\":2,\"name\":\"Automoto Voley, subcampe\u00f3n en Sub 14\"}]},{\"@type\":\"WebSite\",\"@id\":\"https:\/\/www.noticiasradioreflejos.com.ar\/2021\/#website\",\"url\":\"https:\/\/www.noticiasradioreflejos.com.ar\/2021\/\",\"name\":\"Noticias Radio Reflejos\",\"description\":\"Las noticias de mi comarca\",\"potentialAction\":[{\"@type\":\"SearchAction\",\"target\":{\"@type\":\"EntryPoint\",\"urlTemplate\":\"https:\/\/www.noticiasradioreflejos.com.ar\/2021\/?s={search_term_string}\"},\"query-input\":{\"@type\":\"PropertyValueSpecification\",\"valueRequired\":true,\"valueName\":\"search_term_string\"}}],\"inLanguage\":\"es\"},{\"@type\":\"Person\",\"@id\":\"https:\/\/www.noticiasradioreflejos.com.ar\/2021\/#\/schema\/person\/ad82545263dcc5ec0996818884fd5fb1\",\"name\":\"Arnaldo Botto\",\"image\":{\"@type\":\"ImageObject\",\"inLanguage\":\"es\",\"@id\":\"https:\/\/www.noticiasradioreflejos.com.ar\/2021\/#\/schema\/person\/image\/\",\"url\":\"https:\/\/secure.gravatar.com\/avatar\/55cb5e37c1efa326397366e6974cb338056df65cb50e7d64d1cf314e87504837?s=96&d=mm&r=g\",\"contentUrl\":\"https:\/\/secure.gravatar.com\/avatar\/55cb5e37c1efa326397366e6974cb338056df65cb50e7d64d1cf314e87504837?s=96&d=mm&r=g\",\"caption\":\"Arnaldo Botto\"},\"url\":\"https:\/\/www.noticiasradioreflejos.com.ar\/2021\/author\/arnaldo\/\"}]}<\/script>\n<!-- \/ Yoast SEO plugin. -->","yoast_head_json":{"title":"Automoto Voley, subcampe\u00f3n en Sub 14 - Noticias Radio Reflejos","robots":{"index":"index","follow":"follow","max-snippet":"max-snippet:-1","max-image-preview":"max-image-preview:large","max-video-preview":"max-video-preview:-1"},"canonical":"https:\/\/www.noticiasradioreflejos.com.ar\/2021\/automoto-voley-subcampeon-en-sub-14\/","og_locale":"es_ES","og_type":"article","og_title":"Automoto Voley, subcampe\u00f3n en Sub 14 - Noticias Radio Reflejos","og_description":"El equipo Sub 14 de Automoto Voley se consagr\u00f3 subcampe\u00f3n de la Copa de Oro de la temporada de la Asociaci\u00f3n de V\u00f3leibol del Sudoeste, luego de caer en el partido decisivo ante Deportivo Sarmiento de Coronel Su\u00e1rez.","og_url":"https:\/\/www.noticiasradioreflejos.com.ar\/2021\/automoto-voley-subcampeon-en-sub-14\/","og_site_name":"Noticias Radio Reflejos","article_published_time":"2021-12-08T13:36:24+00:00","og_image":[{"width":300,"height":200,"url":"https:\/\/www.noticiasradioreflejos.com.ar\/2021\/wp-content\/uploads\/2021\/07\/logosol300x200.png","type":"image\/png"}],"author":"Arnaldo Botto","twitter_card":"summary_large_image","schema":{"@context":"https:\/\/schema.org","@graph":[{"@type":"WebPage","@id":"https:\/\/www.noticiasradioreflejos.com.ar\/2021\/automoto-voley-subcampeon-en-sub-14\/","url":"https:\/\/www.noticiasradioreflejos.com.ar\/2021\/automoto-voley-subcampeon-en-sub-14\/","name":"Automoto Voley, subcampe\u00f3n en Sub 14 - Noticias Radio Reflejos","isPartOf":{"@id":"https:\/\/www.noticiasradioreflejos.com.ar\/2021\/#website"},"datePublished":"2021-12-08T13:36:24+00:00","author":{"@id":"https:\/\/www.noticiasradioreflejos.com.ar\/2021\/#\/schema\/person\/ad82545263dcc5ec0996818884fd5fb1"},"breadcrumb":{"@id":"https:\/\/www.noticiasradioreflejos.com.ar\/2021\/automoto-voley-subcampeon-en-sub-14\/#breadcrumb"},"inLanguage":"es","potentialAction":[{"@type":"ReadAction","target":["https:\/\/www.noticiasradioreflejos.com.ar\/2021\/automoto-voley-subcampeon-en-sub-14\/"]}]},{"@type":"BreadcrumbList","@id":"https:\/\/www.noticiasradioreflejos.com.ar\/2021\/automoto-voley-subcampeon-en-sub-14\/#breadcrumb","itemListElement":[{"@type":"ListItem","position":1,"name":"Portada","item":"https:\/\/www.noticiasradioreflejos.com.ar\/2021\/"},{"@type":"ListItem","position":2,"name":"Automoto Voley, subcampe\u00f3n en Sub 14"}]},{"@type":"WebSite","@id":"https:\/\/www.noticiasradioreflejos.com.ar\/2021\/#website","url":"https:\/\/www.noticiasradioreflejos.com.ar\/2021\/","name":"Noticias Radio Reflejos","description":"Las noticias de mi comarca","potentialAction":[{"@type":"SearchAction","target":{"@type":"EntryPoint","urlTemplate":"https:\/\/www.noticiasradioreflejos.com.ar\/2021\/?s={search_term_string}"},"query-input":{"@type":"PropertyValueSpecification","valueRequired":true,"valueName":"search_term_string"}}],"inLanguage":"es"},{"@type":"Person","@id":"https:\/\/www.noticiasradioreflejos.com.ar\/2021\/#\/schema\/person\/ad82545263dcc5ec0996818884fd5fb1","name":"Arnaldo Botto","image":{"@type":"ImageObject","inLanguage":"es","@id":"https:\/\/www.noticiasradioreflejos.com.ar\/2021\/#\/schema\/person\/image\/","url":"https:\/\/secure.gravatar.com\/avatar\/55cb5e37c1efa326397366e6974cb338056df65cb50e7d64d1cf314e87504837?s=96&d=mm&r=g","contentUrl":"https:\/\/secure.gravatar.com\/avatar\/55cb5e37c1efa326397366e6974cb338056df65cb50e7d64d1cf314e87504837?s=96&d=mm&r=g","caption":"Arnaldo Botto"},"url":"https:\/\/www.noticiasradioreflejos.com.ar\/2021\/author\/arnaldo\/"}]}},"_links":{"self":[{"href":"https:\/\/www.noticiasradioreflejos.com.ar\/2021\/wp-json\/wp\/v2\/posts\/65834","targetHints":{"allow":["GET"]}}],"collection":[{"href":"https:\/\/www.noticiasradioreflejos.com.ar\/2021\/wp-json\/wp\/v2\/posts"}],"about":[{"href":"https:\/\/www.noticiasradioreflejos.com.ar\/2021\/wp-json\/wp\/v2\/types\/post"}],"author":[{"embeddable":true,"href":"https:\/\/www.noticiasradioreflejos.com.ar\/2021\/wp-json\/wp\/v2\/users\/3"}],"replies":[{"embeddable":true,"href":"https:\/\/www.noticiasradioreflejos.com.ar\/2021\/wp-json\/wp\/v2\/comments?post=65834"}],"version-history":[{"count":1,"href":"https:\/\/www.noticiasradioreflejos.com.ar\/2021\/wp-json\/wp\/v2\/posts\/65834\/revisions"}],"predecessor-version":[{"id":65836,"href":"https:\/\/www.noticiasradioreflejos.com.ar\/2021\/wp-json\/wp\/v2\/posts\/65834\/revisions\/65836"}],"wp:attachment":[{"href":"https:\/\/www.noticiasradioreflejos.com.ar\/2021\/wp-json\/wp\/v2\/media?parent=65834"}],"wp:term":[{"taxonomy":"category","embeddable":true,"href":"https:\/\/www.noticiasradioreflejos.com.ar\/2021\/wp-json\/wp\/v2\/categories?post=65834"},{"taxonomy":"post_tag","embeddable":true,"href":"https:\/\/www.noticiasradioreflejos.com.ar\/2021\/wp-json\/wp\/v2\/tags?post=65834"}],"curies":[{"name":"wp","href":"https:\/\/api.w.org\/{rel}","templated":true}]}}