{"id":65829,"date":"2021-12-08T13:08:06","date_gmt":"2021-12-08T13:08:06","guid":{"rendered":"http:\/\/www.noticiasradioreflejos.com.ar\/2021\/?p=65829"},"modified":"2021-12-08T13:08:06","modified_gmt":"2021-12-08T13:08:06","slug":"se-aplicaran-sanciones-por-incumplimiento-de-la-ordenanza-de-ruidos-molestos","status":"publish","type":"post","link":"https:\/\/www.noticiasradioreflejos.com.ar\/2021\/se-aplicaran-sanciones-por-incumplimiento-de-la-ordenanza-de-ruidos-molestos\/","title":{"rendered":"Se aplicar\u00e1n sanciones por incumplimiento de la ordenanza de ruidos molestos"},"content":{"rendered":"<p>Tornquist Municipio informa que, a partir del pr\u00f3ximo s\u00e1bado 11, comenzar\u00e1 con la aplicaci\u00f3n efectiva de la Ordenanza N\u00b0 3347\/2021, que regula y sanciona las emisiones de ruidos molestos en el distrito.<!--more--><\/p>\n<p>La norma considera ruidos molestos a aquellos sonidos innecesarios o excesivos que, propag\u00e1ndose por v\u00eda a\u00e9rea, afecten o sean capaces de afectar al p\u00fablico; generados por veh\u00edculos por alguna de las siguientes causas:<\/p>\n<ol>\n<li>a) La circulaci\u00f3n de veh\u00edculos de tracci\u00f3n mec\u00e1nica desprovistos de silenciadores de escape o que cuenten con silenciadores ineficaces, incompletos, inadecuados, deteriorados o con tubos resonadores.<\/li>\n<li>b) La circulaci\u00f3n de veh\u00edculos que provoquen ruidos debido a ajuste defectuoso o\u00a0\u00a0 desgaste de: motor, frenos, carrocer\u00edas, rodaje u otras partes del mismo, carga imperfectamente distribuida o mal asegurada.<\/li>\n<li>c) La circulaci\u00f3n de veh\u00edculos dotados de bocina de tonos m\u00faltiples o desagradables, bocinas de aire comprimido, sirenas o campanas y de cualquier mecanismo o aparato de la misma \u00edndole para la producci\u00f3n de sonido, salvo que fueren necesarios por el servicio p\u00fablico que prestan (veh\u00edculos policiales, de bomberos, de servicios hospitalarios y afines).<\/li>\n<li>d) Toda clase de propaganda o difusi\u00f3n comercial realizada a viva voz, con amplificadores o altavoces, tanto del interior de locales como desde veh\u00edculos hacia el \u00e1mbito p\u00fablico.<\/li>\n<li>e) Las transmisiones radio telef\u00f3nicas o fonogr\u00e1ficas de toda clase en y hacia la v\u00eda p\u00fablica, salvo las autorizadas expresamente.<\/li>\n<li>f) Transitar por la v\u00eda p\u00fablica en veh\u00edculos con equipos de audio en funcionamiento a excesivo volumen, que propaguen el sonido m\u00e1s all\u00e1 del habit\u00e1culo del mismo.<\/li>\n<li>g) Toda forma de conducci\u00f3n que implique forzar la marcha del motor, las aceleradas a fondo o en vac\u00edo, calentar o probar motores a altas revoluciones en la v\u00eda p\u00fablica produciendo ruidos molestos, dentro de las \u00e1reas urbanas y suburbanas del Distrito.<\/li>\n<li>h) El uso de bocinas o cualquier otro tipo de se\u00f1ales ac\u00fasticas de veh\u00edculos, en zonas urbanas y suburbanas del Distrito, salvo en los casos que existiera peligro inminente de colisi\u00f3n o atropello, o cuando se trate de servicios p\u00fablicos o privados de emergencia.<\/li>\n<li>i) Circular con motoveh\u00edculos y\/o automotores que est\u00e9n adaptados y\/o provistos de motores y\/o escapes preparados para competencias deportivas, profesionales o amateurs. Se exceptuar\u00e1 a los mencionados en el presente inciso en caso de exhibici\u00f3n o competencia deportiva que se encuentre previamente autorizados por la autoridad competente.<\/li>\n<\/ol>\n<p>Para garantizar su cumplimiento, el cuerpo de inspectores municipales se har\u00e1 presente en la v\u00eda p\u00fablica a partir de la fecha indicada fin de controlar y detectar posibles infracciones.<\/p>\n<p>&nbsp;<\/p>\n<p>&nbsp;<\/p>\n","protected":false},"excerpt":{"rendered":"<p>Tornquist Municipio informa que, a partir del pr\u00f3ximo s\u00e1bado 11, comenzar\u00e1 con la aplicaci\u00f3n efectiva de la Ordenanza N\u00b0 3347\/2021, que regula y sanciona las emisiones de ruidos molestos en el distrito.<\/p>\n","protected":false},"author":3,"featured_media":0,"comment_status":"closed","ping_status":"closed","sticky":false,"template":"","format":"standard","meta":{"footnotes":""},"categories":[28],"tags":[],"class_list":["post-65829","post","type-post","status-publish","format-standard","hentry","category-municipales"],"yoast_head":"<!-- This site is optimized with the Yoast SEO plugin v25.9 - https:\/\/yoast.com\/wordpress\/plugins\/seo\/ -->\n<title>Se aplicar\u00e1n sanciones por incumplimiento de la ordenanza de ruidos molestos - Noticias Radio Reflejos<\/title>\n<meta name=\"robots\" content=\"index, follow, max-snippet:-1, max-image-preview:large, max-video-preview:-1\" \/>\n<link rel=\"canonical\" href=\"https:\/\/www.noticiasradioreflejos.com.ar\/2021\/se-aplicaran-sanciones-por-incumplimiento-de-la-ordenanza-de-ruidos-molestos\/\" \/>\n<meta property=\"og:locale\" content=\"es_ES\" \/>\n<meta property=\"og:type\" content=\"article\" \/>\n<meta property=\"og:title\" content=\"Se aplicar\u00e1n sanciones por incumplimiento de la ordenanza de ruidos molestos - Noticias Radio Reflejos\" \/>\n<meta property=\"og:description\" content=\"Tornquist Municipio informa que, a partir del pr\u00f3ximo s\u00e1bado 11, comenzar\u00e1 con la aplicaci\u00f3n efectiva de la Ordenanza N\u00b0 3347\/2021, que regula y sanciona las emisiones de ruidos molestos en el distrito.\" \/>\n<meta property=\"og:url\" content=\"https:\/\/www.noticiasradioreflejos.com.ar\/2021\/se-aplicaran-sanciones-por-incumplimiento-de-la-ordenanza-de-ruidos-molestos\/\" \/>\n<meta property=\"og:site_name\" content=\"Noticias Radio Reflejos\" \/>\n<meta property=\"article:published_time\" content=\"2021-12-08T13:08:06+00:00\" \/>\n<meta property=\"og:image\" content=\"https:\/\/www.noticiasradioreflejos.com.ar\/2021\/wp-content\/uploads\/2021\/07\/logosol300x200.png\" \/>\n\t<meta property=\"og:image:width\" content=\"300\" \/>\n\t<meta property=\"og:image:height\" content=\"200\" \/>\n\t<meta property=\"og:image:type\" content=\"image\/png\" \/>\n<meta name=\"author\" content=\"Arnaldo Botto\" \/>\n<meta name=\"twitter:card\" content=\"summary_large_image\" \/>\n<script type=\"application\/ld+json\" class=\"yoast-schema-graph\">{\"@context\":\"https:\/\/schema.org\",\"@graph\":[{\"@type\":\"WebPage\",\"@id\":\"https:\/\/www.noticiasradioreflejos.com.ar\/2021\/se-aplicaran-sanciones-por-incumplimiento-de-la-ordenanza-de-ruidos-molestos\/\",\"url\":\"https:\/\/www.noticiasradioreflejos.com.ar\/2021\/se-aplicaran-sanciones-por-incumplimiento-de-la-ordenanza-de-ruidos-molestos\/\",\"name\":\"Se aplicar\u00e1n sanciones por incumplimiento de la ordenanza de ruidos molestos - Noticias Radio Reflejos\",\"isPartOf\":{\"@id\":\"https:\/\/www.noticiasradioreflejos.com.ar\/2021\/#website\"},\"datePublished\":\"2021-12-08T13:08:06+00:00\",\"author\":{\"@id\":\"https:\/\/www.noticiasradioreflejos.com.ar\/2021\/#\/schema\/person\/ad82545263dcc5ec0996818884fd5fb1\"},\"breadcrumb\":{\"@id\":\"https:\/\/www.noticiasradioreflejos.com.ar\/2021\/se-aplicaran-sanciones-por-incumplimiento-de-la-ordenanza-de-ruidos-molestos\/#breadcrumb\"},\"inLanguage\":\"es\",\"potentialAction\":[{\"@type\":\"ReadAction\",\"target\":[\"https:\/\/www.noticiasradioreflejos.com.ar\/2021\/se-aplicaran-sanciones-por-incumplimiento-de-la-ordenanza-de-ruidos-molestos\/\"]}]},{\"@type\":\"BreadcrumbList\",\"@id\":\"https:\/\/www.noticiasradioreflejos.com.ar\/2021\/se-aplicaran-sanciones-por-incumplimiento-de-la-ordenanza-de-ruidos-molestos\/#breadcrumb\",\"itemListElement\":[{\"@type\":\"ListItem\",\"position\":1,\"name\":\"Portada\",\"item\":\"https:\/\/www.noticiasradioreflejos.com.ar\/2021\/\"},{\"@type\":\"ListItem\",\"position\":2,\"name\":\"Se aplicar\u00e1n sanciones por incumplimiento de la ordenanza de ruidos molestos\"}]},{\"@type\":\"WebSite\",\"@id\":\"https:\/\/www.noticiasradioreflejos.com.ar\/2021\/#website\",\"url\":\"https:\/\/www.noticiasradioreflejos.com.ar\/2021\/\",\"name\":\"Noticias Radio Reflejos\",\"description\":\"Las noticias de mi comarca\",\"potentialAction\":[{\"@type\":\"SearchAction\",\"target\":{\"@type\":\"EntryPoint\",\"urlTemplate\":\"https:\/\/www.noticiasradioreflejos.com.ar\/2021\/?s={search_term_string}\"},\"query-input\":{\"@type\":\"PropertyValueSpecification\",\"valueRequired\":true,\"valueName\":\"search_term_string\"}}],\"inLanguage\":\"es\"},{\"@type\":\"Person\",\"@id\":\"https:\/\/www.noticiasradioreflejos.com.ar\/2021\/#\/schema\/person\/ad82545263dcc5ec0996818884fd5fb1\",\"name\":\"Arnaldo Botto\",\"image\":{\"@type\":\"ImageObject\",\"inLanguage\":\"es\",\"@id\":\"https:\/\/www.noticiasradioreflejos.com.ar\/2021\/#\/schema\/person\/image\/\",\"url\":\"https:\/\/secure.gravatar.com\/avatar\/55cb5e37c1efa326397366e6974cb338056df65cb50e7d64d1cf314e87504837?s=96&d=mm&r=g\",\"contentUrl\":\"https:\/\/secure.gravatar.com\/avatar\/55cb5e37c1efa326397366e6974cb338056df65cb50e7d64d1cf314e87504837?s=96&d=mm&r=g\",\"caption\":\"Arnaldo Botto\"},\"url\":\"https:\/\/www.noticiasradioreflejos.com.ar\/2021\/author\/arnaldo\/\"}]}<\/script>\n<!-- \/ Yoast SEO plugin. -->","yoast_head_json":{"title":"Se aplicar\u00e1n sanciones por incumplimiento de la ordenanza de ruidos molestos - Noticias Radio Reflejos","robots":{"index":"index","follow":"follow","max-snippet":"max-snippet:-1","max-image-preview":"max-image-preview:large","max-video-preview":"max-video-preview:-1"},"canonical":"https:\/\/www.noticiasradioreflejos.com.ar\/2021\/se-aplicaran-sanciones-por-incumplimiento-de-la-ordenanza-de-ruidos-molestos\/","og_locale":"es_ES","og_type":"article","og_title":"Se aplicar\u00e1n sanciones por incumplimiento de la ordenanza de ruidos molestos - Noticias Radio Reflejos","og_description":"Tornquist Municipio informa que, a partir del pr\u00f3ximo s\u00e1bado 11, comenzar\u00e1 con la aplicaci\u00f3n efectiva de la Ordenanza N\u00b0 3347\/2021, que regula y sanciona las emisiones de ruidos molestos en el distrito.","og_url":"https:\/\/www.noticiasradioreflejos.com.ar\/2021\/se-aplicaran-sanciones-por-incumplimiento-de-la-ordenanza-de-ruidos-molestos\/","og_site_name":"Noticias Radio Reflejos","article_published_time":"2021-12-08T13:08:06+00:00","og_image":[{"width":300,"height":200,"url":"https:\/\/www.noticiasradioreflejos.com.ar\/2021\/wp-content\/uploads\/2021\/07\/logosol300x200.png","type":"image\/png"}],"author":"Arnaldo Botto","twitter_card":"summary_large_image","schema":{"@context":"https:\/\/schema.org","@graph":[{"@type":"WebPage","@id":"https:\/\/www.noticiasradioreflejos.com.ar\/2021\/se-aplicaran-sanciones-por-incumplimiento-de-la-ordenanza-de-ruidos-molestos\/","url":"https:\/\/www.noticiasradioreflejos.com.ar\/2021\/se-aplicaran-sanciones-por-incumplimiento-de-la-ordenanza-de-ruidos-molestos\/","name":"Se aplicar\u00e1n sanciones por incumplimiento de la ordenanza de ruidos molestos - Noticias Radio Reflejos","isPartOf":{"@id":"https:\/\/www.noticiasradioreflejos.com.ar\/2021\/#website"},"datePublished":"2021-12-08T13:08:06+00:00","author":{"@id":"https:\/\/www.noticiasradioreflejos.com.ar\/2021\/#\/schema\/person\/ad82545263dcc5ec0996818884fd5fb1"},"breadcrumb":{"@id":"https:\/\/www.noticiasradioreflejos.com.ar\/2021\/se-aplicaran-sanciones-por-incumplimiento-de-la-ordenanza-de-ruidos-molestos\/#breadcrumb"},"inLanguage":"es","potentialAction":[{"@type":"ReadAction","target":["https:\/\/www.noticiasradioreflejos.com.ar\/2021\/se-aplicaran-sanciones-por-incumplimiento-de-la-ordenanza-de-ruidos-molestos\/"]}]},{"@type":"BreadcrumbList","@id":"https:\/\/www.noticiasradioreflejos.com.ar\/2021\/se-aplicaran-sanciones-por-incumplimiento-de-la-ordenanza-de-ruidos-molestos\/#breadcrumb","itemListElement":[{"@type":"ListItem","position":1,"name":"Portada","item":"https:\/\/www.noticiasradioreflejos.com.ar\/2021\/"},{"@type":"ListItem","position":2,"name":"Se aplicar\u00e1n sanciones por incumplimiento de la ordenanza de ruidos molestos"}]},{"@type":"WebSite","@id":"https:\/\/www.noticiasradioreflejos.com.ar\/2021\/#website","url":"https:\/\/www.noticiasradioreflejos.com.ar\/2021\/","name":"Noticias Radio Reflejos","description":"Las noticias de mi comarca","potentialAction":[{"@type":"SearchAction","target":{"@type":"EntryPoint","urlTemplate":"https:\/\/www.noticiasradioreflejos.com.ar\/2021\/?s={search_term_string}"},"query-input":{"@type":"PropertyValueSpecification","valueRequired":true,"valueName":"search_term_string"}}],"inLanguage":"es"},{"@type":"Person","@id":"https:\/\/www.noticiasradioreflejos.com.ar\/2021\/#\/schema\/person\/ad82545263dcc5ec0996818884fd5fb1","name":"Arnaldo Botto","image":{"@type":"ImageObject","inLanguage":"es","@id":"https:\/\/www.noticiasradioreflejos.com.ar\/2021\/#\/schema\/person\/image\/","url":"https:\/\/secure.gravatar.com\/avatar\/55cb5e37c1efa326397366e6974cb338056df65cb50e7d64d1cf314e87504837?s=96&d=mm&r=g","contentUrl":"https:\/\/secure.gravatar.com\/avatar\/55cb5e37c1efa326397366e6974cb338056df65cb50e7d64d1cf314e87504837?s=96&d=mm&r=g","caption":"Arnaldo Botto"},"url":"https:\/\/www.noticiasradioreflejos.com.ar\/2021\/author\/arnaldo\/"}]}},"_links":{"self":[{"href":"https:\/\/www.noticiasradioreflejos.com.ar\/2021\/wp-json\/wp\/v2\/posts\/65829","targetHints":{"allow":["GET"]}}],"collection":[{"href":"https:\/\/www.noticiasradioreflejos.com.ar\/2021\/wp-json\/wp\/v2\/posts"}],"about":[{"href":"https:\/\/www.noticiasradioreflejos.com.ar\/2021\/wp-json\/wp\/v2\/types\/post"}],"author":[{"embeddable":true,"href":"https:\/\/www.noticiasradioreflejos.com.ar\/2021\/wp-json\/wp\/v2\/users\/3"}],"replies":[{"embeddable":true,"href":"https:\/\/www.noticiasradioreflejos.com.ar\/2021\/wp-json\/wp\/v2\/comments?post=65829"}],"version-history":[{"count":1,"href":"https:\/\/www.noticiasradioreflejos.com.ar\/2021\/wp-json\/wp\/v2\/posts\/65829\/revisions"}],"predecessor-version":[{"id":65830,"href":"https:\/\/www.noticiasradioreflejos.com.ar\/2021\/wp-json\/wp\/v2\/posts\/65829\/revisions\/65830"}],"wp:attachment":[{"href":"https:\/\/www.noticiasradioreflejos.com.ar\/2021\/wp-json\/wp\/v2\/media?parent=65829"}],"wp:term":[{"taxonomy":"category","embeddable":true,"href":"https:\/\/www.noticiasradioreflejos.com.ar\/2021\/wp-json\/wp\/v2\/categories?post=65829"},{"taxonomy":"post_tag","embeddable":true,"href":"https:\/\/www.noticiasradioreflejos.com.ar\/2021\/wp-json\/wp\/v2\/tags?post=65829"}],"curies":[{"name":"wp","href":"https:\/\/api.w.org\/{rel}","templated":true}]}}