{"id":65826,"date":"2021-12-08T00:09:56","date_gmt":"2021-12-08T00:09:56","guid":{"rendered":"http:\/\/www.noticiasradioreflejos.com.ar\/2021\/?p=65826"},"modified":"2021-12-08T01:47:38","modified_gmt":"2021-12-08T01:47:38","slug":"saldungaray-vecinos-indignados-porque-filmaron-a-los-fantasmas-del-cementerio","status":"publish","type":"post","link":"https:\/\/www.noticiasradioreflejos.com.ar\/2021\/saldungaray-vecinos-indignados-porque-filmaron-a-los-fantasmas-del-cementerio\/","title":{"rendered":"Saldungaray: Vecinos indignados porque filmaron a los fantasmas del cementerio"},"content":{"rendered":"<p>Los videos publicados por una Youtuber en la plataforma audiovisual despertaron la indignaci\u00f3n de los vecinos de Saldungaray, quienes se sintieron ofendidos al visualizar im\u00e1genes paranormales en la necr\u00f3polis de la localidad.<!--more--><\/p>\n<p>Horacio Esmoli, uno de los vecinos de Saldungaray, fue quien reaccion\u00f3 a los videos de Katherine Otero, una Youtuber que se dedica a generar contenido de terror y a \u00abcazar fantasmas\u00bb. En sus videos, se pueden visualizar im\u00e1genes paranormales que movilizaron al vecino y lo motiv\u00f3 a generar un largo descargo:<\/p>\n<p>\u00abSaldungaray, hoy estaba intentando ver por YouTube un v\u00eddeo muy lindo sobre Saldungaray, publicado anteriormente en Facebook.<br \/>\nC\u00f3mo no lo encontraba, segu\u00ed recorriendo el canal y entre las muy hermosas y tambi\u00e9n numerosas publicaciones sobre m\u00ed pueblo, me encuentro con unas que me llenaron de indignaci\u00f3n.<br \/>\nY me refiero a videos publicados por una tal Katerine de apellido Otero, que se interna en el cementerio de la localidad y realiza una actuaci\u00f3n indignante sobre misteriosos ruidos y apariciones fraudulentas en el campo de paz donde descansan nuestros seres queridos.<br \/>\nC\u00f3mo se permite que gente as\u00ed avance sobre el enorme sentimiento de nuestra gente?<br \/>\nIngresaron hasta de noche, d\u00f3nde supuestamente, filmaron apariciones de fantasmas.<br \/>\nEste tipo de publicaciones, tan populares en M\u00e9jico, no debieran permitirse en nuestro pa\u00eds.<br \/>\nMenos en los camposantos d\u00f3nde tenemos a nuestros seres queridos.<br \/>\nExijo que se efect\u00fae un control\u00bb<\/p>\n<p>A continuaci\u00f3n, el contenido de Katherine Otero:<\/p>\n<p><iframe loading=\"lazy\" width=\"560\" height=\"315\" src=\"https:\/\/www.youtube.com\/embed\/1db3BBBgQb4\" title=\"YouTube video player\" frameborder=\"0\" allow=\"accelerometer; autoplay; clipboard-write; encrypted-media; gyroscope; picture-in-picture\" allowfullscreen><\/iframe><\/p>\n<p><iframe loading=\"lazy\" width=\"560\" height=\"315\" src=\"https:\/\/www.youtube.com\/embed\/4_U1l_3bsvk\" title=\"YouTube video player\" frameborder=\"0\" allow=\"accelerometer; autoplay; clipboard-write; encrypted-media; gyroscope; picture-in-picture\" allowfullscreen><\/iframe><\/p>\n<p><iframe loading=\"lazy\" width=\"560\" height=\"315\" src=\"https:\/\/www.youtube.com\/embed\/WgDbJbGdY78\" title=\"YouTube video player\" frameborder=\"0\" allow=\"accelerometer; autoplay; clipboard-write; encrypted-media; gyroscope; picture-in-picture\" allowfullscreen><\/iframe><\/p>\n","protected":false},"excerpt":{"rendered":"<p>Los videos publicados por una Youtuber en la plataforma audiovisual despertaron la indignaci\u00f3n de los vecinos de Saldungaray, quienes se sintieron ofendidos al visualizar im\u00e1genes paranormales en la necr\u00f3polis de la localidad.<\/p>\n","protected":false},"author":3,"featured_media":4019,"comment_status":"closed","ping_status":"closed","sticky":false,"template":"","format":"standard","meta":{"footnotes":""},"categories":[26],"tags":[48],"class_list":["post-65826","post","type-post","status-publish","format-standard","has-post-thumbnail","hentry","category-sociedad","tag-destacada"],"yoast_head":"<!-- This site is optimized with the Yoast SEO plugin v25.9 - https:\/\/yoast.com\/wordpress\/plugins\/seo\/ -->\n<title>Saldungaray: Vecinos indignados porque filmaron a los fantasmas del cementerio - Noticias Radio Reflejos<\/title>\n<meta name=\"robots\" content=\"index, follow, max-snippet:-1, max-image-preview:large, max-video-preview:-1\" \/>\n<link rel=\"canonical\" href=\"https:\/\/www.noticiasradioreflejos.com.ar\/2021\/saldungaray-vecinos-indignados-porque-filmaron-a-los-fantasmas-del-cementerio\/\" \/>\n<meta property=\"og:locale\" content=\"es_ES\" \/>\n<meta property=\"og:type\" content=\"article\" \/>\n<meta property=\"og:title\" content=\"Saldungaray: Vecinos indignados porque filmaron a los fantasmas del cementerio - Noticias Radio Reflejos\" \/>\n<meta property=\"og:description\" content=\"Los videos publicados por una Youtuber en la plataforma audiovisual despertaron la indignaci\u00f3n de los vecinos de Saldungaray, quienes se sintieron ofendidos al visualizar im\u00e1genes paranormales en la necr\u00f3polis de la localidad.\" \/>\n<meta property=\"og:url\" content=\"https:\/\/www.noticiasradioreflejos.com.ar\/2021\/saldungaray-vecinos-indignados-porque-filmaron-a-los-fantasmas-del-cementerio\/\" \/>\n<meta property=\"og:site_name\" content=\"Noticias Radio Reflejos\" \/>\n<meta property=\"article:published_time\" content=\"2021-12-08T00:09:56+00:00\" \/>\n<meta property=\"article:modified_time\" content=\"2021-12-08T01:47:38+00:00\" \/>\n<meta property=\"og:image\" content=\"https:\/\/www.noticiasradioreflejos.com.ar\/2021\/wp-content\/uploads\/2016\/11\/cementerio-Saldungaray-scaled.jpg\" \/>\n\t<meta property=\"og:image:width\" content=\"2560\" \/>\n\t<meta property=\"og:image:height\" content=\"1920\" \/>\n\t<meta property=\"og:image:type\" content=\"image\/jpeg\" \/>\n<meta name=\"author\" content=\"Arnaldo Botto\" \/>\n<meta name=\"twitter:card\" content=\"summary_large_image\" \/>\n<script type=\"application\/ld+json\" class=\"yoast-schema-graph\">{\"@context\":\"https:\/\/schema.org\",\"@graph\":[{\"@type\":\"WebPage\",\"@id\":\"https:\/\/www.noticiasradioreflejos.com.ar\/2021\/saldungaray-vecinos-indignados-porque-filmaron-a-los-fantasmas-del-cementerio\/\",\"url\":\"https:\/\/www.noticiasradioreflejos.com.ar\/2021\/saldungaray-vecinos-indignados-porque-filmaron-a-los-fantasmas-del-cementerio\/\",\"name\":\"Saldungaray: Vecinos indignados porque filmaron a los fantasmas del cementerio - Noticias Radio Reflejos\",\"isPartOf\":{\"@id\":\"https:\/\/www.noticiasradioreflejos.com.ar\/2021\/#website\"},\"primaryImageOfPage\":{\"@id\":\"https:\/\/www.noticiasradioreflejos.com.ar\/2021\/saldungaray-vecinos-indignados-porque-filmaron-a-los-fantasmas-del-cementerio\/#primaryimage\"},\"image\":{\"@id\":\"https:\/\/www.noticiasradioreflejos.com.ar\/2021\/saldungaray-vecinos-indignados-porque-filmaron-a-los-fantasmas-del-cementerio\/#primaryimage\"},\"thumbnailUrl\":\"https:\/\/www.noticiasradioreflejos.com.ar\/2021\/wp-content\/uploads\/2016\/11\/cementerio-Saldungaray-scaled.jpg\",\"datePublished\":\"2021-12-08T00:09:56+00:00\",\"dateModified\":\"2021-12-08T01:47:38+00:00\",\"author\":{\"@id\":\"https:\/\/www.noticiasradioreflejos.com.ar\/2021\/#\/schema\/person\/ad82545263dcc5ec0996818884fd5fb1\"},\"breadcrumb\":{\"@id\":\"https:\/\/www.noticiasradioreflejos.com.ar\/2021\/saldungaray-vecinos-indignados-porque-filmaron-a-los-fantasmas-del-cementerio\/#breadcrumb\"},\"inLanguage\":\"es\",\"potentialAction\":[{\"@type\":\"ReadAction\",\"target\":[\"https:\/\/www.noticiasradioreflejos.com.ar\/2021\/saldungaray-vecinos-indignados-porque-filmaron-a-los-fantasmas-del-cementerio\/\"]}]},{\"@type\":\"ImageObject\",\"inLanguage\":\"es\",\"@id\":\"https:\/\/www.noticiasradioreflejos.com.ar\/2021\/saldungaray-vecinos-indignados-porque-filmaron-a-los-fantasmas-del-cementerio\/#primaryimage\",\"url\":\"https:\/\/www.noticiasradioreflejos.com.ar\/2021\/wp-content\/uploads\/2016\/11\/cementerio-Saldungaray-scaled.jpg\",\"contentUrl\":\"https:\/\/www.noticiasradioreflejos.com.ar\/2021\/wp-content\/uploads\/2016\/11\/cementerio-Saldungaray-scaled.jpg\",\"width\":2560,\"height\":1920},{\"@type\":\"BreadcrumbList\",\"@id\":\"https:\/\/www.noticiasradioreflejos.com.ar\/2021\/saldungaray-vecinos-indignados-porque-filmaron-a-los-fantasmas-del-cementerio\/#breadcrumb\",\"itemListElement\":[{\"@type\":\"ListItem\",\"position\":1,\"name\":\"Portada\",\"item\":\"https:\/\/www.noticiasradioreflejos.com.ar\/2021\/\"},{\"@type\":\"ListItem\",\"position\":2,\"name\":\"Saldungaray: Vecinos indignados porque filmaron a los fantasmas del cementerio\"}]},{\"@type\":\"WebSite\",\"@id\":\"https:\/\/www.noticiasradioreflejos.com.ar\/2021\/#website\",\"url\":\"https:\/\/www.noticiasradioreflejos.com.ar\/2021\/\",\"name\":\"Noticias Radio Reflejos\",\"description\":\"Las noticias de mi comarca\",\"potentialAction\":[{\"@type\":\"SearchAction\",\"target\":{\"@type\":\"EntryPoint\",\"urlTemplate\":\"https:\/\/www.noticiasradioreflejos.com.ar\/2021\/?s={search_term_string}\"},\"query-input\":{\"@type\":\"PropertyValueSpecification\",\"valueRequired\":true,\"valueName\":\"search_term_string\"}}],\"inLanguage\":\"es\"},{\"@type\":\"Person\",\"@id\":\"https:\/\/www.noticiasradioreflejos.com.ar\/2021\/#\/schema\/person\/ad82545263dcc5ec0996818884fd5fb1\",\"name\":\"Arnaldo Botto\",\"image\":{\"@type\":\"ImageObject\",\"inLanguage\":\"es\",\"@id\":\"https:\/\/www.noticiasradioreflejos.com.ar\/2021\/#\/schema\/person\/image\/\",\"url\":\"https:\/\/secure.gravatar.com\/avatar\/55cb5e37c1efa326397366e6974cb338056df65cb50e7d64d1cf314e87504837?s=96&d=mm&r=g\",\"contentUrl\":\"https:\/\/secure.gravatar.com\/avatar\/55cb5e37c1efa326397366e6974cb338056df65cb50e7d64d1cf314e87504837?s=96&d=mm&r=g\",\"caption\":\"Arnaldo Botto\"},\"url\":\"https:\/\/www.noticiasradioreflejos.com.ar\/2021\/author\/arnaldo\/\"}]}<\/script>\n<!-- \/ Yoast SEO plugin. -->","yoast_head_json":{"title":"Saldungaray: Vecinos indignados porque filmaron a los fantasmas del cementerio - Noticias Radio Reflejos","robots":{"index":"index","follow":"follow","max-snippet":"max-snippet:-1","max-image-preview":"max-image-preview:large","max-video-preview":"max-video-preview:-1"},"canonical":"https:\/\/www.noticiasradioreflejos.com.ar\/2021\/saldungaray-vecinos-indignados-porque-filmaron-a-los-fantasmas-del-cementerio\/","og_locale":"es_ES","og_type":"article","og_title":"Saldungaray: Vecinos indignados porque filmaron a los fantasmas del cementerio - Noticias Radio Reflejos","og_description":"Los videos publicados por una Youtuber en la plataforma audiovisual despertaron la indignaci\u00f3n de los vecinos de Saldungaray, quienes se sintieron ofendidos al visualizar im\u00e1genes paranormales en la necr\u00f3polis de la localidad.","og_url":"https:\/\/www.noticiasradioreflejos.com.ar\/2021\/saldungaray-vecinos-indignados-porque-filmaron-a-los-fantasmas-del-cementerio\/","og_site_name":"Noticias Radio Reflejos","article_published_time":"2021-12-08T00:09:56+00:00","article_modified_time":"2021-12-08T01:47:38+00:00","og_image":[{"width":2560,"height":1920,"url":"https:\/\/www.noticiasradioreflejos.com.ar\/2021\/wp-content\/uploads\/2016\/11\/cementerio-Saldungaray-scaled.jpg","type":"image\/jpeg"}],"author":"Arnaldo Botto","twitter_card":"summary_large_image","schema":{"@context":"https:\/\/schema.org","@graph":[{"@type":"WebPage","@id":"https:\/\/www.noticiasradioreflejos.com.ar\/2021\/saldungaray-vecinos-indignados-porque-filmaron-a-los-fantasmas-del-cementerio\/","url":"https:\/\/www.noticiasradioreflejos.com.ar\/2021\/saldungaray-vecinos-indignados-porque-filmaron-a-los-fantasmas-del-cementerio\/","name":"Saldungaray: Vecinos indignados porque filmaron a los fantasmas del cementerio - Noticias Radio Reflejos","isPartOf":{"@id":"https:\/\/www.noticiasradioreflejos.com.ar\/2021\/#website"},"primaryImageOfPage":{"@id":"https:\/\/www.noticiasradioreflejos.com.ar\/2021\/saldungaray-vecinos-indignados-porque-filmaron-a-los-fantasmas-del-cementerio\/#primaryimage"},"image":{"@id":"https:\/\/www.noticiasradioreflejos.com.ar\/2021\/saldungaray-vecinos-indignados-porque-filmaron-a-los-fantasmas-del-cementerio\/#primaryimage"},"thumbnailUrl":"https:\/\/www.noticiasradioreflejos.com.ar\/2021\/wp-content\/uploads\/2016\/11\/cementerio-Saldungaray-scaled.jpg","datePublished":"2021-12-08T00:09:56+00:00","dateModified":"2021-12-08T01:47:38+00:00","author":{"@id":"https:\/\/www.noticiasradioreflejos.com.ar\/2021\/#\/schema\/person\/ad82545263dcc5ec0996818884fd5fb1"},"breadcrumb":{"@id":"https:\/\/www.noticiasradioreflejos.com.ar\/2021\/saldungaray-vecinos-indignados-porque-filmaron-a-los-fantasmas-del-cementerio\/#breadcrumb"},"inLanguage":"es","potentialAction":[{"@type":"ReadAction","target":["https:\/\/www.noticiasradioreflejos.com.ar\/2021\/saldungaray-vecinos-indignados-porque-filmaron-a-los-fantasmas-del-cementerio\/"]}]},{"@type":"ImageObject","inLanguage":"es","@id":"https:\/\/www.noticiasradioreflejos.com.ar\/2021\/saldungaray-vecinos-indignados-porque-filmaron-a-los-fantasmas-del-cementerio\/#primaryimage","url":"https:\/\/www.noticiasradioreflejos.com.ar\/2021\/wp-content\/uploads\/2016\/11\/cementerio-Saldungaray-scaled.jpg","contentUrl":"https:\/\/www.noticiasradioreflejos.com.ar\/2021\/wp-content\/uploads\/2016\/11\/cementerio-Saldungaray-scaled.jpg","width":2560,"height":1920},{"@type":"BreadcrumbList","@id":"https:\/\/www.noticiasradioreflejos.com.ar\/2021\/saldungaray-vecinos-indignados-porque-filmaron-a-los-fantasmas-del-cementerio\/#breadcrumb","itemListElement":[{"@type":"ListItem","position":1,"name":"Portada","item":"https:\/\/www.noticiasradioreflejos.com.ar\/2021\/"},{"@type":"ListItem","position":2,"name":"Saldungaray: Vecinos indignados porque filmaron a los fantasmas del cementerio"}]},{"@type":"WebSite","@id":"https:\/\/www.noticiasradioreflejos.com.ar\/2021\/#website","url":"https:\/\/www.noticiasradioreflejos.com.ar\/2021\/","name":"Noticias Radio Reflejos","description":"Las noticias de mi comarca","potentialAction":[{"@type":"SearchAction","target":{"@type":"EntryPoint","urlTemplate":"https:\/\/www.noticiasradioreflejos.com.ar\/2021\/?s={search_term_string}"},"query-input":{"@type":"PropertyValueSpecification","valueRequired":true,"valueName":"search_term_string"}}],"inLanguage":"es"},{"@type":"Person","@id":"https:\/\/www.noticiasradioreflejos.com.ar\/2021\/#\/schema\/person\/ad82545263dcc5ec0996818884fd5fb1","name":"Arnaldo Botto","image":{"@type":"ImageObject","inLanguage":"es","@id":"https:\/\/www.noticiasradioreflejos.com.ar\/2021\/#\/schema\/person\/image\/","url":"https:\/\/secure.gravatar.com\/avatar\/55cb5e37c1efa326397366e6974cb338056df65cb50e7d64d1cf314e87504837?s=96&d=mm&r=g","contentUrl":"https:\/\/secure.gravatar.com\/avatar\/55cb5e37c1efa326397366e6974cb338056df65cb50e7d64d1cf314e87504837?s=96&d=mm&r=g","caption":"Arnaldo Botto"},"url":"https:\/\/www.noticiasradioreflejos.com.ar\/2021\/author\/arnaldo\/"}]}},"_links":{"self":[{"href":"https:\/\/www.noticiasradioreflejos.com.ar\/2021\/wp-json\/wp\/v2\/posts\/65826","targetHints":{"allow":["GET"]}}],"collection":[{"href":"https:\/\/www.noticiasradioreflejos.com.ar\/2021\/wp-json\/wp\/v2\/posts"}],"about":[{"href":"https:\/\/www.noticiasradioreflejos.com.ar\/2021\/wp-json\/wp\/v2\/types\/post"}],"author":[{"embeddable":true,"href":"https:\/\/www.noticiasradioreflejos.com.ar\/2021\/wp-json\/wp\/v2\/users\/3"}],"replies":[{"embeddable":true,"href":"https:\/\/www.noticiasradioreflejos.com.ar\/2021\/wp-json\/wp\/v2\/comments?post=65826"}],"version-history":[{"count":1,"href":"https:\/\/www.noticiasradioreflejos.com.ar\/2021\/wp-json\/wp\/v2\/posts\/65826\/revisions"}],"predecessor-version":[{"id":65828,"href":"https:\/\/www.noticiasradioreflejos.com.ar\/2021\/wp-json\/wp\/v2\/posts\/65826\/revisions\/65828"}],"wp:featuredmedia":[{"embeddable":true,"href":"https:\/\/www.noticiasradioreflejos.com.ar\/2021\/wp-json\/wp\/v2\/media\/4019"}],"wp:attachment":[{"href":"https:\/\/www.noticiasradioreflejos.com.ar\/2021\/wp-json\/wp\/v2\/media?parent=65826"}],"wp:term":[{"taxonomy":"category","embeddable":true,"href":"https:\/\/www.noticiasradioreflejos.com.ar\/2021\/wp-json\/wp\/v2\/categories?post=65826"},{"taxonomy":"post_tag","embeddable":true,"href":"https:\/\/www.noticiasradioreflejos.com.ar\/2021\/wp-json\/wp\/v2\/tags?post=65826"}],"curies":[{"name":"wp","href":"https:\/\/api.w.org\/{rel}","templated":true}]}}