{"id":65812,"date":"2021-12-07T12:49:40","date_gmt":"2021-12-07T12:49:40","guid":{"rendered":"http:\/\/www.noticiasradioreflejos.com.ar\/2021\/?p=65812"},"modified":"2021-12-07T12:49:40","modified_gmt":"2021-12-07T12:49:40","slug":"calendario-de-eventos-turisticos-del-9-al-16-diciembre-de-2021","status":"publish","type":"post","link":"https:\/\/www.noticiasradioreflejos.com.ar\/2021\/calendario-de-eventos-turisticos-del-9-al-16-diciembre-de-2021\/","title":{"rendered":"Calendario de eventos tur\u00edsticos del 9 al 16 diciembre de 2021"},"content":{"rendered":"<p>Este fin de semana, la provincia de Buenos Aires celebra gastronom\u00eda y tradiciones en la previa al lanzamiento de la temporada 2021-2022. General Madariaga realizar\u00e1 la Fiesta Nacional del Gaucho, Mercedes la Fiesta Nacional del Durazno, y el Pueblo Tur\u00edstico de Gouin -en Carmen de Areco- la Fiesta Nacional del Pastel.<!--more--><\/p>\n<p>En tanto que, Bah\u00eda Blanca llevar\u00e1 a cabo la Fiesta provincial de la historia de la carne, Navarro la Fiesta de la empanada, La Flores la Fiesta del cordero deshuesado, Monte Hermoso la\u00a0 Fiesta de la cerveza y Tandil la Fiesta del queso tandilero. Tres d\u00edas de diciembre a puro festejo en los municipios bonaerenses.<\/p>\n<p>&nbsp;<\/p>\n<p><strong>\u00a0<\/strong><\/p>\n<p><strong>FIESTAS POPULARES<\/strong><\/p>\n<p><strong>\u00a0<\/strong><\/p>\n<p><strong>GENERAL MADARIAGA<\/strong><\/p>\n<p><strong>49\u00ba Fiesta Nacional del Gaucho<\/strong><\/p>\n<p><em><u>Fecha, hora\u00a0 y lugar:<\/u><\/em>\u00a0Del viernes 10 al domingo 12, programaci\u00f3n completa en:\u00a0<u><a href=\"http:\/\/www.turismo.madariaga.gob.ar\/fiesta-nacional-del-gaucho\" data-saferedirecturl=\"https:\/\/www.google.com\/url?q=http:\/\/www.turismo.madariaga.gob.ar\/fiesta-nacional-del-gaucho&amp;source=gmail&amp;ust=1638965860593000&amp;usg=AOvVaw2KL2x0-d3IkU7Loy5gWm8K\">www.turismo.madariaga.gob.ar\/fiesta-nacional-del-gaucho<\/a><\/u><\/p>\n<p><em><u>Descripci\u00f3n:<\/u><\/em>\u00a0La fiesta comienza con el traslado en carruaje de la Virgen de Luj\u00e1n desde el centro tradicionalista hasta el Parque Anchorena, al llegar se realiza la ceremonia de \u201cabriendo tranqueras a los cuatro rumbos\u201d, apertura simb\u00f3lica de las tranqueras por donde ingresan instituciones,delegaciones, reinas invitadas, buenas mozas y autoridades. Entrada arancelada. Organiza la Municipalidad de General Madariaga.<\/p>\n<p><u>M\u00e1s informaci\u00f3n:\u00a0<\/u>Direcci\u00f3n de Turismo de General Madariaga &#8211;\u00a0<u><a href=\"http:\/\/www.turismo.madariaga.gob.ar\/\" data-saferedirecturl=\"https:\/\/www.google.com\/url?q=http:\/\/www.turismo.madariaga.gob.ar&amp;source=gmail&amp;ust=1638965860593000&amp;usg=AOvVaw0jBolBol8-hmp1C8KE-8b8\">www.turismo.madariaga.gob.ar<\/a>\u00a0&#8211;\u00a0<a href=\"http:\/\/www.instagram.com\/turismomadariaga\" data-saferedirecturl=\"https:\/\/www.google.com\/url?q=http:\/\/www.instagram.com\/turismomadariaga&amp;source=gmail&amp;ust=1638965860593000&amp;usg=AOvVaw21lTTRhQqJ-yp_E1XMaaDB\">www.instagram.com\/turismomadariaga<\/a>\u00a0&#8211;<\/u>\u00a0<u><a href=\"mailto:turismo@madariaga.gob.ar\">turismo@madariaga.gob.ar<\/a><\/u>\u00a0\u2013 (02267) 551058.<\/p>\n<p>&nbsp;<\/p>\n<p>&nbsp;<\/p>\n<p><strong>MERCEDES<\/strong><\/p>\n<p><strong>45\u00ba Fiesta Nacional del Durazno<\/strong><\/p>\n<p><em><u>Fecha, hora\u00a0 y lugar:<\/u><\/em>\u00a0Del viernes 10 al domingo 12, en el Complejo Cultural La Trocha, ubicado en avenida 40 y 21.<\/p>\n<p><em><u>Descripci\u00f3n:<\/u><\/em>\u00a0En esta edici\u00f3n se realizar\u00e1 el encuentro folkl\u00f3rico, el concurso \u201cdulce del a\u00f1o\u201d y el concurso de embaladores \u201cEmbalate\u201d, y capacitaciones y charlas t\u00e9cnicas destinadas a productores y vecinos. Entrada libre y gratuita. Organiza la Municipalidad de Mercedes.<\/p>\n<p><em><u>M\u00e1s informaci\u00f3n:\u00a0<\/u><\/em>Direcci\u00f3n de Turismo de Mercedes &#8211; 0810-3330997 &#8211;<u><a href=\"http:\/\/www.instagram.com\/turismomercedesoficial\" data-saferedirecturl=\"https:\/\/www.google.com\/url?q=http:\/\/www.instagram.com\/turismomercedesoficial&amp;source=gmail&amp;ust=1638965860594000&amp;usg=AOvVaw0sUWVuGYJMzCsU_Gg8Qkj8\">www.instagram.com\/turismomercedesoficial<\/a><\/u>\u00a0&#8211;\u00a0<u><a href=\"http:\/\/www.facebook.com\/dirturmercedes\" data-saferedirecturl=\"https:\/\/www.google.com\/url?q=http:\/\/www.facebook.com\/dirturmercedes&amp;source=gmail&amp;ust=1638965860594000&amp;usg=AOvVaw0_PQ9suJ3D3H3DyZr62xh_\">www.facebook.com\/dirturmercedes<\/a><\/u><\/p>\n<p>&nbsp;<\/p>\n<p>&nbsp;<\/p>\n<p><strong>CARMEN DE ARECO (Gouin)<\/strong><\/p>\n<p><strong>27\u00ba Fiesta Nacional del Pastel<\/strong><\/p>\n<p><em><u>Fecha, hora\u00a0 y lugar:<\/u><\/em>\u00a0S\u00e1bado 11, desde las 17:30, y domingo 12, a partir de las 17:00, en el Pueblo Tur\u00edstico Gouin.<\/p>\n<p><em><u>Descripci\u00f3n:<\/u><\/em>\u00a0El s\u00e1bado comienzan los actos protocolares y espect\u00e1culos musicales que acompa\u00f1ar\u00e1n la jornada hasta el cierre con la elecci\u00f3n de la Embajadora de la fiesta. En tanto que el domingo, se presentar\u00e1n grupos de danzas folkl\u00f3ricas y se llevar\u00e1 a cabo el tradicional Concurso de Pasteleras contando, en esta ocasi\u00f3n, con la presencia de \u201cCocineros Argentinos\u201d como jurado del certamen. Cabe destacar que, durante los dos d\u00edas, estar\u00e1 presente el programa ReCreo de la Subsecretar\u00eda de Turismo promocionando la cultura, el turismo, las identidades y las econom\u00edas locales de los 135 municipios. Entrada libre y gratuita. Organiza la Municipalidad de Carmen de Areco, con el apoyo de la Subsecretar\u00eda de Turismo de la provincia de Buenos Aires, el Ministerio de Cultura de la Naci\u00f3n y el Ministerio de Turismo y Deportes de la Naci\u00f3n.<\/p>\n<p><em><u>M\u00e1s informaci\u00f3n:\u00a0<\/u><\/em>Direcci\u00f3n de Turismo de Carmen de Areco \u2013\u00a0<u><a href=\"http:\/\/www.turismo.carmendeareco.gob.ar\/\" data-saferedirecturl=\"https:\/\/www.google.com\/url?q=http:\/\/www.turismo.carmendeareco.gob.ar&amp;source=gmail&amp;ust=1638965860594000&amp;usg=AOvVaw2ylAHhVWCcMEbsj_6Wlp1l\">www.turismo.carmendeareco.gob.ar<\/a><\/u>\u00a0&#8211;\u00a0<u><a href=\"http:\/\/www.facebook.com\/turismocarmendeareco\" data-saferedirecturl=\"https:\/\/www.google.com\/url?q=http:\/\/www.facebook.com\/turismocarmendeareco&amp;source=gmail&amp;ust=1638965860594000&amp;usg=AOvVaw2hBra407mNHny6lm9DVYVN\">www.facebook.com\/turismocarmendeareco<\/a><\/u>\u00a0&#8211; (02273)\u00a0 4420199\/2273\/406082\/2326-431341<\/p>\n<p><strong>\u00a0<\/strong><\/p>\n<p><strong>BAH\u00cdA BLANCA (General Daniel Cerri)<\/strong><\/p>\n<p><strong>9\u00ba Fiesta provincial de la historia de la carne<\/strong><\/p>\n<p><em><u>Fecha, hora\u00a0 y lugar:<\/u><\/em>\u00a0S\u00e1bado 11 y domingo 12, a partir de las 11:00, en Pernicci y Gurruchaga, General Daniel Cerri.<\/p>\n<p><em><u>Descripci\u00f3n:<\/u><\/em>\u00a0Durante dos d\u00edas se podr\u00e1 disfrutar del patio de comidas con las vaquillonas al asador como producto estrella. Tambi\u00e9n habr\u00e1 stands de artesanas e instituciones de la localidad. Adem\u00e1s, se inaugurar\u00e1 el escenario gigante con bandas musicales, solistas, humoristas y danza en vivo. Organizan entidades intermedias, con la colaboraci\u00f3n del Instituto Cultural delegaci\u00f3n General D. Cerri y el apoyo del Municipio de Bah\u00eda Blanca.<\/p>\n<p><em><u>M\u00e1s informaci\u00f3n:<\/u><\/em>\u00a0Direcci\u00f3n de Turismo de Bah\u00eda Blanca &#8211;\u00a0<u><a href=\"http:\/\/www.facebook.com\/turismobahiablanca\" data-saferedirecturl=\"https:\/\/www.google.com\/url?q=http:\/\/www.facebook.com\/turismobahiablanca&amp;source=gmail&amp;ust=1638965860594000&amp;usg=AOvVaw04CTs0y1Q_Ls3yvJCK0Pux\">www.facebook.com\/turismobahiablanca<\/a>\u00a0&#8211;\u00a0<a href=\"http:\/\/www.bahia.gob.ar\/conoce\" data-saferedirecturl=\"https:\/\/www.google.com\/url?q=http:\/\/www.bahia.gob.ar\/conoce&amp;source=gmail&amp;ust=1638965860594000&amp;usg=AOvVaw0D0Mgf8D2uwoK56dAqQrua\">www.bahia.gob.ar\/conoce<\/a><\/u>\u00a0&#8211;\u00a0<u><a href=\"mailto:turismobhi@gmail.com\">turismobhi@gmail.com<\/a><\/u><u>\u00a0<\/u><\/p>\n<p><strong>\u00a0<\/strong><\/p>\n<p><strong>NAVARRO (Villa Moll)<\/strong><\/p>\n<p><strong>9\u00ba Fiesta de la empanada<\/strong><\/p>\n<p><em><u>Fecha, hora\u00a0 y lugar:<\/u><\/em>\u00a0Domingo 12, a partir de las 10:00, en el predio del ferrocarril.<\/p>\n<p><em><u>Descripci\u00f3n:<\/u><\/em>\u00a0Espect\u00e1culos folkl\u00f3ricos con cuerpos de baile, artistas locales y zonales. Actuaci\u00f3n especial de Sonia Vega. Premio a la mejor empanada. Habr\u00e1 puestos de artesanos y servicio de cantina durante todo el d\u00eda. Entrada gratuita. Organiza Sociedad\u00a0de Fomento de Villa Moll con el apoyo del Municipio de Navarro.<br \/>\n<em><u>M\u00e1s informaci\u00f3n:\u00a0<\/u><\/em><u><a href=\"https:\/\/fb.me\/e\/MY8ixZaQ\" data-saferedirecturl=\"https:\/\/www.google.com\/url?q=https:\/\/fb.me\/e\/MY8ixZaQ&amp;source=gmail&amp;ust=1638965860594000&amp;usg=AOvVaw2LnrxxLHULJgfWQy9PBQjV\">https:\/\/fb.me\/e\/MY8ixZaQ<\/a><\/u><\/p>\n<p>&nbsp;<\/p>\n<p><strong>LAS FLORES (Paraje Rosas)<\/strong><\/p>\n<p><strong>7\u00ba Fiesta del cordero deshuesado<\/strong><\/p>\n<p><em><u>Fecha, hora\u00a0 y lugar:<\/u><\/em>\u00a0Domingo 12, desde el mediod\u00eda, en el paraje Rosas.<\/p>\n<p><em><u>Descripci\u00f3n:<\/u><\/em>\u00a0La fiesta contempla un almuerzo al aire libre, espect\u00e1culos musicales con solistas y grupos de centros tradicionalistas entre los que se destaca el Ballet Municipal. Habr\u00e1 tambi\u00e9n una muestra de ponchos y paseo de artesanos. Almuerzo arancelado: 1500 pesos (mayores) y 700 pesos (menores de 12 a\u00f1os). Menores de 3 a\u00f1os, que no ocupen lugar, no abonar\u00e1n tarjeta. Organiza Centro Educativo para la Producci\u00f3n Total N\u00ba 37 con el auspicio de la Municipalidad de Las Flores.<\/p>\n<p><em><u>M\u00e1s informaci\u00f3n:<\/u><\/em>\u00a0<u><a href=\"http:\/\/www.facebook.com\/Cept-37-Rosas-906882869395908\" data-saferedirecturl=\"https:\/\/www.google.com\/url?q=http:\/\/www.facebook.com\/Cept-37-Rosas-906882869395908&amp;source=gmail&amp;ust=1638965860594000&amp;usg=AOvVaw2XLbqHF9K8Zvso5E_nE-jN\">www.facebook.com\/Cept-37-Rosas-906882869395908<\/a><\/u>\u00a0&#8211;\u00a0<u><a href=\"mailto:cept37lasflores@abc.gob.ar\">cept37lasflores@abc.gob.ar<\/a><\/u><\/p>\n<p>&nbsp;<\/p>\n<p><u>\u00a0<\/u><\/p>\n<p><strong>EVENTOS GASTRON\u00d3MICOS<\/strong><\/p>\n<p><strong>\u00a0<\/strong><\/p>\n<p><strong>TANDIL<\/strong><\/p>\n<p><strong>3\u00ba Fiesta del queso tandilero<\/strong><\/p>\n<p><em><u>Fecha, hora y lugar<\/u><\/em>: Del viernes 10 al domingo 12, en el diagonal Parque Independencia. Consultar programaci\u00f3n:\u00a0<u><a href=\"http:\/\/www.facebook.com\/clusterqueserodetandil\" data-saferedirecturl=\"https:\/\/www.google.com\/url?q=http:\/\/www.facebook.com\/clusterqueserodetandil&amp;source=gmail&amp;ust=1638965860594000&amp;usg=AOvVaw040ReAGRpguZ-n1SY3YCXF\">www.facebook.com\/clusterqueserodetandil<\/a><\/u><\/p>\n<p><em><u>Descripci\u00f3n<\/u><\/em>: Durante tres jornadas, el queso tandilero y la gastronom\u00eda local ser\u00e1n las figuras de esta fiesta en diferentes stands, donde integrantes del Cluster ofrecer\u00e1n sus productos. Tambi\u00e9n se desarrollar\u00e1n capacitaciones, clases, cocina en vivo, espect\u00e1culos musicales y habr\u00e1 otros atractivos como el parque de juegos, el planetario m\u00f3vil y el patio cervecero. Organizan el Cluster Quesero de Tandil junto al Municipio.<\/p>\n<p><em><u>M\u00e1s informaci\u00f3n<\/u><\/em>: Direcci\u00f3n de Turismo de Tandil &#8211;\u00a0<a href=\"http:\/\/www.facebook.com\/TurismoTDL\" data-saferedirecturl=\"https:\/\/www.google.com\/url?q=http:\/\/www.facebook.com\/TurismoTDL&amp;source=gmail&amp;ust=1638965860594000&amp;usg=AOvVaw2mrFIfOgFn8ptX7YfJGYpt\">www.facebook.com\/TurismoTDL<\/a>\u00a0&#8211;\u00a0<a href=\"mailto:turismo@tandil.gov.ar\">turismo@tandil.gov.ar<\/a>\u00a0&#8211;\u00a0 (0249) 4513255<\/p>\n<p><strong>\u00a0<\/strong><\/p>\n<p><strong>MONTE HERMOSO<\/strong><\/p>\n<p><strong>Fiesta de la cerveza<\/strong><\/p>\n<p><em><u>Fecha, hora\u00a0 y lugar:<\/u><\/em>\u00a0Del viernes 10 al domingo 12, en la plaza Parque General San Mart\u00edn.<\/p>\n<p><em><u>Descripci\u00f3n:<\/u><\/em>\u00a0Con m\u00e1s de una decena de beer, food trucks y recitales gratuitos al aire libre, Monte Hermoso dar\u00e1 inicio a su temporada de verano 2021\/2022 a partir del viernes 10 de diciembre a las 20:00, con la Fiesta de la Cerveza. S\u00e1bado y domingo, a partir de las 12:00. Organiza la Municipalidad de Monte Hermoso.<\/p>\n<p><em><u>M\u00e1s informaci\u00f3n<\/u><\/em><em>:\u00a0<\/em>Secretar\u00eda de Turismo, Cultura y Deportes &#8211;\u00a0\u00a0<a href=\"http:\/\/www.montehermoso.gov.ar\/\" data-saferedirecturl=\"https:\/\/www.google.com\/url?q=http:\/\/www.montehermoso.gov.ar&amp;source=gmail&amp;ust=1638965860594000&amp;usg=AOvVaw2VUcWH2xd-lgst0H3Jb5d5\">www.montehermoso.gov.ar<\/a>\u00a0&#8211;\u00a0<u><a href=\"http:\/\/www.facebook.com\/MonteHermosoCiudad\" data-saferedirecturl=\"https:\/\/www.google.com\/url?q=http:\/\/www.facebook.com\/MonteHermosoCiudad&amp;source=gmail&amp;ust=1638965860594000&amp;usg=AOvVaw3lC_qddkb_JB5Wuky3ZDvF\">www.facebook.com\/MonteHermosoCiudad<\/a><\/u>\u00a0&#8211;\u00a0<u><a href=\"http:\/\/www.instagram.com\/montehermoso.turismo\" data-saferedirecturl=\"https:\/\/www.google.com\/url?q=http:\/\/www.instagram.com\/montehermoso.turismo&amp;source=gmail&amp;ust=1638965860594000&amp;usg=AOvVaw3U23R5N-sDmyeEVH9XMnh7\">www.instagram.com\/montehermoso.turismo<\/a><\/u>\u00a0&#8211;\u00a0<a href=\"mailto:turismo@montehermoso.gov.ar\">turismo@montehermoso.gov.ar<\/a>\u00a0\u2013 (02921) 481123\/481047.<\/p>\n<p>&nbsp;<\/p>\n<p><strong>SAN PEDRO<\/strong><\/p>\n<p><strong>Fiesta del chopp<\/strong><\/p>\n<p><em><u>Fecha, hora\u00a0 y lugar:<\/u><\/em>\u00a0S\u00e1bado 11 y domingo 12, en el Paseo P\u00fablico Municipal. Consultar programaci\u00f3n:\u00a0<u><a href=\"http:\/\/www.facebook.com\/Fiesta-del-Chopp-330086131131935\" data-saferedirecturl=\"https:\/\/www.google.com\/url?q=http:\/\/www.facebook.com\/Fiesta-del-Chopp-330086131131935&amp;source=gmail&amp;ust=1638965860594000&amp;usg=AOvVaw0jSyX_nobs7ld8jL6o68Yv\">www.facebook.com\/Fiesta-del-Chopp-330086131131935<\/a><\/u><\/p>\n<p><em><u>Descripci\u00f3n:<\/u><\/em>\u00a0Con la presencia de m\u00e1s de 25 stands, espect\u00e1culos musicales, sorteos y entretenimientos. Entrada gratuita. Organizan productores cerveceros locales y la Municipalidad de San Pedro.<\/p>\n<p><em><u>M\u00e1s informaci\u00f3n:<\/u><\/em>\u00a0Secretar\u00eda de Turismo y Cultura de San Pedro &#8211;\u00a0<u><a href=\"http:\/\/www.facebook.com\/SecretariadeTurismoSP\" data-saferedirecturl=\"https:\/\/www.google.com\/url?q=http:\/\/www.facebook.com\/SecretariadeTurismoSP&amp;source=gmail&amp;ust=1638965860594000&amp;usg=AOvVaw1AyXKFi-8O3OfJ4hZkAtu6\">www.facebook.com\/SecretariadeTurismoSP<\/a><\/u>\u00a0 &#8211;\u00a0<a href=\"mailto:direcciondeturismosanpedro@hotmail.com\">direcciondeturismosanpedro@hotmail.com<\/a>\u00a0&#8211; (03329) 422050.<\/p>\n<p>&nbsp;<\/p>\n<p><strong>EVENTOS CULTURALES<\/strong><\/p>\n<p>&nbsp;<\/p>\n<p><strong>PUAN<\/strong><\/p>\n<p><strong>Lanzamiento de temporada 2021\/2022<\/strong><\/p>\n<p><em><u>Fecha, hora\u00a0 y lugar:<\/u><\/em>\u00a0Domingo 12, desde las 09:30, en la Laguna de Puan.<\/p>\n<p><em><u>Descripci\u00f3n:<\/u><\/em>\u00a0El Municipio dar\u00e1 comienzo a la apertura de temporada con la inauguraci\u00f3n de una Oficina de Informes Tur\u00edsticos en la Laguna de Puan. Habr\u00e1\u00a0senderos guiados, talleres de t\u00edteres y de canto del CMA, apertura de fogones, espect\u00e1culos musicales, entre otros. Organiza la Municipalidad de Puan.<\/p>\n<p><em><u>M\u00e1s informaci\u00f3n:<\/u><\/em>\u00a0Direcci\u00f3n de Turismo de Puan &#8211;\u00a0<u><a href=\"http:\/\/www.facebook.com\/TurismoPuan\" data-saferedirecturl=\"https:\/\/www.google.com\/url?q=http:\/\/www.facebook.com\/TurismoPuan&amp;source=gmail&amp;ust=1638965860594000&amp;usg=AOvVaw2bP74yH4_ztiVmbAQ1OMPe\">www.facebook.com\/TurismoPuan<\/a>\u00a0&#8211;\u00a0<a href=\"http:\/\/www.instagram.com\/turismopuan\" data-saferedirecturl=\"https:\/\/www.google.com\/url?q=http:\/\/www.instagram.com\/turismopuan&amp;source=gmail&amp;ust=1638965860594000&amp;usg=AOvVaw39rRu55wQ2AVBTWade3WOl\">www.instagram.com\/turismopuan<\/a><\/u>\u00a0&#8211;\u00a0<u><a href=\"mailto:turismo@puan.gob.ar\">turismo@puan.gob.ar<\/a><\/u><\/p>\n<p>&nbsp;<\/p>\n<p><strong>ADOLFO ALSINA (Carhu\u00e9)<\/strong><\/p>\n<p><strong>Lanzamiento de temporada 2021\/2022<\/strong><\/p>\n<p><em><u>Fecha, hora\u00a0 y lugar:<\/u><\/em>\u00a0Domingo 12, desde las 18:00, en la playa Eco Sustentable de la Laguna de Carhu\u00e9.<\/p>\n<p><em><u>Descripci\u00f3n:<\/u><\/em>\u00a0El Municipio inaugurar\u00e1 la temporada estival en donde presentar\u00e1 una nutrida grilla de actividades previstas para los meses de verano. Entrada gratuita. Organiza la Secretar\u00eda de Turismo de Adolfo Alsina<\/p>\n<p><em><u>M\u00e1s informaci\u00f3n:<\/u><\/em>\u00a0Secretar\u00eda de Turismo de Adolfo Alsina\u00a0 &#8211; whatsapp (2923) 427092 &#8211;\u00a0<a href=\"http:\/\/www.termasdecarhue.gov.ar\/\" data-saferedirecturl=\"https:\/\/www.google.com\/url?q=http:\/\/www.termasdecarhue.gov.ar&amp;source=gmail&amp;ust=1638965860594000&amp;usg=AOvVaw3RpRXEHGHBBr9AOatqfTL4\">www.termasdecarhue.gov.ar<\/a><\/p>\n<p>&nbsp;<\/p>\n<p><strong>PATAGONES (Viedma-Patagones)<\/strong><\/p>\n<p><strong>14\u00ba Encuentro argentino de turismo religioso<\/strong><\/p>\n<p><em><u>Fecha, hora\u00a0 y lugar:<\/u><\/em>\u00a0Viernes 10, desde las 09:30, en el Centro Municipal de Cultura, Viedma, provincia de R\u00edo Negro. S\u00e1bado 11, a partir de las 09:30, en el Teatro Espa\u00f1a, Carmen de Patagones, provincia de Buenos Aires. La programaci\u00f3n del encuentro se brindar\u00e1 al momento de la inscripci\u00f3n.<\/p>\n<p><em><u>Descripci\u00f3n:<\/u><\/em>\u00a0Carmen de Patagones, junto con la ciudad de Viedma, han sido seleccionadas como sede de este evento que buscar\u00e1 estrategias para posicionar destinos a trav\u00e9s de figuras religiosas que gu\u00edan las peregrinaciones y generan el desplazamiento tur\u00edstico por motivos de fe. Contar\u00e1 con la presencia de quince disertantes referentes en la tem\u00e1tica y p\u00fablico participante proveniente de diferentes provincias del pa\u00eds.\u00a0Los interesados en acreditarse deben completar el formulario de inscripci\u00f3n\u00a0<u><a href=\"https:\/\/forms.gle\/DQSTCmupKsUkr2Vb8?fbclid=IwAR0B3m83jrPOc0E2AIc-k7KW-ULVGG-FgL0uQYYK-L6EsF3cO0AsOwc1XN0\" data-saferedirecturl=\"https:\/\/www.google.com\/url?q=https:\/\/forms.gle\/DQSTCmupKsUkr2Vb8?fbclid%3DIwAR0B3m83jrPOc0E2AIc-k7KW-ULVGG-FgL0uQYYK-L6EsF3cO0AsOwc1XN0&amp;source=gmail&amp;ust=1638965860594000&amp;usg=AOvVaw06QO6NdmTXJrosz7CJpzFg\">https:\/\/forms.gle\/DQSTCmupKsUkr2Vb8<\/a><\/u>. El encuentro es gratuito y abierto al p\u00fablico en general.<\/p>\n<p><em><u>M\u00e1s informaci\u00f3n:<\/u><\/em>\u00a0Direcci\u00f3n de Turismo de Patagones &#8211;\u00a0\u00a0<u><a href=\"http:\/\/www.facebook.com\/Turismo-Municipalidad-de-Patagones-319697678154536\" data-saferedirecturl=\"https:\/\/www.google.com\/url?q=http:\/\/www.facebook.com\/Turismo-Municipalidad-de-Patagones-319697678154536&amp;source=gmail&amp;ust=1638965860594000&amp;usg=AOvVaw0Pp_Q763BFg04lGPkXuDbF\">www.facebook.com\/Turismo-Municipalidad-de-Patagones-319697678154536<\/a><\/u>\u00a0&#8211;\u00a0<u><a href=\"http:\/\/www.instagram.com\/turismopatagones\" data-saferedirecturl=\"https:\/\/www.google.com\/url?q=http:\/\/www.instagram.com\/turismopatagones&amp;source=gmail&amp;ust=1638965860594000&amp;usg=AOvVaw0o5X_JOvUAP2HonWDmLo0p\">www.instagram.com\/turismopatagones<\/a><\/u>\u00a0&#8211; (02920) 464819\/5406<\/p>\n<p>&nbsp;<\/p>\n<p><strong>BRANDSEN<\/strong><\/p>\n<p><strong>1\u00b0 Festival de tango en Brandsen<\/strong><\/p>\n<p><em><u>Fecha, hora\u00a0 y lugar:<\/u><\/em>\u00a0S\u00e1bado 11, desde las 17:00, en Larrea esquina Ferrari. Programaci\u00f3n en:\u00a0<u><a href=\"http:\/\/www.facebook.com\/prensamunicipalidadbrandsen\/photos\/pcb.4645710272133520\/4645710228800191\" data-saferedirecturl=\"https:\/\/www.google.com\/url?q=http:\/\/www.facebook.com\/prensamunicipalidadbrandsen\/photos\/pcb.4645710272133520\/4645710228800191&amp;source=gmail&amp;ust=1638965860594000&amp;usg=AOvVaw2dtFMystZW6mSh6uk6LLAo\">www.facebook.com\/prensamunicipalidadbrandsen\/photos\/pcb.4645710272133520\/4645710228800191<\/a><\/u><\/p>\n<p><em><u>Descripci\u00f3n:<\/u><\/em>\u00a0Esta primera edici\u00f3n, que se lleva a cabo en el marco del D\u00eda Nacional del Tango, tendr\u00e1 el nombre de \u00abCarlos Gardel\u00bb. El evento se realizar\u00e1 al aire libre, sobre calle Larrea, con espect\u00e1culo musical en vivo, charlas, conversatorios, clases de tango, danza, Patio de Tango y cena show. Evento gratuito con el auspicio de la Municipalidad de Brandsen.<\/p>\n<p><em><u>M\u00e1s informaci\u00f3n:<\/u><\/em>\u00a0Direcci\u00f3n de Cultura \u2013 (02223) 444359 &#8211;\u00a0<u><a href=\"mailto:cultura@brandsen.gob.ar\">cultura@brandsen.gob.ar<\/a>\u00a0&#8211;\u00a0<a href=\"http:\/\/www.facebook.com\/prensamunicipalidadbrandsen\" data-saferedirecturl=\"https:\/\/www.google.com\/url?q=http:\/\/www.facebook.com\/prensamunicipalidadbrandsen&amp;source=gmail&amp;ust=1638965860594000&amp;usg=AOvVaw2QI-tsfcWNBPhEoDckteWG\">www.facebook.com\/prensamunicipalidadbrandsen<\/a><\/u><\/p>\n<p>&nbsp;<\/p>\n<p><strong>BRANDSEN<\/strong><\/p>\n<p><strong>Festival Tamara Castro 2021<\/strong><\/p>\n<p><em><u>Fecha, hora\u00a0 y lugar:<\/u><\/em>\u00a0S\u00e1bado 11 y domingo 12, a partir de las 17:00, en la plaza Hip\u00f3lito Yrigoyen,<\/p>\n<p><em><u>Descripci\u00f3n:<\/u><\/em>\u00a0Festival en el que se presentar\u00e1n diferentes espect\u00e1culos en vivo sobre el escenario Tamara Castro. Adem\u00e1s, habr\u00e1 una Feria de Artesanos y Emprendedores con patio gastron\u00f3mico. Por otro lado, el s\u00e1bado 11, desde las 10:00, se estar\u00e1 realizando el Pre-Baradero 2022, en la misma plaza. Organiza la Municipalidad de Brandsen.<\/p>\n<p><em><u>M\u00e1s informaci\u00f3n:<\/u><\/em>\u00a0Direcci\u00f3n de Cultura \u2013 (02223) 444359 &#8211;\u00a0<u><a href=\"mailto:cultura@brandsen.gob.ar\">cultura@brandsen.gob.ar<\/a>\u00a0&#8211;\u00a0<a href=\"http:\/\/www.facebook.com\/prensamunicipalidadbrandsen\" data-saferedirecturl=\"https:\/\/www.google.com\/url?q=http:\/\/www.facebook.com\/prensamunicipalidadbrandsen&amp;source=gmail&amp;ust=1638965860594000&amp;usg=AOvVaw2QI-tsfcWNBPhEoDckteWG\">www.facebook.com\/prensamunicipalidadbrandsen<\/a><\/u><\/p>\n<p>&nbsp;<\/p>\n<p>Para m\u00e1s informaci\u00f3n del calendario de eventos y actividades, visit\u00e1 nuestra p\u00e1gina web:\u00a0<u><a href=\"https:\/\/buenosaires.tur.ar\/calendario\" data-saferedirecturl=\"https:\/\/www.google.com\/url?q=https:\/\/buenosaires.tur.ar\/calendario&amp;source=gmail&amp;ust=1638965860594000&amp;usg=AOvVaw0pfFNWSZc3BYiom2hTgRM3\">https:\/\/buenosaires.tur.ar\/calendario<\/a><\/u><\/p>\n<p>&nbsp;<\/p>\n<p>Es importante que los asistentes cumplan los protocolos b\u00e1sicos de cuidado que consisten en la frecuente higienizaci\u00f3n de manos, el uso permanente de tapaboca-nariz y el respeto de la distancia social.<\/p>\n<p>La agenda tur\u00edstica y cultural de los 135 municipios se encuentra disponible en la APP ReCreo. Link de descarga:\u00a0<u><a href=\"https:\/\/play.google.com\/store\/apps\/details?id=org.gba.recreo&amp;hl=es_AR&amp;gl=US\" data-saferedirecturl=\"https:\/\/www.google.com\/url?q=https:\/\/play.google.com\/store\/apps\/details?id%3Dorg.gba.recreo%26hl%3Des_AR%26gl%3DUS&amp;source=gmail&amp;ust=1638965860594000&amp;usg=AOvVaw0X0-7E-XlbP44mJC1johA0\">https:\/\/play.google.com\/store\/apps\/details?id=org.gba.recreo&amp;hl=es_AR&amp;gl=US<\/a><\/u><\/p>\n","protected":false},"excerpt":{"rendered":"<p>Este fin de semana, la provincia de Buenos Aires celebra gastronom\u00eda y tradiciones en la previa al lanzamiento de la temporada 2021-2022. General Madariaga realizar\u00e1 la Fiesta Nacional del Gaucho, Mercedes la Fiesta Nacional del Durazno, y el Pueblo Tur\u00edstico de Gouin -en Carmen de Areco- la Fiesta Nacional del Pastel.<\/p>\n","protected":false},"author":3,"featured_media":0,"comment_status":"closed","ping_status":"closed","sticky":false,"template":"","format":"standard","meta":{"footnotes":""},"categories":[33],"tags":[],"class_list":["post-65812","post","type-post","status-publish","format-standard","hentry","category-turismo"],"yoast_head":"<!-- This site is optimized with the Yoast SEO plugin v25.9 - https:\/\/yoast.com\/wordpress\/plugins\/seo\/ -->\n<title>Calendario de eventos tur\u00edsticos del 9 al 16 diciembre de 2021 - Noticias Radio Reflejos<\/title>\n<meta name=\"robots\" content=\"index, follow, max-snippet:-1, max-image-preview:large, max-video-preview:-1\" \/>\n<link rel=\"canonical\" href=\"https:\/\/www.noticiasradioreflejos.com.ar\/2021\/calendario-de-eventos-turisticos-del-9-al-16-diciembre-de-2021\/\" \/>\n<meta property=\"og:locale\" content=\"es_ES\" \/>\n<meta property=\"og:type\" content=\"article\" \/>\n<meta property=\"og:title\" content=\"Calendario de eventos tur\u00edsticos del 9 al 16 diciembre de 2021 - Noticias Radio Reflejos\" \/>\n<meta property=\"og:description\" content=\"Este fin de semana, la provincia de Buenos Aires celebra gastronom\u00eda y tradiciones en la previa al lanzamiento de la temporada 2021-2022. General Madariaga realizar\u00e1 la Fiesta Nacional del Gaucho, Mercedes la Fiesta Nacional del Durazno, y el Pueblo Tur\u00edstico de Gouin -en Carmen de Areco- la Fiesta Nacional del Pastel.\" \/>\n<meta property=\"og:url\" content=\"https:\/\/www.noticiasradioreflejos.com.ar\/2021\/calendario-de-eventos-turisticos-del-9-al-16-diciembre-de-2021\/\" \/>\n<meta property=\"og:site_name\" content=\"Noticias Radio Reflejos\" \/>\n<meta property=\"article:published_time\" content=\"2021-12-07T12:49:40+00:00\" \/>\n<meta property=\"og:image\" content=\"https:\/\/www.noticiasradioreflejos.com.ar\/2021\/wp-content\/uploads\/2021\/07\/logosol300x200.png\" \/>\n\t<meta property=\"og:image:width\" content=\"300\" \/>\n\t<meta property=\"og:image:height\" content=\"200\" \/>\n\t<meta property=\"og:image:type\" content=\"image\/png\" \/>\n<meta name=\"author\" content=\"Arnaldo Botto\" \/>\n<meta name=\"twitter:card\" content=\"summary_large_image\" \/>\n<script type=\"application\/ld+json\" class=\"yoast-schema-graph\">{\"@context\":\"https:\/\/schema.org\",\"@graph\":[{\"@type\":\"WebPage\",\"@id\":\"https:\/\/www.noticiasradioreflejos.com.ar\/2021\/calendario-de-eventos-turisticos-del-9-al-16-diciembre-de-2021\/\",\"url\":\"https:\/\/www.noticiasradioreflejos.com.ar\/2021\/calendario-de-eventos-turisticos-del-9-al-16-diciembre-de-2021\/\",\"name\":\"Calendario de eventos tur\u00edsticos del 9 al 16 diciembre de 2021 - Noticias Radio Reflejos\",\"isPartOf\":{\"@id\":\"https:\/\/www.noticiasradioreflejos.com.ar\/2021\/#website\"},\"datePublished\":\"2021-12-07T12:49:40+00:00\",\"author\":{\"@id\":\"https:\/\/www.noticiasradioreflejos.com.ar\/2021\/#\/schema\/person\/ad82545263dcc5ec0996818884fd5fb1\"},\"breadcrumb\":{\"@id\":\"https:\/\/www.noticiasradioreflejos.com.ar\/2021\/calendario-de-eventos-turisticos-del-9-al-16-diciembre-de-2021\/#breadcrumb\"},\"inLanguage\":\"es\",\"potentialAction\":[{\"@type\":\"ReadAction\",\"target\":[\"https:\/\/www.noticiasradioreflejos.com.ar\/2021\/calendario-de-eventos-turisticos-del-9-al-16-diciembre-de-2021\/\"]}]},{\"@type\":\"BreadcrumbList\",\"@id\":\"https:\/\/www.noticiasradioreflejos.com.ar\/2021\/calendario-de-eventos-turisticos-del-9-al-16-diciembre-de-2021\/#breadcrumb\",\"itemListElement\":[{\"@type\":\"ListItem\",\"position\":1,\"name\":\"Portada\",\"item\":\"https:\/\/www.noticiasradioreflejos.com.ar\/2021\/\"},{\"@type\":\"ListItem\",\"position\":2,\"name\":\"Calendario de eventos tur\u00edsticos del 9 al 16 diciembre de 2021\"}]},{\"@type\":\"WebSite\",\"@id\":\"https:\/\/www.noticiasradioreflejos.com.ar\/2021\/#website\",\"url\":\"https:\/\/www.noticiasradioreflejos.com.ar\/2021\/\",\"name\":\"Noticias Radio Reflejos\",\"description\":\"Las noticias de mi comarca\",\"potentialAction\":[{\"@type\":\"SearchAction\",\"target\":{\"@type\":\"EntryPoint\",\"urlTemplate\":\"https:\/\/www.noticiasradioreflejos.com.ar\/2021\/?s={search_term_string}\"},\"query-input\":{\"@type\":\"PropertyValueSpecification\",\"valueRequired\":true,\"valueName\":\"search_term_string\"}}],\"inLanguage\":\"es\"},{\"@type\":\"Person\",\"@id\":\"https:\/\/www.noticiasradioreflejos.com.ar\/2021\/#\/schema\/person\/ad82545263dcc5ec0996818884fd5fb1\",\"name\":\"Arnaldo Botto\",\"image\":{\"@type\":\"ImageObject\",\"inLanguage\":\"es\",\"@id\":\"https:\/\/www.noticiasradioreflejos.com.ar\/2021\/#\/schema\/person\/image\/\",\"url\":\"https:\/\/secure.gravatar.com\/avatar\/55cb5e37c1efa326397366e6974cb338056df65cb50e7d64d1cf314e87504837?s=96&d=mm&r=g\",\"contentUrl\":\"https:\/\/secure.gravatar.com\/avatar\/55cb5e37c1efa326397366e6974cb338056df65cb50e7d64d1cf314e87504837?s=96&d=mm&r=g\",\"caption\":\"Arnaldo Botto\"},\"url\":\"https:\/\/www.noticiasradioreflejos.com.ar\/2021\/author\/arnaldo\/\"}]}<\/script>\n<!-- \/ Yoast SEO plugin. -->","yoast_head_json":{"title":"Calendario de eventos tur\u00edsticos del 9 al 16 diciembre de 2021 - Noticias Radio Reflejos","robots":{"index":"index","follow":"follow","max-snippet":"max-snippet:-1","max-image-preview":"max-image-preview:large","max-video-preview":"max-video-preview:-1"},"canonical":"https:\/\/www.noticiasradioreflejos.com.ar\/2021\/calendario-de-eventos-turisticos-del-9-al-16-diciembre-de-2021\/","og_locale":"es_ES","og_type":"article","og_title":"Calendario de eventos tur\u00edsticos del 9 al 16 diciembre de 2021 - Noticias Radio Reflejos","og_description":"Este fin de semana, la provincia de Buenos Aires celebra gastronom\u00eda y tradiciones en la previa al lanzamiento de la temporada 2021-2022. General Madariaga realizar\u00e1 la Fiesta Nacional del Gaucho, Mercedes la Fiesta Nacional del Durazno, y el Pueblo Tur\u00edstico de Gouin -en Carmen de Areco- la Fiesta Nacional del Pastel.","og_url":"https:\/\/www.noticiasradioreflejos.com.ar\/2021\/calendario-de-eventos-turisticos-del-9-al-16-diciembre-de-2021\/","og_site_name":"Noticias Radio Reflejos","article_published_time":"2021-12-07T12:49:40+00:00","og_image":[{"width":300,"height":200,"url":"https:\/\/www.noticiasradioreflejos.com.ar\/2021\/wp-content\/uploads\/2021\/07\/logosol300x200.png","type":"image\/png"}],"author":"Arnaldo Botto","twitter_card":"summary_large_image","schema":{"@context":"https:\/\/schema.org","@graph":[{"@type":"WebPage","@id":"https:\/\/www.noticiasradioreflejos.com.ar\/2021\/calendario-de-eventos-turisticos-del-9-al-16-diciembre-de-2021\/","url":"https:\/\/www.noticiasradioreflejos.com.ar\/2021\/calendario-de-eventos-turisticos-del-9-al-16-diciembre-de-2021\/","name":"Calendario de eventos tur\u00edsticos del 9 al 16 diciembre de 2021 - Noticias Radio Reflejos","isPartOf":{"@id":"https:\/\/www.noticiasradioreflejos.com.ar\/2021\/#website"},"datePublished":"2021-12-07T12:49:40+00:00","author":{"@id":"https:\/\/www.noticiasradioreflejos.com.ar\/2021\/#\/schema\/person\/ad82545263dcc5ec0996818884fd5fb1"},"breadcrumb":{"@id":"https:\/\/www.noticiasradioreflejos.com.ar\/2021\/calendario-de-eventos-turisticos-del-9-al-16-diciembre-de-2021\/#breadcrumb"},"inLanguage":"es","potentialAction":[{"@type":"ReadAction","target":["https:\/\/www.noticiasradioreflejos.com.ar\/2021\/calendario-de-eventos-turisticos-del-9-al-16-diciembre-de-2021\/"]}]},{"@type":"BreadcrumbList","@id":"https:\/\/www.noticiasradioreflejos.com.ar\/2021\/calendario-de-eventos-turisticos-del-9-al-16-diciembre-de-2021\/#breadcrumb","itemListElement":[{"@type":"ListItem","position":1,"name":"Portada","item":"https:\/\/www.noticiasradioreflejos.com.ar\/2021\/"},{"@type":"ListItem","position":2,"name":"Calendario de eventos tur\u00edsticos del 9 al 16 diciembre de 2021"}]},{"@type":"WebSite","@id":"https:\/\/www.noticiasradioreflejos.com.ar\/2021\/#website","url":"https:\/\/www.noticiasradioreflejos.com.ar\/2021\/","name":"Noticias Radio Reflejos","description":"Las noticias de mi comarca","potentialAction":[{"@type":"SearchAction","target":{"@type":"EntryPoint","urlTemplate":"https:\/\/www.noticiasradioreflejos.com.ar\/2021\/?s={search_term_string}"},"query-input":{"@type":"PropertyValueSpecification","valueRequired":true,"valueName":"search_term_string"}}],"inLanguage":"es"},{"@type":"Person","@id":"https:\/\/www.noticiasradioreflejos.com.ar\/2021\/#\/schema\/person\/ad82545263dcc5ec0996818884fd5fb1","name":"Arnaldo Botto","image":{"@type":"ImageObject","inLanguage":"es","@id":"https:\/\/www.noticiasradioreflejos.com.ar\/2021\/#\/schema\/person\/image\/","url":"https:\/\/secure.gravatar.com\/avatar\/55cb5e37c1efa326397366e6974cb338056df65cb50e7d64d1cf314e87504837?s=96&d=mm&r=g","contentUrl":"https:\/\/secure.gravatar.com\/avatar\/55cb5e37c1efa326397366e6974cb338056df65cb50e7d64d1cf314e87504837?s=96&d=mm&r=g","caption":"Arnaldo Botto"},"url":"https:\/\/www.noticiasradioreflejos.com.ar\/2021\/author\/arnaldo\/"}]}},"_links":{"self":[{"href":"https:\/\/www.noticiasradioreflejos.com.ar\/2021\/wp-json\/wp\/v2\/posts\/65812","targetHints":{"allow":["GET"]}}],"collection":[{"href":"https:\/\/www.noticiasradioreflejos.com.ar\/2021\/wp-json\/wp\/v2\/posts"}],"about":[{"href":"https:\/\/www.noticiasradioreflejos.com.ar\/2021\/wp-json\/wp\/v2\/types\/post"}],"author":[{"embeddable":true,"href":"https:\/\/www.noticiasradioreflejos.com.ar\/2021\/wp-json\/wp\/v2\/users\/3"}],"replies":[{"embeddable":true,"href":"https:\/\/www.noticiasradioreflejos.com.ar\/2021\/wp-json\/wp\/v2\/comments?post=65812"}],"version-history":[{"count":1,"href":"https:\/\/www.noticiasradioreflejos.com.ar\/2021\/wp-json\/wp\/v2\/posts\/65812\/revisions"}],"predecessor-version":[{"id":65813,"href":"https:\/\/www.noticiasradioreflejos.com.ar\/2021\/wp-json\/wp\/v2\/posts\/65812\/revisions\/65813"}],"wp:attachment":[{"href":"https:\/\/www.noticiasradioreflejos.com.ar\/2021\/wp-json\/wp\/v2\/media?parent=65812"}],"wp:term":[{"taxonomy":"category","embeddable":true,"href":"https:\/\/www.noticiasradioreflejos.com.ar\/2021\/wp-json\/wp\/v2\/categories?post=65812"},{"taxonomy":"post_tag","embeddable":true,"href":"https:\/\/www.noticiasradioreflejos.com.ar\/2021\/wp-json\/wp\/v2\/tags?post=65812"}],"curies":[{"name":"wp","href":"https:\/\/api.w.org\/{rel}","templated":true}]}}