{"id":65810,"date":"2021-12-07T12:08:46","date_gmt":"2021-12-07T12:08:46","guid":{"rendered":"http:\/\/www.noticiasradioreflejos.com.ar\/2021\/?p=65810"},"modified":"2021-12-07T12:08:46","modified_gmt":"2021-12-07T12:08:46","slug":"sesiona-el-concejo-deliberante-de-tornquist-5","status":"publish","type":"post","link":"https:\/\/www.noticiasradioreflejos.com.ar\/2021\/sesiona-el-concejo-deliberante-de-tornquist-5\/","title":{"rendered":"Sesiona el Concejo Deliberante de Tornquist"},"content":{"rendered":"<p>Este martes 7 de diciembre a partir de las 20 horas para tratar el siguiente Orden Del D\u00eda<!--more--><\/p>\n<p><strong>1.- Aprobaci\u00f3n del Acta N\u00ba 1184\/21.<\/strong><\/p>\n<p>&nbsp;<\/p>\n<p><strong>2.- Comunicaciones Oficiales:\u00a0<\/strong><\/p>\n<p>#<strong><u>Expte. <\/u><\/strong><strong><u>N\u00ba 259\/21: <\/u><\/strong>N.P. Golf Club Sierra de la Ventana- Solicita pr\u00e9stamo de uso franja terreno.&#8212;&#8212;&#8212;&#8212;&#8212;&#8212;-<\/p>\n<p>#<strong><u>Expte. <\/u><\/strong><strong><u>N\u00ba 285\/21: <\/u><\/strong>D.E. Cesi\u00f3n Parcelas 1-2-3 y 4 a la Escuela Secundaria N\u00ba4 de Saldungaray.&#8212;&#8212;&#8212;&#8212;&#8212;&#8212;&#8211;<\/p>\n<p>#<strong><u>Expte. <\/u><\/strong><strong><u>N\u00ba 306\/21:<\/u><\/strong> Secretar\u00eda de Obras y Servicios P\u00fablicos- Autoriza la firma del Acta de Adhesi\u00f3n Infraestructura de Datos Espaciales de la Provincia de Buenos Aires (IDEBA).&#8212;&#8212;&#8212;&#8212;&#8212;&#8212;&#8212;&#8212;&#8212;&#8212;&#8212;&#8212;&#8212;&#8212;<\/p>\n<p>#<strong><u>Expte. <\/u><\/strong><strong><u>N\u00ba 315\/21: <\/u><\/strong>D.E. C\u00f3digo Tributario Municipal 2022.&#8212;&#8212;&#8212;&#8212;&#8212;&#8212;&#8212;&#8212;&#8212;&#8212;&#8211;<\/p>\n<p>#<strong><u>Expte. <\/u><\/strong><strong><u>N\u00ba 316\/21: <\/u><\/strong>D.E. C\u00e1lculos de Recursos y Presupuesto de Gastos Ejercicio 2022.&#8212;&#8212;&#8212;&#8212;&#8212;&#8212;&#8212;&#8212;&#8212;&#8212;<\/p>\n<p>#<strong><u>Expte. <\/u><\/strong><strong><u>N\u00ba 319\/21:<\/u><\/strong> D.E. Convalida la Firma del Contrato de Pr\u00e9stamo de Uso Gratuito celebrado e\/la Municipalidad de Tornquist y la Cooperadora del Centro de Educaci\u00f3n F\u00edsica N\u00ba 9 de Tornquist- Cuadro Tarifario 2021-2022.&#8212;&#8212;&#8212;&#8212;&#8212;&#8212;&#8212;&#8212;<\/p>\n<p>#<strong><u>Expte. <\/u><\/strong><strong><u>N\u00ba 6572\/13:<\/u><\/strong> N.P. \u2013 Nieves Alonso: Solicita la incorporaci\u00f3n a su propiedad de un excedente lindero.&#8212;&#8211;<\/p>\n<p>#<strong><u>Expte. <\/u><\/strong><strong><u>N\u00ba 7351\/21:<\/u><\/strong> Bloques Cambiemos y Juntos por el Cambio \u2013 Pedido de Informe: En ref. terrenos fiscales en localidad de Tornquist.&#8212;&#8212;&#8212;&#8212;&#8212;&#8212;&#8212;&#8212;&#8212;&#8212;-<\/p>\n<p>#<strong><u>Expte. <\/u><\/strong><strong><u>N\u00ba 7357\/21:<\/u><\/strong> Bloque Frente Justicialista Cumplir y Frente de Todos \u2013 Minuta de Comunicaci\u00f3n: Solicita colocaci\u00f3n de Carteler\u00eda en Villa Serrana La Gruta.&#8212;&#8212;&#8212;&#8212;&#8212;&#8212;&#8212;&#8212;&#8212;&#8212;&#8212;&#8212;&#8212;&#8212;&#8212;&#8212;&#8212;&#8212;&#8212;&#8212;&#8212;&#8212;&#8212;-<\/p>\n<p><strong>\u00a0<\/strong><\/p>\n<p><strong>3.-Dict\u00e1menes de las Comisiones<\/strong>: &#8212;&#8212;&#8212;&#8212;&#8212;&#8212;&#8212;&#8212;&#8212;&#8212;&#8212;&#8212;&#8212;&#8212;&#8212;&#8212;&#8212;&#8212;&#8212;&#8212;<\/p>\n<p>&nbsp;<\/p>\n<p>#<strong><u>Expte. <\/u><\/strong><strong><u>N\u00ba 7303\/21:<\/u><\/strong> &#8211; N.P. \u2013 Mariela Montero \u2013 Responsable de la Escuela Folkl\u00f3rica Municipal: Solicita Ordenanza que establezca de manera permanente el edificio donde funciona actualmente la Instituci\u00f3n.&#8212;&#8212;&#8212;-<\/p>\n<p>#<strong><u>Expte. <\/u><\/strong><strong><u>N\u00ba 734121:<\/u><\/strong> N.P. \u2013 Mar\u00eda In\u00e9s Obholtz: Presenta queja por atenci\u00f3n en Hospital Menor de Sierra de la Ventana.-<\/p>\n<p>#<strong><u>Expte. <\/u><\/strong><strong><u>N\u00ba 7343\/21:<\/u><\/strong> N.P. \u2013 Vergara Ram\u00f3n y Mart\u00ednez Luis \u2013 Solicitan intervenci\u00f3n ante la falta de continuidad de Contrato de Trabajo.&#8212;&#8212;&#8212;&#8212;&#8212;&#8212;&#8212;&#8212;-<\/p>\n<p>#<strong><u>Expte. <\/u><\/strong><strong><u>N\u00ba 7347\/21:<\/u><\/strong> &#8211; N.P. \u2013 Hugo A Rodr\u00edguez: Solicita aumento cuadro tarifario p\/temporada 2021\/2022 del Balneario \u201cParque Norte\u201d.&#8212;&#8212;&#8212;&#8212;&#8212;&#8212;&#8212;&#8212;&#8212;&#8212;&#8212;&#8212;&#8211;<\/p>\n<p>#<strong><u>Expte. <\/u><\/strong><strong><u>N\u00ba 7360\/21:<\/u><\/strong> N.P. \u2013 Ignacio Bucchi: Plantea inquietud referida al pago de la patente de su camioneta recientemente adquirida que por su antig\u00fcedad se municipaliza.&#8212;&#8212;&#8212;&#8212;&#8212;&#8212;&#8212;&#8212;&#8212;&#8212;&#8212;&#8212;&#8212;&#8212;&#8212;&#8212;&#8212;&#8212;<\/p>\n<p><strong>4.- Proyectos Presentados.<\/strong>&#8212;&#8212;&#8212;&#8212;&#8212;&#8212;&#8212;&#8212;&#8212;&#8212;&#8212;&#8212;&#8212;&#8212;&#8212;&#8212;&#8212;&#8212;&#8212;&#8212;&#8212;&#8212;&#8212;&#8212;<\/p>\n<p><strong>5.- Asuntos Particulares.<\/strong> &#8212;&#8212;&#8212;&#8212;&#8212;&#8212;&#8212;&#8212;&#8212;&#8212;&#8212;&#8212;&#8212;&#8212;&#8212;&#8212;&#8212;&#8212;&#8212;&#8212;&#8212;&#8212;&#8212;&#8212;&#8211;<\/p>\n<p>&nbsp;<\/p>\n<p><strong><u>D\u00eda de la Sesi\u00f3n:<\/u><\/strong> 7 de Diciembre de 2021.-<\/p>\n<p><strong><u>Hora De Comienzo:<\/u><\/strong> 20:00 Hs.-<\/p>\n<p>&nbsp;<\/p>\n<p>&nbsp;<\/p>\n<p>&nbsp;<\/p>\n<p>&nbsp;<\/p>\n<p><strong>\u00a0\u00a0\u00a0\u00a0\u00a0\u00a0\u00a0\u00a0\u00a0\u00a0\u00a0\u00a0\u00a0\u00a0\u00a0 <\/strong><strong>Jos\u00e9 M. Castro\u00a0\u00a0\u00a0\u00a0\u00a0\u00a0\u00a0\u00a0\u00a0\u00a0\u00a0\u00a0\u00a0\u00a0\u00a0\u00a0\u00a0\u00a0\u00a0\u00a0\u00a0\u00a0\u00a0\u00a0\u00a0\u00a0\u00a0\u00a0\u00a0\u00a0\u00a0\u00a0\u00a0\u00a0\u00a0\u00a0\u00a0\u00a0\u00a0\u00a0 Cristian Raising<\/strong><\/p>\n<p><strong>\u00a0\u00a0\u00a0\u00a0\u00a0\u00a0\u00a0\u00a0\u00a0\u00a0\u00a0\u00a0\u00a0\u00a0\u00a0\u00a0\u00a0 Secretario\u00a0\u00a0\u00a0\u00a0\u00a0\u00a0\u00a0\u00a0\u00a0\u00a0\u00a0\u00a0\u00a0\u00a0\u00a0\u00a0\u00a0\u00a0\u00a0\u00a0\u00a0\u00a0\u00a0\u00a0\u00a0\u00a0\u00a0\u00a0\u00a0\u00a0\u00a0\u00a0\u00a0\u00a0\u00a0\u00a0\u00a0\u00a0\u00a0\u00a0\u00a0\u00a0\u00a0 Vicepresidente 1\u00ba<\/strong><\/p>\n<p><strong>\u00a0\u00a0\u00a0\u00a0 \u00a0\u00a0\u00a0\u00a0\u00a0\u00a0\u00a0\u00a0\u00a0\u00a0\u00a0\u00a0\u00a0\u00a0\u00a0\u00a0\u00a0H.C.D.\u00a0\u00a0\u00a0\u00a0\u00a0\u00a0\u00a0\u00a0\u00a0\u00a0\u00a0\u00a0\u00a0\u00a0\u00a0\u00a0\u00a0\u00a0\u00a0\u00a0\u00a0\u00a0\u00a0\u00a0\u00a0\u00a0\u00a0\u00a0\u00a0\u00a0\u00a0\u00a0\u00a0\u00a0\u00a0\u00a0\u00a0\u00a0\u00a0\u00a0\u00a0\u00a0\u00a0\u00a0\u00a0\u00a0\u00a0\u00a0\u00a0\u00a0\u00a0\u00a0 <\/strong><strong>\u00a0\u00a0<\/strong><strong>\u00a0H.C.D.<\/strong><\/p>\n<p>&nbsp;<\/p>\n","protected":false},"excerpt":{"rendered":"<p>Este martes 7 de diciembre a partir de las 20 horas para tratar el siguiente Orden Del D\u00eda<\/p>\n","protected":false},"author":3,"featured_media":0,"comment_status":"closed","ping_status":"closed","sticky":false,"template":"","format":"standard","meta":{"footnotes":""},"categories":[28],"tags":[],"class_list":["post-65810","post","type-post","status-publish","format-standard","hentry","category-municipales"],"yoast_head":"<!-- This site is optimized with the Yoast SEO plugin v25.9 - https:\/\/yoast.com\/wordpress\/plugins\/seo\/ -->\n<title>Sesiona el Concejo Deliberante de Tornquist - Noticias Radio Reflejos<\/title>\n<meta name=\"robots\" content=\"index, follow, max-snippet:-1, max-image-preview:large, max-video-preview:-1\" \/>\n<link rel=\"canonical\" href=\"https:\/\/www.noticiasradioreflejos.com.ar\/2021\/sesiona-el-concejo-deliberante-de-tornquist-5\/\" \/>\n<meta property=\"og:locale\" content=\"es_ES\" \/>\n<meta property=\"og:type\" content=\"article\" \/>\n<meta property=\"og:title\" content=\"Sesiona el Concejo Deliberante de Tornquist - Noticias Radio Reflejos\" \/>\n<meta property=\"og:description\" content=\"Este martes 7 de diciembre a partir de las 20 horas para tratar el siguiente Orden Del D\u00eda\" \/>\n<meta property=\"og:url\" content=\"https:\/\/www.noticiasradioreflejos.com.ar\/2021\/sesiona-el-concejo-deliberante-de-tornquist-5\/\" \/>\n<meta property=\"og:site_name\" content=\"Noticias Radio Reflejos\" \/>\n<meta property=\"article:published_time\" content=\"2021-12-07T12:08:46+00:00\" \/>\n<meta property=\"og:image\" content=\"https:\/\/www.noticiasradioreflejos.com.ar\/2021\/wp-content\/uploads\/2021\/07\/logosol300x200.png\" \/>\n\t<meta property=\"og:image:width\" content=\"300\" \/>\n\t<meta property=\"og:image:height\" content=\"200\" \/>\n\t<meta property=\"og:image:type\" content=\"image\/png\" \/>\n<meta name=\"author\" content=\"Arnaldo Botto\" \/>\n<meta name=\"twitter:card\" content=\"summary_large_image\" \/>\n<script type=\"application\/ld+json\" class=\"yoast-schema-graph\">{\"@context\":\"https:\/\/schema.org\",\"@graph\":[{\"@type\":\"WebPage\",\"@id\":\"https:\/\/www.noticiasradioreflejos.com.ar\/2021\/sesiona-el-concejo-deliberante-de-tornquist-5\/\",\"url\":\"https:\/\/www.noticiasradioreflejos.com.ar\/2021\/sesiona-el-concejo-deliberante-de-tornquist-5\/\",\"name\":\"Sesiona el Concejo Deliberante de Tornquist - Noticias Radio Reflejos\",\"isPartOf\":{\"@id\":\"https:\/\/www.noticiasradioreflejos.com.ar\/2021\/#website\"},\"datePublished\":\"2021-12-07T12:08:46+00:00\",\"author\":{\"@id\":\"https:\/\/www.noticiasradioreflejos.com.ar\/2021\/#\/schema\/person\/ad82545263dcc5ec0996818884fd5fb1\"},\"breadcrumb\":{\"@id\":\"https:\/\/www.noticiasradioreflejos.com.ar\/2021\/sesiona-el-concejo-deliberante-de-tornquist-5\/#breadcrumb\"},\"inLanguage\":\"es\",\"potentialAction\":[{\"@type\":\"ReadAction\",\"target\":[\"https:\/\/www.noticiasradioreflejos.com.ar\/2021\/sesiona-el-concejo-deliberante-de-tornquist-5\/\"]}]},{\"@type\":\"BreadcrumbList\",\"@id\":\"https:\/\/www.noticiasradioreflejos.com.ar\/2021\/sesiona-el-concejo-deliberante-de-tornquist-5\/#breadcrumb\",\"itemListElement\":[{\"@type\":\"ListItem\",\"position\":1,\"name\":\"Portada\",\"item\":\"https:\/\/www.noticiasradioreflejos.com.ar\/2021\/\"},{\"@type\":\"ListItem\",\"position\":2,\"name\":\"Sesiona el Concejo Deliberante de Tornquist\"}]},{\"@type\":\"WebSite\",\"@id\":\"https:\/\/www.noticiasradioreflejos.com.ar\/2021\/#website\",\"url\":\"https:\/\/www.noticiasradioreflejos.com.ar\/2021\/\",\"name\":\"Noticias Radio Reflejos\",\"description\":\"Las noticias de mi comarca\",\"potentialAction\":[{\"@type\":\"SearchAction\",\"target\":{\"@type\":\"EntryPoint\",\"urlTemplate\":\"https:\/\/www.noticiasradioreflejos.com.ar\/2021\/?s={search_term_string}\"},\"query-input\":{\"@type\":\"PropertyValueSpecification\",\"valueRequired\":true,\"valueName\":\"search_term_string\"}}],\"inLanguage\":\"es\"},{\"@type\":\"Person\",\"@id\":\"https:\/\/www.noticiasradioreflejos.com.ar\/2021\/#\/schema\/person\/ad82545263dcc5ec0996818884fd5fb1\",\"name\":\"Arnaldo Botto\",\"image\":{\"@type\":\"ImageObject\",\"inLanguage\":\"es\",\"@id\":\"https:\/\/www.noticiasradioreflejos.com.ar\/2021\/#\/schema\/person\/image\/\",\"url\":\"https:\/\/secure.gravatar.com\/avatar\/55cb5e37c1efa326397366e6974cb338056df65cb50e7d64d1cf314e87504837?s=96&d=mm&r=g\",\"contentUrl\":\"https:\/\/secure.gravatar.com\/avatar\/55cb5e37c1efa326397366e6974cb338056df65cb50e7d64d1cf314e87504837?s=96&d=mm&r=g\",\"caption\":\"Arnaldo Botto\"},\"url\":\"https:\/\/www.noticiasradioreflejos.com.ar\/2021\/author\/arnaldo\/\"}]}<\/script>\n<!-- \/ Yoast SEO plugin. -->","yoast_head_json":{"title":"Sesiona el Concejo Deliberante de Tornquist - Noticias Radio Reflejos","robots":{"index":"index","follow":"follow","max-snippet":"max-snippet:-1","max-image-preview":"max-image-preview:large","max-video-preview":"max-video-preview:-1"},"canonical":"https:\/\/www.noticiasradioreflejos.com.ar\/2021\/sesiona-el-concejo-deliberante-de-tornquist-5\/","og_locale":"es_ES","og_type":"article","og_title":"Sesiona el Concejo Deliberante de Tornquist - Noticias Radio Reflejos","og_description":"Este martes 7 de diciembre a partir de las 20 horas para tratar el siguiente Orden Del D\u00eda","og_url":"https:\/\/www.noticiasradioreflejos.com.ar\/2021\/sesiona-el-concejo-deliberante-de-tornquist-5\/","og_site_name":"Noticias Radio Reflejos","article_published_time":"2021-12-07T12:08:46+00:00","og_image":[{"width":300,"height":200,"url":"https:\/\/www.noticiasradioreflejos.com.ar\/2021\/wp-content\/uploads\/2021\/07\/logosol300x200.png","type":"image\/png"}],"author":"Arnaldo Botto","twitter_card":"summary_large_image","schema":{"@context":"https:\/\/schema.org","@graph":[{"@type":"WebPage","@id":"https:\/\/www.noticiasradioreflejos.com.ar\/2021\/sesiona-el-concejo-deliberante-de-tornquist-5\/","url":"https:\/\/www.noticiasradioreflejos.com.ar\/2021\/sesiona-el-concejo-deliberante-de-tornquist-5\/","name":"Sesiona el Concejo Deliberante de Tornquist - Noticias Radio Reflejos","isPartOf":{"@id":"https:\/\/www.noticiasradioreflejos.com.ar\/2021\/#website"},"datePublished":"2021-12-07T12:08:46+00:00","author":{"@id":"https:\/\/www.noticiasradioreflejos.com.ar\/2021\/#\/schema\/person\/ad82545263dcc5ec0996818884fd5fb1"},"breadcrumb":{"@id":"https:\/\/www.noticiasradioreflejos.com.ar\/2021\/sesiona-el-concejo-deliberante-de-tornquist-5\/#breadcrumb"},"inLanguage":"es","potentialAction":[{"@type":"ReadAction","target":["https:\/\/www.noticiasradioreflejos.com.ar\/2021\/sesiona-el-concejo-deliberante-de-tornquist-5\/"]}]},{"@type":"BreadcrumbList","@id":"https:\/\/www.noticiasradioreflejos.com.ar\/2021\/sesiona-el-concejo-deliberante-de-tornquist-5\/#breadcrumb","itemListElement":[{"@type":"ListItem","position":1,"name":"Portada","item":"https:\/\/www.noticiasradioreflejos.com.ar\/2021\/"},{"@type":"ListItem","position":2,"name":"Sesiona el Concejo Deliberante de Tornquist"}]},{"@type":"WebSite","@id":"https:\/\/www.noticiasradioreflejos.com.ar\/2021\/#website","url":"https:\/\/www.noticiasradioreflejos.com.ar\/2021\/","name":"Noticias Radio Reflejos","description":"Las noticias de mi comarca","potentialAction":[{"@type":"SearchAction","target":{"@type":"EntryPoint","urlTemplate":"https:\/\/www.noticiasradioreflejos.com.ar\/2021\/?s={search_term_string}"},"query-input":{"@type":"PropertyValueSpecification","valueRequired":true,"valueName":"search_term_string"}}],"inLanguage":"es"},{"@type":"Person","@id":"https:\/\/www.noticiasradioreflejos.com.ar\/2021\/#\/schema\/person\/ad82545263dcc5ec0996818884fd5fb1","name":"Arnaldo Botto","image":{"@type":"ImageObject","inLanguage":"es","@id":"https:\/\/www.noticiasradioreflejos.com.ar\/2021\/#\/schema\/person\/image\/","url":"https:\/\/secure.gravatar.com\/avatar\/55cb5e37c1efa326397366e6974cb338056df65cb50e7d64d1cf314e87504837?s=96&d=mm&r=g","contentUrl":"https:\/\/secure.gravatar.com\/avatar\/55cb5e37c1efa326397366e6974cb338056df65cb50e7d64d1cf314e87504837?s=96&d=mm&r=g","caption":"Arnaldo Botto"},"url":"https:\/\/www.noticiasradioreflejos.com.ar\/2021\/author\/arnaldo\/"}]}},"_links":{"self":[{"href":"https:\/\/www.noticiasradioreflejos.com.ar\/2021\/wp-json\/wp\/v2\/posts\/65810","targetHints":{"allow":["GET"]}}],"collection":[{"href":"https:\/\/www.noticiasradioreflejos.com.ar\/2021\/wp-json\/wp\/v2\/posts"}],"about":[{"href":"https:\/\/www.noticiasradioreflejos.com.ar\/2021\/wp-json\/wp\/v2\/types\/post"}],"author":[{"embeddable":true,"href":"https:\/\/www.noticiasradioreflejos.com.ar\/2021\/wp-json\/wp\/v2\/users\/3"}],"replies":[{"embeddable":true,"href":"https:\/\/www.noticiasradioreflejos.com.ar\/2021\/wp-json\/wp\/v2\/comments?post=65810"}],"version-history":[{"count":1,"href":"https:\/\/www.noticiasradioreflejos.com.ar\/2021\/wp-json\/wp\/v2\/posts\/65810\/revisions"}],"predecessor-version":[{"id":65811,"href":"https:\/\/www.noticiasradioreflejos.com.ar\/2021\/wp-json\/wp\/v2\/posts\/65810\/revisions\/65811"}],"wp:attachment":[{"href":"https:\/\/www.noticiasradioreflejos.com.ar\/2021\/wp-json\/wp\/v2\/media?parent=65810"}],"wp:term":[{"taxonomy":"category","embeddable":true,"href":"https:\/\/www.noticiasradioreflejos.com.ar\/2021\/wp-json\/wp\/v2\/categories?post=65810"},{"taxonomy":"post_tag","embeddable":true,"href":"https:\/\/www.noticiasradioreflejos.com.ar\/2021\/wp-json\/wp\/v2\/tags?post=65810"}],"curies":[{"name":"wp","href":"https:\/\/api.w.org\/{rel}","templated":true}]}}