{"id":65804,"date":"2021-12-07T10:54:41","date_gmt":"2021-12-07T10:54:41","guid":{"rendered":"http:\/\/www.noticiasradioreflejos.com.ar\/2021\/?p=65804"},"modified":"2021-12-07T11:20:56","modified_gmt":"2021-12-07T11:20:56","slug":"la-luna-se-alinea-con-jupiter-venus-y-saturno","status":"publish","type":"post","link":"https:\/\/www.noticiasradioreflejos.com.ar\/2021\/la-luna-se-alinea-con-jupiter-venus-y-saturno\/","title":{"rendered":"La Luna se alinea con J\u00fapiter, Venus y Saturno"},"content":{"rendered":"<div class=\"section-2-col article-header\">\n<div class=\"col 2-col\">\n<p>Con un telescopio se observar\u00e1 c\u00f3mo el sat\u00e9lite terrestre y los tres planetas del sistema solar se desplazar\u00e1n en \u00abfila india\u00bb, en una misma l\u00ednea imaginaria llamada ecl\u00edptica, motivo por el cual en ocasiones parecen reunirse.<\/p>\n<\/div>\n<\/div>\n<p><!--more--><\/p>\n<div class=\"section-2-col article-main-image\">\n<div class=\"col 2-col\">\n<div class=\"article-main-media-image__container\">\n<div class=\"image-wrapper\">\n<figure>\n<figure class=\"object-fit-block--contain intrinsic-container intrinsic-container-3x2\"><img decoding=\"async\" class=\" \" src=\"https:\/\/images.pagina12.com.ar\/styles\/focal_3_2_960x640\/public\/2021-12\/295535-whatsapp-20image-202021-12-06-20at-2022-38-51.jpeg?itok=1lnZPyYh\" alt=\"La conjunci\u00f3n de la Luna, Venus, J\u00fapiter y Saturno.\" \/><\/figure><figcaption>La conjunci\u00f3n de la Luna, Venus, J\u00fapiter y Saturno.<\/figcaption><\/figure>\n<\/div>\n<\/div>\n<\/div>\n<\/div>\n<div class=\"section-2-col article-main-content\">\n<div class=\"col 1-col\"><\/div>\n<div class=\"col 2-col\">\n<div class=\"article-main-content article-text \">\n<p>Entre la noche de lunes y el mi\u00e9rcoles 8 de diciembre, la Luna se podr\u00e1 ver alineada entre J\u00fapiter, Venus y Saturno. Con un telescopio se observar\u00e1 c\u00f3mo el sat\u00e9lite terrestre y los tres planetas del sistema solar se desplazar\u00e1n en \u00abfila india\u00bb, en una misma l\u00ednea imaginaria llamada ecl\u00edptica, motivo por el cual en ocasiones parecen reunirse.<\/p>\n<p>Este tipo de fen\u00f3menos astron\u00f3micos\u00a0<strong>se denominan cient\u00edficamente como \u00abconjunciones\u00bb\u00a0<\/strong>y ocurren porque a medida que la Luna se desplaza en el cielo hacia el horizonte Este, suele verse en una misma regi\u00f3n del firmamento junto a los planetas solares, desde nuestra perspectiva visual terrestre.<\/p>\n<div id=\"talkFireEvent\"><\/div>\n<p>Primero ser\u00e1 el turno de la uni\u00f3n de la Luna con Venus. Este lunes 6 de diciembre el sat\u00e9lite terrestre pasar\u00e1 solo a 1\u00b052\u2032 del sur del planeta desde la \u00f3ptica de nuestro planeta.\u00a0<strong>Cabe destacar que a principios de diciembre\u00a0<\/strong>el lucero vespertino<strong>\u00a0alcanza su m\u00e1ximo brillo, por lo que ser\u00e1 el mejor momento para observar al tercer planeta m\u00e1s grande del sistema solar<\/strong>. Los especialistas recomendaron que, de tener un telescopio, detenerse en la forma de \u00abmedialuna brillosa\u00bb que reflejar\u00e1 Venus, el segundo objeto natural m\u00e1s brillante de nuestro cielo.<\/p>\n<p><strong>Luego, el martes 7 ser\u00e1 el turno de ver a la luna junto al planeta de los anillos (Saturno) y por \u00faltimo junto al gigante del sistema solar (J\u00fapiter)<\/strong>\u00a0el pr\u00f3ximo mi\u00e9rcoles 8 de diciembre.<\/p>\n<p>Por cierto que hay una opci\u00f3n para apreciar la Luna alineada a trav\u00e9s de Internet. La web heavens-above.com\u00a0<a href=\"https:\/\/www.heavens-above.com\/main.aspx\" target=\"_blank\" rel=\"noopener\">ofrece un simulador interactivo<\/a>\u00a0, a trav\u00e9s del cual elegir el punto geogr\u00e1fico del observador y as\u00ed representar desde la pantalla el cielo nocturno en cualquier lugar del mundo.<\/p>\n<\/div>\n<p>Foto de portada de <a href=\"https:\/\/www.facebook.com\/franco.sc.7\"><strong>Franco Scialpi<\/strong><\/a><\/p>\n<\/div>\n<\/div>\n","protected":false},"excerpt":{"rendered":"<p>Con un telescopio se observar\u00e1 c\u00f3mo el sat\u00e9lite terrestre y los tres planetas del sistema solar se desplazar\u00e1n en \u00abfila india\u00bb, en una misma l\u00ednea imaginaria llamada ecl\u00edptica, motivo por el cual en ocasiones parecen reunirse.<\/p>\n","protected":false},"author":3,"featured_media":0,"comment_status":"closed","ping_status":"closed","sticky":false,"template":"","format":"standard","meta":{"footnotes":""},"categories":[46,26],"tags":[],"class_list":["post-65804","post","type-post","status-publish","format-standard","hentry","category-ciencia-y-tecnologia","category-sociedad"],"yoast_head":"<!-- This site is optimized with the Yoast SEO plugin v25.9 - https:\/\/yoast.com\/wordpress\/plugins\/seo\/ -->\n<title>La Luna se alinea con J\u00fapiter, Venus y Saturno - Noticias Radio Reflejos<\/title>\n<meta name=\"robots\" content=\"index, follow, max-snippet:-1, max-image-preview:large, max-video-preview:-1\" \/>\n<link rel=\"canonical\" href=\"https:\/\/www.noticiasradioreflejos.com.ar\/2021\/la-luna-se-alinea-con-jupiter-venus-y-saturno\/\" \/>\n<meta property=\"og:locale\" content=\"es_ES\" \/>\n<meta property=\"og:type\" content=\"article\" \/>\n<meta property=\"og:title\" content=\"La Luna se alinea con J\u00fapiter, Venus y Saturno - Noticias Radio Reflejos\" \/>\n<meta property=\"og:description\" content=\"Con un telescopio se observar\u00e1 c\u00f3mo el sat\u00e9lite terrestre y los tres planetas del sistema solar se desplazar\u00e1n en \u00abfila india\u00bb, en una misma l\u00ednea imaginaria llamada ecl\u00edptica, motivo por el cual en ocasiones parecen reunirse.\" \/>\n<meta property=\"og:url\" content=\"https:\/\/www.noticiasradioreflejos.com.ar\/2021\/la-luna-se-alinea-con-jupiter-venus-y-saturno\/\" \/>\n<meta property=\"og:site_name\" content=\"Noticias Radio Reflejos\" \/>\n<meta property=\"article:published_time\" content=\"2021-12-07T10:54:41+00:00\" \/>\n<meta property=\"article:modified_time\" content=\"2021-12-07T11:20:56+00:00\" \/>\n<meta property=\"og:image\" content=\"https:\/\/images.pagina12.com.ar\/styles\/focal_3_2_960x640\/public\/2021-12\/295535-whatsapp-20image-202021-12-06-20at-2022-38-51.jpeg?itok=1lnZPyYh\" \/>\n<meta name=\"author\" content=\"Arnaldo Botto\" \/>\n<meta name=\"twitter:card\" content=\"summary_large_image\" \/>\n<script type=\"application\/ld+json\" class=\"yoast-schema-graph\">{\"@context\":\"https:\/\/schema.org\",\"@graph\":[{\"@type\":\"WebPage\",\"@id\":\"https:\/\/www.noticiasradioreflejos.com.ar\/2021\/la-luna-se-alinea-con-jupiter-venus-y-saturno\/\",\"url\":\"https:\/\/www.noticiasradioreflejos.com.ar\/2021\/la-luna-se-alinea-con-jupiter-venus-y-saturno\/\",\"name\":\"La Luna se alinea con J\u00fapiter, Venus y Saturno - Noticias Radio Reflejos\",\"isPartOf\":{\"@id\":\"https:\/\/www.noticiasradioreflejos.com.ar\/2021\/#website\"},\"primaryImageOfPage\":{\"@id\":\"https:\/\/www.noticiasradioreflejos.com.ar\/2021\/la-luna-se-alinea-con-jupiter-venus-y-saturno\/#primaryimage\"},\"image\":{\"@id\":\"https:\/\/www.noticiasradioreflejos.com.ar\/2021\/la-luna-se-alinea-con-jupiter-venus-y-saturno\/#primaryimage\"},\"thumbnailUrl\":\"https:\/\/images.pagina12.com.ar\/styles\/focal_3_2_960x640\/public\/2021-12\/295535-whatsapp-20image-202021-12-06-20at-2022-38-51.jpeg?itok=1lnZPyYh\",\"datePublished\":\"2021-12-07T10:54:41+00:00\",\"dateModified\":\"2021-12-07T11:20:56+00:00\",\"author\":{\"@id\":\"https:\/\/www.noticiasradioreflejos.com.ar\/2021\/#\/schema\/person\/ad82545263dcc5ec0996818884fd5fb1\"},\"breadcrumb\":{\"@id\":\"https:\/\/www.noticiasradioreflejos.com.ar\/2021\/la-luna-se-alinea-con-jupiter-venus-y-saturno\/#breadcrumb\"},\"inLanguage\":\"es\",\"potentialAction\":[{\"@type\":\"ReadAction\",\"target\":[\"https:\/\/www.noticiasradioreflejos.com.ar\/2021\/la-luna-se-alinea-con-jupiter-venus-y-saturno\/\"]}]},{\"@type\":\"ImageObject\",\"inLanguage\":\"es\",\"@id\":\"https:\/\/www.noticiasradioreflejos.com.ar\/2021\/la-luna-se-alinea-con-jupiter-venus-y-saturno\/#primaryimage\",\"url\":\"https:\/\/images.pagina12.com.ar\/styles\/focal_3_2_960x640\/public\/2021-12\/295535-whatsapp-20image-202021-12-06-20at-2022-38-51.jpeg?itok=1lnZPyYh\",\"contentUrl\":\"https:\/\/images.pagina12.com.ar\/styles\/focal_3_2_960x640\/public\/2021-12\/295535-whatsapp-20image-202021-12-06-20at-2022-38-51.jpeg?itok=1lnZPyYh\"},{\"@type\":\"BreadcrumbList\",\"@id\":\"https:\/\/www.noticiasradioreflejos.com.ar\/2021\/la-luna-se-alinea-con-jupiter-venus-y-saturno\/#breadcrumb\",\"itemListElement\":[{\"@type\":\"ListItem\",\"position\":1,\"name\":\"Portada\",\"item\":\"https:\/\/www.noticiasradioreflejos.com.ar\/2021\/\"},{\"@type\":\"ListItem\",\"position\":2,\"name\":\"La Luna se alinea con J\u00fapiter, Venus y Saturno\"}]},{\"@type\":\"WebSite\",\"@id\":\"https:\/\/www.noticiasradioreflejos.com.ar\/2021\/#website\",\"url\":\"https:\/\/www.noticiasradioreflejos.com.ar\/2021\/\",\"name\":\"Noticias Radio Reflejos\",\"description\":\"Las noticias de mi comarca\",\"potentialAction\":[{\"@type\":\"SearchAction\",\"target\":{\"@type\":\"EntryPoint\",\"urlTemplate\":\"https:\/\/www.noticiasradioreflejos.com.ar\/2021\/?s={search_term_string}\"},\"query-input\":{\"@type\":\"PropertyValueSpecification\",\"valueRequired\":true,\"valueName\":\"search_term_string\"}}],\"inLanguage\":\"es\"},{\"@type\":\"Person\",\"@id\":\"https:\/\/www.noticiasradioreflejos.com.ar\/2021\/#\/schema\/person\/ad82545263dcc5ec0996818884fd5fb1\",\"name\":\"Arnaldo Botto\",\"image\":{\"@type\":\"ImageObject\",\"inLanguage\":\"es\",\"@id\":\"https:\/\/www.noticiasradioreflejos.com.ar\/2021\/#\/schema\/person\/image\/\",\"url\":\"https:\/\/secure.gravatar.com\/avatar\/55cb5e37c1efa326397366e6974cb338056df65cb50e7d64d1cf314e87504837?s=96&d=mm&r=g\",\"contentUrl\":\"https:\/\/secure.gravatar.com\/avatar\/55cb5e37c1efa326397366e6974cb338056df65cb50e7d64d1cf314e87504837?s=96&d=mm&r=g\",\"caption\":\"Arnaldo Botto\"},\"url\":\"https:\/\/www.noticiasradioreflejos.com.ar\/2021\/author\/arnaldo\/\"}]}<\/script>\n<!-- \/ Yoast SEO plugin. -->","yoast_head_json":{"title":"La Luna se alinea con J\u00fapiter, Venus y Saturno - Noticias Radio Reflejos","robots":{"index":"index","follow":"follow","max-snippet":"max-snippet:-1","max-image-preview":"max-image-preview:large","max-video-preview":"max-video-preview:-1"},"canonical":"https:\/\/www.noticiasradioreflejos.com.ar\/2021\/la-luna-se-alinea-con-jupiter-venus-y-saturno\/","og_locale":"es_ES","og_type":"article","og_title":"La Luna se alinea con J\u00fapiter, Venus y Saturno - Noticias Radio Reflejos","og_description":"Con un telescopio se observar\u00e1 c\u00f3mo el sat\u00e9lite terrestre y los tres planetas del sistema solar se desplazar\u00e1n en \u00abfila india\u00bb, en una misma l\u00ednea imaginaria llamada ecl\u00edptica, motivo por el cual en ocasiones parecen reunirse.","og_url":"https:\/\/www.noticiasradioreflejos.com.ar\/2021\/la-luna-se-alinea-con-jupiter-venus-y-saturno\/","og_site_name":"Noticias Radio Reflejos","article_published_time":"2021-12-07T10:54:41+00:00","article_modified_time":"2021-12-07T11:20:56+00:00","og_image":[{"url":"https:\/\/images.pagina12.com.ar\/styles\/focal_3_2_960x640\/public\/2021-12\/295535-whatsapp-20image-202021-12-06-20at-2022-38-51.jpeg?itok=1lnZPyYh","type":"","width":"","height":""}],"author":"Arnaldo Botto","twitter_card":"summary_large_image","schema":{"@context":"https:\/\/schema.org","@graph":[{"@type":"WebPage","@id":"https:\/\/www.noticiasradioreflejos.com.ar\/2021\/la-luna-se-alinea-con-jupiter-venus-y-saturno\/","url":"https:\/\/www.noticiasradioreflejos.com.ar\/2021\/la-luna-se-alinea-con-jupiter-venus-y-saturno\/","name":"La Luna se alinea con J\u00fapiter, Venus y Saturno - Noticias Radio Reflejos","isPartOf":{"@id":"https:\/\/www.noticiasradioreflejos.com.ar\/2021\/#website"},"primaryImageOfPage":{"@id":"https:\/\/www.noticiasradioreflejos.com.ar\/2021\/la-luna-se-alinea-con-jupiter-venus-y-saturno\/#primaryimage"},"image":{"@id":"https:\/\/www.noticiasradioreflejos.com.ar\/2021\/la-luna-se-alinea-con-jupiter-venus-y-saturno\/#primaryimage"},"thumbnailUrl":"https:\/\/images.pagina12.com.ar\/styles\/focal_3_2_960x640\/public\/2021-12\/295535-whatsapp-20image-202021-12-06-20at-2022-38-51.jpeg?itok=1lnZPyYh","datePublished":"2021-12-07T10:54:41+00:00","dateModified":"2021-12-07T11:20:56+00:00","author":{"@id":"https:\/\/www.noticiasradioreflejos.com.ar\/2021\/#\/schema\/person\/ad82545263dcc5ec0996818884fd5fb1"},"breadcrumb":{"@id":"https:\/\/www.noticiasradioreflejos.com.ar\/2021\/la-luna-se-alinea-con-jupiter-venus-y-saturno\/#breadcrumb"},"inLanguage":"es","potentialAction":[{"@type":"ReadAction","target":["https:\/\/www.noticiasradioreflejos.com.ar\/2021\/la-luna-se-alinea-con-jupiter-venus-y-saturno\/"]}]},{"@type":"ImageObject","inLanguage":"es","@id":"https:\/\/www.noticiasradioreflejos.com.ar\/2021\/la-luna-se-alinea-con-jupiter-venus-y-saturno\/#primaryimage","url":"https:\/\/images.pagina12.com.ar\/styles\/focal_3_2_960x640\/public\/2021-12\/295535-whatsapp-20image-202021-12-06-20at-2022-38-51.jpeg?itok=1lnZPyYh","contentUrl":"https:\/\/images.pagina12.com.ar\/styles\/focal_3_2_960x640\/public\/2021-12\/295535-whatsapp-20image-202021-12-06-20at-2022-38-51.jpeg?itok=1lnZPyYh"},{"@type":"BreadcrumbList","@id":"https:\/\/www.noticiasradioreflejos.com.ar\/2021\/la-luna-se-alinea-con-jupiter-venus-y-saturno\/#breadcrumb","itemListElement":[{"@type":"ListItem","position":1,"name":"Portada","item":"https:\/\/www.noticiasradioreflejos.com.ar\/2021\/"},{"@type":"ListItem","position":2,"name":"La Luna se alinea con J\u00fapiter, Venus y Saturno"}]},{"@type":"WebSite","@id":"https:\/\/www.noticiasradioreflejos.com.ar\/2021\/#website","url":"https:\/\/www.noticiasradioreflejos.com.ar\/2021\/","name":"Noticias Radio Reflejos","description":"Las noticias de mi comarca","potentialAction":[{"@type":"SearchAction","target":{"@type":"EntryPoint","urlTemplate":"https:\/\/www.noticiasradioreflejos.com.ar\/2021\/?s={search_term_string}"},"query-input":{"@type":"PropertyValueSpecification","valueRequired":true,"valueName":"search_term_string"}}],"inLanguage":"es"},{"@type":"Person","@id":"https:\/\/www.noticiasradioreflejos.com.ar\/2021\/#\/schema\/person\/ad82545263dcc5ec0996818884fd5fb1","name":"Arnaldo Botto","image":{"@type":"ImageObject","inLanguage":"es","@id":"https:\/\/www.noticiasradioreflejos.com.ar\/2021\/#\/schema\/person\/image\/","url":"https:\/\/secure.gravatar.com\/avatar\/55cb5e37c1efa326397366e6974cb338056df65cb50e7d64d1cf314e87504837?s=96&d=mm&r=g","contentUrl":"https:\/\/secure.gravatar.com\/avatar\/55cb5e37c1efa326397366e6974cb338056df65cb50e7d64d1cf314e87504837?s=96&d=mm&r=g","caption":"Arnaldo Botto"},"url":"https:\/\/www.noticiasradioreflejos.com.ar\/2021\/author\/arnaldo\/"}]}},"_links":{"self":[{"href":"https:\/\/www.noticiasradioreflejos.com.ar\/2021\/wp-json\/wp\/v2\/posts\/65804","targetHints":{"allow":["GET"]}}],"collection":[{"href":"https:\/\/www.noticiasradioreflejos.com.ar\/2021\/wp-json\/wp\/v2\/posts"}],"about":[{"href":"https:\/\/www.noticiasradioreflejos.com.ar\/2021\/wp-json\/wp\/v2\/types\/post"}],"author":[{"embeddable":true,"href":"https:\/\/www.noticiasradioreflejos.com.ar\/2021\/wp-json\/wp\/v2\/users\/3"}],"replies":[{"embeddable":true,"href":"https:\/\/www.noticiasradioreflejos.com.ar\/2021\/wp-json\/wp\/v2\/comments?post=65804"}],"version-history":[{"count":2,"href":"https:\/\/www.noticiasradioreflejos.com.ar\/2021\/wp-json\/wp\/v2\/posts\/65804\/revisions"}],"predecessor-version":[{"id":65807,"href":"https:\/\/www.noticiasradioreflejos.com.ar\/2021\/wp-json\/wp\/v2\/posts\/65804\/revisions\/65807"}],"wp:attachment":[{"href":"https:\/\/www.noticiasradioreflejos.com.ar\/2021\/wp-json\/wp\/v2\/media?parent=65804"}],"wp:term":[{"taxonomy":"category","embeddable":true,"href":"https:\/\/www.noticiasradioreflejos.com.ar\/2021\/wp-json\/wp\/v2\/categories?post=65804"},{"taxonomy":"post_tag","embeddable":true,"href":"https:\/\/www.noticiasradioreflejos.com.ar\/2021\/wp-json\/wp\/v2\/tags?post=65804"}],"curies":[{"name":"wp","href":"https:\/\/api.w.org\/{rel}","templated":true}]}}