{"id":65797,"date":"2021-12-06T23:46:35","date_gmt":"2021-12-06T23:46:35","guid":{"rendered":"http:\/\/www.noticiasradioreflejos.com.ar\/2021\/?p=65797"},"modified":"2021-12-06T23:46:35","modified_gmt":"2021-12-06T23:46:35","slug":"el-instituto-superior-de-formacion-docente-y-tecnico-n-162-de-tornquist-comunica-que-se-encuentra-abierta-la-inscripcion-a-las-carreras-2022","status":"publish","type":"post","link":"https:\/\/www.noticiasradioreflejos.com.ar\/2021\/el-instituto-superior-de-formacion-docente-y-tecnico-n-162-de-tornquist-comunica-que-se-encuentra-abierta-la-inscripcion-a-las-carreras-2022\/","title":{"rendered":"El Instituto Superior de Formaci\u00f3n Docente y T\u00e9cnico N\u00b0 162 de Tornquist comunica que se encuentra abierta la inscripci\u00f3n a las carreras 2022."},"content":{"rendered":"<p>Comenzar\u00e1n a dictarse el pr\u00f3ximo ciclo lectivo:<!--more--><\/p>\n<ul>\n<li>Profesorado de Educaci\u00f3n Especial (con orientaci\u00f3n en Discapacidad Intelectual)<\/li>\n<\/ul>\n<p>Resoluci\u00f3n 1009\/09<br \/>\nModalidad de cursado presencial. 4 a\u00f1os.<br \/>\nEs requisito tener Educaci\u00f3n Secundaria completa.<br \/>\nSede en que se dicta: Tornquist.<\/p>\n<p>&nbsp;<\/p>\n<ul>\n<li>Psicopedagog\u00eda (Tecnicatura)<br \/>\nResoluci\u00f3n 2460\/11<br \/>\nModalidad de cursado presencial. 4 a\u00f1os.<br \/>\nEs requisito tener Educaci\u00f3n Secundaria completa.<br \/>\nSede en que se dicta: Tornquist.<\/li>\n<\/ul>\n<p>&nbsp;<\/p>\n<p>La inscripci\u00f3n se realiza online en el siguiente link:<\/p>\n<p><a href=\"https:\/\/forms.gle\/RwV2STc2HWVHGgnHA\">https:\/\/forms.gle\/RwV2STc2HWVHGgnHA<\/a><\/p>\n<p>&nbsp;<\/p>\n<p>Consultas a <a href=\"mailto:isfd162tornquist@gmail.com\">isfd162tornquist@gmail.com<\/a><\/p>\n<p>Atenci\u00f3n en la Sede Av. Ernesto Tornquist 319, \u00a0de lunes a viernes de 18:30 a 21 hs.<br \/>\nTel: 291 4941150<\/p>\n","protected":false},"excerpt":{"rendered":"<p>Comenzar\u00e1n a dictarse el pr\u00f3ximo ciclo lectivo:<\/p>\n","protected":false},"author":3,"featured_media":0,"comment_status":"closed","ping_status":"closed","sticky":false,"template":"","format":"standard","meta":{"footnotes":""},"categories":[34],"tags":[],"class_list":["post-65797","post","type-post","status-publish","format-standard","hentry","category-educacion"],"yoast_head":"<!-- This site is optimized with the Yoast SEO plugin v25.9 - https:\/\/yoast.com\/wordpress\/plugins\/seo\/ -->\n<title>El Instituto Superior de Formaci\u00f3n Docente y T\u00e9cnico N\u00b0 162 de Tornquist comunica que se encuentra abierta la inscripci\u00f3n a las carreras 2022. - Noticias Radio Reflejos<\/title>\n<meta name=\"robots\" content=\"index, follow, max-snippet:-1, max-image-preview:large, max-video-preview:-1\" \/>\n<link rel=\"canonical\" href=\"https:\/\/www.noticiasradioreflejos.com.ar\/2021\/el-instituto-superior-de-formacion-docente-y-tecnico-n-162-de-tornquist-comunica-que-se-encuentra-abierta-la-inscripcion-a-las-carreras-2022\/\" \/>\n<meta property=\"og:locale\" content=\"es_ES\" \/>\n<meta property=\"og:type\" content=\"article\" \/>\n<meta property=\"og:title\" content=\"El Instituto Superior de Formaci\u00f3n Docente y T\u00e9cnico N\u00b0 162 de Tornquist comunica que se encuentra abierta la inscripci\u00f3n a las carreras 2022. - Noticias Radio Reflejos\" \/>\n<meta property=\"og:description\" content=\"Comenzar\u00e1n a dictarse el pr\u00f3ximo ciclo lectivo:\" \/>\n<meta property=\"og:url\" content=\"https:\/\/www.noticiasradioreflejos.com.ar\/2021\/el-instituto-superior-de-formacion-docente-y-tecnico-n-162-de-tornquist-comunica-que-se-encuentra-abierta-la-inscripcion-a-las-carreras-2022\/\" \/>\n<meta property=\"og:site_name\" content=\"Noticias Radio Reflejos\" \/>\n<meta property=\"article:published_time\" content=\"2021-12-06T23:46:35+00:00\" \/>\n<meta property=\"og:image\" content=\"https:\/\/www.noticiasradioreflejos.com.ar\/2021\/wp-content\/uploads\/2021\/07\/logosol300x200.png\" \/>\n\t<meta property=\"og:image:width\" content=\"300\" \/>\n\t<meta property=\"og:image:height\" content=\"200\" \/>\n\t<meta property=\"og:image:type\" content=\"image\/png\" \/>\n<meta name=\"author\" content=\"Arnaldo Botto\" \/>\n<meta name=\"twitter:card\" content=\"summary_large_image\" \/>\n<script type=\"application\/ld+json\" class=\"yoast-schema-graph\">{\"@context\":\"https:\/\/schema.org\",\"@graph\":[{\"@type\":\"WebPage\",\"@id\":\"https:\/\/www.noticiasradioreflejos.com.ar\/2021\/el-instituto-superior-de-formacion-docente-y-tecnico-n-162-de-tornquist-comunica-que-se-encuentra-abierta-la-inscripcion-a-las-carreras-2022\/\",\"url\":\"https:\/\/www.noticiasradioreflejos.com.ar\/2021\/el-instituto-superior-de-formacion-docente-y-tecnico-n-162-de-tornquist-comunica-que-se-encuentra-abierta-la-inscripcion-a-las-carreras-2022\/\",\"name\":\"El Instituto Superior de Formaci\u00f3n Docente y T\u00e9cnico N\u00b0 162 de Tornquist comunica que se encuentra abierta la inscripci\u00f3n a las carreras 2022. - Noticias Radio Reflejos\",\"isPartOf\":{\"@id\":\"https:\/\/www.noticiasradioreflejos.com.ar\/2021\/#website\"},\"datePublished\":\"2021-12-06T23:46:35+00:00\",\"author\":{\"@id\":\"https:\/\/www.noticiasradioreflejos.com.ar\/2021\/#\/schema\/person\/ad82545263dcc5ec0996818884fd5fb1\"},\"breadcrumb\":{\"@id\":\"https:\/\/www.noticiasradioreflejos.com.ar\/2021\/el-instituto-superior-de-formacion-docente-y-tecnico-n-162-de-tornquist-comunica-que-se-encuentra-abierta-la-inscripcion-a-las-carreras-2022\/#breadcrumb\"},\"inLanguage\":\"es\",\"potentialAction\":[{\"@type\":\"ReadAction\",\"target\":[\"https:\/\/www.noticiasradioreflejos.com.ar\/2021\/el-instituto-superior-de-formacion-docente-y-tecnico-n-162-de-tornquist-comunica-que-se-encuentra-abierta-la-inscripcion-a-las-carreras-2022\/\"]}]},{\"@type\":\"BreadcrumbList\",\"@id\":\"https:\/\/www.noticiasradioreflejos.com.ar\/2021\/el-instituto-superior-de-formacion-docente-y-tecnico-n-162-de-tornquist-comunica-que-se-encuentra-abierta-la-inscripcion-a-las-carreras-2022\/#breadcrumb\",\"itemListElement\":[{\"@type\":\"ListItem\",\"position\":1,\"name\":\"Portada\",\"item\":\"https:\/\/www.noticiasradioreflejos.com.ar\/2021\/\"},{\"@type\":\"ListItem\",\"position\":2,\"name\":\"El Instituto Superior de Formaci\u00f3n Docente y T\u00e9cnico N\u00b0 162 de Tornquist comunica que se encuentra abierta la inscripci\u00f3n a las carreras 2022.\"}]},{\"@type\":\"WebSite\",\"@id\":\"https:\/\/www.noticiasradioreflejos.com.ar\/2021\/#website\",\"url\":\"https:\/\/www.noticiasradioreflejos.com.ar\/2021\/\",\"name\":\"Noticias Radio Reflejos\",\"description\":\"Las noticias de mi comarca\",\"potentialAction\":[{\"@type\":\"SearchAction\",\"target\":{\"@type\":\"EntryPoint\",\"urlTemplate\":\"https:\/\/www.noticiasradioreflejos.com.ar\/2021\/?s={search_term_string}\"},\"query-input\":{\"@type\":\"PropertyValueSpecification\",\"valueRequired\":true,\"valueName\":\"search_term_string\"}}],\"inLanguage\":\"es\"},{\"@type\":\"Person\",\"@id\":\"https:\/\/www.noticiasradioreflejos.com.ar\/2021\/#\/schema\/person\/ad82545263dcc5ec0996818884fd5fb1\",\"name\":\"Arnaldo Botto\",\"image\":{\"@type\":\"ImageObject\",\"inLanguage\":\"es\",\"@id\":\"https:\/\/www.noticiasradioreflejos.com.ar\/2021\/#\/schema\/person\/image\/\",\"url\":\"https:\/\/secure.gravatar.com\/avatar\/55cb5e37c1efa326397366e6974cb338056df65cb50e7d64d1cf314e87504837?s=96&d=mm&r=g\",\"contentUrl\":\"https:\/\/secure.gravatar.com\/avatar\/55cb5e37c1efa326397366e6974cb338056df65cb50e7d64d1cf314e87504837?s=96&d=mm&r=g\",\"caption\":\"Arnaldo Botto\"},\"url\":\"https:\/\/www.noticiasradioreflejos.com.ar\/2021\/author\/arnaldo\/\"}]}<\/script>\n<!-- \/ Yoast SEO plugin. -->","yoast_head_json":{"title":"El Instituto Superior de Formaci\u00f3n Docente y T\u00e9cnico N\u00b0 162 de Tornquist comunica que se encuentra abierta la inscripci\u00f3n a las carreras 2022. - Noticias Radio Reflejos","robots":{"index":"index","follow":"follow","max-snippet":"max-snippet:-1","max-image-preview":"max-image-preview:large","max-video-preview":"max-video-preview:-1"},"canonical":"https:\/\/www.noticiasradioreflejos.com.ar\/2021\/el-instituto-superior-de-formacion-docente-y-tecnico-n-162-de-tornquist-comunica-que-se-encuentra-abierta-la-inscripcion-a-las-carreras-2022\/","og_locale":"es_ES","og_type":"article","og_title":"El Instituto Superior de Formaci\u00f3n Docente y T\u00e9cnico N\u00b0 162 de Tornquist comunica que se encuentra abierta la inscripci\u00f3n a las carreras 2022. - Noticias Radio Reflejos","og_description":"Comenzar\u00e1n a dictarse el pr\u00f3ximo ciclo lectivo:","og_url":"https:\/\/www.noticiasradioreflejos.com.ar\/2021\/el-instituto-superior-de-formacion-docente-y-tecnico-n-162-de-tornquist-comunica-que-se-encuentra-abierta-la-inscripcion-a-las-carreras-2022\/","og_site_name":"Noticias Radio Reflejos","article_published_time":"2021-12-06T23:46:35+00:00","og_image":[{"width":300,"height":200,"url":"https:\/\/www.noticiasradioreflejos.com.ar\/2021\/wp-content\/uploads\/2021\/07\/logosol300x200.png","type":"image\/png"}],"author":"Arnaldo Botto","twitter_card":"summary_large_image","schema":{"@context":"https:\/\/schema.org","@graph":[{"@type":"WebPage","@id":"https:\/\/www.noticiasradioreflejos.com.ar\/2021\/el-instituto-superior-de-formacion-docente-y-tecnico-n-162-de-tornquist-comunica-que-se-encuentra-abierta-la-inscripcion-a-las-carreras-2022\/","url":"https:\/\/www.noticiasradioreflejos.com.ar\/2021\/el-instituto-superior-de-formacion-docente-y-tecnico-n-162-de-tornquist-comunica-que-se-encuentra-abierta-la-inscripcion-a-las-carreras-2022\/","name":"El Instituto Superior de Formaci\u00f3n Docente y T\u00e9cnico N\u00b0 162 de Tornquist comunica que se encuentra abierta la inscripci\u00f3n a las carreras 2022. - Noticias Radio Reflejos","isPartOf":{"@id":"https:\/\/www.noticiasradioreflejos.com.ar\/2021\/#website"},"datePublished":"2021-12-06T23:46:35+00:00","author":{"@id":"https:\/\/www.noticiasradioreflejos.com.ar\/2021\/#\/schema\/person\/ad82545263dcc5ec0996818884fd5fb1"},"breadcrumb":{"@id":"https:\/\/www.noticiasradioreflejos.com.ar\/2021\/el-instituto-superior-de-formacion-docente-y-tecnico-n-162-de-tornquist-comunica-que-se-encuentra-abierta-la-inscripcion-a-las-carreras-2022\/#breadcrumb"},"inLanguage":"es","potentialAction":[{"@type":"ReadAction","target":["https:\/\/www.noticiasradioreflejos.com.ar\/2021\/el-instituto-superior-de-formacion-docente-y-tecnico-n-162-de-tornquist-comunica-que-se-encuentra-abierta-la-inscripcion-a-las-carreras-2022\/"]}]},{"@type":"BreadcrumbList","@id":"https:\/\/www.noticiasradioreflejos.com.ar\/2021\/el-instituto-superior-de-formacion-docente-y-tecnico-n-162-de-tornquist-comunica-que-se-encuentra-abierta-la-inscripcion-a-las-carreras-2022\/#breadcrumb","itemListElement":[{"@type":"ListItem","position":1,"name":"Portada","item":"https:\/\/www.noticiasradioreflejos.com.ar\/2021\/"},{"@type":"ListItem","position":2,"name":"El Instituto Superior de Formaci\u00f3n Docente y T\u00e9cnico N\u00b0 162 de Tornquist comunica que se encuentra abierta la inscripci\u00f3n a las carreras 2022."}]},{"@type":"WebSite","@id":"https:\/\/www.noticiasradioreflejos.com.ar\/2021\/#website","url":"https:\/\/www.noticiasradioreflejos.com.ar\/2021\/","name":"Noticias Radio Reflejos","description":"Las noticias de mi comarca","potentialAction":[{"@type":"SearchAction","target":{"@type":"EntryPoint","urlTemplate":"https:\/\/www.noticiasradioreflejos.com.ar\/2021\/?s={search_term_string}"},"query-input":{"@type":"PropertyValueSpecification","valueRequired":true,"valueName":"search_term_string"}}],"inLanguage":"es"},{"@type":"Person","@id":"https:\/\/www.noticiasradioreflejos.com.ar\/2021\/#\/schema\/person\/ad82545263dcc5ec0996818884fd5fb1","name":"Arnaldo Botto","image":{"@type":"ImageObject","inLanguage":"es","@id":"https:\/\/www.noticiasradioreflejos.com.ar\/2021\/#\/schema\/person\/image\/","url":"https:\/\/secure.gravatar.com\/avatar\/55cb5e37c1efa326397366e6974cb338056df65cb50e7d64d1cf314e87504837?s=96&d=mm&r=g","contentUrl":"https:\/\/secure.gravatar.com\/avatar\/55cb5e37c1efa326397366e6974cb338056df65cb50e7d64d1cf314e87504837?s=96&d=mm&r=g","caption":"Arnaldo Botto"},"url":"https:\/\/www.noticiasradioreflejos.com.ar\/2021\/author\/arnaldo\/"}]}},"_links":{"self":[{"href":"https:\/\/www.noticiasradioreflejos.com.ar\/2021\/wp-json\/wp\/v2\/posts\/65797","targetHints":{"allow":["GET"]}}],"collection":[{"href":"https:\/\/www.noticiasradioreflejos.com.ar\/2021\/wp-json\/wp\/v2\/posts"}],"about":[{"href":"https:\/\/www.noticiasradioreflejos.com.ar\/2021\/wp-json\/wp\/v2\/types\/post"}],"author":[{"embeddable":true,"href":"https:\/\/www.noticiasradioreflejos.com.ar\/2021\/wp-json\/wp\/v2\/users\/3"}],"replies":[{"embeddable":true,"href":"https:\/\/www.noticiasradioreflejos.com.ar\/2021\/wp-json\/wp\/v2\/comments?post=65797"}],"version-history":[{"count":1,"href":"https:\/\/www.noticiasradioreflejos.com.ar\/2021\/wp-json\/wp\/v2\/posts\/65797\/revisions"}],"predecessor-version":[{"id":65798,"href":"https:\/\/www.noticiasradioreflejos.com.ar\/2021\/wp-json\/wp\/v2\/posts\/65797\/revisions\/65798"}],"wp:attachment":[{"href":"https:\/\/www.noticiasradioreflejos.com.ar\/2021\/wp-json\/wp\/v2\/media?parent=65797"}],"wp:term":[{"taxonomy":"category","embeddable":true,"href":"https:\/\/www.noticiasradioreflejos.com.ar\/2021\/wp-json\/wp\/v2\/categories?post=65797"},{"taxonomy":"post_tag","embeddable":true,"href":"https:\/\/www.noticiasradioreflejos.com.ar\/2021\/wp-json\/wp\/v2\/tags?post=65797"}],"curies":[{"name":"wp","href":"https:\/\/api.w.org\/{rel}","templated":true}]}}