{"id":65794,"date":"2021-12-06T23:24:05","date_gmt":"2021-12-06T23:24:05","guid":{"rendered":"http:\/\/www.noticiasradioreflejos.com.ar\/2021\/?p=65794"},"modified":"2021-12-06T23:24:05","modified_gmt":"2021-12-06T23:24:05","slug":"periodistas-argentinas-recoge-denuncias-contra-laje-y-pide-el-fin-de-la-violencia-laboral","status":"publish","type":"post","link":"https:\/\/www.noticiasradioreflejos.com.ar\/2021\/periodistas-argentinas-recoge-denuncias-contra-laje-y-pide-el-fin-de-la-violencia-laboral\/","title":{"rendered":"Periodistas Argentinas recoge denuncias contra Laje y pide el fin de la violencia laboral"},"content":{"rendered":"<div class=\"wrapper-header\">\n<div class=\"container-xl\">\n<div class=\"row\">\n<div class=\"col-12\">\n<div class=\"head-content mb-4\">\n<p class=\"speak\">\u00abExigimos que las empresas de comunicaci\u00f3n cumplan con el marco legal vigente que tipifica y sanciona el maltrato laboral y pedimos que el Poder Ejecutivo reglamente en forma urgente la Ley de Equidad en Medios, que es la herramienta que garantiza la erradicaci\u00f3n de estas conductas\u00bb, reclam\u00f3 la organizaci\u00f3n.<\/p>\n<\/div>\n<\/div>\n<\/div>\n<\/div>\n<\/div>\n<p><!--more--><\/p>\n<div class=\"wrapper-editable-content\">\n<div>\n<div class=\"wrapper-editable-content\">\n<div class=\"row\">\n<div class=\"container-md\">\n<div class=\"row\">\n<div class=\"col-md-10 offset-md-1 speak\">\n<div class=\"paragraph\">\n<figure class=\"mb-3\"><img decoding=\"async\" src=\"https:\/\/www.telam.com.ar\/thumbs\/bluesteel\/advf\/imagenes\/2021\/12\/61ae649c41cd6_900.jpg\" alt=\"Antonio Laje fue acusado de maltrato por varias periodistas que trabajan con l Foto TW Antonio Laje \" width=\"100%\" height=\"100%\" \/><\/p>\n<div class=\"media-icons\"><\/div><figcaption>Antonio Laje fue acusado de maltrato por varias periodistas que trabajan con \u00e9l. Foto: TW Antonio Laje.<\/figcaption><\/figure>\n<p>La colectiva Periodistas Argentinas emiti\u00f3 en la tarde del lunes un comunicado que en sinton\u00eda con las denuncias p\u00fablicas de varias de sus colegas contra Antonio Laje, conductor del informativo \u00abBuenos D\u00edas Am\u00e9rica\u00bb,\u00a0<strong>llam\u00f3 a \u00abterminar con la violencia laboral YA\u00bb.<\/strong><\/p>\n<p>\u00abExigimos que las empresas de comunicaci\u00f3n cumplan con el marco legal vigente que tipifica y sanciona el maltrato laboral y pedimos que el Poder Ejecutivo reglamente en forma urgente la Ley de Equidad en Medios, que es la herramienta que garantiza la erradicaci\u00f3n de estas conductas\u00bb, propuso Periodistas Argentinas en su escrito.<\/p>\n<p>La organizaci\u00f3n se\u00f1al\u00f3 que \u00ab<strong>en estos d\u00edas se han conocido testimonios de colegas que dan cuenta de lo que venimos denunciando desde hace varios a\u00f1os, a trav\u00e9s de las encuestas que realizamos entre nuestras m\u00e1s de 200 integrantes<\/strong>\u00ab.<\/p>\n<p>\u00abInsultos, humillaciones, acosos, negaci\u00f3n y ninguneo de la palabra, degradaci\u00f3n o p\u00e9rdida de puestos de trabajo al regresar de la licencia por maternidad constituyen, entre otras conductas inadmisibles, pr\u00e1cticas que forman parte del paradigma de producci\u00f3n de noticieros y programas de tev\u00e9, diarios, radios, portales web a lo largo y ancho de nuestro pa\u00eds, tanto en medios p\u00fablicos como privados\u00bb, se enumer\u00f3.<\/p>\n<p>El texto de Periodistas Argentinas alert\u00f3 que \u00abconsiderar que estas conductas, expl\u00edcitamente sancionadas por la ley vigente, buscan la &#8216;exigencia profesional&#8217; en pos de una excelencia informativa es la peor injusticia que estamos denunciando: sin dignidad no hay calidad\u00bb.<\/p>\n<blockquote class=\"twitter-tweet\" data-width=\"500\" data-dnt=\"true\">\n<p lang=\"qme\" dir=\"ltr\"><a href=\"https:\/\/twitter.com\/hashtag\/BastaDeViolenciaLaboral?src=hash&amp;ref_src=twsrc%5Etfw\">#BastaDeViolenciaLaboral<\/a><a href=\"https:\/\/twitter.com\/hashtag\/LeydeEquidadenMedios?src=hash&amp;ref_src=twsrc%5Etfw\">#LeydeEquidadenMedios<\/a> <a href=\"https:\/\/t.co\/Zu0F39KdZC\">pic.twitter.com\/Zu0F39KdZC<\/a><\/p>\n<p>&mdash; Periodistas Argentinas (@PeriodistasdArg) <a href=\"https:\/\/twitter.com\/PeriodistasdArg\/status\/1467916062217887749?ref_src=twsrc%5Etfw\">December 6, 2021<\/a><\/p><\/blockquote>\n<p><script async src=\"https:\/\/platform.twitter.com\/widgets.js\" charset=\"utf-8\"><\/script><\/p>\n<p>Dicho p\u00e1rrafo pareci\u00f3 una respuesta grupal al descargo que Laje realiz\u00f3 esta ma\u00f1ana desde el ciclo que comanda donde entre l\u00e1grimas y sollozos,\u00a0<strong>atribuy\u00f3 las denuncias en su contra al \u00abnivel de exigencia\u00bb que \u00e9l requiere para el programa.<\/strong><\/p>\n<p>\u00abNo tengo ning\u00fan problema en pedir disculpas si alguien se sinti\u00f3 maltratado. De coraz\u00f3n le pido disculpas cara a cara donde sea\u00bb, asegur\u00f3.<\/p>\n<p>Pero Laje tambi\u00e9n atribuy\u00f3 la divulgaci\u00f3n p\u00fablica de sus actitudes profesionales y personales a que\u00a0<strong>\u00abest\u00e1n tratando de liquidarme, de bajarme, de sacarme del aire\u00bb.<\/strong><\/p>\n<p>Desde fines de la semana pasada, Laje fue denunciado por la nutricionista Fiorella Viteli, Mai Pistiner y Eugenia Morea, aunque a la n\u00f3mina puede ampliarse a Mar\u00eda Bel\u00e9n Ludue\u00f1a, quien abandon\u00f3 el ciclo en medio de l\u00e1grimas, aunque tras ser interrumpida al aire por el periodista, evit\u00f3 pronunciarse sobre un posible maltrato.<\/p>\n<p>Tambi\u00e9n el Sindicato de Prensa de Buenos Aires indic\u00f3 esta ma\u00f1ana desde su cuenta de Twitter que \u00abante las denuncias p\u00fablicas contra Antonio Laje por el acoso laboral ejercido sobre distintas trabajadoras de prensa, junto a la Comisi\u00f3n Interna de A24 y Am\u00e9rica TV, las acompa\u00f1amos y refrendamos nuestro compromiso con la construcci\u00f3n de medios de comunicaci\u00f3n sin violencias\u00bb.<\/p>\n<\/div>\n<\/div>\n<\/div>\n<\/div>\n<\/div>\n<\/div>\n<\/div>\n<\/div>\n","protected":false},"excerpt":{"rendered":"<p>\u00abExigimos que las empresas de comunicaci\u00f3n cumplan con el marco legal vigente que tipifica y sanciona el maltrato laboral y pedimos que el Poder Ejecutivo reglamente en forma urgente la Ley de Equidad en Medios, que es la herramienta que garantiza la erradicaci\u00f3n de estas conductas\u00bb, reclam\u00f3 la organizaci\u00f3n.<\/p>\n","protected":false},"author":3,"featured_media":0,"comment_status":"closed","ping_status":"closed","sticky":false,"template":"","format":"standard","meta":{"footnotes":""},"categories":[29,24,26],"tags":[],"class_list":["post-65794","post","type-post","status-publish","format-standard","hentry","category-policiales","category-politica","category-sociedad"],"yoast_head":"<!-- This site is optimized with the Yoast SEO plugin v25.9 - https:\/\/yoast.com\/wordpress\/plugins\/seo\/ -->\n<title>Periodistas Argentinas recoge denuncias contra Laje y pide el fin de la violencia laboral - Noticias Radio Reflejos<\/title>\n<meta name=\"robots\" content=\"index, follow, max-snippet:-1, max-image-preview:large, max-video-preview:-1\" \/>\n<link rel=\"canonical\" href=\"https:\/\/www.noticiasradioreflejos.com.ar\/2021\/periodistas-argentinas-recoge-denuncias-contra-laje-y-pide-el-fin-de-la-violencia-laboral\/\" \/>\n<meta property=\"og:locale\" content=\"es_ES\" \/>\n<meta property=\"og:type\" content=\"article\" \/>\n<meta property=\"og:title\" content=\"Periodistas Argentinas recoge denuncias contra Laje y pide el fin de la violencia laboral - Noticias Radio Reflejos\" \/>\n<meta property=\"og:description\" content=\"\u00abExigimos que las empresas de comunicaci\u00f3n cumplan con el marco legal vigente que tipifica y sanciona el maltrato laboral y pedimos que el Poder Ejecutivo reglamente en forma urgente la Ley de Equidad en Medios, que es la herramienta que garantiza la erradicaci\u00f3n de estas conductas\u00bb, reclam\u00f3 la organizaci\u00f3n.\" \/>\n<meta property=\"og:url\" content=\"https:\/\/www.noticiasradioreflejos.com.ar\/2021\/periodistas-argentinas-recoge-denuncias-contra-laje-y-pide-el-fin-de-la-violencia-laboral\/\" \/>\n<meta property=\"og:site_name\" content=\"Noticias Radio Reflejos\" \/>\n<meta property=\"article:published_time\" content=\"2021-12-06T23:24:05+00:00\" \/>\n<meta property=\"og:image\" content=\"https:\/\/www.telam.com.ar\/thumbs\/bluesteel\/advf\/imagenes\/2021\/12\/61ae649c41cd6_900.jpg\" \/>\n<meta name=\"author\" content=\"Arnaldo Botto\" \/>\n<meta name=\"twitter:card\" content=\"summary_large_image\" \/>\n<script type=\"application\/ld+json\" class=\"yoast-schema-graph\">{\"@context\":\"https:\/\/schema.org\",\"@graph\":[{\"@type\":\"WebPage\",\"@id\":\"https:\/\/www.noticiasradioreflejos.com.ar\/2021\/periodistas-argentinas-recoge-denuncias-contra-laje-y-pide-el-fin-de-la-violencia-laboral\/\",\"url\":\"https:\/\/www.noticiasradioreflejos.com.ar\/2021\/periodistas-argentinas-recoge-denuncias-contra-laje-y-pide-el-fin-de-la-violencia-laboral\/\",\"name\":\"Periodistas Argentinas recoge denuncias contra Laje y pide el fin de la violencia laboral - Noticias Radio Reflejos\",\"isPartOf\":{\"@id\":\"https:\/\/www.noticiasradioreflejos.com.ar\/2021\/#website\"},\"primaryImageOfPage\":{\"@id\":\"https:\/\/www.noticiasradioreflejos.com.ar\/2021\/periodistas-argentinas-recoge-denuncias-contra-laje-y-pide-el-fin-de-la-violencia-laboral\/#primaryimage\"},\"image\":{\"@id\":\"https:\/\/www.noticiasradioreflejos.com.ar\/2021\/periodistas-argentinas-recoge-denuncias-contra-laje-y-pide-el-fin-de-la-violencia-laboral\/#primaryimage\"},\"thumbnailUrl\":\"https:\/\/www.telam.com.ar\/thumbs\/bluesteel\/advf\/imagenes\/2021\/12\/61ae649c41cd6_900.jpg\",\"datePublished\":\"2021-12-06T23:24:05+00:00\",\"author\":{\"@id\":\"https:\/\/www.noticiasradioreflejos.com.ar\/2021\/#\/schema\/person\/ad82545263dcc5ec0996818884fd5fb1\"},\"breadcrumb\":{\"@id\":\"https:\/\/www.noticiasradioreflejos.com.ar\/2021\/periodistas-argentinas-recoge-denuncias-contra-laje-y-pide-el-fin-de-la-violencia-laboral\/#breadcrumb\"},\"inLanguage\":\"es\",\"potentialAction\":[{\"@type\":\"ReadAction\",\"target\":[\"https:\/\/www.noticiasradioreflejos.com.ar\/2021\/periodistas-argentinas-recoge-denuncias-contra-laje-y-pide-el-fin-de-la-violencia-laboral\/\"]}]},{\"@type\":\"ImageObject\",\"inLanguage\":\"es\",\"@id\":\"https:\/\/www.noticiasradioreflejos.com.ar\/2021\/periodistas-argentinas-recoge-denuncias-contra-laje-y-pide-el-fin-de-la-violencia-laboral\/#primaryimage\",\"url\":\"https:\/\/www.telam.com.ar\/thumbs\/bluesteel\/advf\/imagenes\/2021\/12\/61ae649c41cd6_900.jpg\",\"contentUrl\":\"https:\/\/www.telam.com.ar\/thumbs\/bluesteel\/advf\/imagenes\/2021\/12\/61ae649c41cd6_900.jpg\"},{\"@type\":\"BreadcrumbList\",\"@id\":\"https:\/\/www.noticiasradioreflejos.com.ar\/2021\/periodistas-argentinas-recoge-denuncias-contra-laje-y-pide-el-fin-de-la-violencia-laboral\/#breadcrumb\",\"itemListElement\":[{\"@type\":\"ListItem\",\"position\":1,\"name\":\"Portada\",\"item\":\"https:\/\/www.noticiasradioreflejos.com.ar\/2021\/\"},{\"@type\":\"ListItem\",\"position\":2,\"name\":\"Periodistas Argentinas recoge denuncias contra Laje y pide el fin de la violencia laboral\"}]},{\"@type\":\"WebSite\",\"@id\":\"https:\/\/www.noticiasradioreflejos.com.ar\/2021\/#website\",\"url\":\"https:\/\/www.noticiasradioreflejos.com.ar\/2021\/\",\"name\":\"Noticias Radio Reflejos\",\"description\":\"Las noticias de mi comarca\",\"potentialAction\":[{\"@type\":\"SearchAction\",\"target\":{\"@type\":\"EntryPoint\",\"urlTemplate\":\"https:\/\/www.noticiasradioreflejos.com.ar\/2021\/?s={search_term_string}\"},\"query-input\":{\"@type\":\"PropertyValueSpecification\",\"valueRequired\":true,\"valueName\":\"search_term_string\"}}],\"inLanguage\":\"es\"},{\"@type\":\"Person\",\"@id\":\"https:\/\/www.noticiasradioreflejos.com.ar\/2021\/#\/schema\/person\/ad82545263dcc5ec0996818884fd5fb1\",\"name\":\"Arnaldo Botto\",\"image\":{\"@type\":\"ImageObject\",\"inLanguage\":\"es\",\"@id\":\"https:\/\/www.noticiasradioreflejos.com.ar\/2021\/#\/schema\/person\/image\/\",\"url\":\"https:\/\/secure.gravatar.com\/avatar\/55cb5e37c1efa326397366e6974cb338056df65cb50e7d64d1cf314e87504837?s=96&d=mm&r=g\",\"contentUrl\":\"https:\/\/secure.gravatar.com\/avatar\/55cb5e37c1efa326397366e6974cb338056df65cb50e7d64d1cf314e87504837?s=96&d=mm&r=g\",\"caption\":\"Arnaldo Botto\"},\"url\":\"https:\/\/www.noticiasradioreflejos.com.ar\/2021\/author\/arnaldo\/\"}]}<\/script>\n<!-- \/ Yoast SEO plugin. -->","yoast_head_json":{"title":"Periodistas Argentinas recoge denuncias contra Laje y pide el fin de la violencia laboral - Noticias Radio Reflejos","robots":{"index":"index","follow":"follow","max-snippet":"max-snippet:-1","max-image-preview":"max-image-preview:large","max-video-preview":"max-video-preview:-1"},"canonical":"https:\/\/www.noticiasradioreflejos.com.ar\/2021\/periodistas-argentinas-recoge-denuncias-contra-laje-y-pide-el-fin-de-la-violencia-laboral\/","og_locale":"es_ES","og_type":"article","og_title":"Periodistas Argentinas recoge denuncias contra Laje y pide el fin de la violencia laboral - Noticias Radio Reflejos","og_description":"\u00abExigimos que las empresas de comunicaci\u00f3n cumplan con el marco legal vigente que tipifica y sanciona el maltrato laboral y pedimos que el Poder Ejecutivo reglamente en forma urgente la Ley de Equidad en Medios, que es la herramienta que garantiza la erradicaci\u00f3n de estas conductas\u00bb, reclam\u00f3 la organizaci\u00f3n.","og_url":"https:\/\/www.noticiasradioreflejos.com.ar\/2021\/periodistas-argentinas-recoge-denuncias-contra-laje-y-pide-el-fin-de-la-violencia-laboral\/","og_site_name":"Noticias Radio Reflejos","article_published_time":"2021-12-06T23:24:05+00:00","og_image":[{"url":"https:\/\/www.telam.com.ar\/thumbs\/bluesteel\/advf\/imagenes\/2021\/12\/61ae649c41cd6_900.jpg","type":"","width":"","height":""}],"author":"Arnaldo Botto","twitter_card":"summary_large_image","schema":{"@context":"https:\/\/schema.org","@graph":[{"@type":"WebPage","@id":"https:\/\/www.noticiasradioreflejos.com.ar\/2021\/periodistas-argentinas-recoge-denuncias-contra-laje-y-pide-el-fin-de-la-violencia-laboral\/","url":"https:\/\/www.noticiasradioreflejos.com.ar\/2021\/periodistas-argentinas-recoge-denuncias-contra-laje-y-pide-el-fin-de-la-violencia-laboral\/","name":"Periodistas Argentinas recoge denuncias contra Laje y pide el fin de la violencia laboral - Noticias Radio Reflejos","isPartOf":{"@id":"https:\/\/www.noticiasradioreflejos.com.ar\/2021\/#website"},"primaryImageOfPage":{"@id":"https:\/\/www.noticiasradioreflejos.com.ar\/2021\/periodistas-argentinas-recoge-denuncias-contra-laje-y-pide-el-fin-de-la-violencia-laboral\/#primaryimage"},"image":{"@id":"https:\/\/www.noticiasradioreflejos.com.ar\/2021\/periodistas-argentinas-recoge-denuncias-contra-laje-y-pide-el-fin-de-la-violencia-laboral\/#primaryimage"},"thumbnailUrl":"https:\/\/www.telam.com.ar\/thumbs\/bluesteel\/advf\/imagenes\/2021\/12\/61ae649c41cd6_900.jpg","datePublished":"2021-12-06T23:24:05+00:00","author":{"@id":"https:\/\/www.noticiasradioreflejos.com.ar\/2021\/#\/schema\/person\/ad82545263dcc5ec0996818884fd5fb1"},"breadcrumb":{"@id":"https:\/\/www.noticiasradioreflejos.com.ar\/2021\/periodistas-argentinas-recoge-denuncias-contra-laje-y-pide-el-fin-de-la-violencia-laboral\/#breadcrumb"},"inLanguage":"es","potentialAction":[{"@type":"ReadAction","target":["https:\/\/www.noticiasradioreflejos.com.ar\/2021\/periodistas-argentinas-recoge-denuncias-contra-laje-y-pide-el-fin-de-la-violencia-laboral\/"]}]},{"@type":"ImageObject","inLanguage":"es","@id":"https:\/\/www.noticiasradioreflejos.com.ar\/2021\/periodistas-argentinas-recoge-denuncias-contra-laje-y-pide-el-fin-de-la-violencia-laboral\/#primaryimage","url":"https:\/\/www.telam.com.ar\/thumbs\/bluesteel\/advf\/imagenes\/2021\/12\/61ae649c41cd6_900.jpg","contentUrl":"https:\/\/www.telam.com.ar\/thumbs\/bluesteel\/advf\/imagenes\/2021\/12\/61ae649c41cd6_900.jpg"},{"@type":"BreadcrumbList","@id":"https:\/\/www.noticiasradioreflejos.com.ar\/2021\/periodistas-argentinas-recoge-denuncias-contra-laje-y-pide-el-fin-de-la-violencia-laboral\/#breadcrumb","itemListElement":[{"@type":"ListItem","position":1,"name":"Portada","item":"https:\/\/www.noticiasradioreflejos.com.ar\/2021\/"},{"@type":"ListItem","position":2,"name":"Periodistas Argentinas recoge denuncias contra Laje y pide el fin de la violencia laboral"}]},{"@type":"WebSite","@id":"https:\/\/www.noticiasradioreflejos.com.ar\/2021\/#website","url":"https:\/\/www.noticiasradioreflejos.com.ar\/2021\/","name":"Noticias Radio Reflejos","description":"Las noticias de mi comarca","potentialAction":[{"@type":"SearchAction","target":{"@type":"EntryPoint","urlTemplate":"https:\/\/www.noticiasradioreflejos.com.ar\/2021\/?s={search_term_string}"},"query-input":{"@type":"PropertyValueSpecification","valueRequired":true,"valueName":"search_term_string"}}],"inLanguage":"es"},{"@type":"Person","@id":"https:\/\/www.noticiasradioreflejos.com.ar\/2021\/#\/schema\/person\/ad82545263dcc5ec0996818884fd5fb1","name":"Arnaldo Botto","image":{"@type":"ImageObject","inLanguage":"es","@id":"https:\/\/www.noticiasradioreflejos.com.ar\/2021\/#\/schema\/person\/image\/","url":"https:\/\/secure.gravatar.com\/avatar\/55cb5e37c1efa326397366e6974cb338056df65cb50e7d64d1cf314e87504837?s=96&d=mm&r=g","contentUrl":"https:\/\/secure.gravatar.com\/avatar\/55cb5e37c1efa326397366e6974cb338056df65cb50e7d64d1cf314e87504837?s=96&d=mm&r=g","caption":"Arnaldo Botto"},"url":"https:\/\/www.noticiasradioreflejos.com.ar\/2021\/author\/arnaldo\/"}]}},"_links":{"self":[{"href":"https:\/\/www.noticiasradioreflejos.com.ar\/2021\/wp-json\/wp\/v2\/posts\/65794","targetHints":{"allow":["GET"]}}],"collection":[{"href":"https:\/\/www.noticiasradioreflejos.com.ar\/2021\/wp-json\/wp\/v2\/posts"}],"about":[{"href":"https:\/\/www.noticiasradioreflejos.com.ar\/2021\/wp-json\/wp\/v2\/types\/post"}],"author":[{"embeddable":true,"href":"https:\/\/www.noticiasradioreflejos.com.ar\/2021\/wp-json\/wp\/v2\/users\/3"}],"replies":[{"embeddable":true,"href":"https:\/\/www.noticiasradioreflejos.com.ar\/2021\/wp-json\/wp\/v2\/comments?post=65794"}],"version-history":[{"count":1,"href":"https:\/\/www.noticiasradioreflejos.com.ar\/2021\/wp-json\/wp\/v2\/posts\/65794\/revisions"}],"predecessor-version":[{"id":65796,"href":"https:\/\/www.noticiasradioreflejos.com.ar\/2021\/wp-json\/wp\/v2\/posts\/65794\/revisions\/65796"}],"wp:attachment":[{"href":"https:\/\/www.noticiasradioreflejos.com.ar\/2021\/wp-json\/wp\/v2\/media?parent=65794"}],"wp:term":[{"taxonomy":"category","embeddable":true,"href":"https:\/\/www.noticiasradioreflejos.com.ar\/2021\/wp-json\/wp\/v2\/categories?post=65794"},{"taxonomy":"post_tag","embeddable":true,"href":"https:\/\/www.noticiasradioreflejos.com.ar\/2021\/wp-json\/wp\/v2\/tags?post=65794"}],"curies":[{"name":"wp","href":"https:\/\/api.w.org\/{rel}","templated":true}]}}