{"id":65791,"date":"2021-12-06T23:20:50","date_gmt":"2021-12-06T23:20:50","guid":{"rendered":"http:\/\/www.noticiasradioreflejos.com.ar\/2021\/?p=65791"},"modified":"2021-12-06T23:20:50","modified_gmt":"2021-12-06T23:20:50","slug":"provincia-se-implementara-el-pase-sanitario-a-partir-del-21-de-diciembre","status":"publish","type":"post","link":"https:\/\/www.noticiasradioreflejos.com.ar\/2021\/provincia-se-implementara-el-pase-sanitario-a-partir-del-21-de-diciembre\/","title":{"rendered":"Provincia: se implementar\u00e1 el pase sanitario a partir del 21 de diciembre"},"content":{"rendered":"<p>Lo anunci\u00f3 esta tarde el gobernador bonaerense Axel Kicillof. Los mayores de 13 a\u00f1os deber\u00e1n presentar el certificado que acredite haber recibido las 2 dosis de la vacuna contra el coronavirus para asistir a eventos masivos y actividades culturales, religiosas y recreativas. Tambi\u00e9n habr\u00e1 que mostrarlo para realizar determinados tr\u00e1mites p\u00fablicos.<!--more--><\/p>\n<p><iframe loading=\"lazy\" title=\"YouTube video player\" src=\"https:\/\/www.youtube.com\/embed\/gXK776gQNRA\" width=\"723\" height=\"407\" frameborder=\"0\" allowfullscreen=\"allowfullscreen\"><\/iframe><\/p>\n<div class=\"section-2-col article-main-content\">\n<div class=\"col 2-col\">\n<div class=\"article-main-content article-text \">\n<p>El gobernador de la provincia de Buenos Aires,\u00a0<b>Axel Kicillof<\/b>, anunci\u00f3 este lunes que se implementar\u00e1 en territorio bonaerense el\u00a0<b>\u00abpase libre con vacunas\u00bb a partir del 21 de diciembre<\/b>, debido al aumento de casos de coronavirus registrado en las \u00faltimas semanas.<\/p>\n<p>Desde esa fecha, precis\u00f3 durante una conferencia de prensa desde La Plata, las personas\u00a0<b>mayores de 13 a\u00f1os deber\u00e1n presentar el certificado que acredite haber recibido las 2 dosis de la vacuna<\/b>\u00a0contra el coronavirus para asistir a\u00a0<b>eventos masivos y\u00a0 realizar actividades culturales, deportivas, religiosas y recreativas en lugares cerrados<\/b>.<\/p>\n<div id=\"talkFireEvent\"><\/div>\n<p>Tambi\u00e9n se exigir\u00e1 para\u00a0<b>tr\u00e1mites p\u00fablicos<\/b>\u00a0ante organismos provinciales y gubernamentales y para privados en lugares cerrados.\u00a0<b>Los trabajadores que realicen atenci\u00f3n al p\u00fablico<\/b>, en entidades p\u00fablicas o privadas, tambi\u00e9n estar\u00e1n alcanzados por la medida.<\/p>\n<p>La implementaci\u00f3n del pase sanitario, mediante la<b>\u00a0aplicaci\u00f3n Vacunate PBA, Mi Argentina, el carnet f\u00edsico o la libreta sanitaria<\/b>,\u00a0se decidi\u00f3 \u00abdebido a que los casos aumentaron en la provincia un 33% en una semana y es necesario que todos se vacunen\u201d, puntualiz\u00f3 Kicillof, que adem\u00e1s aclaro que\u00a0<b>\u201cno implica restricci\u00f3n de aforo\u201d.<\/b><\/p>\n<p>Esta iniciativa \u201csigue la experiencia de muchos pa\u00edses como Francia, Italia, Israel, la ciudad de Nueva York, Suiza, Alemania, Portugal, Espa\u00f1a\u00bb, se\u00f1al\u00f3. \u00abAqu\u00ed en Argentina se han tomado medidas similares en\u00a0<a href=\"https:\/\/www.pagina12.com.ar\/386434-tucuman-es-la-primera-provincia-en-aplicar-un-pase-sanitario\">Tucum\u00e1n\u00a0<\/a>y Salta\u00bb, a\u00f1adi\u00f3.<\/p>\n<p>\u201c<b>Est\u00e1 demostrado que aquel que tiene la vacuna es menos contagioso y<\/b>\u00a0que en t\u00e9rminos probabil\u00edsticos tiene menos probabilidades de tener la enfermedad en su forma grave y de fallecer\u00bb, subray\u00f3.<\/p>\n<p>\u00abLos n\u00fameros hablan de que\u00a0<b>aquel que no est\u00e1 vacunado tiene 14 veces m\u00e1s de posibilidades de quedar internado<\/b>. Lo que tenemos que lograr, habiendo hecho este esfuerzo inmenso, es\u00a0<b>concientizar y acompa\u00f1ar el proceso de vacunaci\u00f3n para que sea universal<\/b>\u201d, agreg\u00f3.<\/p>\n<p>Por eso, \u201cvenimos a hacer un llamado a cuidar lo que tenemos, para preservar lo que hemos ganado con tanto esfuerzo\u00bb, insisti\u00f3.<\/p>\n<p>En provincia de Buenos Aires, \u00ablos n\u00fameros est\u00e1n creciendo de manera lenta\u00bb y aunque \u00abno es una situaci\u00f3n grave o dram\u00e1tica\u00bb\u00a0<b>\u00abpreocupa el desarrollo ascendente y la variante \u00d3micron\u00bb<\/b>,\u00a0<a href=\"https:\/\/www.pagina12.com.ar\/387446-variante-omicron-lo-que-se-sabe-sobre-el-caso-detectado-en-s\">ya presente en la Argentina<\/a>.<\/p>\n<\/div>\n<\/div>\n<\/div>\n","protected":false},"excerpt":{"rendered":"<p>Lo anunci\u00f3 esta tarde el gobernador bonaerense Axel Kicillof. Los mayores de 13 a\u00f1os deber\u00e1n presentar el certificado que acredite haber recibido las 2 dosis de la vacuna contra el coronavirus para asistir a eventos masivos y actividades culturales, religiosas y recreativas. Tambi\u00e9n habr\u00e1 que mostrarlo para realizar determinados tr\u00e1mites p\u00fablicos.<\/p>\n","protected":false},"author":3,"featured_media":0,"comment_status":"closed","ping_status":"closed","sticky":false,"template":"","format":"standard","meta":{"footnotes":""},"categories":[24,30],"tags":[],"class_list":["post-65791","post","type-post","status-publish","format-standard","hentry","category-politica","category-salud"],"yoast_head":"<!-- This site is optimized with the Yoast SEO plugin v25.9 - https:\/\/yoast.com\/wordpress\/plugins\/seo\/ -->\n<title>Provincia: se implementar\u00e1 el pase sanitario a partir del 21 de diciembre - Noticias Radio Reflejos<\/title>\n<meta name=\"robots\" content=\"index, follow, max-snippet:-1, max-image-preview:large, max-video-preview:-1\" \/>\n<link rel=\"canonical\" href=\"https:\/\/www.noticiasradioreflejos.com.ar\/2021\/provincia-se-implementara-el-pase-sanitario-a-partir-del-21-de-diciembre\/\" \/>\n<meta property=\"og:locale\" content=\"es_ES\" \/>\n<meta property=\"og:type\" content=\"article\" \/>\n<meta property=\"og:title\" content=\"Provincia: se implementar\u00e1 el pase sanitario a partir del 21 de diciembre - Noticias Radio Reflejos\" \/>\n<meta property=\"og:description\" content=\"Lo anunci\u00f3 esta tarde el gobernador bonaerense Axel Kicillof. Los mayores de 13 a\u00f1os deber\u00e1n presentar el certificado que acredite haber recibido las 2 dosis de la vacuna contra el coronavirus para asistir a eventos masivos y actividades culturales, religiosas y recreativas. Tambi\u00e9n habr\u00e1 que mostrarlo para realizar determinados tr\u00e1mites p\u00fablicos.\" \/>\n<meta property=\"og:url\" content=\"https:\/\/www.noticiasradioreflejos.com.ar\/2021\/provincia-se-implementara-el-pase-sanitario-a-partir-del-21-de-diciembre\/\" \/>\n<meta property=\"og:site_name\" content=\"Noticias Radio Reflejos\" \/>\n<meta property=\"article:published_time\" content=\"2021-12-06T23:20:50+00:00\" \/>\n<meta property=\"og:image\" content=\"https:\/\/www.noticiasradioreflejos.com.ar\/2021\/wp-content\/uploads\/2021\/07\/logosol300x200.png\" \/>\n\t<meta property=\"og:image:width\" content=\"300\" \/>\n\t<meta property=\"og:image:height\" content=\"200\" \/>\n\t<meta property=\"og:image:type\" content=\"image\/png\" \/>\n<meta name=\"author\" content=\"Arnaldo Botto\" \/>\n<meta name=\"twitter:card\" content=\"summary_large_image\" \/>\n<script type=\"application\/ld+json\" class=\"yoast-schema-graph\">{\"@context\":\"https:\/\/schema.org\",\"@graph\":[{\"@type\":\"WebPage\",\"@id\":\"https:\/\/www.noticiasradioreflejos.com.ar\/2021\/provincia-se-implementara-el-pase-sanitario-a-partir-del-21-de-diciembre\/\",\"url\":\"https:\/\/www.noticiasradioreflejos.com.ar\/2021\/provincia-se-implementara-el-pase-sanitario-a-partir-del-21-de-diciembre\/\",\"name\":\"Provincia: se implementar\u00e1 el pase sanitario a partir del 21 de diciembre - Noticias Radio Reflejos\",\"isPartOf\":{\"@id\":\"https:\/\/www.noticiasradioreflejos.com.ar\/2021\/#website\"},\"datePublished\":\"2021-12-06T23:20:50+00:00\",\"author\":{\"@id\":\"https:\/\/www.noticiasradioreflejos.com.ar\/2021\/#\/schema\/person\/ad82545263dcc5ec0996818884fd5fb1\"},\"breadcrumb\":{\"@id\":\"https:\/\/www.noticiasradioreflejos.com.ar\/2021\/provincia-se-implementara-el-pase-sanitario-a-partir-del-21-de-diciembre\/#breadcrumb\"},\"inLanguage\":\"es\",\"potentialAction\":[{\"@type\":\"ReadAction\",\"target\":[\"https:\/\/www.noticiasradioreflejos.com.ar\/2021\/provincia-se-implementara-el-pase-sanitario-a-partir-del-21-de-diciembre\/\"]}]},{\"@type\":\"BreadcrumbList\",\"@id\":\"https:\/\/www.noticiasradioreflejos.com.ar\/2021\/provincia-se-implementara-el-pase-sanitario-a-partir-del-21-de-diciembre\/#breadcrumb\",\"itemListElement\":[{\"@type\":\"ListItem\",\"position\":1,\"name\":\"Portada\",\"item\":\"https:\/\/www.noticiasradioreflejos.com.ar\/2021\/\"},{\"@type\":\"ListItem\",\"position\":2,\"name\":\"Provincia: se implementar\u00e1 el pase sanitario a partir del 21 de diciembre\"}]},{\"@type\":\"WebSite\",\"@id\":\"https:\/\/www.noticiasradioreflejos.com.ar\/2021\/#website\",\"url\":\"https:\/\/www.noticiasradioreflejos.com.ar\/2021\/\",\"name\":\"Noticias Radio Reflejos\",\"description\":\"Las noticias de mi comarca\",\"potentialAction\":[{\"@type\":\"SearchAction\",\"target\":{\"@type\":\"EntryPoint\",\"urlTemplate\":\"https:\/\/www.noticiasradioreflejos.com.ar\/2021\/?s={search_term_string}\"},\"query-input\":{\"@type\":\"PropertyValueSpecification\",\"valueRequired\":true,\"valueName\":\"search_term_string\"}}],\"inLanguage\":\"es\"},{\"@type\":\"Person\",\"@id\":\"https:\/\/www.noticiasradioreflejos.com.ar\/2021\/#\/schema\/person\/ad82545263dcc5ec0996818884fd5fb1\",\"name\":\"Arnaldo Botto\",\"image\":{\"@type\":\"ImageObject\",\"inLanguage\":\"es\",\"@id\":\"https:\/\/www.noticiasradioreflejos.com.ar\/2021\/#\/schema\/person\/image\/\",\"url\":\"https:\/\/secure.gravatar.com\/avatar\/55cb5e37c1efa326397366e6974cb338056df65cb50e7d64d1cf314e87504837?s=96&d=mm&r=g\",\"contentUrl\":\"https:\/\/secure.gravatar.com\/avatar\/55cb5e37c1efa326397366e6974cb338056df65cb50e7d64d1cf314e87504837?s=96&d=mm&r=g\",\"caption\":\"Arnaldo Botto\"},\"url\":\"https:\/\/www.noticiasradioreflejos.com.ar\/2021\/author\/arnaldo\/\"}]}<\/script>\n<!-- \/ Yoast SEO plugin. -->","yoast_head_json":{"title":"Provincia: se implementar\u00e1 el pase sanitario a partir del 21 de diciembre - Noticias Radio Reflejos","robots":{"index":"index","follow":"follow","max-snippet":"max-snippet:-1","max-image-preview":"max-image-preview:large","max-video-preview":"max-video-preview:-1"},"canonical":"https:\/\/www.noticiasradioreflejos.com.ar\/2021\/provincia-se-implementara-el-pase-sanitario-a-partir-del-21-de-diciembre\/","og_locale":"es_ES","og_type":"article","og_title":"Provincia: se implementar\u00e1 el pase sanitario a partir del 21 de diciembre - Noticias Radio Reflejos","og_description":"Lo anunci\u00f3 esta tarde el gobernador bonaerense Axel Kicillof. Los mayores de 13 a\u00f1os deber\u00e1n presentar el certificado que acredite haber recibido las 2 dosis de la vacuna contra el coronavirus para asistir a eventos masivos y actividades culturales, religiosas y recreativas. Tambi\u00e9n habr\u00e1 que mostrarlo para realizar determinados tr\u00e1mites p\u00fablicos.","og_url":"https:\/\/www.noticiasradioreflejos.com.ar\/2021\/provincia-se-implementara-el-pase-sanitario-a-partir-del-21-de-diciembre\/","og_site_name":"Noticias Radio Reflejos","article_published_time":"2021-12-06T23:20:50+00:00","og_image":[{"width":300,"height":200,"url":"https:\/\/www.noticiasradioreflejos.com.ar\/2021\/wp-content\/uploads\/2021\/07\/logosol300x200.png","type":"image\/png"}],"author":"Arnaldo Botto","twitter_card":"summary_large_image","schema":{"@context":"https:\/\/schema.org","@graph":[{"@type":"WebPage","@id":"https:\/\/www.noticiasradioreflejos.com.ar\/2021\/provincia-se-implementara-el-pase-sanitario-a-partir-del-21-de-diciembre\/","url":"https:\/\/www.noticiasradioreflejos.com.ar\/2021\/provincia-se-implementara-el-pase-sanitario-a-partir-del-21-de-diciembre\/","name":"Provincia: se implementar\u00e1 el pase sanitario a partir del 21 de diciembre - Noticias Radio Reflejos","isPartOf":{"@id":"https:\/\/www.noticiasradioreflejos.com.ar\/2021\/#website"},"datePublished":"2021-12-06T23:20:50+00:00","author":{"@id":"https:\/\/www.noticiasradioreflejos.com.ar\/2021\/#\/schema\/person\/ad82545263dcc5ec0996818884fd5fb1"},"breadcrumb":{"@id":"https:\/\/www.noticiasradioreflejos.com.ar\/2021\/provincia-se-implementara-el-pase-sanitario-a-partir-del-21-de-diciembre\/#breadcrumb"},"inLanguage":"es","potentialAction":[{"@type":"ReadAction","target":["https:\/\/www.noticiasradioreflejos.com.ar\/2021\/provincia-se-implementara-el-pase-sanitario-a-partir-del-21-de-diciembre\/"]}]},{"@type":"BreadcrumbList","@id":"https:\/\/www.noticiasradioreflejos.com.ar\/2021\/provincia-se-implementara-el-pase-sanitario-a-partir-del-21-de-diciembre\/#breadcrumb","itemListElement":[{"@type":"ListItem","position":1,"name":"Portada","item":"https:\/\/www.noticiasradioreflejos.com.ar\/2021\/"},{"@type":"ListItem","position":2,"name":"Provincia: se implementar\u00e1 el pase sanitario a partir del 21 de diciembre"}]},{"@type":"WebSite","@id":"https:\/\/www.noticiasradioreflejos.com.ar\/2021\/#website","url":"https:\/\/www.noticiasradioreflejos.com.ar\/2021\/","name":"Noticias Radio Reflejos","description":"Las noticias de mi comarca","potentialAction":[{"@type":"SearchAction","target":{"@type":"EntryPoint","urlTemplate":"https:\/\/www.noticiasradioreflejos.com.ar\/2021\/?s={search_term_string}"},"query-input":{"@type":"PropertyValueSpecification","valueRequired":true,"valueName":"search_term_string"}}],"inLanguage":"es"},{"@type":"Person","@id":"https:\/\/www.noticiasradioreflejos.com.ar\/2021\/#\/schema\/person\/ad82545263dcc5ec0996818884fd5fb1","name":"Arnaldo Botto","image":{"@type":"ImageObject","inLanguage":"es","@id":"https:\/\/www.noticiasradioreflejos.com.ar\/2021\/#\/schema\/person\/image\/","url":"https:\/\/secure.gravatar.com\/avatar\/55cb5e37c1efa326397366e6974cb338056df65cb50e7d64d1cf314e87504837?s=96&d=mm&r=g","contentUrl":"https:\/\/secure.gravatar.com\/avatar\/55cb5e37c1efa326397366e6974cb338056df65cb50e7d64d1cf314e87504837?s=96&d=mm&r=g","caption":"Arnaldo Botto"},"url":"https:\/\/www.noticiasradioreflejos.com.ar\/2021\/author\/arnaldo\/"}]}},"_links":{"self":[{"href":"https:\/\/www.noticiasradioreflejos.com.ar\/2021\/wp-json\/wp\/v2\/posts\/65791","targetHints":{"allow":["GET"]}}],"collection":[{"href":"https:\/\/www.noticiasradioreflejos.com.ar\/2021\/wp-json\/wp\/v2\/posts"}],"about":[{"href":"https:\/\/www.noticiasradioreflejos.com.ar\/2021\/wp-json\/wp\/v2\/types\/post"}],"author":[{"embeddable":true,"href":"https:\/\/www.noticiasradioreflejos.com.ar\/2021\/wp-json\/wp\/v2\/users\/3"}],"replies":[{"embeddable":true,"href":"https:\/\/www.noticiasradioreflejos.com.ar\/2021\/wp-json\/wp\/v2\/comments?post=65791"}],"version-history":[{"count":1,"href":"https:\/\/www.noticiasradioreflejos.com.ar\/2021\/wp-json\/wp\/v2\/posts\/65791\/revisions"}],"predecessor-version":[{"id":65793,"href":"https:\/\/www.noticiasradioreflejos.com.ar\/2021\/wp-json\/wp\/v2\/posts\/65791\/revisions\/65793"}],"wp:attachment":[{"href":"https:\/\/www.noticiasradioreflejos.com.ar\/2021\/wp-json\/wp\/v2\/media?parent=65791"}],"wp:term":[{"taxonomy":"category","embeddable":true,"href":"https:\/\/www.noticiasradioreflejos.com.ar\/2021\/wp-json\/wp\/v2\/categories?post=65791"},{"taxonomy":"post_tag","embeddable":true,"href":"https:\/\/www.noticiasradioreflejos.com.ar\/2021\/wp-json\/wp\/v2\/tags?post=65791"}],"curies":[{"name":"wp","href":"https:\/\/api.w.org\/{rel}","templated":true}]}}