{"id":65781,"date":"2021-12-06T15:42:10","date_gmt":"2021-12-06T15:42:10","guid":{"rendered":"http:\/\/www.noticiasradioreflejos.com.ar\/2021\/?p=65781"},"modified":"2021-12-06T15:42:10","modified_gmt":"2021-12-06T15:42:10","slug":"anunciaron-la-ruptura-del-bloque-de-la-union-civica-radical","status":"publish","type":"post","link":"https:\/\/www.noticiasradioreflejos.com.ar\/2021\/anunciaron-la-ruptura-del-bloque-de-la-union-civica-radical\/","title":{"rendered":"Anunciaron la ruptura del bloque de la Uni\u00f3n C\u00edvica Radical"},"content":{"rendered":"<div class=\"wrapper-header\">\n<div class=\"container-xl\">\n<div class=\"row\">\n<div class=\"col-12\">\n<div class=\"head-content mb-4\">\n<p class=\"speak\">El sector que lidera Mart\u00edn Lousteau, y que se referencia en Emiliano Yacobitti y en\u00a0Enrique Nosiglia, anunci\u00f3 la formaci\u00f3n de un bloque propio en la C\u00e1mara de Diputados, dentro de Juntos por el Cambio.<\/p>\n<\/div>\n<\/div>\n<\/div>\n<\/div>\n<\/div>\n<p><!--more--><\/p>\n<div class=\"wrapper-editable-content\">\n<div>\n<div class=\"wrapper-editable-content\">\n<div class=\"row\">\n<div class=\"container-md\">\n<div class=\"row\">\n<div class=\"col-md-10 offset-md-1 speak\">\n<div class=\"paragraph\">\n<figure class=\"mb-3\"><img decoding=\"async\" src=\"https:\/\/www.telam.com.ar\/thumbs\/bluesteel\/advf\/imagenes\/2021\/12\/61ae2295579c9_900.jpg\" alt=\"Telam SE\" width=\"100%\" height=\"100%\" \/><\/p>\n<div class=\"media-icons\"><\/div>\n<\/figure>\n<p>Evoluci\u00f3n Radical, que lidera\u00a0<strong>Mart\u00edn Lousteau<\/strong>, anunci\u00f3 la formaci\u00f3n de un bloque propio en la C\u00e1mara de Diputados, dentro de Juntos por el Cambio, y de esta manera\u00a0<strong>formaliz\u00f3 su decisi\u00f3n de alejarse de la conducci\u00f3n que preside el cordob\u00e9s Mario Negri<\/strong>, luego de no lograran superar las tensiones internas generadas en el seno de esa bancada entre ambos sectores.<\/p>\n<p>As\u00ed lo anunci\u00f3 en un comunicado de prensa el sector de la UCR referenciado en la C\u00e1mara de Diputados en\u00a0<strong>Emiliano Yacobitti<\/strong>, que ven\u00eda cuestionando la conducci\u00f3n ejercida por Negri.<\/p>\n<p>\u00abEl radicalismo renovador armar\u00e1 un bloque radical dentro de Juntos por el Cambio\u00bb, adelantaron en el texto los diputados que conformar\u00e1n el bloque UCR Evoluci\u00f3n, integrado por 12 legisladores, presididos por el diputado electo\u00a0<strong>Rodrigo de Loredo<\/strong>, de C\u00f3rdoba.<\/p>\n<p>El documento se dio a conocer pocas horas antes de la reuni\u00f3n prevista para este lunes a las 18, donde se iban a definir las autoridades del bloque radical, que conduce hasta el momento Negri, de cara a las sesi\u00f3n preparatoria que se realizar\u00e1 el martes, donde jurar\u00e1n los diputados que resultaron electos el 14 de noviembre y en la que se proceder\u00e1 tambi\u00e9n a la renovaci\u00f3n de autoridades de la C\u00e1mara baja.<\/p>\n<p>En el texto, los diputados afirmaron: \u00ab<strong>M\u00e1s de una decena de diputados de distintas provincias hemos tomado esa decisi\u00f3n porque no estamos de acuerdo con que se repitan las mismas vocer\u00edas que vienen expres\u00e1ndose en nombre del partido desde hace d\u00e9cadas<\/strong>. No es una cuesti\u00f3n de nombres sino de representaci\u00f3n social\u00bb.<\/p>\n<p>De esta manera, este espacio que presidir\u00e1 Rodrigo De Loredo (C\u00f3rdoba) y estar\u00e1 integrada por los siguientes once diputados y diputadas: Mart\u00edn Tetaz, Emiliano Yacobitti, Carla Carrizo, Dolores Martinez (CABA), Gabriela Brouwer de Koning (CBA), Victoria Tejeda (Sta Fe), Pablo Cervi (Neuquen), Alejandro Cacace (San Luis), Danya Tavela (PBA), Marcela Antola (Entre R\u00edos) y\u00a0 Martin Berhongaray (La Pampa).<\/p><\/div>\n<\/div>\n<\/div>\n<\/div>\n<\/div>\n<\/div>\n<\/div>\n<\/div>\n","protected":false},"excerpt":{"rendered":"<p>El sector que lidera Mart\u00edn Lousteau, y que se referencia en Emiliano Yacobitti y en\u00a0Enrique Nosiglia, anunci\u00f3 la formaci\u00f3n de un bloque propio en la C\u00e1mara de Diputados, dentro de Juntos por el Cambio.<\/p>\n","protected":false},"author":3,"featured_media":0,"comment_status":"closed","ping_status":"closed","sticky":false,"template":"","format":"standard","meta":{"footnotes":""},"categories":[24],"tags":[],"class_list":["post-65781","post","type-post","status-publish","format-standard","hentry","category-politica"],"yoast_head":"<!-- This site is optimized with the Yoast SEO plugin v25.9 - https:\/\/yoast.com\/wordpress\/plugins\/seo\/ -->\n<title>Anunciaron la ruptura del bloque de la Uni\u00f3n C\u00edvica Radical - Noticias Radio Reflejos<\/title>\n<meta name=\"robots\" content=\"index, follow, max-snippet:-1, max-image-preview:large, max-video-preview:-1\" \/>\n<link rel=\"canonical\" href=\"https:\/\/www.noticiasradioreflejos.com.ar\/2021\/anunciaron-la-ruptura-del-bloque-de-la-union-civica-radical\/\" \/>\n<meta property=\"og:locale\" content=\"es_ES\" \/>\n<meta property=\"og:type\" content=\"article\" \/>\n<meta property=\"og:title\" content=\"Anunciaron la ruptura del bloque de la Uni\u00f3n C\u00edvica Radical - Noticias Radio Reflejos\" \/>\n<meta property=\"og:description\" content=\"El sector que lidera Mart\u00edn Lousteau, y que se referencia en Emiliano Yacobitti y en\u00a0Enrique Nosiglia, anunci\u00f3 la formaci\u00f3n de un bloque propio en la C\u00e1mara de Diputados, dentro de Juntos por el Cambio.\" \/>\n<meta property=\"og:url\" content=\"https:\/\/www.noticiasradioreflejos.com.ar\/2021\/anunciaron-la-ruptura-del-bloque-de-la-union-civica-radical\/\" \/>\n<meta property=\"og:site_name\" content=\"Noticias Radio Reflejos\" \/>\n<meta property=\"article:published_time\" content=\"2021-12-06T15:42:10+00:00\" \/>\n<meta property=\"og:image\" content=\"https:\/\/www.telam.com.ar\/thumbs\/bluesteel\/advf\/imagenes\/2021\/12\/61ae2295579c9_900.jpg\" \/>\n<meta name=\"author\" content=\"Arnaldo Botto\" \/>\n<meta name=\"twitter:card\" content=\"summary_large_image\" \/>\n<script type=\"application\/ld+json\" class=\"yoast-schema-graph\">{\"@context\":\"https:\/\/schema.org\",\"@graph\":[{\"@type\":\"WebPage\",\"@id\":\"https:\/\/www.noticiasradioreflejos.com.ar\/2021\/anunciaron-la-ruptura-del-bloque-de-la-union-civica-radical\/\",\"url\":\"https:\/\/www.noticiasradioreflejos.com.ar\/2021\/anunciaron-la-ruptura-del-bloque-de-la-union-civica-radical\/\",\"name\":\"Anunciaron la ruptura del bloque de la Uni\u00f3n C\u00edvica Radical - Noticias Radio Reflejos\",\"isPartOf\":{\"@id\":\"https:\/\/www.noticiasradioreflejos.com.ar\/2021\/#website\"},\"primaryImageOfPage\":{\"@id\":\"https:\/\/www.noticiasradioreflejos.com.ar\/2021\/anunciaron-la-ruptura-del-bloque-de-la-union-civica-radical\/#primaryimage\"},\"image\":{\"@id\":\"https:\/\/www.noticiasradioreflejos.com.ar\/2021\/anunciaron-la-ruptura-del-bloque-de-la-union-civica-radical\/#primaryimage\"},\"thumbnailUrl\":\"https:\/\/www.telam.com.ar\/thumbs\/bluesteel\/advf\/imagenes\/2021\/12\/61ae2295579c9_900.jpg\",\"datePublished\":\"2021-12-06T15:42:10+00:00\",\"author\":{\"@id\":\"https:\/\/www.noticiasradioreflejos.com.ar\/2021\/#\/schema\/person\/ad82545263dcc5ec0996818884fd5fb1\"},\"breadcrumb\":{\"@id\":\"https:\/\/www.noticiasradioreflejos.com.ar\/2021\/anunciaron-la-ruptura-del-bloque-de-la-union-civica-radical\/#breadcrumb\"},\"inLanguage\":\"es\",\"potentialAction\":[{\"@type\":\"ReadAction\",\"target\":[\"https:\/\/www.noticiasradioreflejos.com.ar\/2021\/anunciaron-la-ruptura-del-bloque-de-la-union-civica-radical\/\"]}]},{\"@type\":\"ImageObject\",\"inLanguage\":\"es\",\"@id\":\"https:\/\/www.noticiasradioreflejos.com.ar\/2021\/anunciaron-la-ruptura-del-bloque-de-la-union-civica-radical\/#primaryimage\",\"url\":\"https:\/\/www.telam.com.ar\/thumbs\/bluesteel\/advf\/imagenes\/2021\/12\/61ae2295579c9_900.jpg\",\"contentUrl\":\"https:\/\/www.telam.com.ar\/thumbs\/bluesteel\/advf\/imagenes\/2021\/12\/61ae2295579c9_900.jpg\"},{\"@type\":\"BreadcrumbList\",\"@id\":\"https:\/\/www.noticiasradioreflejos.com.ar\/2021\/anunciaron-la-ruptura-del-bloque-de-la-union-civica-radical\/#breadcrumb\",\"itemListElement\":[{\"@type\":\"ListItem\",\"position\":1,\"name\":\"Portada\",\"item\":\"https:\/\/www.noticiasradioreflejos.com.ar\/2021\/\"},{\"@type\":\"ListItem\",\"position\":2,\"name\":\"Anunciaron la ruptura del bloque de la Uni\u00f3n C\u00edvica Radical\"}]},{\"@type\":\"WebSite\",\"@id\":\"https:\/\/www.noticiasradioreflejos.com.ar\/2021\/#website\",\"url\":\"https:\/\/www.noticiasradioreflejos.com.ar\/2021\/\",\"name\":\"Noticias Radio Reflejos\",\"description\":\"Las noticias de mi comarca\",\"potentialAction\":[{\"@type\":\"SearchAction\",\"target\":{\"@type\":\"EntryPoint\",\"urlTemplate\":\"https:\/\/www.noticiasradioreflejos.com.ar\/2021\/?s={search_term_string}\"},\"query-input\":{\"@type\":\"PropertyValueSpecification\",\"valueRequired\":true,\"valueName\":\"search_term_string\"}}],\"inLanguage\":\"es\"},{\"@type\":\"Person\",\"@id\":\"https:\/\/www.noticiasradioreflejos.com.ar\/2021\/#\/schema\/person\/ad82545263dcc5ec0996818884fd5fb1\",\"name\":\"Arnaldo Botto\",\"image\":{\"@type\":\"ImageObject\",\"inLanguage\":\"es\",\"@id\":\"https:\/\/www.noticiasradioreflejos.com.ar\/2021\/#\/schema\/person\/image\/\",\"url\":\"https:\/\/secure.gravatar.com\/avatar\/55cb5e37c1efa326397366e6974cb338056df65cb50e7d64d1cf314e87504837?s=96&d=mm&r=g\",\"contentUrl\":\"https:\/\/secure.gravatar.com\/avatar\/55cb5e37c1efa326397366e6974cb338056df65cb50e7d64d1cf314e87504837?s=96&d=mm&r=g\",\"caption\":\"Arnaldo Botto\"},\"url\":\"https:\/\/www.noticiasradioreflejos.com.ar\/2021\/author\/arnaldo\/\"}]}<\/script>\n<!-- \/ Yoast SEO plugin. -->","yoast_head_json":{"title":"Anunciaron la ruptura del bloque de la Uni\u00f3n C\u00edvica Radical - Noticias Radio Reflejos","robots":{"index":"index","follow":"follow","max-snippet":"max-snippet:-1","max-image-preview":"max-image-preview:large","max-video-preview":"max-video-preview:-1"},"canonical":"https:\/\/www.noticiasradioreflejos.com.ar\/2021\/anunciaron-la-ruptura-del-bloque-de-la-union-civica-radical\/","og_locale":"es_ES","og_type":"article","og_title":"Anunciaron la ruptura del bloque de la Uni\u00f3n C\u00edvica Radical - Noticias Radio Reflejos","og_description":"El sector que lidera Mart\u00edn Lousteau, y que se referencia en Emiliano Yacobitti y en\u00a0Enrique Nosiglia, anunci\u00f3 la formaci\u00f3n de un bloque propio en la C\u00e1mara de Diputados, dentro de Juntos por el Cambio.","og_url":"https:\/\/www.noticiasradioreflejos.com.ar\/2021\/anunciaron-la-ruptura-del-bloque-de-la-union-civica-radical\/","og_site_name":"Noticias Radio Reflejos","article_published_time":"2021-12-06T15:42:10+00:00","og_image":[{"url":"https:\/\/www.telam.com.ar\/thumbs\/bluesteel\/advf\/imagenes\/2021\/12\/61ae2295579c9_900.jpg","type":"","width":"","height":""}],"author":"Arnaldo Botto","twitter_card":"summary_large_image","schema":{"@context":"https:\/\/schema.org","@graph":[{"@type":"WebPage","@id":"https:\/\/www.noticiasradioreflejos.com.ar\/2021\/anunciaron-la-ruptura-del-bloque-de-la-union-civica-radical\/","url":"https:\/\/www.noticiasradioreflejos.com.ar\/2021\/anunciaron-la-ruptura-del-bloque-de-la-union-civica-radical\/","name":"Anunciaron la ruptura del bloque de la Uni\u00f3n C\u00edvica Radical - Noticias Radio Reflejos","isPartOf":{"@id":"https:\/\/www.noticiasradioreflejos.com.ar\/2021\/#website"},"primaryImageOfPage":{"@id":"https:\/\/www.noticiasradioreflejos.com.ar\/2021\/anunciaron-la-ruptura-del-bloque-de-la-union-civica-radical\/#primaryimage"},"image":{"@id":"https:\/\/www.noticiasradioreflejos.com.ar\/2021\/anunciaron-la-ruptura-del-bloque-de-la-union-civica-radical\/#primaryimage"},"thumbnailUrl":"https:\/\/www.telam.com.ar\/thumbs\/bluesteel\/advf\/imagenes\/2021\/12\/61ae2295579c9_900.jpg","datePublished":"2021-12-06T15:42:10+00:00","author":{"@id":"https:\/\/www.noticiasradioreflejos.com.ar\/2021\/#\/schema\/person\/ad82545263dcc5ec0996818884fd5fb1"},"breadcrumb":{"@id":"https:\/\/www.noticiasradioreflejos.com.ar\/2021\/anunciaron-la-ruptura-del-bloque-de-la-union-civica-radical\/#breadcrumb"},"inLanguage":"es","potentialAction":[{"@type":"ReadAction","target":["https:\/\/www.noticiasradioreflejos.com.ar\/2021\/anunciaron-la-ruptura-del-bloque-de-la-union-civica-radical\/"]}]},{"@type":"ImageObject","inLanguage":"es","@id":"https:\/\/www.noticiasradioreflejos.com.ar\/2021\/anunciaron-la-ruptura-del-bloque-de-la-union-civica-radical\/#primaryimage","url":"https:\/\/www.telam.com.ar\/thumbs\/bluesteel\/advf\/imagenes\/2021\/12\/61ae2295579c9_900.jpg","contentUrl":"https:\/\/www.telam.com.ar\/thumbs\/bluesteel\/advf\/imagenes\/2021\/12\/61ae2295579c9_900.jpg"},{"@type":"BreadcrumbList","@id":"https:\/\/www.noticiasradioreflejos.com.ar\/2021\/anunciaron-la-ruptura-del-bloque-de-la-union-civica-radical\/#breadcrumb","itemListElement":[{"@type":"ListItem","position":1,"name":"Portada","item":"https:\/\/www.noticiasradioreflejos.com.ar\/2021\/"},{"@type":"ListItem","position":2,"name":"Anunciaron la ruptura del bloque de la Uni\u00f3n C\u00edvica Radical"}]},{"@type":"WebSite","@id":"https:\/\/www.noticiasradioreflejos.com.ar\/2021\/#website","url":"https:\/\/www.noticiasradioreflejos.com.ar\/2021\/","name":"Noticias Radio Reflejos","description":"Las noticias de mi comarca","potentialAction":[{"@type":"SearchAction","target":{"@type":"EntryPoint","urlTemplate":"https:\/\/www.noticiasradioreflejos.com.ar\/2021\/?s={search_term_string}"},"query-input":{"@type":"PropertyValueSpecification","valueRequired":true,"valueName":"search_term_string"}}],"inLanguage":"es"},{"@type":"Person","@id":"https:\/\/www.noticiasradioreflejos.com.ar\/2021\/#\/schema\/person\/ad82545263dcc5ec0996818884fd5fb1","name":"Arnaldo Botto","image":{"@type":"ImageObject","inLanguage":"es","@id":"https:\/\/www.noticiasradioreflejos.com.ar\/2021\/#\/schema\/person\/image\/","url":"https:\/\/secure.gravatar.com\/avatar\/55cb5e37c1efa326397366e6974cb338056df65cb50e7d64d1cf314e87504837?s=96&d=mm&r=g","contentUrl":"https:\/\/secure.gravatar.com\/avatar\/55cb5e37c1efa326397366e6974cb338056df65cb50e7d64d1cf314e87504837?s=96&d=mm&r=g","caption":"Arnaldo Botto"},"url":"https:\/\/www.noticiasradioreflejos.com.ar\/2021\/author\/arnaldo\/"}]}},"_links":{"self":[{"href":"https:\/\/www.noticiasradioreflejos.com.ar\/2021\/wp-json\/wp\/v2\/posts\/65781","targetHints":{"allow":["GET"]}}],"collection":[{"href":"https:\/\/www.noticiasradioreflejos.com.ar\/2021\/wp-json\/wp\/v2\/posts"}],"about":[{"href":"https:\/\/www.noticiasradioreflejos.com.ar\/2021\/wp-json\/wp\/v2\/types\/post"}],"author":[{"embeddable":true,"href":"https:\/\/www.noticiasradioreflejos.com.ar\/2021\/wp-json\/wp\/v2\/users\/3"}],"replies":[{"embeddable":true,"href":"https:\/\/www.noticiasradioreflejos.com.ar\/2021\/wp-json\/wp\/v2\/comments?post=65781"}],"version-history":[{"count":1,"href":"https:\/\/www.noticiasradioreflejos.com.ar\/2021\/wp-json\/wp\/v2\/posts\/65781\/revisions"}],"predecessor-version":[{"id":65783,"href":"https:\/\/www.noticiasradioreflejos.com.ar\/2021\/wp-json\/wp\/v2\/posts\/65781\/revisions\/65783"}],"wp:attachment":[{"href":"https:\/\/www.noticiasradioreflejos.com.ar\/2021\/wp-json\/wp\/v2\/media?parent=65781"}],"wp:term":[{"taxonomy":"category","embeddable":true,"href":"https:\/\/www.noticiasradioreflejos.com.ar\/2021\/wp-json\/wp\/v2\/categories?post=65781"},{"taxonomy":"post_tag","embeddable":true,"href":"https:\/\/www.noticiasradioreflejos.com.ar\/2021\/wp-json\/wp\/v2\/tags?post=65781"}],"curies":[{"name":"wp","href":"https:\/\/api.w.org\/{rel}","templated":true}]}}