{"id":65777,"date":"2021-12-06T14:44:42","date_gmt":"2021-12-06T14:44:42","guid":{"rendered":"http:\/\/www.noticiasradioreflejos.com.ar\/2021\/?p=65777"},"modified":"2021-12-06T20:09:10","modified_gmt":"2021-12-06T20:09:10","slug":"lucia-urriaga-asume-en-tornquist-el-area-de-cultura","status":"publish","type":"post","link":"https:\/\/www.noticiasradioreflejos.com.ar\/2021\/lucia-urriaga-asume-en-tornquist-el-area-de-cultura\/","title":{"rendered":"Luc\u00eda Urriaga asume en Tornquist el \u00e1rea de cultura"},"content":{"rendered":"<div class=\"adelanto\">\n<p>La\u00a0 joven actriz, nativa de nuestra ciudad y formada en Capital Federal, es la nueva cara de la Direcci\u00f3n de Cultura municipal, dependiente de la Secretar\u00eda de Desarrollo a cargo del Dr. Gonzalo Iparaguirre.<\/p>\n<\/div>\n<p><!--more--><\/p>\n<div class=\"text\">\n<p>El intendente Sergio Bordoni puso en funciones a Luc\u00eda Mariel Urriaga, quien asumi\u00f3 como nueva Directora de Cultura municipal.<\/p>\n<p>Urriaga es de Tornquist, tiene 36 a\u00f1os y es Licenciada en Actuaci\u00f3n, recibida en el Instituto Universitario Nacional de Arte Dram\u00e1tico. Cuenta con una amplia trayectoria en el mundo art\u00edstico, habiendo participado en m\u00e1s de 25 obras teatrales y en festivales nacionales e internacionales.<\/p>\n<p>Adem\u00e1s, es docente teatral, se desempe\u00f1\u00f3 en diferentes entidades de La Plata y el Gran Buenos Aires, y tambi\u00e9n, entre otras funciones, fue Directora del \u00c1rea de Integraci\u00f3n por el Arte del Instituto Cultural bonaerense.<\/p>\n<p>Con la asunci\u00f3n de la nueva funcionaria, la Direcci\u00f3n de Cultura pasa a funcionar en el Teatro Municipal \u2018Rodolfo Funke\u2019, con atenci\u00f3n al p\u00fablico los d\u00edas h\u00e1biles de 8 a 14 hs. Tel\u00e9fono: (0291) 4940800.<\/p>\n<p>En la noche de este domingo, presente en una obra de teatro que se present\u00f3 en el \u201cRodolfo Funke\u201d, dej\u00f3 sus primeros conceptos.<\/p>\n<p>\u201cFueron muchas cosas, estuve muy a pleno, la gente se entero casi antes que yo y estoy feliz porque comence a moverme en lo cultural y ver que es lo que quiere la gente. Comenc\u00e9 a hablar con el equipo, estuve en Sierra de la Ventana y ma\u00f1ana(Por el lunes) tendr\u00e9 una reuni\u00f3n con la gente en el teatro\u201d<\/p>\n<p>\u201cLa idea es empezar a generar ( actividad ) dentro de un circuito interno y zonal. As\u00ed poder traer cosas bonitas tambi\u00e9n de un poco mas lejos\u201d<\/p>\n<p>Luc\u00eda integra adem\u00e1s el d\u00fao Precisos indecisos que se ha presentado a trav\u00e9s del programa Impulsar II del Ministerio de la Cultura de Naci\u00f3n.<\/p>\n<\/div>\n<p><span style=\"color: #ff0000;\"><strong>Fuente Noticias Tornquist<\/strong><\/span><\/p>\n","protected":false},"excerpt":{"rendered":"<p>La\u00a0 joven actriz, nativa de nuestra ciudad y formada en Capital Federal, es la nueva cara de la Direcci\u00f3n de Cultura municipal, dependiente de la Secretar\u00eda de Desarrollo a cargo del Dr. Gonzalo Iparaguirre.<\/p>\n","protected":false},"author":3,"featured_media":65778,"comment_status":"closed","ping_status":"closed","sticky":false,"template":"","format":"standard","meta":{"footnotes":""},"categories":[35,28],"tags":[48],"class_list":["post-65777","post","type-post","status-publish","format-standard","has-post-thumbnail","hentry","category-cultura","category-municipales","tag-destacada"],"yoast_head":"<!-- This site is optimized with the Yoast SEO plugin v25.9 - https:\/\/yoast.com\/wordpress\/plugins\/seo\/ -->\n<title>Luc\u00eda Urriaga asume en Tornquist el \u00e1rea de cultura - Noticias Radio Reflejos<\/title>\n<meta name=\"robots\" content=\"index, follow, max-snippet:-1, max-image-preview:large, max-video-preview:-1\" \/>\n<link rel=\"canonical\" href=\"https:\/\/www.noticiasradioreflejos.com.ar\/2021\/lucia-urriaga-asume-en-tornquist-el-area-de-cultura\/\" \/>\n<meta property=\"og:locale\" content=\"es_ES\" \/>\n<meta property=\"og:type\" content=\"article\" \/>\n<meta property=\"og:title\" content=\"Luc\u00eda Urriaga asume en Tornquist el \u00e1rea de cultura - Noticias Radio Reflejos\" \/>\n<meta property=\"og:description\" content=\"La\u00a0 joven actriz, nativa de nuestra ciudad y formada en Capital Federal, es la nueva cara de la Direcci\u00f3n de Cultura municipal, dependiente de la Secretar\u00eda de Desarrollo a cargo del Dr. Gonzalo Iparaguirre.\" \/>\n<meta property=\"og:url\" content=\"https:\/\/www.noticiasradioreflejos.com.ar\/2021\/lucia-urriaga-asume-en-tornquist-el-area-de-cultura\/\" \/>\n<meta property=\"og:site_name\" content=\"Noticias Radio Reflejos\" \/>\n<meta property=\"article:published_time\" content=\"2021-12-06T14:44:42+00:00\" \/>\n<meta property=\"article:modified_time\" content=\"2021-12-06T20:09:10+00:00\" \/>\n<meta property=\"og:image\" content=\"https:\/\/www.noticiasradioreflejos.com.ar\/2021\/wp-content\/uploads\/2021\/12\/lucia-1.jpg_1600.jpg\" \/>\n\t<meta property=\"og:image:width\" content=\"1600\" \/>\n\t<meta property=\"og:image:height\" content=\"720\" \/>\n\t<meta property=\"og:image:type\" content=\"image\/jpeg\" \/>\n<meta name=\"author\" content=\"Arnaldo Botto\" \/>\n<meta name=\"twitter:card\" content=\"summary_large_image\" \/>\n<script type=\"application\/ld+json\" class=\"yoast-schema-graph\">{\"@context\":\"https:\/\/schema.org\",\"@graph\":[{\"@type\":\"WebPage\",\"@id\":\"https:\/\/www.noticiasradioreflejos.com.ar\/2021\/lucia-urriaga-asume-en-tornquist-el-area-de-cultura\/\",\"url\":\"https:\/\/www.noticiasradioreflejos.com.ar\/2021\/lucia-urriaga-asume-en-tornquist-el-area-de-cultura\/\",\"name\":\"Luc\u00eda Urriaga asume en Tornquist el \u00e1rea de cultura - Noticias Radio Reflejos\",\"isPartOf\":{\"@id\":\"https:\/\/www.noticiasradioreflejos.com.ar\/2021\/#website\"},\"primaryImageOfPage\":{\"@id\":\"https:\/\/www.noticiasradioreflejos.com.ar\/2021\/lucia-urriaga-asume-en-tornquist-el-area-de-cultura\/#primaryimage\"},\"image\":{\"@id\":\"https:\/\/www.noticiasradioreflejos.com.ar\/2021\/lucia-urriaga-asume-en-tornquist-el-area-de-cultura\/#primaryimage\"},\"thumbnailUrl\":\"https:\/\/www.noticiasradioreflejos.com.ar\/2021\/wp-content\/uploads\/2021\/12\/lucia-1.jpg_1600.jpg\",\"datePublished\":\"2021-12-06T14:44:42+00:00\",\"dateModified\":\"2021-12-06T20:09:10+00:00\",\"author\":{\"@id\":\"https:\/\/www.noticiasradioreflejos.com.ar\/2021\/#\/schema\/person\/ad82545263dcc5ec0996818884fd5fb1\"},\"breadcrumb\":{\"@id\":\"https:\/\/www.noticiasradioreflejos.com.ar\/2021\/lucia-urriaga-asume-en-tornquist-el-area-de-cultura\/#breadcrumb\"},\"inLanguage\":\"es\",\"potentialAction\":[{\"@type\":\"ReadAction\",\"target\":[\"https:\/\/www.noticiasradioreflejos.com.ar\/2021\/lucia-urriaga-asume-en-tornquist-el-area-de-cultura\/\"]}]},{\"@type\":\"ImageObject\",\"inLanguage\":\"es\",\"@id\":\"https:\/\/www.noticiasradioreflejos.com.ar\/2021\/lucia-urriaga-asume-en-tornquist-el-area-de-cultura\/#primaryimage\",\"url\":\"https:\/\/www.noticiasradioreflejos.com.ar\/2021\/wp-content\/uploads\/2021\/12\/lucia-1.jpg_1600.jpg\",\"contentUrl\":\"https:\/\/www.noticiasradioreflejos.com.ar\/2021\/wp-content\/uploads\/2021\/12\/lucia-1.jpg_1600.jpg\",\"width\":1600,\"height\":720},{\"@type\":\"BreadcrumbList\",\"@id\":\"https:\/\/www.noticiasradioreflejos.com.ar\/2021\/lucia-urriaga-asume-en-tornquist-el-area-de-cultura\/#breadcrumb\",\"itemListElement\":[{\"@type\":\"ListItem\",\"position\":1,\"name\":\"Portada\",\"item\":\"https:\/\/www.noticiasradioreflejos.com.ar\/2021\/\"},{\"@type\":\"ListItem\",\"position\":2,\"name\":\"Luc\u00eda Urriaga asume en Tornquist el \u00e1rea de cultura\"}]},{\"@type\":\"WebSite\",\"@id\":\"https:\/\/www.noticiasradioreflejos.com.ar\/2021\/#website\",\"url\":\"https:\/\/www.noticiasradioreflejos.com.ar\/2021\/\",\"name\":\"Noticias Radio Reflejos\",\"description\":\"Las noticias de mi comarca\",\"potentialAction\":[{\"@type\":\"SearchAction\",\"target\":{\"@type\":\"EntryPoint\",\"urlTemplate\":\"https:\/\/www.noticiasradioreflejos.com.ar\/2021\/?s={search_term_string}\"},\"query-input\":{\"@type\":\"PropertyValueSpecification\",\"valueRequired\":true,\"valueName\":\"search_term_string\"}}],\"inLanguage\":\"es\"},{\"@type\":\"Person\",\"@id\":\"https:\/\/www.noticiasradioreflejos.com.ar\/2021\/#\/schema\/person\/ad82545263dcc5ec0996818884fd5fb1\",\"name\":\"Arnaldo Botto\",\"image\":{\"@type\":\"ImageObject\",\"inLanguage\":\"es\",\"@id\":\"https:\/\/www.noticiasradioreflejos.com.ar\/2021\/#\/schema\/person\/image\/\",\"url\":\"https:\/\/secure.gravatar.com\/avatar\/55cb5e37c1efa326397366e6974cb338056df65cb50e7d64d1cf314e87504837?s=96&d=mm&r=g\",\"contentUrl\":\"https:\/\/secure.gravatar.com\/avatar\/55cb5e37c1efa326397366e6974cb338056df65cb50e7d64d1cf314e87504837?s=96&d=mm&r=g\",\"caption\":\"Arnaldo Botto\"},\"url\":\"https:\/\/www.noticiasradioreflejos.com.ar\/2021\/author\/arnaldo\/\"}]}<\/script>\n<!-- \/ Yoast SEO plugin. -->","yoast_head_json":{"title":"Luc\u00eda Urriaga asume en Tornquist el \u00e1rea de cultura - Noticias Radio Reflejos","robots":{"index":"index","follow":"follow","max-snippet":"max-snippet:-1","max-image-preview":"max-image-preview:large","max-video-preview":"max-video-preview:-1"},"canonical":"https:\/\/www.noticiasradioreflejos.com.ar\/2021\/lucia-urriaga-asume-en-tornquist-el-area-de-cultura\/","og_locale":"es_ES","og_type":"article","og_title":"Luc\u00eda Urriaga asume en Tornquist el \u00e1rea de cultura - Noticias Radio Reflejos","og_description":"La\u00a0 joven actriz, nativa de nuestra ciudad y formada en Capital Federal, es la nueva cara de la Direcci\u00f3n de Cultura municipal, dependiente de la Secretar\u00eda de Desarrollo a cargo del Dr. Gonzalo Iparaguirre.","og_url":"https:\/\/www.noticiasradioreflejos.com.ar\/2021\/lucia-urriaga-asume-en-tornquist-el-area-de-cultura\/","og_site_name":"Noticias Radio Reflejos","article_published_time":"2021-12-06T14:44:42+00:00","article_modified_time":"2021-12-06T20:09:10+00:00","og_image":[{"width":1600,"height":720,"url":"https:\/\/www.noticiasradioreflejos.com.ar\/2021\/wp-content\/uploads\/2021\/12\/lucia-1.jpg_1600.jpg","type":"image\/jpeg"}],"author":"Arnaldo Botto","twitter_card":"summary_large_image","schema":{"@context":"https:\/\/schema.org","@graph":[{"@type":"WebPage","@id":"https:\/\/www.noticiasradioreflejos.com.ar\/2021\/lucia-urriaga-asume-en-tornquist-el-area-de-cultura\/","url":"https:\/\/www.noticiasradioreflejos.com.ar\/2021\/lucia-urriaga-asume-en-tornquist-el-area-de-cultura\/","name":"Luc\u00eda Urriaga asume en Tornquist el \u00e1rea de cultura - Noticias Radio Reflejos","isPartOf":{"@id":"https:\/\/www.noticiasradioreflejos.com.ar\/2021\/#website"},"primaryImageOfPage":{"@id":"https:\/\/www.noticiasradioreflejos.com.ar\/2021\/lucia-urriaga-asume-en-tornquist-el-area-de-cultura\/#primaryimage"},"image":{"@id":"https:\/\/www.noticiasradioreflejos.com.ar\/2021\/lucia-urriaga-asume-en-tornquist-el-area-de-cultura\/#primaryimage"},"thumbnailUrl":"https:\/\/www.noticiasradioreflejos.com.ar\/2021\/wp-content\/uploads\/2021\/12\/lucia-1.jpg_1600.jpg","datePublished":"2021-12-06T14:44:42+00:00","dateModified":"2021-12-06T20:09:10+00:00","author":{"@id":"https:\/\/www.noticiasradioreflejos.com.ar\/2021\/#\/schema\/person\/ad82545263dcc5ec0996818884fd5fb1"},"breadcrumb":{"@id":"https:\/\/www.noticiasradioreflejos.com.ar\/2021\/lucia-urriaga-asume-en-tornquist-el-area-de-cultura\/#breadcrumb"},"inLanguage":"es","potentialAction":[{"@type":"ReadAction","target":["https:\/\/www.noticiasradioreflejos.com.ar\/2021\/lucia-urriaga-asume-en-tornquist-el-area-de-cultura\/"]}]},{"@type":"ImageObject","inLanguage":"es","@id":"https:\/\/www.noticiasradioreflejos.com.ar\/2021\/lucia-urriaga-asume-en-tornquist-el-area-de-cultura\/#primaryimage","url":"https:\/\/www.noticiasradioreflejos.com.ar\/2021\/wp-content\/uploads\/2021\/12\/lucia-1.jpg_1600.jpg","contentUrl":"https:\/\/www.noticiasradioreflejos.com.ar\/2021\/wp-content\/uploads\/2021\/12\/lucia-1.jpg_1600.jpg","width":1600,"height":720},{"@type":"BreadcrumbList","@id":"https:\/\/www.noticiasradioreflejos.com.ar\/2021\/lucia-urriaga-asume-en-tornquist-el-area-de-cultura\/#breadcrumb","itemListElement":[{"@type":"ListItem","position":1,"name":"Portada","item":"https:\/\/www.noticiasradioreflejos.com.ar\/2021\/"},{"@type":"ListItem","position":2,"name":"Luc\u00eda Urriaga asume en Tornquist el \u00e1rea de cultura"}]},{"@type":"WebSite","@id":"https:\/\/www.noticiasradioreflejos.com.ar\/2021\/#website","url":"https:\/\/www.noticiasradioreflejos.com.ar\/2021\/","name":"Noticias Radio Reflejos","description":"Las noticias de mi comarca","potentialAction":[{"@type":"SearchAction","target":{"@type":"EntryPoint","urlTemplate":"https:\/\/www.noticiasradioreflejos.com.ar\/2021\/?s={search_term_string}"},"query-input":{"@type":"PropertyValueSpecification","valueRequired":true,"valueName":"search_term_string"}}],"inLanguage":"es"},{"@type":"Person","@id":"https:\/\/www.noticiasradioreflejos.com.ar\/2021\/#\/schema\/person\/ad82545263dcc5ec0996818884fd5fb1","name":"Arnaldo Botto","image":{"@type":"ImageObject","inLanguage":"es","@id":"https:\/\/www.noticiasradioreflejos.com.ar\/2021\/#\/schema\/person\/image\/","url":"https:\/\/secure.gravatar.com\/avatar\/55cb5e37c1efa326397366e6974cb338056df65cb50e7d64d1cf314e87504837?s=96&d=mm&r=g","contentUrl":"https:\/\/secure.gravatar.com\/avatar\/55cb5e37c1efa326397366e6974cb338056df65cb50e7d64d1cf314e87504837?s=96&d=mm&r=g","caption":"Arnaldo Botto"},"url":"https:\/\/www.noticiasradioreflejos.com.ar\/2021\/author\/arnaldo\/"}]}},"_links":{"self":[{"href":"https:\/\/www.noticiasradioreflejos.com.ar\/2021\/wp-json\/wp\/v2\/posts\/65777","targetHints":{"allow":["GET"]}}],"collection":[{"href":"https:\/\/www.noticiasradioreflejos.com.ar\/2021\/wp-json\/wp\/v2\/posts"}],"about":[{"href":"https:\/\/www.noticiasradioreflejos.com.ar\/2021\/wp-json\/wp\/v2\/types\/post"}],"author":[{"embeddable":true,"href":"https:\/\/www.noticiasradioreflejos.com.ar\/2021\/wp-json\/wp\/v2\/users\/3"}],"replies":[{"embeddable":true,"href":"https:\/\/www.noticiasradioreflejos.com.ar\/2021\/wp-json\/wp\/v2\/comments?post=65777"}],"version-history":[{"count":3,"href":"https:\/\/www.noticiasradioreflejos.com.ar\/2021\/wp-json\/wp\/v2\/posts\/65777\/revisions"}],"predecessor-version":[{"id":65790,"href":"https:\/\/www.noticiasradioreflejos.com.ar\/2021\/wp-json\/wp\/v2\/posts\/65777\/revisions\/65790"}],"wp:featuredmedia":[{"embeddable":true,"href":"https:\/\/www.noticiasradioreflejos.com.ar\/2021\/wp-json\/wp\/v2\/media\/65778"}],"wp:attachment":[{"href":"https:\/\/www.noticiasradioreflejos.com.ar\/2021\/wp-json\/wp\/v2\/media?parent=65777"}],"wp:term":[{"taxonomy":"category","embeddable":true,"href":"https:\/\/www.noticiasradioreflejos.com.ar\/2021\/wp-json\/wp\/v2\/categories?post=65777"},{"taxonomy":"post_tag","embeddable":true,"href":"https:\/\/www.noticiasradioreflejos.com.ar\/2021\/wp-json\/wp\/v2\/tags?post=65777"}],"curies":[{"name":"wp","href":"https:\/\/api.w.org\/{rel}","templated":true}]}}