{"id":65772,"date":"2021-12-06T13:54:48","date_gmt":"2021-12-06T13:54:48","guid":{"rendered":"http:\/\/www.noticiasradioreflejos.com.ar\/2021\/?p=65772"},"modified":"2021-12-06T13:54:48","modified_gmt":"2021-12-06T13:54:48","slug":"esta-abierto-el-registro-de-oposicion-a-obras-de-cordon-cuneta-badenes-y-pavimento","status":"publish","type":"post","link":"https:\/\/www.noticiasradioreflejos.com.ar\/2021\/esta-abierto-el-registro-de-oposicion-a-obras-de-cordon-cuneta-badenes-y-pavimento\/","title":{"rendered":"Est\u00e1 abierto el registro de oposici\u00f3n a obras de cord\u00f3n cuneta, badenes y pavimento"},"content":{"rendered":"<p>Tornquist Municipio informa que se encuentra abierto el Registro de Oposici\u00f3n a la Obra de \u201cConstrucci\u00f3n de Cord\u00f3n Cuneta, Badenes, Pavimento y Repavimentaci\u00f3n en el Distrito de Tornquist\u201d, por el plazo de diez d\u00edas h\u00e1biles a contar del 6 de diciembre de 2021, para todos los propietarios de inmuebles bald\u00edos o edificados con frente a las siguientes calles y avenidas:<!--more--><\/p>\n<p><strong>Pavimento en la ciudad de Tornquist:<\/strong><\/p>\n<p>Calle J. Lamela, entre calles G\u00fcemes y Rivadavia;<\/p>\n<p>Calle J. Lamela, entre calles Ventura Picado y Av: Sarmiento;<\/p>\n<p>Calle J. D. Filiberto, entre calles Ventura Picado y Av: Sarmiento.<\/p>\n<p>Cord\u00f3n Cuneta, Badenes y Pavimento en la localidad de Sierra de la Ventana:<\/p>\n<p>Calle Salerno, entre calles Ernesto Tornquist y campo de deportes del Club Atl\u00e9tico Ventana;<\/p>\n<p>Calle Diego Meyer, entre Av. San Mart\u00edn y Calle Salerno;<\/p>\n<p>Los vecinos frentistas residentes en la localidad de Tornquist que deseen oponerse a la ejecuci\u00f3n de la obra, deber\u00e1n presentarse en horario de atenci\u00f3n al p\u00fablico y hasta el lunes 20 de diciembre de 2021, en la Secretar\u00eda de Obras y Servicios P\u00fablicos, donde permanecer\u00e1 habilitado el Registro correspondiente.<\/p>\n<p>Los vecinos frentistas que residen en Sierra de la Ventana, podr\u00e1n acercarse con la misma finalidad, en iguales d\u00edas y horarios, a la Delegaci\u00f3n Municipal de Sierra de la Ventana.<\/p>\n<p>&nbsp;<\/p>\n","protected":false},"excerpt":{"rendered":"<p>Tornquist Municipio informa que se encuentra abierto el Registro de Oposici\u00f3n a la Obra de \u201cConstrucci\u00f3n de Cord\u00f3n Cuneta, Badenes, Pavimento y Repavimentaci\u00f3n en el Distrito de Tornquist\u201d, por el plazo de diez d\u00edas h\u00e1biles a contar del 6 de diciembre de 2021, para todos los propietarios de inmuebles bald\u00edos o edificados con frente a [&hellip;]<\/p>\n","protected":false},"author":3,"featured_media":0,"comment_status":"closed","ping_status":"closed","sticky":false,"template":"","format":"standard","meta":{"footnotes":""},"categories":[28],"tags":[],"class_list":["post-65772","post","type-post","status-publish","format-standard","hentry","category-municipales"],"yoast_head":"<!-- This site is optimized with the Yoast SEO plugin v25.9 - https:\/\/yoast.com\/wordpress\/plugins\/seo\/ -->\n<title>Est\u00e1 abierto el registro de oposici\u00f3n a obras de cord\u00f3n cuneta, badenes y pavimento - Noticias Radio Reflejos<\/title>\n<meta name=\"robots\" content=\"index, follow, max-snippet:-1, max-image-preview:large, max-video-preview:-1\" \/>\n<link rel=\"canonical\" href=\"https:\/\/www.noticiasradioreflejos.com.ar\/2021\/esta-abierto-el-registro-de-oposicion-a-obras-de-cordon-cuneta-badenes-y-pavimento\/\" \/>\n<meta property=\"og:locale\" content=\"es_ES\" \/>\n<meta property=\"og:type\" content=\"article\" \/>\n<meta property=\"og:title\" content=\"Est\u00e1 abierto el registro de oposici\u00f3n a obras de cord\u00f3n cuneta, badenes y pavimento - Noticias Radio Reflejos\" \/>\n<meta property=\"og:description\" content=\"Tornquist Municipio informa que se encuentra abierto el Registro de Oposici\u00f3n a la Obra de \u201cConstrucci\u00f3n de Cord\u00f3n Cuneta, Badenes, Pavimento y Repavimentaci\u00f3n en el Distrito de Tornquist\u201d, por el plazo de diez d\u00edas h\u00e1biles a contar del 6 de diciembre de 2021, para todos los propietarios de inmuebles bald\u00edos o edificados con frente a [&hellip;]\" \/>\n<meta property=\"og:url\" content=\"https:\/\/www.noticiasradioreflejos.com.ar\/2021\/esta-abierto-el-registro-de-oposicion-a-obras-de-cordon-cuneta-badenes-y-pavimento\/\" \/>\n<meta property=\"og:site_name\" content=\"Noticias Radio Reflejos\" \/>\n<meta property=\"article:published_time\" content=\"2021-12-06T13:54:48+00:00\" \/>\n<meta property=\"og:image\" content=\"https:\/\/www.noticiasradioreflejos.com.ar\/2021\/wp-content\/uploads\/2021\/07\/logosol300x200.png\" \/>\n\t<meta property=\"og:image:width\" content=\"300\" \/>\n\t<meta property=\"og:image:height\" content=\"200\" \/>\n\t<meta property=\"og:image:type\" content=\"image\/png\" \/>\n<meta name=\"author\" content=\"Arnaldo Botto\" \/>\n<meta name=\"twitter:card\" content=\"summary_large_image\" \/>\n<script type=\"application\/ld+json\" class=\"yoast-schema-graph\">{\"@context\":\"https:\/\/schema.org\",\"@graph\":[{\"@type\":\"WebPage\",\"@id\":\"https:\/\/www.noticiasradioreflejos.com.ar\/2021\/esta-abierto-el-registro-de-oposicion-a-obras-de-cordon-cuneta-badenes-y-pavimento\/\",\"url\":\"https:\/\/www.noticiasradioreflejos.com.ar\/2021\/esta-abierto-el-registro-de-oposicion-a-obras-de-cordon-cuneta-badenes-y-pavimento\/\",\"name\":\"Est\u00e1 abierto el registro de oposici\u00f3n a obras de cord\u00f3n cuneta, badenes y pavimento - Noticias Radio Reflejos\",\"isPartOf\":{\"@id\":\"https:\/\/www.noticiasradioreflejos.com.ar\/2021\/#website\"},\"datePublished\":\"2021-12-06T13:54:48+00:00\",\"author\":{\"@id\":\"https:\/\/www.noticiasradioreflejos.com.ar\/2021\/#\/schema\/person\/ad82545263dcc5ec0996818884fd5fb1\"},\"breadcrumb\":{\"@id\":\"https:\/\/www.noticiasradioreflejos.com.ar\/2021\/esta-abierto-el-registro-de-oposicion-a-obras-de-cordon-cuneta-badenes-y-pavimento\/#breadcrumb\"},\"inLanguage\":\"es\",\"potentialAction\":[{\"@type\":\"ReadAction\",\"target\":[\"https:\/\/www.noticiasradioreflejos.com.ar\/2021\/esta-abierto-el-registro-de-oposicion-a-obras-de-cordon-cuneta-badenes-y-pavimento\/\"]}]},{\"@type\":\"BreadcrumbList\",\"@id\":\"https:\/\/www.noticiasradioreflejos.com.ar\/2021\/esta-abierto-el-registro-de-oposicion-a-obras-de-cordon-cuneta-badenes-y-pavimento\/#breadcrumb\",\"itemListElement\":[{\"@type\":\"ListItem\",\"position\":1,\"name\":\"Portada\",\"item\":\"https:\/\/www.noticiasradioreflejos.com.ar\/2021\/\"},{\"@type\":\"ListItem\",\"position\":2,\"name\":\"Est\u00e1 abierto el registro de oposici\u00f3n a obras de cord\u00f3n cuneta, badenes y pavimento\"}]},{\"@type\":\"WebSite\",\"@id\":\"https:\/\/www.noticiasradioreflejos.com.ar\/2021\/#website\",\"url\":\"https:\/\/www.noticiasradioreflejos.com.ar\/2021\/\",\"name\":\"Noticias Radio Reflejos\",\"description\":\"Las noticias de mi comarca\",\"potentialAction\":[{\"@type\":\"SearchAction\",\"target\":{\"@type\":\"EntryPoint\",\"urlTemplate\":\"https:\/\/www.noticiasradioreflejos.com.ar\/2021\/?s={search_term_string}\"},\"query-input\":{\"@type\":\"PropertyValueSpecification\",\"valueRequired\":true,\"valueName\":\"search_term_string\"}}],\"inLanguage\":\"es\"},{\"@type\":\"Person\",\"@id\":\"https:\/\/www.noticiasradioreflejos.com.ar\/2021\/#\/schema\/person\/ad82545263dcc5ec0996818884fd5fb1\",\"name\":\"Arnaldo Botto\",\"image\":{\"@type\":\"ImageObject\",\"inLanguage\":\"es\",\"@id\":\"https:\/\/www.noticiasradioreflejos.com.ar\/2021\/#\/schema\/person\/image\/\",\"url\":\"https:\/\/secure.gravatar.com\/avatar\/55cb5e37c1efa326397366e6974cb338056df65cb50e7d64d1cf314e87504837?s=96&d=mm&r=g\",\"contentUrl\":\"https:\/\/secure.gravatar.com\/avatar\/55cb5e37c1efa326397366e6974cb338056df65cb50e7d64d1cf314e87504837?s=96&d=mm&r=g\",\"caption\":\"Arnaldo Botto\"},\"url\":\"https:\/\/www.noticiasradioreflejos.com.ar\/2021\/author\/arnaldo\/\"}]}<\/script>\n<!-- \/ Yoast SEO plugin. -->","yoast_head_json":{"title":"Est\u00e1 abierto el registro de oposici\u00f3n a obras de cord\u00f3n cuneta, badenes y pavimento - Noticias Radio Reflejos","robots":{"index":"index","follow":"follow","max-snippet":"max-snippet:-1","max-image-preview":"max-image-preview:large","max-video-preview":"max-video-preview:-1"},"canonical":"https:\/\/www.noticiasradioreflejos.com.ar\/2021\/esta-abierto-el-registro-de-oposicion-a-obras-de-cordon-cuneta-badenes-y-pavimento\/","og_locale":"es_ES","og_type":"article","og_title":"Est\u00e1 abierto el registro de oposici\u00f3n a obras de cord\u00f3n cuneta, badenes y pavimento - Noticias Radio Reflejos","og_description":"Tornquist Municipio informa que se encuentra abierto el Registro de Oposici\u00f3n a la Obra de \u201cConstrucci\u00f3n de Cord\u00f3n Cuneta, Badenes, Pavimento y Repavimentaci\u00f3n en el Distrito de Tornquist\u201d, por el plazo de diez d\u00edas h\u00e1biles a contar del 6 de diciembre de 2021, para todos los propietarios de inmuebles bald\u00edos o edificados con frente a [&hellip;]","og_url":"https:\/\/www.noticiasradioreflejos.com.ar\/2021\/esta-abierto-el-registro-de-oposicion-a-obras-de-cordon-cuneta-badenes-y-pavimento\/","og_site_name":"Noticias Radio Reflejos","article_published_time":"2021-12-06T13:54:48+00:00","og_image":[{"width":300,"height":200,"url":"https:\/\/www.noticiasradioreflejos.com.ar\/2021\/wp-content\/uploads\/2021\/07\/logosol300x200.png","type":"image\/png"}],"author":"Arnaldo Botto","twitter_card":"summary_large_image","schema":{"@context":"https:\/\/schema.org","@graph":[{"@type":"WebPage","@id":"https:\/\/www.noticiasradioreflejos.com.ar\/2021\/esta-abierto-el-registro-de-oposicion-a-obras-de-cordon-cuneta-badenes-y-pavimento\/","url":"https:\/\/www.noticiasradioreflejos.com.ar\/2021\/esta-abierto-el-registro-de-oposicion-a-obras-de-cordon-cuneta-badenes-y-pavimento\/","name":"Est\u00e1 abierto el registro de oposici\u00f3n a obras de cord\u00f3n cuneta, badenes y pavimento - Noticias Radio Reflejos","isPartOf":{"@id":"https:\/\/www.noticiasradioreflejos.com.ar\/2021\/#website"},"datePublished":"2021-12-06T13:54:48+00:00","author":{"@id":"https:\/\/www.noticiasradioreflejos.com.ar\/2021\/#\/schema\/person\/ad82545263dcc5ec0996818884fd5fb1"},"breadcrumb":{"@id":"https:\/\/www.noticiasradioreflejos.com.ar\/2021\/esta-abierto-el-registro-de-oposicion-a-obras-de-cordon-cuneta-badenes-y-pavimento\/#breadcrumb"},"inLanguage":"es","potentialAction":[{"@type":"ReadAction","target":["https:\/\/www.noticiasradioreflejos.com.ar\/2021\/esta-abierto-el-registro-de-oposicion-a-obras-de-cordon-cuneta-badenes-y-pavimento\/"]}]},{"@type":"BreadcrumbList","@id":"https:\/\/www.noticiasradioreflejos.com.ar\/2021\/esta-abierto-el-registro-de-oposicion-a-obras-de-cordon-cuneta-badenes-y-pavimento\/#breadcrumb","itemListElement":[{"@type":"ListItem","position":1,"name":"Portada","item":"https:\/\/www.noticiasradioreflejos.com.ar\/2021\/"},{"@type":"ListItem","position":2,"name":"Est\u00e1 abierto el registro de oposici\u00f3n a obras de cord\u00f3n cuneta, badenes y pavimento"}]},{"@type":"WebSite","@id":"https:\/\/www.noticiasradioreflejos.com.ar\/2021\/#website","url":"https:\/\/www.noticiasradioreflejos.com.ar\/2021\/","name":"Noticias Radio Reflejos","description":"Las noticias de mi comarca","potentialAction":[{"@type":"SearchAction","target":{"@type":"EntryPoint","urlTemplate":"https:\/\/www.noticiasradioreflejos.com.ar\/2021\/?s={search_term_string}"},"query-input":{"@type":"PropertyValueSpecification","valueRequired":true,"valueName":"search_term_string"}}],"inLanguage":"es"},{"@type":"Person","@id":"https:\/\/www.noticiasradioreflejos.com.ar\/2021\/#\/schema\/person\/ad82545263dcc5ec0996818884fd5fb1","name":"Arnaldo Botto","image":{"@type":"ImageObject","inLanguage":"es","@id":"https:\/\/www.noticiasradioreflejos.com.ar\/2021\/#\/schema\/person\/image\/","url":"https:\/\/secure.gravatar.com\/avatar\/55cb5e37c1efa326397366e6974cb338056df65cb50e7d64d1cf314e87504837?s=96&d=mm&r=g","contentUrl":"https:\/\/secure.gravatar.com\/avatar\/55cb5e37c1efa326397366e6974cb338056df65cb50e7d64d1cf314e87504837?s=96&d=mm&r=g","caption":"Arnaldo Botto"},"url":"https:\/\/www.noticiasradioreflejos.com.ar\/2021\/author\/arnaldo\/"}]}},"_links":{"self":[{"href":"https:\/\/www.noticiasradioreflejos.com.ar\/2021\/wp-json\/wp\/v2\/posts\/65772","targetHints":{"allow":["GET"]}}],"collection":[{"href":"https:\/\/www.noticiasradioreflejos.com.ar\/2021\/wp-json\/wp\/v2\/posts"}],"about":[{"href":"https:\/\/www.noticiasradioreflejos.com.ar\/2021\/wp-json\/wp\/v2\/types\/post"}],"author":[{"embeddable":true,"href":"https:\/\/www.noticiasradioreflejos.com.ar\/2021\/wp-json\/wp\/v2\/users\/3"}],"replies":[{"embeddable":true,"href":"https:\/\/www.noticiasradioreflejos.com.ar\/2021\/wp-json\/wp\/v2\/comments?post=65772"}],"version-history":[{"count":1,"href":"https:\/\/www.noticiasradioreflejos.com.ar\/2021\/wp-json\/wp\/v2\/posts\/65772\/revisions"}],"predecessor-version":[{"id":65773,"href":"https:\/\/www.noticiasradioreflejos.com.ar\/2021\/wp-json\/wp\/v2\/posts\/65772\/revisions\/65773"}],"wp:attachment":[{"href":"https:\/\/www.noticiasradioreflejos.com.ar\/2021\/wp-json\/wp\/v2\/media?parent=65772"}],"wp:term":[{"taxonomy":"category","embeddable":true,"href":"https:\/\/www.noticiasradioreflejos.com.ar\/2021\/wp-json\/wp\/v2\/categories?post=65772"},{"taxonomy":"post_tag","embeddable":true,"href":"https:\/\/www.noticiasradioreflejos.com.ar\/2021\/wp-json\/wp\/v2\/tags?post=65772"}],"curies":[{"name":"wp","href":"https:\/\/api.w.org\/{rel}","templated":true}]}}