{"id":65740,"date":"2021-12-03T18:49:12","date_gmt":"2021-12-03T18:49:12","guid":{"rendered":"http:\/\/www.noticiasradioreflejos.com.ar\/2021\/?p=65740"},"modified":"2021-12-07T10:08:15","modified_gmt":"2021-12-07T10:08:15","slug":"comunicado-por-la-muerte-de-colmenas-por-la-aplicacion-de-insecticidas","status":"publish","type":"post","link":"https:\/\/www.noticiasradioreflejos.com.ar\/2021\/comunicado-por-la-muerte-de-colmenas-por-la-aplicacion-de-insecticidas\/","title":{"rendered":"Comunicado por la muerte de colmenas por la aplicaci\u00f3n de insecticidas"},"content":{"rendered":"<p>El municipio de Tornquist solicita a los aplicadores y\/o productores que realicen tareas de aplicaci\u00f3n de insecticidas en los cultivos y que visualicen apiarios en las cercan\u00edas de \u00e9stos, que tomen las precauciones necesarias para evitar la afectaci\u00f3n de las colmenas.<!--more--><\/p>\n<p>La Secretar\u00eda de Producci\u00f3n recepcion\u00f3 la preocupaci\u00f3n de productores apicultores por la mortandad de una importante cantidad de colmenas, debido a aplicaciones realizadas de forma indiscriminada.<\/p>\n<p>En ese sentido, se recuerda que, mediante la Resoluci\u00f3n 425\/2021, el Servicio Nacional de Sanidad y Calidad Agroalimentaria (SENASA), prohibi\u00f3 el uso y comercializaci\u00f3n de los productos formulados a base de clorpirifos y fipronil, por su alto poder residual y el alto impacto que estos tienen en el medioambiente. Ante consultas por este tema, dirigirse a la mencionada dependencia municipal (Av. Ernesto Tornquist y Av. Gral Paz).<\/p>\n","protected":false},"excerpt":{"rendered":"<p>El municipio de Tornquist solicita a los aplicadores y\/o productores que realicen tareas de aplicaci\u00f3n de insecticidas en los cultivos y que visualicen apiarios en las cercan\u00edas de \u00e9stos, que tomen las precauciones necesarias para evitar la afectaci\u00f3n de las colmenas.<\/p>\n","protected":false},"author":3,"featured_media":0,"comment_status":"closed","ping_status":"closed","sticky":false,"template":"","format":"standard","meta":{"footnotes":""},"categories":[28],"tags":[],"class_list":["post-65740","post","type-post","status-publish","format-standard","hentry","category-municipales"],"yoast_head":"<!-- This site is optimized with the Yoast SEO plugin v25.9 - https:\/\/yoast.com\/wordpress\/plugins\/seo\/ -->\n<title>Comunicado por la muerte de colmenas por la aplicaci\u00f3n de insecticidas - Noticias Radio Reflejos<\/title>\n<meta name=\"robots\" content=\"index, follow, max-snippet:-1, max-image-preview:large, max-video-preview:-1\" \/>\n<link rel=\"canonical\" href=\"https:\/\/www.noticiasradioreflejos.com.ar\/2021\/comunicado-por-la-muerte-de-colmenas-por-la-aplicacion-de-insecticidas\/\" \/>\n<meta property=\"og:locale\" content=\"es_ES\" \/>\n<meta property=\"og:type\" content=\"article\" \/>\n<meta property=\"og:title\" content=\"Comunicado por la muerte de colmenas por la aplicaci\u00f3n de insecticidas - Noticias Radio Reflejos\" \/>\n<meta property=\"og:description\" content=\"El municipio de Tornquist solicita a los aplicadores y\/o productores que realicen tareas de aplicaci\u00f3n de insecticidas en los cultivos y que visualicen apiarios en las cercan\u00edas de \u00e9stos, que tomen las precauciones necesarias para evitar la afectaci\u00f3n de las colmenas.\" \/>\n<meta property=\"og:url\" content=\"https:\/\/www.noticiasradioreflejos.com.ar\/2021\/comunicado-por-la-muerte-de-colmenas-por-la-aplicacion-de-insecticidas\/\" \/>\n<meta property=\"og:site_name\" content=\"Noticias Radio Reflejos\" \/>\n<meta property=\"article:published_time\" content=\"2021-12-03T18:49:12+00:00\" \/>\n<meta property=\"article:modified_time\" content=\"2021-12-07T10:08:15+00:00\" \/>\n<meta property=\"og:image\" content=\"https:\/\/www.noticiasradioreflejos.com.ar\/2021\/wp-content\/uploads\/2021\/07\/logosol300x200.png\" \/>\n\t<meta property=\"og:image:width\" content=\"300\" \/>\n\t<meta property=\"og:image:height\" content=\"200\" \/>\n\t<meta property=\"og:image:type\" content=\"image\/png\" \/>\n<meta name=\"author\" content=\"Arnaldo Botto\" \/>\n<meta name=\"twitter:card\" content=\"summary_large_image\" \/>\n<script type=\"application\/ld+json\" class=\"yoast-schema-graph\">{\"@context\":\"https:\/\/schema.org\",\"@graph\":[{\"@type\":\"WebPage\",\"@id\":\"https:\/\/www.noticiasradioreflejos.com.ar\/2021\/comunicado-por-la-muerte-de-colmenas-por-la-aplicacion-de-insecticidas\/\",\"url\":\"https:\/\/www.noticiasradioreflejos.com.ar\/2021\/comunicado-por-la-muerte-de-colmenas-por-la-aplicacion-de-insecticidas\/\",\"name\":\"Comunicado por la muerte de colmenas por la aplicaci\u00f3n de insecticidas - Noticias Radio Reflejos\",\"isPartOf\":{\"@id\":\"https:\/\/www.noticiasradioreflejos.com.ar\/2021\/#website\"},\"datePublished\":\"2021-12-03T18:49:12+00:00\",\"dateModified\":\"2021-12-07T10:08:15+00:00\",\"author\":{\"@id\":\"https:\/\/www.noticiasradioreflejos.com.ar\/2021\/#\/schema\/person\/ad82545263dcc5ec0996818884fd5fb1\"},\"breadcrumb\":{\"@id\":\"https:\/\/www.noticiasradioreflejos.com.ar\/2021\/comunicado-por-la-muerte-de-colmenas-por-la-aplicacion-de-insecticidas\/#breadcrumb\"},\"inLanguage\":\"es\",\"potentialAction\":[{\"@type\":\"ReadAction\",\"target\":[\"https:\/\/www.noticiasradioreflejos.com.ar\/2021\/comunicado-por-la-muerte-de-colmenas-por-la-aplicacion-de-insecticidas\/\"]}]},{\"@type\":\"BreadcrumbList\",\"@id\":\"https:\/\/www.noticiasradioreflejos.com.ar\/2021\/comunicado-por-la-muerte-de-colmenas-por-la-aplicacion-de-insecticidas\/#breadcrumb\",\"itemListElement\":[{\"@type\":\"ListItem\",\"position\":1,\"name\":\"Portada\",\"item\":\"https:\/\/www.noticiasradioreflejos.com.ar\/2021\/\"},{\"@type\":\"ListItem\",\"position\":2,\"name\":\"Comunicado por la muerte de colmenas por la aplicaci\u00f3n de insecticidas\"}]},{\"@type\":\"WebSite\",\"@id\":\"https:\/\/www.noticiasradioreflejos.com.ar\/2021\/#website\",\"url\":\"https:\/\/www.noticiasradioreflejos.com.ar\/2021\/\",\"name\":\"Noticias Radio Reflejos\",\"description\":\"Las noticias de mi comarca\",\"potentialAction\":[{\"@type\":\"SearchAction\",\"target\":{\"@type\":\"EntryPoint\",\"urlTemplate\":\"https:\/\/www.noticiasradioreflejos.com.ar\/2021\/?s={search_term_string}\"},\"query-input\":{\"@type\":\"PropertyValueSpecification\",\"valueRequired\":true,\"valueName\":\"search_term_string\"}}],\"inLanguage\":\"es\"},{\"@type\":\"Person\",\"@id\":\"https:\/\/www.noticiasradioreflejos.com.ar\/2021\/#\/schema\/person\/ad82545263dcc5ec0996818884fd5fb1\",\"name\":\"Arnaldo Botto\",\"image\":{\"@type\":\"ImageObject\",\"inLanguage\":\"es\",\"@id\":\"https:\/\/www.noticiasradioreflejos.com.ar\/2021\/#\/schema\/person\/image\/\",\"url\":\"https:\/\/secure.gravatar.com\/avatar\/55cb5e37c1efa326397366e6974cb338056df65cb50e7d64d1cf314e87504837?s=96&d=mm&r=g\",\"contentUrl\":\"https:\/\/secure.gravatar.com\/avatar\/55cb5e37c1efa326397366e6974cb338056df65cb50e7d64d1cf314e87504837?s=96&d=mm&r=g\",\"caption\":\"Arnaldo Botto\"},\"url\":\"https:\/\/www.noticiasradioreflejos.com.ar\/2021\/author\/arnaldo\/\"}]}<\/script>\n<!-- \/ Yoast SEO plugin. -->","yoast_head_json":{"title":"Comunicado por la muerte de colmenas por la aplicaci\u00f3n de insecticidas - Noticias Radio Reflejos","robots":{"index":"index","follow":"follow","max-snippet":"max-snippet:-1","max-image-preview":"max-image-preview:large","max-video-preview":"max-video-preview:-1"},"canonical":"https:\/\/www.noticiasradioreflejos.com.ar\/2021\/comunicado-por-la-muerte-de-colmenas-por-la-aplicacion-de-insecticidas\/","og_locale":"es_ES","og_type":"article","og_title":"Comunicado por la muerte de colmenas por la aplicaci\u00f3n de insecticidas - Noticias Radio Reflejos","og_description":"El municipio de Tornquist solicita a los aplicadores y\/o productores que realicen tareas de aplicaci\u00f3n de insecticidas en los cultivos y que visualicen apiarios en las cercan\u00edas de \u00e9stos, que tomen las precauciones necesarias para evitar la afectaci\u00f3n de las colmenas.","og_url":"https:\/\/www.noticiasradioreflejos.com.ar\/2021\/comunicado-por-la-muerte-de-colmenas-por-la-aplicacion-de-insecticidas\/","og_site_name":"Noticias Radio Reflejos","article_published_time":"2021-12-03T18:49:12+00:00","article_modified_time":"2021-12-07T10:08:15+00:00","og_image":[{"width":300,"height":200,"url":"https:\/\/www.noticiasradioreflejos.com.ar\/2021\/wp-content\/uploads\/2021\/07\/logosol300x200.png","type":"image\/png"}],"author":"Arnaldo Botto","twitter_card":"summary_large_image","schema":{"@context":"https:\/\/schema.org","@graph":[{"@type":"WebPage","@id":"https:\/\/www.noticiasradioreflejos.com.ar\/2021\/comunicado-por-la-muerte-de-colmenas-por-la-aplicacion-de-insecticidas\/","url":"https:\/\/www.noticiasradioreflejos.com.ar\/2021\/comunicado-por-la-muerte-de-colmenas-por-la-aplicacion-de-insecticidas\/","name":"Comunicado por la muerte de colmenas por la aplicaci\u00f3n de insecticidas - Noticias Radio Reflejos","isPartOf":{"@id":"https:\/\/www.noticiasradioreflejos.com.ar\/2021\/#website"},"datePublished":"2021-12-03T18:49:12+00:00","dateModified":"2021-12-07T10:08:15+00:00","author":{"@id":"https:\/\/www.noticiasradioreflejos.com.ar\/2021\/#\/schema\/person\/ad82545263dcc5ec0996818884fd5fb1"},"breadcrumb":{"@id":"https:\/\/www.noticiasradioreflejos.com.ar\/2021\/comunicado-por-la-muerte-de-colmenas-por-la-aplicacion-de-insecticidas\/#breadcrumb"},"inLanguage":"es","potentialAction":[{"@type":"ReadAction","target":["https:\/\/www.noticiasradioreflejos.com.ar\/2021\/comunicado-por-la-muerte-de-colmenas-por-la-aplicacion-de-insecticidas\/"]}]},{"@type":"BreadcrumbList","@id":"https:\/\/www.noticiasradioreflejos.com.ar\/2021\/comunicado-por-la-muerte-de-colmenas-por-la-aplicacion-de-insecticidas\/#breadcrumb","itemListElement":[{"@type":"ListItem","position":1,"name":"Portada","item":"https:\/\/www.noticiasradioreflejos.com.ar\/2021\/"},{"@type":"ListItem","position":2,"name":"Comunicado por la muerte de colmenas por la aplicaci\u00f3n de insecticidas"}]},{"@type":"WebSite","@id":"https:\/\/www.noticiasradioreflejos.com.ar\/2021\/#website","url":"https:\/\/www.noticiasradioreflejos.com.ar\/2021\/","name":"Noticias Radio Reflejos","description":"Las noticias de mi comarca","potentialAction":[{"@type":"SearchAction","target":{"@type":"EntryPoint","urlTemplate":"https:\/\/www.noticiasradioreflejos.com.ar\/2021\/?s={search_term_string}"},"query-input":{"@type":"PropertyValueSpecification","valueRequired":true,"valueName":"search_term_string"}}],"inLanguage":"es"},{"@type":"Person","@id":"https:\/\/www.noticiasradioreflejos.com.ar\/2021\/#\/schema\/person\/ad82545263dcc5ec0996818884fd5fb1","name":"Arnaldo Botto","image":{"@type":"ImageObject","inLanguage":"es","@id":"https:\/\/www.noticiasradioreflejos.com.ar\/2021\/#\/schema\/person\/image\/","url":"https:\/\/secure.gravatar.com\/avatar\/55cb5e37c1efa326397366e6974cb338056df65cb50e7d64d1cf314e87504837?s=96&d=mm&r=g","contentUrl":"https:\/\/secure.gravatar.com\/avatar\/55cb5e37c1efa326397366e6974cb338056df65cb50e7d64d1cf314e87504837?s=96&d=mm&r=g","caption":"Arnaldo Botto"},"url":"https:\/\/www.noticiasradioreflejos.com.ar\/2021\/author\/arnaldo\/"}]}},"_links":{"self":[{"href":"https:\/\/www.noticiasradioreflejos.com.ar\/2021\/wp-json\/wp\/v2\/posts\/65740","targetHints":{"allow":["GET"]}}],"collection":[{"href":"https:\/\/www.noticiasradioreflejos.com.ar\/2021\/wp-json\/wp\/v2\/posts"}],"about":[{"href":"https:\/\/www.noticiasradioreflejos.com.ar\/2021\/wp-json\/wp\/v2\/types\/post"}],"author":[{"embeddable":true,"href":"https:\/\/www.noticiasradioreflejos.com.ar\/2021\/wp-json\/wp\/v2\/users\/3"}],"replies":[{"embeddable":true,"href":"https:\/\/www.noticiasradioreflejos.com.ar\/2021\/wp-json\/wp\/v2\/comments?post=65740"}],"version-history":[{"count":1,"href":"https:\/\/www.noticiasradioreflejos.com.ar\/2021\/wp-json\/wp\/v2\/posts\/65740\/revisions"}],"predecessor-version":[{"id":65741,"href":"https:\/\/www.noticiasradioreflejos.com.ar\/2021\/wp-json\/wp\/v2\/posts\/65740\/revisions\/65741"}],"wp:attachment":[{"href":"https:\/\/www.noticiasradioreflejos.com.ar\/2021\/wp-json\/wp\/v2\/media?parent=65740"}],"wp:term":[{"taxonomy":"category","embeddable":true,"href":"https:\/\/www.noticiasradioreflejos.com.ar\/2021\/wp-json\/wp\/v2\/categories?post=65740"},{"taxonomy":"post_tag","embeddable":true,"href":"https:\/\/www.noticiasradioreflejos.com.ar\/2021\/wp-json\/wp\/v2\/tags?post=65740"}],"curies":[{"name":"wp","href":"https:\/\/api.w.org\/{rel}","templated":true}]}}