{"id":65724,"date":"2021-12-03T12:18:53","date_gmt":"2021-12-03T12:18:53","guid":{"rendered":"http:\/\/www.noticiasradioreflejos.com.ar\/2021\/?p=65724"},"modified":"2021-12-03T12:25:05","modified_gmt":"2021-12-03T12:25:05","slug":"tornquist-se-incendio-un-auto-en-la-cooperativa-de-transporte-video","status":"publish","type":"post","link":"https:\/\/www.noticiasradioreflejos.com.ar\/2021\/tornquist-se-incendio-un-auto-en-la-cooperativa-de-transporte-video\/","title":{"rendered":"Tornquist: Se incendi\u00f3 un auto en la Cooperativa de Transporte (Video)"},"content":{"rendered":"<div class=\"page-header clearfix\">\n<div class=\"tg-container\">\n<p class=\"entry-title\"><span style=\"color: #333333; font-size: 15px;\">(<\/span><a style=\"font-size: 15px;\" href=\"http:\/\/www.celttv.com.ar\/?cat=37\" rel=\"category\">Celt TV Noticias)<\/a><span style=\"color: #333333; font-size: 15px;\">, <\/span>El incendio de un auto en el predio de la Cooperativa de Transporte de Tornquist, fue el motivo del toque de sirena a las 8.10 de la ma\u00f1ana, lo que demand\u00f3 la intervenci\u00f3n de dos dotaciones de Bomberos Voluntarios de Tornquist.<\/p>\n<\/div>\n<\/div>\n<p><!--more--><\/p>\n<p>&nbsp;<\/p>\n<div class=\"tg-container\">\n<div id=\"primary\">\n<div id=\"articulo\">\n<article id=\"post-62204\" class=\"post-62204 post type-post status-publish format-standard has-post-thumbnail hentry category-celt-tv-noticias category-comunidad category-destacadas\">\n<div class=\"entry-content-text-wrapper clearfix\">\n<div class=\"entry-content-wrapper\">\n<div class=\"entry-content\">\n<p>Por causas que se tratan de establecer, un Renault 21 Break, dominio BDQ 903, propiedad de Claudio Di Nunzio, se encontraba estacionado en el amplio predio de dicha Cooperativa, cuando alertaron a los servidores p\u00fablicos porque sal\u00eda humo por debajo del capot del veh\u00edculo.<\/p>\n<figure class=\"wp-block-embed is-type-video is-provider-youtube wp-block-embed-youtube wp-embed-aspect-16-9 wp-has-aspect-ratio\">\n<div class=\"wp-block-embed__wrapper\"><iframe loading=\"lazy\" title=\"2021 12 03 INCENDIO DE VEHICULO EN LA COOPERATIVA DE TRANSPORTE\" src=\"https:\/\/www.youtube.com\/embed\/1WjX1Df1nSA?feature=oembed\" width=\"870\" height=\"489\" frameborder=\"0\" allowfullscreen=\"allowfullscreen\" data-mce-fragment=\"1\"><\/iframe><\/div>\n<\/figure>\n<figure class=\"wp-block-image size-large\"><img loading=\"lazy\" decoding=\"async\" class=\"wp-image-62205\" src=\"http:\/\/www.celttv.com.ar\/wp-content\/uploads\/2021\/12\/66e271c9-1cd3-42aa-ab03-e8e681df4956-1024x768.jpg\" sizes=\"auto, (max-width: 1024px) 100vw, 1024px\" srcset=\"http:\/\/www.celttv.com.ar\/wp-content\/uploads\/2021\/12\/66e271c9-1cd3-42aa-ab03-e8e681df4956-1024x768.jpg 1024w, http:\/\/www.celttv.com.ar\/wp-content\/uploads\/2021\/12\/66e271c9-1cd3-42aa-ab03-e8e681df4956-780x585.jpg 780w, http:\/\/www.celttv.com.ar\/wp-content\/uploads\/2021\/12\/66e271c9-1cd3-42aa-ab03-e8e681df4956-768x576.jpg 768w, http:\/\/www.celttv.com.ar\/wp-content\/uploads\/2021\/12\/66e271c9-1cd3-42aa-ab03-e8e681df4956-1536x1152.jpg 1536w, http:\/\/www.celttv.com.ar\/wp-content\/uploads\/2021\/12\/66e271c9-1cd3-42aa-ab03-e8e681df4956.jpg 1600w\" alt=\"\" width=\"1024\" height=\"768\" \/><\/figure>\n<figure class=\"wp-block-image size-large\"><img loading=\"lazy\" decoding=\"async\" class=\"wp-image-62209\" src=\"http:\/\/www.celttv.com.ar\/wp-content\/uploads\/2021\/12\/88d595f1-2cff-49ce-bec0-c7cf4765a051-1024x683.jpg\" sizes=\"auto, (max-width: 1024px) 100vw, 1024px\" srcset=\"http:\/\/www.celttv.com.ar\/wp-content\/uploads\/2021\/12\/88d595f1-2cff-49ce-bec0-c7cf4765a051-1024x683.jpg 1024w, http:\/\/www.celttv.com.ar\/wp-content\/uploads\/2021\/12\/88d595f1-2cff-49ce-bec0-c7cf4765a051-780x520.jpg 780w, http:\/\/www.celttv.com.ar\/wp-content\/uploads\/2021\/12\/88d595f1-2cff-49ce-bec0-c7cf4765a051-768x512.jpg 768w, http:\/\/www.celttv.com.ar\/wp-content\/uploads\/2021\/12\/88d595f1-2cff-49ce-bec0-c7cf4765a051.jpg 1152w\" alt=\"\" width=\"1024\" height=\"683\" \/><\/figure>\n<figure class=\"wp-block-image size-large\"><img loading=\"lazy\" decoding=\"async\" class=\"wp-image-62210\" src=\"http:\/\/www.celttv.com.ar\/wp-content\/uploads\/2021\/12\/92af20b8-4268-4ac4-86f4-4129de6ea18b-1024x683.jpg\" sizes=\"auto, (max-width: 1024px) 100vw, 1024px\" srcset=\"http:\/\/www.celttv.com.ar\/wp-content\/uploads\/2021\/12\/92af20b8-4268-4ac4-86f4-4129de6ea18b-1024x683.jpg 1024w, http:\/\/www.celttv.com.ar\/wp-content\/uploads\/2021\/12\/92af20b8-4268-4ac4-86f4-4129de6ea18b-780x520.jpg 780w, http:\/\/www.celttv.com.ar\/wp-content\/uploads\/2021\/12\/92af20b8-4268-4ac4-86f4-4129de6ea18b-768x512.jpg 768w, http:\/\/www.celttv.com.ar\/wp-content\/uploads\/2021\/12\/92af20b8-4268-4ac4-86f4-4129de6ea18b.jpg 1152w\" alt=\"\" width=\"1024\" height=\"683\" \/><\/figure>\n<figure class=\"wp-block-image size-large\"><img loading=\"lazy\" decoding=\"async\" class=\"wp-image-62211\" src=\"http:\/\/www.celttv.com.ar\/wp-content\/uploads\/2021\/12\/3360e484-f485-4f77-b6fe-da3c1bcae387-1024x683.jpg\" sizes=\"auto, (max-width: 1024px) 100vw, 1024px\" srcset=\"http:\/\/www.celttv.com.ar\/wp-content\/uploads\/2021\/12\/3360e484-f485-4f77-b6fe-da3c1bcae387-1024x683.jpg 1024w, http:\/\/www.celttv.com.ar\/wp-content\/uploads\/2021\/12\/3360e484-f485-4f77-b6fe-da3c1bcae387-780x520.jpg 780w, http:\/\/www.celttv.com.ar\/wp-content\/uploads\/2021\/12\/3360e484-f485-4f77-b6fe-da3c1bcae387-768x512.jpg 768w, http:\/\/www.celttv.com.ar\/wp-content\/uploads\/2021\/12\/3360e484-f485-4f77-b6fe-da3c1bcae387.jpg 1152w\" alt=\"\" width=\"1024\" height=\"683\" \/><\/figure>\n<figure class=\"wp-block-image size-large\"><\/figure>\n<figure class=\"wp-block-image size-large\"><img loading=\"lazy\" decoding=\"async\" class=\"wp-image-62207\" src=\"http:\/\/www.celttv.com.ar\/wp-content\/uploads\/2021\/12\/fd087060-f3fe-4fcf-b0a3-9bf8716d6da1-1024x768.jpg\" sizes=\"auto, (max-width: 1024px) 100vw, 1024px\" srcset=\"http:\/\/www.celttv.com.ar\/wp-content\/uploads\/2021\/12\/fd087060-f3fe-4fcf-b0a3-9bf8716d6da1-1024x768.jpg 1024w, http:\/\/www.celttv.com.ar\/wp-content\/uploads\/2021\/12\/fd087060-f3fe-4fcf-b0a3-9bf8716d6da1-780x585.jpg 780w, http:\/\/www.celttv.com.ar\/wp-content\/uploads\/2021\/12\/fd087060-f3fe-4fcf-b0a3-9bf8716d6da1-768x576.jpg 768w, http:\/\/www.celttv.com.ar\/wp-content\/uploads\/2021\/12\/fd087060-f3fe-4fcf-b0a3-9bf8716d6da1-1536x1152.jpg 1536w, http:\/\/www.celttv.com.ar\/wp-content\/uploads\/2021\/12\/fd087060-f3fe-4fcf-b0a3-9bf8716d6da1.jpg 1600w\" alt=\"\" width=\"1024\" height=\"768\" \/><\/figure>\n<\/div>\n<\/div>\n<\/div>\n<\/article>\n<\/div>\n<\/div>\n<\/div>\n<p>&nbsp;<\/p>\n","protected":false},"excerpt":{"rendered":"<p>(Celt TV Noticias), El incendio de un auto en el predio de la Cooperativa de Transporte de Tornquist, fue el motivo del toque de sirena a las 8.10 de la ma\u00f1ana, lo que demand\u00f3 la intervenci\u00f3n de dos dotaciones de Bomberos Voluntarios de Tornquist.<\/p>\n","protected":false},"author":3,"featured_media":0,"comment_status":"closed","ping_status":"closed","sticky":false,"template":"","format":"standard","meta":{"footnotes":""},"categories":[29],"tags":[],"class_list":["post-65724","post","type-post","status-publish","format-standard","hentry","category-policiales"],"yoast_head":"<!-- This site is optimized with the Yoast SEO plugin v25.9 - https:\/\/yoast.com\/wordpress\/plugins\/seo\/ -->\n<title>Tornquist: Se incendi\u00f3 un auto en la Cooperativa de Transporte (Video) - Noticias Radio Reflejos<\/title>\n<meta name=\"robots\" content=\"index, follow, max-snippet:-1, max-image-preview:large, max-video-preview:-1\" \/>\n<link rel=\"canonical\" href=\"https:\/\/www.noticiasradioreflejos.com.ar\/2021\/tornquist-se-incendio-un-auto-en-la-cooperativa-de-transporte-video\/\" \/>\n<meta property=\"og:locale\" content=\"es_ES\" \/>\n<meta property=\"og:type\" content=\"article\" \/>\n<meta property=\"og:title\" content=\"Tornquist: Se incendi\u00f3 un auto en la Cooperativa de Transporte (Video) - Noticias Radio Reflejos\" \/>\n<meta property=\"og:description\" content=\"(Celt TV Noticias), El incendio de un auto en el predio de la Cooperativa de Transporte de Tornquist, fue el motivo del toque de sirena a las 8.10 de la ma\u00f1ana, lo que demand\u00f3 la intervenci\u00f3n de dos dotaciones de Bomberos Voluntarios de Tornquist.\" \/>\n<meta property=\"og:url\" content=\"https:\/\/www.noticiasradioreflejos.com.ar\/2021\/tornquist-se-incendio-un-auto-en-la-cooperativa-de-transporte-video\/\" \/>\n<meta property=\"og:site_name\" content=\"Noticias Radio Reflejos\" \/>\n<meta property=\"article:published_time\" content=\"2021-12-03T12:18:53+00:00\" \/>\n<meta property=\"article:modified_time\" content=\"2021-12-03T12:25:05+00:00\" \/>\n<meta property=\"og:image\" content=\"http:\/\/www.celttv.com.ar\/wp-content\/uploads\/2021\/12\/66e271c9-1cd3-42aa-ab03-e8e681df4956-1024x768.jpg\" \/>\n<meta name=\"author\" content=\"Arnaldo Botto\" \/>\n<meta name=\"twitter:card\" content=\"summary_large_image\" \/>\n<script type=\"application\/ld+json\" class=\"yoast-schema-graph\">{\"@context\":\"https:\/\/schema.org\",\"@graph\":[{\"@type\":\"WebPage\",\"@id\":\"https:\/\/www.noticiasradioreflejos.com.ar\/2021\/tornquist-se-incendio-un-auto-en-la-cooperativa-de-transporte-video\/\",\"url\":\"https:\/\/www.noticiasradioreflejos.com.ar\/2021\/tornquist-se-incendio-un-auto-en-la-cooperativa-de-transporte-video\/\",\"name\":\"Tornquist: Se incendi\u00f3 un auto en la Cooperativa de Transporte (Video) - Noticias Radio Reflejos\",\"isPartOf\":{\"@id\":\"https:\/\/www.noticiasradioreflejos.com.ar\/2021\/#website\"},\"primaryImageOfPage\":{\"@id\":\"https:\/\/www.noticiasradioreflejos.com.ar\/2021\/tornquist-se-incendio-un-auto-en-la-cooperativa-de-transporte-video\/#primaryimage\"},\"image\":{\"@id\":\"https:\/\/www.noticiasradioreflejos.com.ar\/2021\/tornquist-se-incendio-un-auto-en-la-cooperativa-de-transporte-video\/#primaryimage\"},\"thumbnailUrl\":\"http:\/\/www.celttv.com.ar\/wp-content\/uploads\/2021\/12\/66e271c9-1cd3-42aa-ab03-e8e681df4956-1024x768.jpg\",\"datePublished\":\"2021-12-03T12:18:53+00:00\",\"dateModified\":\"2021-12-03T12:25:05+00:00\",\"author\":{\"@id\":\"https:\/\/www.noticiasradioreflejos.com.ar\/2021\/#\/schema\/person\/ad82545263dcc5ec0996818884fd5fb1\"},\"breadcrumb\":{\"@id\":\"https:\/\/www.noticiasradioreflejos.com.ar\/2021\/tornquist-se-incendio-un-auto-en-la-cooperativa-de-transporte-video\/#breadcrumb\"},\"inLanguage\":\"es\",\"potentialAction\":[{\"@type\":\"ReadAction\",\"target\":[\"https:\/\/www.noticiasradioreflejos.com.ar\/2021\/tornquist-se-incendio-un-auto-en-la-cooperativa-de-transporte-video\/\"]}]},{\"@type\":\"ImageObject\",\"inLanguage\":\"es\",\"@id\":\"https:\/\/www.noticiasradioreflejos.com.ar\/2021\/tornquist-se-incendio-un-auto-en-la-cooperativa-de-transporte-video\/#primaryimage\",\"url\":\"http:\/\/www.celttv.com.ar\/wp-content\/uploads\/2021\/12\/66e271c9-1cd3-42aa-ab03-e8e681df4956-1024x768.jpg\",\"contentUrl\":\"http:\/\/www.celttv.com.ar\/wp-content\/uploads\/2021\/12\/66e271c9-1cd3-42aa-ab03-e8e681df4956-1024x768.jpg\"},{\"@type\":\"BreadcrumbList\",\"@id\":\"https:\/\/www.noticiasradioreflejos.com.ar\/2021\/tornquist-se-incendio-un-auto-en-la-cooperativa-de-transporte-video\/#breadcrumb\",\"itemListElement\":[{\"@type\":\"ListItem\",\"position\":1,\"name\":\"Portada\",\"item\":\"https:\/\/www.noticiasradioreflejos.com.ar\/2021\/\"},{\"@type\":\"ListItem\",\"position\":2,\"name\":\"Tornquist: Se incendi\u00f3 un auto en la Cooperativa de Transporte (Video)\"}]},{\"@type\":\"WebSite\",\"@id\":\"https:\/\/www.noticiasradioreflejos.com.ar\/2021\/#website\",\"url\":\"https:\/\/www.noticiasradioreflejos.com.ar\/2021\/\",\"name\":\"Noticias Radio Reflejos\",\"description\":\"Las noticias de mi comarca\",\"potentialAction\":[{\"@type\":\"SearchAction\",\"target\":{\"@type\":\"EntryPoint\",\"urlTemplate\":\"https:\/\/www.noticiasradioreflejos.com.ar\/2021\/?s={search_term_string}\"},\"query-input\":{\"@type\":\"PropertyValueSpecification\",\"valueRequired\":true,\"valueName\":\"search_term_string\"}}],\"inLanguage\":\"es\"},{\"@type\":\"Person\",\"@id\":\"https:\/\/www.noticiasradioreflejos.com.ar\/2021\/#\/schema\/person\/ad82545263dcc5ec0996818884fd5fb1\",\"name\":\"Arnaldo Botto\",\"image\":{\"@type\":\"ImageObject\",\"inLanguage\":\"es\",\"@id\":\"https:\/\/www.noticiasradioreflejos.com.ar\/2021\/#\/schema\/person\/image\/\",\"url\":\"https:\/\/secure.gravatar.com\/avatar\/55cb5e37c1efa326397366e6974cb338056df65cb50e7d64d1cf314e87504837?s=96&d=mm&r=g\",\"contentUrl\":\"https:\/\/secure.gravatar.com\/avatar\/55cb5e37c1efa326397366e6974cb338056df65cb50e7d64d1cf314e87504837?s=96&d=mm&r=g\",\"caption\":\"Arnaldo Botto\"},\"url\":\"https:\/\/www.noticiasradioreflejos.com.ar\/2021\/author\/arnaldo\/\"}]}<\/script>\n<!-- \/ Yoast SEO plugin. -->","yoast_head_json":{"title":"Tornquist: Se incendi\u00f3 un auto en la Cooperativa de Transporte (Video) - Noticias Radio Reflejos","robots":{"index":"index","follow":"follow","max-snippet":"max-snippet:-1","max-image-preview":"max-image-preview:large","max-video-preview":"max-video-preview:-1"},"canonical":"https:\/\/www.noticiasradioreflejos.com.ar\/2021\/tornquist-se-incendio-un-auto-en-la-cooperativa-de-transporte-video\/","og_locale":"es_ES","og_type":"article","og_title":"Tornquist: Se incendi\u00f3 un auto en la Cooperativa de Transporte (Video) - Noticias Radio Reflejos","og_description":"(Celt TV Noticias), El incendio de un auto en el predio de la Cooperativa de Transporte de Tornquist, fue el motivo del toque de sirena a las 8.10 de la ma\u00f1ana, lo que demand\u00f3 la intervenci\u00f3n de dos dotaciones de Bomberos Voluntarios de Tornquist.","og_url":"https:\/\/www.noticiasradioreflejos.com.ar\/2021\/tornquist-se-incendio-un-auto-en-la-cooperativa-de-transporte-video\/","og_site_name":"Noticias Radio Reflejos","article_published_time":"2021-12-03T12:18:53+00:00","article_modified_time":"2021-12-03T12:25:05+00:00","og_image":[{"url":"http:\/\/www.celttv.com.ar\/wp-content\/uploads\/2021\/12\/66e271c9-1cd3-42aa-ab03-e8e681df4956-1024x768.jpg","type":"","width":"","height":""}],"author":"Arnaldo Botto","twitter_card":"summary_large_image","schema":{"@context":"https:\/\/schema.org","@graph":[{"@type":"WebPage","@id":"https:\/\/www.noticiasradioreflejos.com.ar\/2021\/tornquist-se-incendio-un-auto-en-la-cooperativa-de-transporte-video\/","url":"https:\/\/www.noticiasradioreflejos.com.ar\/2021\/tornquist-se-incendio-un-auto-en-la-cooperativa-de-transporte-video\/","name":"Tornquist: Se incendi\u00f3 un auto en la Cooperativa de Transporte (Video) - Noticias Radio Reflejos","isPartOf":{"@id":"https:\/\/www.noticiasradioreflejos.com.ar\/2021\/#website"},"primaryImageOfPage":{"@id":"https:\/\/www.noticiasradioreflejos.com.ar\/2021\/tornquist-se-incendio-un-auto-en-la-cooperativa-de-transporte-video\/#primaryimage"},"image":{"@id":"https:\/\/www.noticiasradioreflejos.com.ar\/2021\/tornquist-se-incendio-un-auto-en-la-cooperativa-de-transporte-video\/#primaryimage"},"thumbnailUrl":"http:\/\/www.celttv.com.ar\/wp-content\/uploads\/2021\/12\/66e271c9-1cd3-42aa-ab03-e8e681df4956-1024x768.jpg","datePublished":"2021-12-03T12:18:53+00:00","dateModified":"2021-12-03T12:25:05+00:00","author":{"@id":"https:\/\/www.noticiasradioreflejos.com.ar\/2021\/#\/schema\/person\/ad82545263dcc5ec0996818884fd5fb1"},"breadcrumb":{"@id":"https:\/\/www.noticiasradioreflejos.com.ar\/2021\/tornquist-se-incendio-un-auto-en-la-cooperativa-de-transporte-video\/#breadcrumb"},"inLanguage":"es","potentialAction":[{"@type":"ReadAction","target":["https:\/\/www.noticiasradioreflejos.com.ar\/2021\/tornquist-se-incendio-un-auto-en-la-cooperativa-de-transporte-video\/"]}]},{"@type":"ImageObject","inLanguage":"es","@id":"https:\/\/www.noticiasradioreflejos.com.ar\/2021\/tornquist-se-incendio-un-auto-en-la-cooperativa-de-transporte-video\/#primaryimage","url":"http:\/\/www.celttv.com.ar\/wp-content\/uploads\/2021\/12\/66e271c9-1cd3-42aa-ab03-e8e681df4956-1024x768.jpg","contentUrl":"http:\/\/www.celttv.com.ar\/wp-content\/uploads\/2021\/12\/66e271c9-1cd3-42aa-ab03-e8e681df4956-1024x768.jpg"},{"@type":"BreadcrumbList","@id":"https:\/\/www.noticiasradioreflejos.com.ar\/2021\/tornquist-se-incendio-un-auto-en-la-cooperativa-de-transporte-video\/#breadcrumb","itemListElement":[{"@type":"ListItem","position":1,"name":"Portada","item":"https:\/\/www.noticiasradioreflejos.com.ar\/2021\/"},{"@type":"ListItem","position":2,"name":"Tornquist: Se incendi\u00f3 un auto en la Cooperativa de Transporte (Video)"}]},{"@type":"WebSite","@id":"https:\/\/www.noticiasradioreflejos.com.ar\/2021\/#website","url":"https:\/\/www.noticiasradioreflejos.com.ar\/2021\/","name":"Noticias Radio Reflejos","description":"Las noticias de mi comarca","potentialAction":[{"@type":"SearchAction","target":{"@type":"EntryPoint","urlTemplate":"https:\/\/www.noticiasradioreflejos.com.ar\/2021\/?s={search_term_string}"},"query-input":{"@type":"PropertyValueSpecification","valueRequired":true,"valueName":"search_term_string"}}],"inLanguage":"es"},{"@type":"Person","@id":"https:\/\/www.noticiasradioreflejos.com.ar\/2021\/#\/schema\/person\/ad82545263dcc5ec0996818884fd5fb1","name":"Arnaldo Botto","image":{"@type":"ImageObject","inLanguage":"es","@id":"https:\/\/www.noticiasradioreflejos.com.ar\/2021\/#\/schema\/person\/image\/","url":"https:\/\/secure.gravatar.com\/avatar\/55cb5e37c1efa326397366e6974cb338056df65cb50e7d64d1cf314e87504837?s=96&d=mm&r=g","contentUrl":"https:\/\/secure.gravatar.com\/avatar\/55cb5e37c1efa326397366e6974cb338056df65cb50e7d64d1cf314e87504837?s=96&d=mm&r=g","caption":"Arnaldo Botto"},"url":"https:\/\/www.noticiasradioreflejos.com.ar\/2021\/author\/arnaldo\/"}]}},"_links":{"self":[{"href":"https:\/\/www.noticiasradioreflejos.com.ar\/2021\/wp-json\/wp\/v2\/posts\/65724","targetHints":{"allow":["GET"]}}],"collection":[{"href":"https:\/\/www.noticiasradioreflejos.com.ar\/2021\/wp-json\/wp\/v2\/posts"}],"about":[{"href":"https:\/\/www.noticiasradioreflejos.com.ar\/2021\/wp-json\/wp\/v2\/types\/post"}],"author":[{"embeddable":true,"href":"https:\/\/www.noticiasradioreflejos.com.ar\/2021\/wp-json\/wp\/v2\/users\/3"}],"replies":[{"embeddable":true,"href":"https:\/\/www.noticiasradioreflejos.com.ar\/2021\/wp-json\/wp\/v2\/comments?post=65724"}],"version-history":[{"count":2,"href":"https:\/\/www.noticiasradioreflejos.com.ar\/2021\/wp-json\/wp\/v2\/posts\/65724\/revisions"}],"predecessor-version":[{"id":65727,"href":"https:\/\/www.noticiasradioreflejos.com.ar\/2021\/wp-json\/wp\/v2\/posts\/65724\/revisions\/65727"}],"wp:attachment":[{"href":"https:\/\/www.noticiasradioreflejos.com.ar\/2021\/wp-json\/wp\/v2\/media?parent=65724"}],"wp:term":[{"taxonomy":"category","embeddable":true,"href":"https:\/\/www.noticiasradioreflejos.com.ar\/2021\/wp-json\/wp\/v2\/categories?post=65724"},{"taxonomy":"post_tag","embeddable":true,"href":"https:\/\/www.noticiasradioreflejos.com.ar\/2021\/wp-json\/wp\/v2\/tags?post=65724"}],"curies":[{"name":"wp","href":"https:\/\/api.w.org\/{rel}","templated":true}]}}