{"id":65709,"date":"2021-12-03T10:56:23","date_gmt":"2021-12-03T10:56:23","guid":{"rendered":"http:\/\/www.noticiasradioreflejos.com.ar\/2021\/?p=65709"},"modified":"2021-12-03T13:22:55","modified_gmt":"2021-12-03T13:22:55","slug":"se-registraron-abundantes-lluvias-en-sierra-de-la-ventana-y-gran-parte-de-la-zona","status":"publish","type":"post","link":"https:\/\/www.noticiasradioreflejos.com.ar\/2021\/se-registraron-abundantes-lluvias-en-sierra-de-la-ventana-y-gran-parte-de-la-zona\/","title":{"rendered":"Se registraron abundantes lluvias en Sierra de la Ventana y gran parte de la zona"},"content":{"rendered":"<p>Un total de 53 mm cayeron en Sierra de la Ventana. Hubo tambi\u00e9n lluvias en toda la comarca.<br \/>\n<!--more--><\/p>\n<p>Las primeras gotas llegaron a las 17 hs de este jueves 2 de diciembre y llovieron 43 mm con tormenta el\u00e9ctrica de por medio. Durante la madrugada de hoy viernes cayeron 20 mm m\u00e1s. En estancia San Pedro (Estaci\u00f3n Peralta) se registraron 92 mm y en Cnel Pringles 84 mm.<\/p>\n<p>Con un pron\u00f3stico exacto en cuanto a la llegada de la lluvia, que lo hizo en forma fuerte durante toda la tarde, noche y madrugada de hoy. En Sierra de la Ventana se escucharon durante varios minutos truenos, a la vez que llov\u00eda y el viento sub\u00eda su intensidad desde el sector Sudsudeste. En la ciudad de Tornquist las descargas el\u00e9ctricas fueron mucho mas intensas, con ca\u00edda de rayos y rel\u00e1mpagos en forma frecuente.<\/p>\n<p>La gran expectativa con estos registros es que suban los niveles en los cauces del rio Sauce Grande y arroyos afluentes de la zona que son los principales atractivos en toda \u00e9poca del a\u00f1o, especialmente ante la llegada del verano y las altas temperaturas, que permiten disfrutar a vecinos y turistas de frescos chapuzones.<\/p>\n<p>El pronostico anuncia para hoy viernes y ma\u00f1ana s\u00e1bado, inestable, chaparrones aislados con lluvias suaves durante la noche de este viernes y s\u00e1bado al medio d\u00eda, los vientos ser\u00e1n del estesudeste rotando al este para el domingo. Las temperaturas se mantendr\u00e1n con poco cambio, entre los 13\u00b0 y los 16\u00b0.<\/p>\n<p>&nbsp;<\/p>\n<p><strong>Datos de lluvias hasta las 8 de la ma\u00f1ana<\/strong><\/p>\n<p>53 mm Sierra de la Ventana<br \/>\n63 mm en Calquin<br \/>\n26 mm Villa Ventana<br \/>\n24 mm en Cerro Napost\u00e1 Oeste<br \/>\n53 mm en Saldungaray<br \/>\n92 en San Pedro (Estaci\u00f3n Z. Peralta)<br \/>\n69 mm en Las Acacias<br \/>\n24.4 mm en el Cerro Naposta<br \/>\n65 mm en Tornquist<br \/>\n55 en Chasic\u00f3<br \/>\n57 mm Estancia Funke<br \/>\n17 mm en Frapal<br \/>\n18.2 mm en Cabildo<br \/>\n46 mm Tres Picos<br \/>\n44 mm. en Pig\u00fc\u00e9<br \/>\n46 mm. en Dufaur<br \/>\n84 mm en Cnel Pringles<br \/>\n60 mm en La Paloma<br \/>\n40 mm en el Pantanoso<br \/>\n23 mm. en Coronel Su\u00e1rez<br \/>\n18 mm. en Huanguel\u00e9n<br \/>\n42.5 mm en Pasman<br \/>\n18.6 mm en Cura Malal<br \/>\n32 mm en San Eloy<br \/>\n10 mm en Monte Hermoso<br \/>\n44.5 mm Cahue<br \/>\n6 mm en Teniente Origone<br \/>\n12 mm en Bajo Hondo<br \/>\n39 en 17 de Agosto<br \/>\n21 mm en Bah\u00eda Blanca.<\/p>\n<p>En cuanto a la zona productiva se registraron:\u00a0 San Carlos (Estaci\u00f3n Peralta) 135 mm., Gure Cabya (Estaci\u00f3n Peralta) 126 mm., El Perdido (Ruta 76, zona Sierras) 101 mm., Sauce Corto (Camino Campamento) 100 mm., El Hornero (detr\u00e1s de La Qui\u00f1igua) 89 mm., San Pedro 92 mm., El Relincho 86 mm., Lolen casco 76 mm., entrada 62 mm., Las Acacias 69 mm., Los Moritos 55 mm., Feedlot Cuatro Huellas (Pasman) 52 mm., Don Gast\u00f3n (Pasman) 50 mm., La Concepci\u00f3n 50 mm., La Anunciaci\u00f3n 50 mm., Santa Marta 44 mm., Cerro Largo 43 mm., El Amanecer 42 mm., La Lonja de Harriott 42 mm., Menivea 42 mm., El Pantanoso 40 mm., La Ventura 40 mm., La Carolina 35 mm., La Luz 34 mm., La Anita 34 mm., San Jos\u00e9 de Las Tunas 33 mm., La Providencia 30 mm., La Fanny 28 mm., Tinago 28 mm., La Gu\u00eda 26 mm., Los Bayos 25 mm., La Carmita 25 mm., El Retiro 24 mm., La Macaca 22 mm., La Lola 25 mm., Las Barrancas 21 mm., Valle Mar\u00eda 20 mm.,<\/p>\n<p>La Carola 20 mm., La Lonja 20 mm., San Alberto 20 mm. y La Lucha (La Colina) 20 mm.<\/p>\n","protected":false},"excerpt":{"rendered":"<p>Un total de 53 mm cayeron en Sierra de la Ventana. Hubo tambi\u00e9n lluvias en toda la comarca.<\/p>\n","protected":false},"author":3,"featured_media":0,"comment_status":"closed","ping_status":"closed","sticky":false,"template":"","format":"standard","meta":{"footnotes":""},"categories":[26],"tags":[48],"class_list":["post-65709","post","type-post","status-publish","format-standard","hentry","category-sociedad","tag-destacada"],"yoast_head":"<!-- This site is optimized with the Yoast SEO plugin v25.9 - https:\/\/yoast.com\/wordpress\/plugins\/seo\/ -->\n<title>Se registraron abundantes lluvias en Sierra de la Ventana y gran parte de la zona - Noticias Radio Reflejos<\/title>\n<meta name=\"robots\" content=\"index, follow, max-snippet:-1, max-image-preview:large, max-video-preview:-1\" \/>\n<link rel=\"canonical\" href=\"https:\/\/www.noticiasradioreflejos.com.ar\/2021\/se-registraron-abundantes-lluvias-en-sierra-de-la-ventana-y-gran-parte-de-la-zona\/\" \/>\n<meta property=\"og:locale\" content=\"es_ES\" \/>\n<meta property=\"og:type\" content=\"article\" \/>\n<meta property=\"og:title\" content=\"Se registraron abundantes lluvias en Sierra de la Ventana y gran parte de la zona - Noticias Radio Reflejos\" \/>\n<meta property=\"og:description\" content=\"Un total de 53 mm cayeron en Sierra de la Ventana. Hubo tambi\u00e9n lluvias en toda la comarca.\" \/>\n<meta property=\"og:url\" content=\"https:\/\/www.noticiasradioreflejos.com.ar\/2021\/se-registraron-abundantes-lluvias-en-sierra-de-la-ventana-y-gran-parte-de-la-zona\/\" \/>\n<meta property=\"og:site_name\" content=\"Noticias Radio Reflejos\" \/>\n<meta property=\"article:published_time\" content=\"2021-12-03T10:56:23+00:00\" \/>\n<meta property=\"article:modified_time\" content=\"2021-12-03T13:22:55+00:00\" \/>\n<meta property=\"og:image\" content=\"https:\/\/www.noticiasradioreflejos.com.ar\/2021\/wp-content\/uploads\/2021\/07\/logosol300x200.png\" \/>\n\t<meta property=\"og:image:width\" content=\"300\" \/>\n\t<meta property=\"og:image:height\" content=\"200\" \/>\n\t<meta property=\"og:image:type\" content=\"image\/png\" \/>\n<meta name=\"author\" content=\"Arnaldo Botto\" \/>\n<meta name=\"twitter:card\" content=\"summary_large_image\" \/>\n<script type=\"application\/ld+json\" class=\"yoast-schema-graph\">{\"@context\":\"https:\/\/schema.org\",\"@graph\":[{\"@type\":\"WebPage\",\"@id\":\"https:\/\/www.noticiasradioreflejos.com.ar\/2021\/se-registraron-abundantes-lluvias-en-sierra-de-la-ventana-y-gran-parte-de-la-zona\/\",\"url\":\"https:\/\/www.noticiasradioreflejos.com.ar\/2021\/se-registraron-abundantes-lluvias-en-sierra-de-la-ventana-y-gran-parte-de-la-zona\/\",\"name\":\"Se registraron abundantes lluvias en Sierra de la Ventana y gran parte de la zona - Noticias Radio Reflejos\",\"isPartOf\":{\"@id\":\"https:\/\/www.noticiasradioreflejos.com.ar\/2021\/#website\"},\"datePublished\":\"2021-12-03T10:56:23+00:00\",\"dateModified\":\"2021-12-03T13:22:55+00:00\",\"author\":{\"@id\":\"https:\/\/www.noticiasradioreflejos.com.ar\/2021\/#\/schema\/person\/ad82545263dcc5ec0996818884fd5fb1\"},\"breadcrumb\":{\"@id\":\"https:\/\/www.noticiasradioreflejos.com.ar\/2021\/se-registraron-abundantes-lluvias-en-sierra-de-la-ventana-y-gran-parte-de-la-zona\/#breadcrumb\"},\"inLanguage\":\"es\",\"potentialAction\":[{\"@type\":\"ReadAction\",\"target\":[\"https:\/\/www.noticiasradioreflejos.com.ar\/2021\/se-registraron-abundantes-lluvias-en-sierra-de-la-ventana-y-gran-parte-de-la-zona\/\"]}]},{\"@type\":\"BreadcrumbList\",\"@id\":\"https:\/\/www.noticiasradioreflejos.com.ar\/2021\/se-registraron-abundantes-lluvias-en-sierra-de-la-ventana-y-gran-parte-de-la-zona\/#breadcrumb\",\"itemListElement\":[{\"@type\":\"ListItem\",\"position\":1,\"name\":\"Portada\",\"item\":\"https:\/\/www.noticiasradioreflejos.com.ar\/2021\/\"},{\"@type\":\"ListItem\",\"position\":2,\"name\":\"Se registraron abundantes lluvias en Sierra de la Ventana y gran parte de la zona\"}]},{\"@type\":\"WebSite\",\"@id\":\"https:\/\/www.noticiasradioreflejos.com.ar\/2021\/#website\",\"url\":\"https:\/\/www.noticiasradioreflejos.com.ar\/2021\/\",\"name\":\"Noticias Radio Reflejos\",\"description\":\"Las noticias de mi comarca\",\"potentialAction\":[{\"@type\":\"SearchAction\",\"target\":{\"@type\":\"EntryPoint\",\"urlTemplate\":\"https:\/\/www.noticiasradioreflejos.com.ar\/2021\/?s={search_term_string}\"},\"query-input\":{\"@type\":\"PropertyValueSpecification\",\"valueRequired\":true,\"valueName\":\"search_term_string\"}}],\"inLanguage\":\"es\"},{\"@type\":\"Person\",\"@id\":\"https:\/\/www.noticiasradioreflejos.com.ar\/2021\/#\/schema\/person\/ad82545263dcc5ec0996818884fd5fb1\",\"name\":\"Arnaldo Botto\",\"image\":{\"@type\":\"ImageObject\",\"inLanguage\":\"es\",\"@id\":\"https:\/\/www.noticiasradioreflejos.com.ar\/2021\/#\/schema\/person\/image\/\",\"url\":\"https:\/\/secure.gravatar.com\/avatar\/55cb5e37c1efa326397366e6974cb338056df65cb50e7d64d1cf314e87504837?s=96&d=mm&r=g\",\"contentUrl\":\"https:\/\/secure.gravatar.com\/avatar\/55cb5e37c1efa326397366e6974cb338056df65cb50e7d64d1cf314e87504837?s=96&d=mm&r=g\",\"caption\":\"Arnaldo Botto\"},\"url\":\"https:\/\/www.noticiasradioreflejos.com.ar\/2021\/author\/arnaldo\/\"}]}<\/script>\n<!-- \/ Yoast SEO plugin. -->","yoast_head_json":{"title":"Se registraron abundantes lluvias en Sierra de la Ventana y gran parte de la zona - Noticias Radio Reflejos","robots":{"index":"index","follow":"follow","max-snippet":"max-snippet:-1","max-image-preview":"max-image-preview:large","max-video-preview":"max-video-preview:-1"},"canonical":"https:\/\/www.noticiasradioreflejos.com.ar\/2021\/se-registraron-abundantes-lluvias-en-sierra-de-la-ventana-y-gran-parte-de-la-zona\/","og_locale":"es_ES","og_type":"article","og_title":"Se registraron abundantes lluvias en Sierra de la Ventana y gran parte de la zona - Noticias Radio Reflejos","og_description":"Un total de 53 mm cayeron en Sierra de la Ventana. Hubo tambi\u00e9n lluvias en toda la comarca.","og_url":"https:\/\/www.noticiasradioreflejos.com.ar\/2021\/se-registraron-abundantes-lluvias-en-sierra-de-la-ventana-y-gran-parte-de-la-zona\/","og_site_name":"Noticias Radio Reflejos","article_published_time":"2021-12-03T10:56:23+00:00","article_modified_time":"2021-12-03T13:22:55+00:00","og_image":[{"width":300,"height":200,"url":"https:\/\/www.noticiasradioreflejos.com.ar\/2021\/wp-content\/uploads\/2021\/07\/logosol300x200.png","type":"image\/png"}],"author":"Arnaldo Botto","twitter_card":"summary_large_image","schema":{"@context":"https:\/\/schema.org","@graph":[{"@type":"WebPage","@id":"https:\/\/www.noticiasradioreflejos.com.ar\/2021\/se-registraron-abundantes-lluvias-en-sierra-de-la-ventana-y-gran-parte-de-la-zona\/","url":"https:\/\/www.noticiasradioreflejos.com.ar\/2021\/se-registraron-abundantes-lluvias-en-sierra-de-la-ventana-y-gran-parte-de-la-zona\/","name":"Se registraron abundantes lluvias en Sierra de la Ventana y gran parte de la zona - Noticias Radio Reflejos","isPartOf":{"@id":"https:\/\/www.noticiasradioreflejos.com.ar\/2021\/#website"},"datePublished":"2021-12-03T10:56:23+00:00","dateModified":"2021-12-03T13:22:55+00:00","author":{"@id":"https:\/\/www.noticiasradioreflejos.com.ar\/2021\/#\/schema\/person\/ad82545263dcc5ec0996818884fd5fb1"},"breadcrumb":{"@id":"https:\/\/www.noticiasradioreflejos.com.ar\/2021\/se-registraron-abundantes-lluvias-en-sierra-de-la-ventana-y-gran-parte-de-la-zona\/#breadcrumb"},"inLanguage":"es","potentialAction":[{"@type":"ReadAction","target":["https:\/\/www.noticiasradioreflejos.com.ar\/2021\/se-registraron-abundantes-lluvias-en-sierra-de-la-ventana-y-gran-parte-de-la-zona\/"]}]},{"@type":"BreadcrumbList","@id":"https:\/\/www.noticiasradioreflejos.com.ar\/2021\/se-registraron-abundantes-lluvias-en-sierra-de-la-ventana-y-gran-parte-de-la-zona\/#breadcrumb","itemListElement":[{"@type":"ListItem","position":1,"name":"Portada","item":"https:\/\/www.noticiasradioreflejos.com.ar\/2021\/"},{"@type":"ListItem","position":2,"name":"Se registraron abundantes lluvias en Sierra de la Ventana y gran parte de la zona"}]},{"@type":"WebSite","@id":"https:\/\/www.noticiasradioreflejos.com.ar\/2021\/#website","url":"https:\/\/www.noticiasradioreflejos.com.ar\/2021\/","name":"Noticias Radio Reflejos","description":"Las noticias de mi comarca","potentialAction":[{"@type":"SearchAction","target":{"@type":"EntryPoint","urlTemplate":"https:\/\/www.noticiasradioreflejos.com.ar\/2021\/?s={search_term_string}"},"query-input":{"@type":"PropertyValueSpecification","valueRequired":true,"valueName":"search_term_string"}}],"inLanguage":"es"},{"@type":"Person","@id":"https:\/\/www.noticiasradioreflejos.com.ar\/2021\/#\/schema\/person\/ad82545263dcc5ec0996818884fd5fb1","name":"Arnaldo Botto","image":{"@type":"ImageObject","inLanguage":"es","@id":"https:\/\/www.noticiasradioreflejos.com.ar\/2021\/#\/schema\/person\/image\/","url":"https:\/\/secure.gravatar.com\/avatar\/55cb5e37c1efa326397366e6974cb338056df65cb50e7d64d1cf314e87504837?s=96&d=mm&r=g","contentUrl":"https:\/\/secure.gravatar.com\/avatar\/55cb5e37c1efa326397366e6974cb338056df65cb50e7d64d1cf314e87504837?s=96&d=mm&r=g","caption":"Arnaldo Botto"},"url":"https:\/\/www.noticiasradioreflejos.com.ar\/2021\/author\/arnaldo\/"}]}},"_links":{"self":[{"href":"https:\/\/www.noticiasradioreflejos.com.ar\/2021\/wp-json\/wp\/v2\/posts\/65709","targetHints":{"allow":["GET"]}}],"collection":[{"href":"https:\/\/www.noticiasradioreflejos.com.ar\/2021\/wp-json\/wp\/v2\/posts"}],"about":[{"href":"https:\/\/www.noticiasradioreflejos.com.ar\/2021\/wp-json\/wp\/v2\/types\/post"}],"author":[{"embeddable":true,"href":"https:\/\/www.noticiasradioreflejos.com.ar\/2021\/wp-json\/wp\/v2\/users\/3"}],"replies":[{"embeddable":true,"href":"https:\/\/www.noticiasradioreflejos.com.ar\/2021\/wp-json\/wp\/v2\/comments?post=65709"}],"version-history":[{"count":8,"href":"https:\/\/www.noticiasradioreflejos.com.ar\/2021\/wp-json\/wp\/v2\/posts\/65709\/revisions"}],"predecessor-version":[{"id":65732,"href":"https:\/\/www.noticiasradioreflejos.com.ar\/2021\/wp-json\/wp\/v2\/posts\/65709\/revisions\/65732"}],"wp:attachment":[{"href":"https:\/\/www.noticiasradioreflejos.com.ar\/2021\/wp-json\/wp\/v2\/media?parent=65709"}],"wp:term":[{"taxonomy":"category","embeddable":true,"href":"https:\/\/www.noticiasradioreflejos.com.ar\/2021\/wp-json\/wp\/v2\/categories?post=65709"},{"taxonomy":"post_tag","embeddable":true,"href":"https:\/\/www.noticiasradioreflejos.com.ar\/2021\/wp-json\/wp\/v2\/tags?post=65709"}],"curies":[{"name":"wp","href":"https:\/\/api.w.org\/{rel}","templated":true}]}}