{"id":65700,"date":"2021-12-02T23:11:52","date_gmt":"2021-12-02T23:11:52","guid":{"rendered":"http:\/\/www.noticiasradioreflejos.com.ar\/2021\/?p=65700"},"modified":"2021-12-02T23:11:52","modified_gmt":"2021-12-02T23:11:52","slug":"ruta-51-por-una-mala-maniobra-una-combi-choco-contra-un-camion-y-volco","status":"publish","type":"post","link":"https:\/\/www.noticiasradioreflejos.com.ar\/2021\/ruta-51-por-una-mala-maniobra-una-combi-choco-contra-un-camion-y-volco\/","title":{"rendered":"Ruta 51: Por una mala maniobra, una combi choc\u00f3 contra un cami\u00f3n y volc\u00f3"},"content":{"rendered":"<header id=\"mvp-post-head\" class=\"left relative\">Una mala maniobra del conductor en la Ruta 51 a la altura de kil\u00f3metro 697 termin\u00f3 con un herido y una combi volcada la tarde de este jueves.<\/header>\n<p><!--more--><\/p>\n<div class=\"mvp-post-main-out left relative\">\n<div class=\"mvp-post-main-in\">\n<div id=\"mvp-post-content\" class=\"left relative\">\n<div id=\"mvp-content-wrap\" class=\"left relative\">\n<div class=\"mvp-post-soc-out right relative\">\n<div class=\"mvp-post-soc-in\">\n<div id=\"mvp-content-body\" class=\"left relative\">\n<div id=\"mvp-content-body-top\" class=\"left relative\">\n<div id=\"mvp-content-main\" class=\"left relative\">\n<div id=\"textbody\">\n<p>Leonardo Bentancor (46) conduc\u00eda una combi Mercedes Benz desde Pringles hacia Bah\u00eda Blanca e impact\u00f3 contra el lateral de un cami\u00f3n que iba con destino a Buenos Aires, manejado por Jonathan Lois (28), quien sufri\u00f3 un golpe abdominal.<\/p>\n<div class=\"code-block code-block-11\"><\/div>\n<figure class=\"wp-block-image size-large\"><img loading=\"lazy\" decoding=\"async\" class=\"wp-image-176313\" src=\"https:\/\/www.labrujula24.com\/wp-content\/uploads\/2021\/12\/WhatsApp-Image-2021-12-02-at-6.42.31-PM-1.jpeg\" sizes=\"auto, (max-width: 1600px) 100vw, 1600px\" srcset=\"https:\/\/www.labrujula24.com\/wp-content\/uploads\/2021\/12\/WhatsApp-Image-2021-12-02-at-6.42.31-PM-1.jpeg 1600w, https:\/\/www.labrujula24.com\/wp-content\/uploads\/2021\/12\/WhatsApp-Image-2021-12-02-at-6.42.31-PM-1-768x576.jpeg 768w, https:\/\/www.labrujula24.com\/wp-content\/uploads\/2021\/12\/WhatsApp-Image-2021-12-02-at-6.42.31-PM-1-1536x1152.jpeg 1536w\" alt=\"\" width=\"1600\" height=\"1200\" \/><\/figure>\n<p>Producto de la colisi\u00f3n la combi de Betancor qued\u00f3 volcada de lado sobre la banquina. El cami\u00f3n, que se encontraba vac\u00edo, no volc\u00f3 pero tambi\u00e9n ingres\u00f3 al costado de la v\u00eda.<\/p>\n<p>Una ambulancia del servicio Siempre traslad\u00f3 al camionero a un centro hospitalario. En el lugar trabajaron Bomberos Voluntarios de Cabildo, Polic\u00eda Vial y Defensa Civil.<\/p>\n<p>&nbsp;<\/p>\n<figure class=\"wp-block-image size-large\"><img loading=\"lazy\" decoding=\"async\" class=\"wp-image-176314\" src=\"https:\/\/www.labrujula24.com\/wp-content\/uploads\/2021\/12\/WhatsApp-Image-2021-12-02-at-6.42.31-PM-2.jpeg\" sizes=\"auto, (max-width: 1600px) 100vw, 1600px\" srcset=\"https:\/\/www.labrujula24.com\/wp-content\/uploads\/2021\/12\/WhatsApp-Image-2021-12-02-at-6.42.31-PM-2.jpeg 1600w, https:\/\/www.labrujula24.com\/wp-content\/uploads\/2021\/12\/WhatsApp-Image-2021-12-02-at-6.42.31-PM-2-768x576.jpeg 768w, https:\/\/www.labrujula24.com\/wp-content\/uploads\/2021\/12\/WhatsApp-Image-2021-12-02-at-6.42.31-PM-2-1536x1152.jpeg 1536w\" alt=\"\" width=\"1600\" height=\"1200\" \/><\/figure>\n<p><span style=\"color: #0000ff;\"><strong>Fuente La Br\u00fajula<\/strong><\/span><\/p>\n<\/div>\n<\/div>\n<\/div>\n<\/div>\n<\/div>\n<\/div>\n<\/div>\n<\/div>\n<\/div>\n<\/div>\n","protected":false},"excerpt":{"rendered":"<p>Una mala maniobra del conductor en la Ruta 51 a la altura de kil\u00f3metro 697 termin\u00f3 con un herido y una combi volcada la tarde de este jueves.<\/p>\n","protected":false},"author":3,"featured_media":0,"comment_status":"closed","ping_status":"closed","sticky":false,"template":"","format":"standard","meta":{"footnotes":""},"categories":[29],"tags":[],"class_list":["post-65700","post","type-post","status-publish","format-standard","hentry","category-policiales"],"yoast_head":"<!-- This site is optimized with the Yoast SEO plugin v25.9 - https:\/\/yoast.com\/wordpress\/plugins\/seo\/ -->\n<title>Ruta 51: Por una mala maniobra, una combi choc\u00f3 contra un cami\u00f3n y volc\u00f3 - Noticias Radio Reflejos<\/title>\n<meta name=\"robots\" content=\"index, follow, max-snippet:-1, max-image-preview:large, max-video-preview:-1\" \/>\n<link rel=\"canonical\" href=\"https:\/\/www.noticiasradioreflejos.com.ar\/2021\/ruta-51-por-una-mala-maniobra-una-combi-choco-contra-un-camion-y-volco\/\" \/>\n<meta property=\"og:locale\" content=\"es_ES\" \/>\n<meta property=\"og:type\" content=\"article\" \/>\n<meta property=\"og:title\" content=\"Ruta 51: Por una mala maniobra, una combi choc\u00f3 contra un cami\u00f3n y volc\u00f3 - Noticias Radio Reflejos\" \/>\n<meta property=\"og:description\" content=\"Una mala maniobra del conductor en la Ruta 51 a la altura de kil\u00f3metro 697 termin\u00f3 con un herido y una combi volcada la tarde de este jueves.\" \/>\n<meta property=\"og:url\" content=\"https:\/\/www.noticiasradioreflejos.com.ar\/2021\/ruta-51-por-una-mala-maniobra-una-combi-choco-contra-un-camion-y-volco\/\" \/>\n<meta property=\"og:site_name\" content=\"Noticias Radio Reflejos\" \/>\n<meta property=\"article:published_time\" content=\"2021-12-02T23:11:52+00:00\" \/>\n<meta property=\"og:image\" content=\"https:\/\/www.labrujula24.com\/wp-content\/uploads\/2021\/12\/WhatsApp-Image-2021-12-02-at-6.42.31-PM-1.jpeg\" \/>\n<meta name=\"author\" content=\"Arnaldo Botto\" \/>\n<meta name=\"twitter:card\" content=\"summary_large_image\" \/>\n<script type=\"application\/ld+json\" class=\"yoast-schema-graph\">{\"@context\":\"https:\/\/schema.org\",\"@graph\":[{\"@type\":\"WebPage\",\"@id\":\"https:\/\/www.noticiasradioreflejos.com.ar\/2021\/ruta-51-por-una-mala-maniobra-una-combi-choco-contra-un-camion-y-volco\/\",\"url\":\"https:\/\/www.noticiasradioreflejos.com.ar\/2021\/ruta-51-por-una-mala-maniobra-una-combi-choco-contra-un-camion-y-volco\/\",\"name\":\"Ruta 51: Por una mala maniobra, una combi choc\u00f3 contra un cami\u00f3n y volc\u00f3 - Noticias Radio Reflejos\",\"isPartOf\":{\"@id\":\"https:\/\/www.noticiasradioreflejos.com.ar\/2021\/#website\"},\"primaryImageOfPage\":{\"@id\":\"https:\/\/www.noticiasradioreflejos.com.ar\/2021\/ruta-51-por-una-mala-maniobra-una-combi-choco-contra-un-camion-y-volco\/#primaryimage\"},\"image\":{\"@id\":\"https:\/\/www.noticiasradioreflejos.com.ar\/2021\/ruta-51-por-una-mala-maniobra-una-combi-choco-contra-un-camion-y-volco\/#primaryimage\"},\"thumbnailUrl\":\"https:\/\/www.labrujula24.com\/wp-content\/uploads\/2021\/12\/WhatsApp-Image-2021-12-02-at-6.42.31-PM-1.jpeg\",\"datePublished\":\"2021-12-02T23:11:52+00:00\",\"author\":{\"@id\":\"https:\/\/www.noticiasradioreflejos.com.ar\/2021\/#\/schema\/person\/ad82545263dcc5ec0996818884fd5fb1\"},\"breadcrumb\":{\"@id\":\"https:\/\/www.noticiasradioreflejos.com.ar\/2021\/ruta-51-por-una-mala-maniobra-una-combi-choco-contra-un-camion-y-volco\/#breadcrumb\"},\"inLanguage\":\"es\",\"potentialAction\":[{\"@type\":\"ReadAction\",\"target\":[\"https:\/\/www.noticiasradioreflejos.com.ar\/2021\/ruta-51-por-una-mala-maniobra-una-combi-choco-contra-un-camion-y-volco\/\"]}]},{\"@type\":\"ImageObject\",\"inLanguage\":\"es\",\"@id\":\"https:\/\/www.noticiasradioreflejos.com.ar\/2021\/ruta-51-por-una-mala-maniobra-una-combi-choco-contra-un-camion-y-volco\/#primaryimage\",\"url\":\"https:\/\/www.labrujula24.com\/wp-content\/uploads\/2021\/12\/WhatsApp-Image-2021-12-02-at-6.42.31-PM-1.jpeg\",\"contentUrl\":\"https:\/\/www.labrujula24.com\/wp-content\/uploads\/2021\/12\/WhatsApp-Image-2021-12-02-at-6.42.31-PM-1.jpeg\"},{\"@type\":\"BreadcrumbList\",\"@id\":\"https:\/\/www.noticiasradioreflejos.com.ar\/2021\/ruta-51-por-una-mala-maniobra-una-combi-choco-contra-un-camion-y-volco\/#breadcrumb\",\"itemListElement\":[{\"@type\":\"ListItem\",\"position\":1,\"name\":\"Portada\",\"item\":\"https:\/\/www.noticiasradioreflejos.com.ar\/2021\/\"},{\"@type\":\"ListItem\",\"position\":2,\"name\":\"Ruta 51: Por una mala maniobra, una combi choc\u00f3 contra un cami\u00f3n y volc\u00f3\"}]},{\"@type\":\"WebSite\",\"@id\":\"https:\/\/www.noticiasradioreflejos.com.ar\/2021\/#website\",\"url\":\"https:\/\/www.noticiasradioreflejos.com.ar\/2021\/\",\"name\":\"Noticias Radio Reflejos\",\"description\":\"Las noticias de mi comarca\",\"potentialAction\":[{\"@type\":\"SearchAction\",\"target\":{\"@type\":\"EntryPoint\",\"urlTemplate\":\"https:\/\/www.noticiasradioreflejos.com.ar\/2021\/?s={search_term_string}\"},\"query-input\":{\"@type\":\"PropertyValueSpecification\",\"valueRequired\":true,\"valueName\":\"search_term_string\"}}],\"inLanguage\":\"es\"},{\"@type\":\"Person\",\"@id\":\"https:\/\/www.noticiasradioreflejos.com.ar\/2021\/#\/schema\/person\/ad82545263dcc5ec0996818884fd5fb1\",\"name\":\"Arnaldo Botto\",\"image\":{\"@type\":\"ImageObject\",\"inLanguage\":\"es\",\"@id\":\"https:\/\/www.noticiasradioreflejos.com.ar\/2021\/#\/schema\/person\/image\/\",\"url\":\"https:\/\/secure.gravatar.com\/avatar\/55cb5e37c1efa326397366e6974cb338056df65cb50e7d64d1cf314e87504837?s=96&d=mm&r=g\",\"contentUrl\":\"https:\/\/secure.gravatar.com\/avatar\/55cb5e37c1efa326397366e6974cb338056df65cb50e7d64d1cf314e87504837?s=96&d=mm&r=g\",\"caption\":\"Arnaldo Botto\"},\"url\":\"https:\/\/www.noticiasradioreflejos.com.ar\/2021\/author\/arnaldo\/\"}]}<\/script>\n<!-- \/ Yoast SEO plugin. -->","yoast_head_json":{"title":"Ruta 51: Por una mala maniobra, una combi choc\u00f3 contra un cami\u00f3n y volc\u00f3 - Noticias Radio Reflejos","robots":{"index":"index","follow":"follow","max-snippet":"max-snippet:-1","max-image-preview":"max-image-preview:large","max-video-preview":"max-video-preview:-1"},"canonical":"https:\/\/www.noticiasradioreflejos.com.ar\/2021\/ruta-51-por-una-mala-maniobra-una-combi-choco-contra-un-camion-y-volco\/","og_locale":"es_ES","og_type":"article","og_title":"Ruta 51: Por una mala maniobra, una combi choc\u00f3 contra un cami\u00f3n y volc\u00f3 - Noticias Radio Reflejos","og_description":"Una mala maniobra del conductor en la Ruta 51 a la altura de kil\u00f3metro 697 termin\u00f3 con un herido y una combi volcada la tarde de este jueves.","og_url":"https:\/\/www.noticiasradioreflejos.com.ar\/2021\/ruta-51-por-una-mala-maniobra-una-combi-choco-contra-un-camion-y-volco\/","og_site_name":"Noticias Radio Reflejos","article_published_time":"2021-12-02T23:11:52+00:00","og_image":[{"url":"https:\/\/www.labrujula24.com\/wp-content\/uploads\/2021\/12\/WhatsApp-Image-2021-12-02-at-6.42.31-PM-1.jpeg","type":"","width":"","height":""}],"author":"Arnaldo Botto","twitter_card":"summary_large_image","schema":{"@context":"https:\/\/schema.org","@graph":[{"@type":"WebPage","@id":"https:\/\/www.noticiasradioreflejos.com.ar\/2021\/ruta-51-por-una-mala-maniobra-una-combi-choco-contra-un-camion-y-volco\/","url":"https:\/\/www.noticiasradioreflejos.com.ar\/2021\/ruta-51-por-una-mala-maniobra-una-combi-choco-contra-un-camion-y-volco\/","name":"Ruta 51: Por una mala maniobra, una combi choc\u00f3 contra un cami\u00f3n y volc\u00f3 - Noticias Radio Reflejos","isPartOf":{"@id":"https:\/\/www.noticiasradioreflejos.com.ar\/2021\/#website"},"primaryImageOfPage":{"@id":"https:\/\/www.noticiasradioreflejos.com.ar\/2021\/ruta-51-por-una-mala-maniobra-una-combi-choco-contra-un-camion-y-volco\/#primaryimage"},"image":{"@id":"https:\/\/www.noticiasradioreflejos.com.ar\/2021\/ruta-51-por-una-mala-maniobra-una-combi-choco-contra-un-camion-y-volco\/#primaryimage"},"thumbnailUrl":"https:\/\/www.labrujula24.com\/wp-content\/uploads\/2021\/12\/WhatsApp-Image-2021-12-02-at-6.42.31-PM-1.jpeg","datePublished":"2021-12-02T23:11:52+00:00","author":{"@id":"https:\/\/www.noticiasradioreflejos.com.ar\/2021\/#\/schema\/person\/ad82545263dcc5ec0996818884fd5fb1"},"breadcrumb":{"@id":"https:\/\/www.noticiasradioreflejos.com.ar\/2021\/ruta-51-por-una-mala-maniobra-una-combi-choco-contra-un-camion-y-volco\/#breadcrumb"},"inLanguage":"es","potentialAction":[{"@type":"ReadAction","target":["https:\/\/www.noticiasradioreflejos.com.ar\/2021\/ruta-51-por-una-mala-maniobra-una-combi-choco-contra-un-camion-y-volco\/"]}]},{"@type":"ImageObject","inLanguage":"es","@id":"https:\/\/www.noticiasradioreflejos.com.ar\/2021\/ruta-51-por-una-mala-maniobra-una-combi-choco-contra-un-camion-y-volco\/#primaryimage","url":"https:\/\/www.labrujula24.com\/wp-content\/uploads\/2021\/12\/WhatsApp-Image-2021-12-02-at-6.42.31-PM-1.jpeg","contentUrl":"https:\/\/www.labrujula24.com\/wp-content\/uploads\/2021\/12\/WhatsApp-Image-2021-12-02-at-6.42.31-PM-1.jpeg"},{"@type":"BreadcrumbList","@id":"https:\/\/www.noticiasradioreflejos.com.ar\/2021\/ruta-51-por-una-mala-maniobra-una-combi-choco-contra-un-camion-y-volco\/#breadcrumb","itemListElement":[{"@type":"ListItem","position":1,"name":"Portada","item":"https:\/\/www.noticiasradioreflejos.com.ar\/2021\/"},{"@type":"ListItem","position":2,"name":"Ruta 51: Por una mala maniobra, una combi choc\u00f3 contra un cami\u00f3n y volc\u00f3"}]},{"@type":"WebSite","@id":"https:\/\/www.noticiasradioreflejos.com.ar\/2021\/#website","url":"https:\/\/www.noticiasradioreflejos.com.ar\/2021\/","name":"Noticias Radio Reflejos","description":"Las noticias de mi comarca","potentialAction":[{"@type":"SearchAction","target":{"@type":"EntryPoint","urlTemplate":"https:\/\/www.noticiasradioreflejos.com.ar\/2021\/?s={search_term_string}"},"query-input":{"@type":"PropertyValueSpecification","valueRequired":true,"valueName":"search_term_string"}}],"inLanguage":"es"},{"@type":"Person","@id":"https:\/\/www.noticiasradioreflejos.com.ar\/2021\/#\/schema\/person\/ad82545263dcc5ec0996818884fd5fb1","name":"Arnaldo Botto","image":{"@type":"ImageObject","inLanguage":"es","@id":"https:\/\/www.noticiasradioreflejos.com.ar\/2021\/#\/schema\/person\/image\/","url":"https:\/\/secure.gravatar.com\/avatar\/55cb5e37c1efa326397366e6974cb338056df65cb50e7d64d1cf314e87504837?s=96&d=mm&r=g","contentUrl":"https:\/\/secure.gravatar.com\/avatar\/55cb5e37c1efa326397366e6974cb338056df65cb50e7d64d1cf314e87504837?s=96&d=mm&r=g","caption":"Arnaldo Botto"},"url":"https:\/\/www.noticiasradioreflejos.com.ar\/2021\/author\/arnaldo\/"}]}},"_links":{"self":[{"href":"https:\/\/www.noticiasradioreflejos.com.ar\/2021\/wp-json\/wp\/v2\/posts\/65700","targetHints":{"allow":["GET"]}}],"collection":[{"href":"https:\/\/www.noticiasradioreflejos.com.ar\/2021\/wp-json\/wp\/v2\/posts"}],"about":[{"href":"https:\/\/www.noticiasradioreflejos.com.ar\/2021\/wp-json\/wp\/v2\/types\/post"}],"author":[{"embeddable":true,"href":"https:\/\/www.noticiasradioreflejos.com.ar\/2021\/wp-json\/wp\/v2\/users\/3"}],"replies":[{"embeddable":true,"href":"https:\/\/www.noticiasradioreflejos.com.ar\/2021\/wp-json\/wp\/v2\/comments?post=65700"}],"version-history":[{"count":1,"href":"https:\/\/www.noticiasradioreflejos.com.ar\/2021\/wp-json\/wp\/v2\/posts\/65700\/revisions"}],"predecessor-version":[{"id":65702,"href":"https:\/\/www.noticiasradioreflejos.com.ar\/2021\/wp-json\/wp\/v2\/posts\/65700\/revisions\/65702"}],"wp:attachment":[{"href":"https:\/\/www.noticiasradioreflejos.com.ar\/2021\/wp-json\/wp\/v2\/media?parent=65700"}],"wp:term":[{"taxonomy":"category","embeddable":true,"href":"https:\/\/www.noticiasradioreflejos.com.ar\/2021\/wp-json\/wp\/v2\/categories?post=65700"},{"taxonomy":"post_tag","embeddable":true,"href":"https:\/\/www.noticiasradioreflejos.com.ar\/2021\/wp-json\/wp\/v2\/tags?post=65700"}],"curies":[{"name":"wp","href":"https:\/\/api.w.org\/{rel}","templated":true}]}}