{"id":65692,"date":"2021-12-02T23:02:20","date_gmt":"2021-12-02T23:02:20","guid":{"rendered":"http:\/\/www.noticiasradioreflejos.com.ar\/2021\/?p=65692"},"modified":"2021-12-02T23:05:47","modified_gmt":"2021-12-02T23:05:47","slug":"feria-del-libro-en-sierra-de-la-ventana-eso-abraza-la-feria-a-toda-la-comunidad-generar-estos-puntos-de-encuentro-nos-encontramos-satisfechos-y-muy-contentos-y-contentas","status":"publish","type":"post","link":"https:\/\/www.noticiasradioreflejos.com.ar\/2021\/feria-del-libro-en-sierra-de-la-ventana-eso-abraza-la-feria-a-toda-la-comunidad-generar-estos-puntos-de-encuentro-nos-encontramos-satisfechos-y-muy-contentos-y-contentas\/","title":{"rendered":"Feria del Libro en Sierra de la Ventana: \u00abeso abraza la feria, a toda la comunidad generar estos puntos de encuentro. Nos encontramos satisfechos y muy contentos y contentas\u00bb"},"content":{"rendered":"<p>Luego de la 11\u00b0 Feria del Libro en Sierra de la Ventana, esta ma\u00f1ana conversamos con Fernanda, perteneciente a la organizaci\u00f3n del evento, para que nos comente acerca de las evaluaciones y balances que se realizaron desde la comisi\u00f3n.<!--more--><\/p>\n<p>\u00abSali\u00f3 lluvia el s\u00e1bado y, sin embargo, de a poquito nos fuimos adaptando. Pasa algo, y bueno, en equipo nos vamos modificando para que todo se siga sucediendo con el ritmo que ven\u00edamos previendo. A pesar de la lluvia, estuvieron este mismo s\u00e1bado, todos los talleres con gente y fueron cayendo de a poquito todas las familias\u00bb expres\u00f3 Fernanda al comenzar la nota.<\/p>\n<p><a title=\"WhatsApp Image 2021-12-02 at 19.59.02\" href=\"https:\/\/www.flickr.com\/photos\/182279889@N02\/51720629598\/in\/dateposted-public\/\" data-flickr-embed=\"true\"><img loading=\"lazy\" decoding=\"async\" src=\"https:\/\/live.staticflickr.com\/65535\/51720629598_f1496b1bc0_c.jpg\" alt=\"WhatsApp Image 2021-12-02 at 19.59.02\" width=\"800\" height=\"343\" \/><\/a><script async src=\"\/\/embedr.flickr.com\/assets\/client-code.js\" charset=\"utf-8\"><\/script><\/p>\n<p>\u00abDesde todas las \u00e1reas intentamos que esta no estacionalidad del turismo se instale en la comarca. Si la comunidad entera intenta cambiar un poco esto de que a Sierra se viene solamente los fines de semana largo, podemos hacer ese peque\u00f1o aporte de extender el calendario\u00bb mencion\u00f3 Fernanda en relaci\u00f3n a c\u00f3mo ayudan los eventos organizados a que la gente concurra a los destinos tur\u00edsticos fuera de los fines de semana largo o las vacaciones.<\/p>\n<p>Fernanda tambi\u00e9n coment\u00f3 que este tipo de eventos no son pensados exclusivamente para los turistas. \u00abEl objetivo principal es que la gente de la comunidad de la regi\u00f3n se acerque y sea un punto de encuentro, apuntamos a las familias locales\u00bb.<\/p>\n<p><a title=\"feria del libro\" href=\"https:\/\/www.flickr.com\/photos\/182279889@N02\/51719418721\/in\/dateposted-public\/\" data-flickr-embed=\"true\"><img loading=\"lazy\" decoding=\"async\" src=\"https:\/\/live.staticflickr.com\/65535\/51719418721_211071a68d_c.jpg\" alt=\"feria del libro\" width=\"800\" height=\"326\" \/><\/a><script async src=\"\/\/embedr.flickr.com\/assets\/client-code.js\" charset=\"utf-8\"><\/script><\/p>\n<p>\u00abNecesitar\u00edamos duplicar\u00bb fue lo que expres\u00f3 Fernanda al comentar que son 10 personas entre quienes organizan la feria, y que, de ser m\u00e1s, podr\u00edan dividirse mejor las tareas y que el desempe\u00f1o de la feria sea m\u00e1s ameno. \u00abCreo que esas son las dos patas para re ver para la pr\u00f3xima\u00bb se refiri\u00f3 tambi\u00e9n a la poca cantidad de puestos de comida.<\/p>\n<p>\u00abA toda la comunidad que particip\u00f3, que banc\u00f3 a pesar de la lluvia, que nos quedamos hasta \u00faltima hora, eso abraza la feria, a toda la comunidad generar estos puntos de encuentro. Nos encontramos satisfechos y muy contentos y contentas\u00bb agradeci\u00f3 finalmente.<\/p>\n<p>Nota completa a continuaci\u00f3n:<br \/>\n<iframe loading=\"lazy\" src=\"https:\/\/w.soundcloud.com\/player\/?url=https%3A\/\/api.soundcloud.com\/tracks\/1170535222&amp;color=%23ff5500&amp;auto_play=false&amp;hide_related=false&amp;show_comments=true&amp;show_user=true&amp;show_reposts=false&amp;show_teaser=true\" width=\"100%\" height=\"166\" frameborder=\"no\" scrolling=\"no\"><\/iframe><\/p>\n<div style=\"font-size: 10px; color: #cccccc; line-break: anywhere; word-break: normal; overflow: hidden; white-space: nowrap; text-overflow: ellipsis; font-family: Interstate,Lucida Grande,Lucida Sans Unicode,Lucida Sans,Garuda,Verdana,Tahoma,sans-serif; font-weight: 100;\"><a style=\"color: #cccccc; text-decoration: none;\" title=\"fmreflejos 103.7\" href=\"https:\/\/soundcloud.com\/fmreflejos-103-7\" target=\"_blank\" rel=\"noopener\">fmreflejos 103.7<\/a> \u00b7 <a style=\"color: #cccccc; text-decoration: none;\" title=\"Fernanda Tenca\" href=\"https:\/\/soundcloud.com\/fmreflejos-103-7\/fernanda-tenca-2\" target=\"_blank\" rel=\"noopener\">Fernanda Tenca<\/a><\/div>\n","protected":false},"excerpt":{"rendered":"<p>Luego de la 11\u00b0 Feria del Libro en Sierra de la Ventana, esta ma\u00f1ana conversamos con Fernanda, perteneciente a la organizaci\u00f3n del evento, para que nos comente acerca de las evaluaciones y balances que se realizaron desde la comisi\u00f3n.<\/p>\n","protected":false},"author":3,"featured_media":0,"comment_status":"closed","ping_status":"closed","sticky":false,"template":"","format":"standard","meta":{"footnotes":""},"categories":[35,26],"tags":[48],"class_list":["post-65692","post","type-post","status-publish","format-standard","hentry","category-cultura","category-sociedad","tag-destacada"],"yoast_head":"<!-- This site is optimized with the Yoast SEO plugin v25.9 - https:\/\/yoast.com\/wordpress\/plugins\/seo\/ -->\n<title>Feria del Libro en Sierra de la Ventana: &quot;eso abraza la feria, a toda la comunidad generar estos puntos de encuentro. Nos encontramos satisfechos y muy contentos y contentas&quot; - Noticias Radio Reflejos<\/title>\n<meta name=\"robots\" content=\"index, follow, max-snippet:-1, max-image-preview:large, max-video-preview:-1\" \/>\n<link rel=\"canonical\" href=\"https:\/\/www.noticiasradioreflejos.com.ar\/2021\/feria-del-libro-en-sierra-de-la-ventana-eso-abraza-la-feria-a-toda-la-comunidad-generar-estos-puntos-de-encuentro-nos-encontramos-satisfechos-y-muy-contentos-y-contentas\/\" \/>\n<meta property=\"og:locale\" content=\"es_ES\" \/>\n<meta property=\"og:type\" content=\"article\" \/>\n<meta property=\"og:title\" content=\"Feria del Libro en Sierra de la Ventana: &quot;eso abraza la feria, a toda la comunidad generar estos puntos de encuentro. Nos encontramos satisfechos y muy contentos y contentas&quot; - Noticias Radio Reflejos\" \/>\n<meta property=\"og:description\" content=\"Luego de la 11\u00b0 Feria del Libro en Sierra de la Ventana, esta ma\u00f1ana conversamos con Fernanda, perteneciente a la organizaci\u00f3n del evento, para que nos comente acerca de las evaluaciones y balances que se realizaron desde la comisi\u00f3n.\" \/>\n<meta property=\"og:url\" content=\"https:\/\/www.noticiasradioreflejos.com.ar\/2021\/feria-del-libro-en-sierra-de-la-ventana-eso-abraza-la-feria-a-toda-la-comunidad-generar-estos-puntos-de-encuentro-nos-encontramos-satisfechos-y-muy-contentos-y-contentas\/\" \/>\n<meta property=\"og:site_name\" content=\"Noticias Radio Reflejos\" \/>\n<meta property=\"article:published_time\" content=\"2021-12-02T23:02:20+00:00\" \/>\n<meta property=\"article:modified_time\" content=\"2021-12-02T23:05:47+00:00\" \/>\n<meta property=\"og:image\" content=\"https:\/\/live.staticflickr.com\/65535\/51720629598_f1496b1bc0_c.jpg\" \/>\n<meta name=\"author\" content=\"Arnaldo Botto\" \/>\n<meta name=\"twitter:card\" content=\"summary_large_image\" \/>\n<script type=\"application\/ld+json\" class=\"yoast-schema-graph\">{\"@context\":\"https:\/\/schema.org\",\"@graph\":[{\"@type\":\"WebPage\",\"@id\":\"https:\/\/www.noticiasradioreflejos.com.ar\/2021\/feria-del-libro-en-sierra-de-la-ventana-eso-abraza-la-feria-a-toda-la-comunidad-generar-estos-puntos-de-encuentro-nos-encontramos-satisfechos-y-muy-contentos-y-contentas\/\",\"url\":\"https:\/\/www.noticiasradioreflejos.com.ar\/2021\/feria-del-libro-en-sierra-de-la-ventana-eso-abraza-la-feria-a-toda-la-comunidad-generar-estos-puntos-de-encuentro-nos-encontramos-satisfechos-y-muy-contentos-y-contentas\/\",\"name\":\"Feria del Libro en Sierra de la Ventana: \\\"eso abraza la feria, a toda la comunidad generar estos puntos de encuentro. Nos encontramos satisfechos y muy contentos y contentas\\\" - Noticias Radio Reflejos\",\"isPartOf\":{\"@id\":\"https:\/\/www.noticiasradioreflejos.com.ar\/2021\/#website\"},\"primaryImageOfPage\":{\"@id\":\"https:\/\/www.noticiasradioreflejos.com.ar\/2021\/feria-del-libro-en-sierra-de-la-ventana-eso-abraza-la-feria-a-toda-la-comunidad-generar-estos-puntos-de-encuentro-nos-encontramos-satisfechos-y-muy-contentos-y-contentas\/#primaryimage\"},\"image\":{\"@id\":\"https:\/\/www.noticiasradioreflejos.com.ar\/2021\/feria-del-libro-en-sierra-de-la-ventana-eso-abraza-la-feria-a-toda-la-comunidad-generar-estos-puntos-de-encuentro-nos-encontramos-satisfechos-y-muy-contentos-y-contentas\/#primaryimage\"},\"thumbnailUrl\":\"https:\/\/live.staticflickr.com\/65535\/51720629598_f1496b1bc0_c.jpg\",\"datePublished\":\"2021-12-02T23:02:20+00:00\",\"dateModified\":\"2021-12-02T23:05:47+00:00\",\"author\":{\"@id\":\"https:\/\/www.noticiasradioreflejos.com.ar\/2021\/#\/schema\/person\/ad82545263dcc5ec0996818884fd5fb1\"},\"breadcrumb\":{\"@id\":\"https:\/\/www.noticiasradioreflejos.com.ar\/2021\/feria-del-libro-en-sierra-de-la-ventana-eso-abraza-la-feria-a-toda-la-comunidad-generar-estos-puntos-de-encuentro-nos-encontramos-satisfechos-y-muy-contentos-y-contentas\/#breadcrumb\"},\"inLanguage\":\"es\",\"potentialAction\":[{\"@type\":\"ReadAction\",\"target\":[\"https:\/\/www.noticiasradioreflejos.com.ar\/2021\/feria-del-libro-en-sierra-de-la-ventana-eso-abraza-la-feria-a-toda-la-comunidad-generar-estos-puntos-de-encuentro-nos-encontramos-satisfechos-y-muy-contentos-y-contentas\/\"]}]},{\"@type\":\"ImageObject\",\"inLanguage\":\"es\",\"@id\":\"https:\/\/www.noticiasradioreflejos.com.ar\/2021\/feria-del-libro-en-sierra-de-la-ventana-eso-abraza-la-feria-a-toda-la-comunidad-generar-estos-puntos-de-encuentro-nos-encontramos-satisfechos-y-muy-contentos-y-contentas\/#primaryimage\",\"url\":\"https:\/\/live.staticflickr.com\/65535\/51720629598_f1496b1bc0_c.jpg\",\"contentUrl\":\"https:\/\/live.staticflickr.com\/65535\/51720629598_f1496b1bc0_c.jpg\"},{\"@type\":\"BreadcrumbList\",\"@id\":\"https:\/\/www.noticiasradioreflejos.com.ar\/2021\/feria-del-libro-en-sierra-de-la-ventana-eso-abraza-la-feria-a-toda-la-comunidad-generar-estos-puntos-de-encuentro-nos-encontramos-satisfechos-y-muy-contentos-y-contentas\/#breadcrumb\",\"itemListElement\":[{\"@type\":\"ListItem\",\"position\":1,\"name\":\"Portada\",\"item\":\"https:\/\/www.noticiasradioreflejos.com.ar\/2021\/\"},{\"@type\":\"ListItem\",\"position\":2,\"name\":\"Feria del Libro en Sierra de la Ventana: \u00abeso abraza la feria, a toda la comunidad generar estos puntos de encuentro. Nos encontramos satisfechos y muy contentos y contentas\u00bb\"}]},{\"@type\":\"WebSite\",\"@id\":\"https:\/\/www.noticiasradioreflejos.com.ar\/2021\/#website\",\"url\":\"https:\/\/www.noticiasradioreflejos.com.ar\/2021\/\",\"name\":\"Noticias Radio Reflejos\",\"description\":\"Las noticias de mi comarca\",\"potentialAction\":[{\"@type\":\"SearchAction\",\"target\":{\"@type\":\"EntryPoint\",\"urlTemplate\":\"https:\/\/www.noticiasradioreflejos.com.ar\/2021\/?s={search_term_string}\"},\"query-input\":{\"@type\":\"PropertyValueSpecification\",\"valueRequired\":true,\"valueName\":\"search_term_string\"}}],\"inLanguage\":\"es\"},{\"@type\":\"Person\",\"@id\":\"https:\/\/www.noticiasradioreflejos.com.ar\/2021\/#\/schema\/person\/ad82545263dcc5ec0996818884fd5fb1\",\"name\":\"Arnaldo Botto\",\"image\":{\"@type\":\"ImageObject\",\"inLanguage\":\"es\",\"@id\":\"https:\/\/www.noticiasradioreflejos.com.ar\/2021\/#\/schema\/person\/image\/\",\"url\":\"https:\/\/secure.gravatar.com\/avatar\/55cb5e37c1efa326397366e6974cb338056df65cb50e7d64d1cf314e87504837?s=96&d=mm&r=g\",\"contentUrl\":\"https:\/\/secure.gravatar.com\/avatar\/55cb5e37c1efa326397366e6974cb338056df65cb50e7d64d1cf314e87504837?s=96&d=mm&r=g\",\"caption\":\"Arnaldo Botto\"},\"url\":\"https:\/\/www.noticiasradioreflejos.com.ar\/2021\/author\/arnaldo\/\"}]}<\/script>\n<!-- \/ Yoast SEO plugin. -->","yoast_head_json":{"title":"Feria del Libro en Sierra de la Ventana: \"eso abraza la feria, a toda la comunidad generar estos puntos de encuentro. Nos encontramos satisfechos y muy contentos y contentas\" - Noticias Radio Reflejos","robots":{"index":"index","follow":"follow","max-snippet":"max-snippet:-1","max-image-preview":"max-image-preview:large","max-video-preview":"max-video-preview:-1"},"canonical":"https:\/\/www.noticiasradioreflejos.com.ar\/2021\/feria-del-libro-en-sierra-de-la-ventana-eso-abraza-la-feria-a-toda-la-comunidad-generar-estos-puntos-de-encuentro-nos-encontramos-satisfechos-y-muy-contentos-y-contentas\/","og_locale":"es_ES","og_type":"article","og_title":"Feria del Libro en Sierra de la Ventana: \"eso abraza la feria, a toda la comunidad generar estos puntos de encuentro. Nos encontramos satisfechos y muy contentos y contentas\" - Noticias Radio Reflejos","og_description":"Luego de la 11\u00b0 Feria del Libro en Sierra de la Ventana, esta ma\u00f1ana conversamos con Fernanda, perteneciente a la organizaci\u00f3n del evento, para que nos comente acerca de las evaluaciones y balances que se realizaron desde la comisi\u00f3n.","og_url":"https:\/\/www.noticiasradioreflejos.com.ar\/2021\/feria-del-libro-en-sierra-de-la-ventana-eso-abraza-la-feria-a-toda-la-comunidad-generar-estos-puntos-de-encuentro-nos-encontramos-satisfechos-y-muy-contentos-y-contentas\/","og_site_name":"Noticias Radio Reflejos","article_published_time":"2021-12-02T23:02:20+00:00","article_modified_time":"2021-12-02T23:05:47+00:00","og_image":[{"url":"https:\/\/live.staticflickr.com\/65535\/51720629598_f1496b1bc0_c.jpg","type":"","width":"","height":""}],"author":"Arnaldo Botto","twitter_card":"summary_large_image","schema":{"@context":"https:\/\/schema.org","@graph":[{"@type":"WebPage","@id":"https:\/\/www.noticiasradioreflejos.com.ar\/2021\/feria-del-libro-en-sierra-de-la-ventana-eso-abraza-la-feria-a-toda-la-comunidad-generar-estos-puntos-de-encuentro-nos-encontramos-satisfechos-y-muy-contentos-y-contentas\/","url":"https:\/\/www.noticiasradioreflejos.com.ar\/2021\/feria-del-libro-en-sierra-de-la-ventana-eso-abraza-la-feria-a-toda-la-comunidad-generar-estos-puntos-de-encuentro-nos-encontramos-satisfechos-y-muy-contentos-y-contentas\/","name":"Feria del Libro en Sierra de la Ventana: \"eso abraza la feria, a toda la comunidad generar estos puntos de encuentro. Nos encontramos satisfechos y muy contentos y contentas\" - Noticias Radio Reflejos","isPartOf":{"@id":"https:\/\/www.noticiasradioreflejos.com.ar\/2021\/#website"},"primaryImageOfPage":{"@id":"https:\/\/www.noticiasradioreflejos.com.ar\/2021\/feria-del-libro-en-sierra-de-la-ventana-eso-abraza-la-feria-a-toda-la-comunidad-generar-estos-puntos-de-encuentro-nos-encontramos-satisfechos-y-muy-contentos-y-contentas\/#primaryimage"},"image":{"@id":"https:\/\/www.noticiasradioreflejos.com.ar\/2021\/feria-del-libro-en-sierra-de-la-ventana-eso-abraza-la-feria-a-toda-la-comunidad-generar-estos-puntos-de-encuentro-nos-encontramos-satisfechos-y-muy-contentos-y-contentas\/#primaryimage"},"thumbnailUrl":"https:\/\/live.staticflickr.com\/65535\/51720629598_f1496b1bc0_c.jpg","datePublished":"2021-12-02T23:02:20+00:00","dateModified":"2021-12-02T23:05:47+00:00","author":{"@id":"https:\/\/www.noticiasradioreflejos.com.ar\/2021\/#\/schema\/person\/ad82545263dcc5ec0996818884fd5fb1"},"breadcrumb":{"@id":"https:\/\/www.noticiasradioreflejos.com.ar\/2021\/feria-del-libro-en-sierra-de-la-ventana-eso-abraza-la-feria-a-toda-la-comunidad-generar-estos-puntos-de-encuentro-nos-encontramos-satisfechos-y-muy-contentos-y-contentas\/#breadcrumb"},"inLanguage":"es","potentialAction":[{"@type":"ReadAction","target":["https:\/\/www.noticiasradioreflejos.com.ar\/2021\/feria-del-libro-en-sierra-de-la-ventana-eso-abraza-la-feria-a-toda-la-comunidad-generar-estos-puntos-de-encuentro-nos-encontramos-satisfechos-y-muy-contentos-y-contentas\/"]}]},{"@type":"ImageObject","inLanguage":"es","@id":"https:\/\/www.noticiasradioreflejos.com.ar\/2021\/feria-del-libro-en-sierra-de-la-ventana-eso-abraza-la-feria-a-toda-la-comunidad-generar-estos-puntos-de-encuentro-nos-encontramos-satisfechos-y-muy-contentos-y-contentas\/#primaryimage","url":"https:\/\/live.staticflickr.com\/65535\/51720629598_f1496b1bc0_c.jpg","contentUrl":"https:\/\/live.staticflickr.com\/65535\/51720629598_f1496b1bc0_c.jpg"},{"@type":"BreadcrumbList","@id":"https:\/\/www.noticiasradioreflejos.com.ar\/2021\/feria-del-libro-en-sierra-de-la-ventana-eso-abraza-la-feria-a-toda-la-comunidad-generar-estos-puntos-de-encuentro-nos-encontramos-satisfechos-y-muy-contentos-y-contentas\/#breadcrumb","itemListElement":[{"@type":"ListItem","position":1,"name":"Portada","item":"https:\/\/www.noticiasradioreflejos.com.ar\/2021\/"},{"@type":"ListItem","position":2,"name":"Feria del Libro en Sierra de la Ventana: \u00abeso abraza la feria, a toda la comunidad generar estos puntos de encuentro. Nos encontramos satisfechos y muy contentos y contentas\u00bb"}]},{"@type":"WebSite","@id":"https:\/\/www.noticiasradioreflejos.com.ar\/2021\/#website","url":"https:\/\/www.noticiasradioreflejos.com.ar\/2021\/","name":"Noticias Radio Reflejos","description":"Las noticias de mi comarca","potentialAction":[{"@type":"SearchAction","target":{"@type":"EntryPoint","urlTemplate":"https:\/\/www.noticiasradioreflejos.com.ar\/2021\/?s={search_term_string}"},"query-input":{"@type":"PropertyValueSpecification","valueRequired":true,"valueName":"search_term_string"}}],"inLanguage":"es"},{"@type":"Person","@id":"https:\/\/www.noticiasradioreflejos.com.ar\/2021\/#\/schema\/person\/ad82545263dcc5ec0996818884fd5fb1","name":"Arnaldo Botto","image":{"@type":"ImageObject","inLanguage":"es","@id":"https:\/\/www.noticiasradioreflejos.com.ar\/2021\/#\/schema\/person\/image\/","url":"https:\/\/secure.gravatar.com\/avatar\/55cb5e37c1efa326397366e6974cb338056df65cb50e7d64d1cf314e87504837?s=96&d=mm&r=g","contentUrl":"https:\/\/secure.gravatar.com\/avatar\/55cb5e37c1efa326397366e6974cb338056df65cb50e7d64d1cf314e87504837?s=96&d=mm&r=g","caption":"Arnaldo Botto"},"url":"https:\/\/www.noticiasradioreflejos.com.ar\/2021\/author\/arnaldo\/"}]}},"_links":{"self":[{"href":"https:\/\/www.noticiasradioreflejos.com.ar\/2021\/wp-json\/wp\/v2\/posts\/65692","targetHints":{"allow":["GET"]}}],"collection":[{"href":"https:\/\/www.noticiasradioreflejos.com.ar\/2021\/wp-json\/wp\/v2\/posts"}],"about":[{"href":"https:\/\/www.noticiasradioreflejos.com.ar\/2021\/wp-json\/wp\/v2\/types\/post"}],"author":[{"embeddable":true,"href":"https:\/\/www.noticiasradioreflejos.com.ar\/2021\/wp-json\/wp\/v2\/users\/3"}],"replies":[{"embeddable":true,"href":"https:\/\/www.noticiasradioreflejos.com.ar\/2021\/wp-json\/wp\/v2\/comments?post=65692"}],"version-history":[{"count":3,"href":"https:\/\/www.noticiasradioreflejos.com.ar\/2021\/wp-json\/wp\/v2\/posts\/65692\/revisions"}],"predecessor-version":[{"id":65697,"href":"https:\/\/www.noticiasradioreflejos.com.ar\/2021\/wp-json\/wp\/v2\/posts\/65692\/revisions\/65697"}],"wp:attachment":[{"href":"https:\/\/www.noticiasradioreflejos.com.ar\/2021\/wp-json\/wp\/v2\/media?parent=65692"}],"wp:term":[{"taxonomy":"category","embeddable":true,"href":"https:\/\/www.noticiasradioreflejos.com.ar\/2021\/wp-json\/wp\/v2\/categories?post=65692"},{"taxonomy":"post_tag","embeddable":true,"href":"https:\/\/www.noticiasradioreflejos.com.ar\/2021\/wp-json\/wp\/v2\/tags?post=65692"}],"curies":[{"name":"wp","href":"https:\/\/api.w.org\/{rel}","templated":true}]}}