{"id":65690,"date":"2021-12-02T22:51:26","date_gmt":"2021-12-02T22:51:26","guid":{"rendered":"http:\/\/www.noticiasradioreflejos.com.ar\/2021\/?p=65690"},"modified":"2021-12-02T22:51:26","modified_gmt":"2021-12-02T22:51:26","slug":"la-comarca-en-la-f-i-t-el-objetivo-nuestro-es-poder-charlar-con-agencias-de-viajes-para-que-empiecen-a-ver-el-destino-para-empezar-a-operar","status":"publish","type":"post","link":"https:\/\/www.noticiasradioreflejos.com.ar\/2021\/la-comarca-en-la-f-i-t-el-objetivo-nuestro-es-poder-charlar-con-agencias-de-viajes-para-que-empiecen-a-ver-el-destino-para-empezar-a-operar\/","title":{"rendered":"La Comarca en la F.I.T : \u00abel objetivo nuestro es poder charlar con agencias de viajes para que empiecen a ver el destino para empezar a operar\u00bb"},"content":{"rendered":"<p>El Secretario de Turismo de Tornquist Municipio comenta acerca de la participaci\u00f3n de la Secretar\u00eda en la Feria Internacional de Turismo que tomar\u00e1 lugar este fin de semana en Buenos Aires. Adem\u00e1s, conversamos sobre la organizaci\u00f3n de la Fiesta de Reyes de Sierra de la Ventana y otros temas vinculados al \u00e1rea.<!--more--><\/p>\n<p>\u00abVamos a participar, estamos viajando el d\u00eda de ma\u00f1ana a Capital a la presentaci\u00f3n. Vamos con Jerem\u00edas y Virginia y Ludmila de la direcci\u00f3n de Turismo y participamos dentro del stand de la Provincia de Buenos Aires\u00bb comenz\u00f3 la nota Gustavo, haciendo referencia a la Feria Internacional de Turismo, que tiene lugar este fin de semana.<\/p>\n<p>\u00abEstamos haciendo una agenda tur\u00edstica en formato digital para que se pueda escanear, por el contexto de pandemia\u00bb mencion\u00f3 la propuesta que presentar\u00e1n en la feria. \u00abAhora estamos con c\u00f3digo QR. Si bien vamos a llevar folleter\u00eda del municipio, nos pidieron que tratemos de llevar en forma digital toda la informaci\u00f3n de cada uno de los destinos\u00bb.<\/p>\n<p>Gustavo comenta que, como siempre, los prestadores colaboraron para poder presentar algunos productos regionales de la comarca en la feria. \u00abEste a\u00f1o, con la visualizaci\u00f3n que tuvimos, es importante participar\u00bb expres\u00f3. Adem\u00e1s, mencion\u00f3 que el d\u00eda Lunes dar\u00e1n una charla de presentaci\u00f3n de la comarca, que se realizar\u00e1 en un sector destinado para oratorias.<\/p>\n<p>El secretario de Turismo del municipio mencion\u00f3 que la idea de participar de la feria no es \u00fanicamente mostrar y darle m\u00e1s visualizaci\u00f3n a nuestra comarca como destino tur\u00edstico, sino tambi\u00e9n aprender de los colegas y ver cu\u00e1les son las falencias de la regi\u00f3n o poder notar aquellas cosas que se pueden mejorar. <strong>\u00abUn poco el objetivo nuestro es poder charlar con agencias de viajes para que empiecen a ver el destino para empezar a operar\u00bb<\/strong> nombr\u00f3 otro de los prop\u00f3sitos de la participaci\u00f3n de Tornquist en la feria.<\/p>\n<p><strong>\u00abEstamos batiendo r\u00e9cords mes tras mes de ocupaci\u00f3n. Queremos, desde la secretar\u00eda, es poder seguir trabajando en esto, plasmar y capitalizar este movimiento tur\u00edstico. La idea es, con esta agenda tur\u00edstica que vamos a presentar en la feria, trabajar en conjunto con el sector y con el ente mixto\u00bb<\/strong> expres\u00f3 en relaci\u00f3n a las expectativas que se tiene sobre el sector a partir de lo trabajado.<\/p>\n<p>Con respecto a la Fiesta de Reyes magos, Gustavo coment\u00f3: \u00abEstamos participando en pr\u00e1cticamente todas las reuniones. La verdad que todas las instituciones est\u00e1n participando con muchas ganas y la mirada que se tiene en esa nueva modalidad de organizaci\u00f3n es que el pueblo se haga due\u00f1o de la fiesta\u00bb. Gustavo tambi\u00e9n inform\u00f3 que, a partir del a\u00f1o que viene, ya se estar\u00edan planificando las ideas para las Fiestas de Reyes del a\u00f1o 2023.<\/p>\n<p>Nota completa a continuaci\u00f3n:<br \/>\n<iframe loading=\"lazy\" src=\"https:\/\/w.soundcloud.com\/player\/?url=https%3A\/\/api.soundcloud.com\/tracks\/1170532345&amp;color=%23ff5500&amp;auto_play=false&amp;hide_related=false&amp;show_comments=true&amp;show_user=true&amp;show_reposts=false&amp;show_teaser=true\" width=\"100%\" height=\"166\" frameborder=\"no\" scrolling=\"no\"><\/iframe><\/p>\n<div style=\"font-size: 10px; color: #cccccc; line-break: anywhere; word-break: normal; overflow: hidden; white-space: nowrap; text-overflow: ellipsis; font-family: Interstate,Lucida Grande,Lucida Sans Unicode,Lucida Sans,Garuda,Verdana,Tahoma,sans-serif; font-weight: 100;\"><a style=\"color: #cccccc; text-decoration: none;\" title=\"fmreflejos 103.7\" href=\"https:\/\/soundcloud.com\/fmreflejos-103-7\" target=\"_blank\" rel=\"noopener\">fmreflejos 103.7<\/a> \u00b7 <a style=\"color: #cccccc; text-decoration: none;\" title=\"Gustavo Sandobal\" href=\"https:\/\/soundcloud.com\/fmreflejos-103-7\/gustavo-sandobal-2\" target=\"_blank\" rel=\"noopener\">Gustavo Sandobal<\/a><\/div>\n","protected":false},"excerpt":{"rendered":"<p>El Secretario de Turismo de Tornquist Municipio comenta acerca de la participaci\u00f3n de la Secretar\u00eda en la Feria Internacional de Turismo que tomar\u00e1 lugar este fin de semana en Buenos Aires. Adem\u00e1s, conversamos sobre la organizaci\u00f3n de la Fiesta de Reyes de Sierra de la Ventana y otros temas vinculados al \u00e1rea.<\/p>\n","protected":false},"author":3,"featured_media":64837,"comment_status":"closed","ping_status":"closed","sticky":false,"template":"","format":"standard","meta":{"footnotes":""},"categories":[33],"tags":[48],"class_list":["post-65690","post","type-post","status-publish","format-standard","has-post-thumbnail","hentry","category-turismo","tag-destacada"],"yoast_head":"<!-- This site is optimized with the Yoast SEO plugin v25.9 - https:\/\/yoast.com\/wordpress\/plugins\/seo\/ -->\n<title>La Comarca en la F.I.T : &quot;el objetivo nuestro es poder charlar con agencias de viajes para que empiecen a ver el destino para empezar a operar&quot; - Noticias Radio Reflejos<\/title>\n<meta name=\"robots\" content=\"index, follow, max-snippet:-1, max-image-preview:large, max-video-preview:-1\" \/>\n<link rel=\"canonical\" href=\"https:\/\/www.noticiasradioreflejos.com.ar\/2021\/la-comarca-en-la-f-i-t-el-objetivo-nuestro-es-poder-charlar-con-agencias-de-viajes-para-que-empiecen-a-ver-el-destino-para-empezar-a-operar\/\" \/>\n<meta property=\"og:locale\" content=\"es_ES\" \/>\n<meta property=\"og:type\" content=\"article\" \/>\n<meta property=\"og:title\" content=\"La Comarca en la F.I.T : &quot;el objetivo nuestro es poder charlar con agencias de viajes para que empiecen a ver el destino para empezar a operar&quot; - Noticias Radio Reflejos\" \/>\n<meta property=\"og:description\" content=\"El Secretario de Turismo de Tornquist Municipio comenta acerca de la participaci\u00f3n de la Secretar\u00eda en la Feria Internacional de Turismo que tomar\u00e1 lugar este fin de semana en Buenos Aires. Adem\u00e1s, conversamos sobre la organizaci\u00f3n de la Fiesta de Reyes de Sierra de la Ventana y otros temas vinculados al \u00e1rea.\" \/>\n<meta property=\"og:url\" content=\"https:\/\/www.noticiasradioreflejos.com.ar\/2021\/la-comarca-en-la-f-i-t-el-objetivo-nuestro-es-poder-charlar-con-agencias-de-viajes-para-que-empiecen-a-ver-el-destino-para-empezar-a-operar\/\" \/>\n<meta property=\"og:site_name\" content=\"Noticias Radio Reflejos\" \/>\n<meta property=\"article:published_time\" content=\"2021-12-02T22:51:26+00:00\" \/>\n<meta property=\"og:image\" content=\"https:\/\/www.noticiasradioreflejos.com.ar\/2021\/wp-content\/uploads\/2021\/11\/Sierra-de-la-Ventana.jpg\" \/>\n\t<meta property=\"og:image:width\" content=\"1440\" \/>\n\t<meta property=\"og:image:height\" content=\"1080\" \/>\n\t<meta property=\"og:image:type\" content=\"image\/jpeg\" \/>\n<meta name=\"author\" content=\"Arnaldo Botto\" \/>\n<meta name=\"twitter:card\" content=\"summary_large_image\" \/>\n<script type=\"application\/ld+json\" class=\"yoast-schema-graph\">{\"@context\":\"https:\/\/schema.org\",\"@graph\":[{\"@type\":\"WebPage\",\"@id\":\"https:\/\/www.noticiasradioreflejos.com.ar\/2021\/la-comarca-en-la-f-i-t-el-objetivo-nuestro-es-poder-charlar-con-agencias-de-viajes-para-que-empiecen-a-ver-el-destino-para-empezar-a-operar\/\",\"url\":\"https:\/\/www.noticiasradioreflejos.com.ar\/2021\/la-comarca-en-la-f-i-t-el-objetivo-nuestro-es-poder-charlar-con-agencias-de-viajes-para-que-empiecen-a-ver-el-destino-para-empezar-a-operar\/\",\"name\":\"La Comarca en la F.I.T : \\\"el objetivo nuestro es poder charlar con agencias de viajes para que empiecen a ver el destino para empezar a operar\\\" - Noticias Radio Reflejos\",\"isPartOf\":{\"@id\":\"https:\/\/www.noticiasradioreflejos.com.ar\/2021\/#website\"},\"primaryImageOfPage\":{\"@id\":\"https:\/\/www.noticiasradioreflejos.com.ar\/2021\/la-comarca-en-la-f-i-t-el-objetivo-nuestro-es-poder-charlar-con-agencias-de-viajes-para-que-empiecen-a-ver-el-destino-para-empezar-a-operar\/#primaryimage\"},\"image\":{\"@id\":\"https:\/\/www.noticiasradioreflejos.com.ar\/2021\/la-comarca-en-la-f-i-t-el-objetivo-nuestro-es-poder-charlar-con-agencias-de-viajes-para-que-empiecen-a-ver-el-destino-para-empezar-a-operar\/#primaryimage\"},\"thumbnailUrl\":\"https:\/\/www.noticiasradioreflejos.com.ar\/2021\/wp-content\/uploads\/2021\/11\/Sierra-de-la-Ventana.jpg\",\"datePublished\":\"2021-12-02T22:51:26+00:00\",\"author\":{\"@id\":\"https:\/\/www.noticiasradioreflejos.com.ar\/2021\/#\/schema\/person\/ad82545263dcc5ec0996818884fd5fb1\"},\"breadcrumb\":{\"@id\":\"https:\/\/www.noticiasradioreflejos.com.ar\/2021\/la-comarca-en-la-f-i-t-el-objetivo-nuestro-es-poder-charlar-con-agencias-de-viajes-para-que-empiecen-a-ver-el-destino-para-empezar-a-operar\/#breadcrumb\"},\"inLanguage\":\"es\",\"potentialAction\":[{\"@type\":\"ReadAction\",\"target\":[\"https:\/\/www.noticiasradioreflejos.com.ar\/2021\/la-comarca-en-la-f-i-t-el-objetivo-nuestro-es-poder-charlar-con-agencias-de-viajes-para-que-empiecen-a-ver-el-destino-para-empezar-a-operar\/\"]}]},{\"@type\":\"ImageObject\",\"inLanguage\":\"es\",\"@id\":\"https:\/\/www.noticiasradioreflejos.com.ar\/2021\/la-comarca-en-la-f-i-t-el-objetivo-nuestro-es-poder-charlar-con-agencias-de-viajes-para-que-empiecen-a-ver-el-destino-para-empezar-a-operar\/#primaryimage\",\"url\":\"https:\/\/www.noticiasradioreflejos.com.ar\/2021\/wp-content\/uploads\/2021\/11\/Sierra-de-la-Ventana.jpg\",\"contentUrl\":\"https:\/\/www.noticiasradioreflejos.com.ar\/2021\/wp-content\/uploads\/2021\/11\/Sierra-de-la-Ventana.jpg\",\"width\":1440,\"height\":1080},{\"@type\":\"BreadcrumbList\",\"@id\":\"https:\/\/www.noticiasradioreflejos.com.ar\/2021\/la-comarca-en-la-f-i-t-el-objetivo-nuestro-es-poder-charlar-con-agencias-de-viajes-para-que-empiecen-a-ver-el-destino-para-empezar-a-operar\/#breadcrumb\",\"itemListElement\":[{\"@type\":\"ListItem\",\"position\":1,\"name\":\"Portada\",\"item\":\"https:\/\/www.noticiasradioreflejos.com.ar\/2021\/\"},{\"@type\":\"ListItem\",\"position\":2,\"name\":\"La Comarca en la F.I.T : \u00abel objetivo nuestro es poder charlar con agencias de viajes para que empiecen a ver el destino para empezar a operar\u00bb\"}]},{\"@type\":\"WebSite\",\"@id\":\"https:\/\/www.noticiasradioreflejos.com.ar\/2021\/#website\",\"url\":\"https:\/\/www.noticiasradioreflejos.com.ar\/2021\/\",\"name\":\"Noticias Radio Reflejos\",\"description\":\"Las noticias de mi comarca\",\"potentialAction\":[{\"@type\":\"SearchAction\",\"target\":{\"@type\":\"EntryPoint\",\"urlTemplate\":\"https:\/\/www.noticiasradioreflejos.com.ar\/2021\/?s={search_term_string}\"},\"query-input\":{\"@type\":\"PropertyValueSpecification\",\"valueRequired\":true,\"valueName\":\"search_term_string\"}}],\"inLanguage\":\"es\"},{\"@type\":\"Person\",\"@id\":\"https:\/\/www.noticiasradioreflejos.com.ar\/2021\/#\/schema\/person\/ad82545263dcc5ec0996818884fd5fb1\",\"name\":\"Arnaldo Botto\",\"image\":{\"@type\":\"ImageObject\",\"inLanguage\":\"es\",\"@id\":\"https:\/\/www.noticiasradioreflejos.com.ar\/2021\/#\/schema\/person\/image\/\",\"url\":\"https:\/\/secure.gravatar.com\/avatar\/55cb5e37c1efa326397366e6974cb338056df65cb50e7d64d1cf314e87504837?s=96&d=mm&r=g\",\"contentUrl\":\"https:\/\/secure.gravatar.com\/avatar\/55cb5e37c1efa326397366e6974cb338056df65cb50e7d64d1cf314e87504837?s=96&d=mm&r=g\",\"caption\":\"Arnaldo Botto\"},\"url\":\"https:\/\/www.noticiasradioreflejos.com.ar\/2021\/author\/arnaldo\/\"}]}<\/script>\n<!-- \/ Yoast SEO plugin. -->","yoast_head_json":{"title":"La Comarca en la F.I.T : \"el objetivo nuestro es poder charlar con agencias de viajes para que empiecen a ver el destino para empezar a operar\" - Noticias Radio Reflejos","robots":{"index":"index","follow":"follow","max-snippet":"max-snippet:-1","max-image-preview":"max-image-preview:large","max-video-preview":"max-video-preview:-1"},"canonical":"https:\/\/www.noticiasradioreflejos.com.ar\/2021\/la-comarca-en-la-f-i-t-el-objetivo-nuestro-es-poder-charlar-con-agencias-de-viajes-para-que-empiecen-a-ver-el-destino-para-empezar-a-operar\/","og_locale":"es_ES","og_type":"article","og_title":"La Comarca en la F.I.T : \"el objetivo nuestro es poder charlar con agencias de viajes para que empiecen a ver el destino para empezar a operar\" - Noticias Radio Reflejos","og_description":"El Secretario de Turismo de Tornquist Municipio comenta acerca de la participaci\u00f3n de la Secretar\u00eda en la Feria Internacional de Turismo que tomar\u00e1 lugar este fin de semana en Buenos Aires. Adem\u00e1s, conversamos sobre la organizaci\u00f3n de la Fiesta de Reyes de Sierra de la Ventana y otros temas vinculados al \u00e1rea.","og_url":"https:\/\/www.noticiasradioreflejos.com.ar\/2021\/la-comarca-en-la-f-i-t-el-objetivo-nuestro-es-poder-charlar-con-agencias-de-viajes-para-que-empiecen-a-ver-el-destino-para-empezar-a-operar\/","og_site_name":"Noticias Radio Reflejos","article_published_time":"2021-12-02T22:51:26+00:00","og_image":[{"width":1440,"height":1080,"url":"https:\/\/www.noticiasradioreflejos.com.ar\/2021\/wp-content\/uploads\/2021\/11\/Sierra-de-la-Ventana.jpg","type":"image\/jpeg"}],"author":"Arnaldo Botto","twitter_card":"summary_large_image","schema":{"@context":"https:\/\/schema.org","@graph":[{"@type":"WebPage","@id":"https:\/\/www.noticiasradioreflejos.com.ar\/2021\/la-comarca-en-la-f-i-t-el-objetivo-nuestro-es-poder-charlar-con-agencias-de-viajes-para-que-empiecen-a-ver-el-destino-para-empezar-a-operar\/","url":"https:\/\/www.noticiasradioreflejos.com.ar\/2021\/la-comarca-en-la-f-i-t-el-objetivo-nuestro-es-poder-charlar-con-agencias-de-viajes-para-que-empiecen-a-ver-el-destino-para-empezar-a-operar\/","name":"La Comarca en la F.I.T : \"el objetivo nuestro es poder charlar con agencias de viajes para que empiecen a ver el destino para empezar a operar\" - Noticias Radio Reflejos","isPartOf":{"@id":"https:\/\/www.noticiasradioreflejos.com.ar\/2021\/#website"},"primaryImageOfPage":{"@id":"https:\/\/www.noticiasradioreflejos.com.ar\/2021\/la-comarca-en-la-f-i-t-el-objetivo-nuestro-es-poder-charlar-con-agencias-de-viajes-para-que-empiecen-a-ver-el-destino-para-empezar-a-operar\/#primaryimage"},"image":{"@id":"https:\/\/www.noticiasradioreflejos.com.ar\/2021\/la-comarca-en-la-f-i-t-el-objetivo-nuestro-es-poder-charlar-con-agencias-de-viajes-para-que-empiecen-a-ver-el-destino-para-empezar-a-operar\/#primaryimage"},"thumbnailUrl":"https:\/\/www.noticiasradioreflejos.com.ar\/2021\/wp-content\/uploads\/2021\/11\/Sierra-de-la-Ventana.jpg","datePublished":"2021-12-02T22:51:26+00:00","author":{"@id":"https:\/\/www.noticiasradioreflejos.com.ar\/2021\/#\/schema\/person\/ad82545263dcc5ec0996818884fd5fb1"},"breadcrumb":{"@id":"https:\/\/www.noticiasradioreflejos.com.ar\/2021\/la-comarca-en-la-f-i-t-el-objetivo-nuestro-es-poder-charlar-con-agencias-de-viajes-para-que-empiecen-a-ver-el-destino-para-empezar-a-operar\/#breadcrumb"},"inLanguage":"es","potentialAction":[{"@type":"ReadAction","target":["https:\/\/www.noticiasradioreflejos.com.ar\/2021\/la-comarca-en-la-f-i-t-el-objetivo-nuestro-es-poder-charlar-con-agencias-de-viajes-para-que-empiecen-a-ver-el-destino-para-empezar-a-operar\/"]}]},{"@type":"ImageObject","inLanguage":"es","@id":"https:\/\/www.noticiasradioreflejos.com.ar\/2021\/la-comarca-en-la-f-i-t-el-objetivo-nuestro-es-poder-charlar-con-agencias-de-viajes-para-que-empiecen-a-ver-el-destino-para-empezar-a-operar\/#primaryimage","url":"https:\/\/www.noticiasradioreflejos.com.ar\/2021\/wp-content\/uploads\/2021\/11\/Sierra-de-la-Ventana.jpg","contentUrl":"https:\/\/www.noticiasradioreflejos.com.ar\/2021\/wp-content\/uploads\/2021\/11\/Sierra-de-la-Ventana.jpg","width":1440,"height":1080},{"@type":"BreadcrumbList","@id":"https:\/\/www.noticiasradioreflejos.com.ar\/2021\/la-comarca-en-la-f-i-t-el-objetivo-nuestro-es-poder-charlar-con-agencias-de-viajes-para-que-empiecen-a-ver-el-destino-para-empezar-a-operar\/#breadcrumb","itemListElement":[{"@type":"ListItem","position":1,"name":"Portada","item":"https:\/\/www.noticiasradioreflejos.com.ar\/2021\/"},{"@type":"ListItem","position":2,"name":"La Comarca en la F.I.T : \u00abel objetivo nuestro es poder charlar con agencias de viajes para que empiecen a ver el destino para empezar a operar\u00bb"}]},{"@type":"WebSite","@id":"https:\/\/www.noticiasradioreflejos.com.ar\/2021\/#website","url":"https:\/\/www.noticiasradioreflejos.com.ar\/2021\/","name":"Noticias Radio Reflejos","description":"Las noticias de mi comarca","potentialAction":[{"@type":"SearchAction","target":{"@type":"EntryPoint","urlTemplate":"https:\/\/www.noticiasradioreflejos.com.ar\/2021\/?s={search_term_string}"},"query-input":{"@type":"PropertyValueSpecification","valueRequired":true,"valueName":"search_term_string"}}],"inLanguage":"es"},{"@type":"Person","@id":"https:\/\/www.noticiasradioreflejos.com.ar\/2021\/#\/schema\/person\/ad82545263dcc5ec0996818884fd5fb1","name":"Arnaldo Botto","image":{"@type":"ImageObject","inLanguage":"es","@id":"https:\/\/www.noticiasradioreflejos.com.ar\/2021\/#\/schema\/person\/image\/","url":"https:\/\/secure.gravatar.com\/avatar\/55cb5e37c1efa326397366e6974cb338056df65cb50e7d64d1cf314e87504837?s=96&d=mm&r=g","contentUrl":"https:\/\/secure.gravatar.com\/avatar\/55cb5e37c1efa326397366e6974cb338056df65cb50e7d64d1cf314e87504837?s=96&d=mm&r=g","caption":"Arnaldo Botto"},"url":"https:\/\/www.noticiasradioreflejos.com.ar\/2021\/author\/arnaldo\/"}]}},"_links":{"self":[{"href":"https:\/\/www.noticiasradioreflejos.com.ar\/2021\/wp-json\/wp\/v2\/posts\/65690","targetHints":{"allow":["GET"]}}],"collection":[{"href":"https:\/\/www.noticiasradioreflejos.com.ar\/2021\/wp-json\/wp\/v2\/posts"}],"about":[{"href":"https:\/\/www.noticiasradioreflejos.com.ar\/2021\/wp-json\/wp\/v2\/types\/post"}],"author":[{"embeddable":true,"href":"https:\/\/www.noticiasradioreflejos.com.ar\/2021\/wp-json\/wp\/v2\/users\/3"}],"replies":[{"embeddable":true,"href":"https:\/\/www.noticiasradioreflejos.com.ar\/2021\/wp-json\/wp\/v2\/comments?post=65690"}],"version-history":[{"count":2,"href":"https:\/\/www.noticiasradioreflejos.com.ar\/2021\/wp-json\/wp\/v2\/posts\/65690\/revisions"}],"predecessor-version":[{"id":65694,"href":"https:\/\/www.noticiasradioreflejos.com.ar\/2021\/wp-json\/wp\/v2\/posts\/65690\/revisions\/65694"}],"wp:featuredmedia":[{"embeddable":true,"href":"https:\/\/www.noticiasradioreflejos.com.ar\/2021\/wp-json\/wp\/v2\/media\/64837"}],"wp:attachment":[{"href":"https:\/\/www.noticiasradioreflejos.com.ar\/2021\/wp-json\/wp\/v2\/media?parent=65690"}],"wp:term":[{"taxonomy":"category","embeddable":true,"href":"https:\/\/www.noticiasradioreflejos.com.ar\/2021\/wp-json\/wp\/v2\/categories?post=65690"},{"taxonomy":"post_tag","embeddable":true,"href":"https:\/\/www.noticiasradioreflejos.com.ar\/2021\/wp-json\/wp\/v2\/tags?post=65690"}],"curies":[{"name":"wp","href":"https:\/\/api.w.org\/{rel}","templated":true}]}}