{"id":65685,"date":"2021-12-02T20:35:45","date_gmt":"2021-12-02T20:35:45","guid":{"rendered":"http:\/\/www.noticiasradioreflejos.com.ar\/2021\/?p=65685"},"modified":"2021-12-02T20:35:45","modified_gmt":"2021-12-02T20:35:45","slug":"reunion-entre-el-municipio-e-instituciones-sobre-la-situacion-del-predio-del-ex-club-hotel","status":"publish","type":"post","link":"https:\/\/www.noticiasradioreflejos.com.ar\/2021\/reunion-entre-el-municipio-e-instituciones-sobre-la-situacion-del-predio-del-ex-club-hotel\/","title":{"rendered":"Reuni\u00f3n entre el municipio e instituciones sobre la situaci\u00f3n del predio del Ex Club Hotel"},"content":{"rendered":"<p>Este jueves en Villa Ventana, funcionarios de Ejecutivo municipal de Tornquist, mantuvieron una reuni\u00f3n con representantes de instituciones de la localidad sobre la situaci\u00f3n legal de las tierras del Ex Club Hotel de la Ventana.<!--more--><\/p>\n<p><a data-flickr-embed=\"true\" href=\"https:\/\/www.flickr.com\/photos\/182279889@N02\/51719328332\/in\/dateposted-public\/\" title=\"Reunion exclubhotel (2)\"><img loading=\"lazy\" decoding=\"async\" src=\"https:\/\/live.staticflickr.com\/65535\/51719328332_549c4db8b2_c.jpg\" width=\"800\" height=\"475\" alt=\"Reunion exclubhotel (2)\"><\/a><script async src=\"\/\/embedr.flickr.com\/assets\/client-code.js\" charset=\"utf-8\"><\/script><\/p>\n<p>Estuvieron presentes el Secretario de Gobierno y Seguridad, Ezequiel Gabella; el Asesor Legal, Dr. Gustavo Mui\u00f1os; el Secretario de Turismo, Gustavo Sandobal; y la delegada Florencia Testa.<\/p>\n<p>Durante el encuentro, los funcionarios llevaron tranquilidad a la comunidad al explicar que se hizo todo lo correspondiente, desde el punto de vista legal, para no perder ning\u00fan tipo de derecho sobre la propiedad; en tanto que adelantaron que en los pr\u00f3ximos meses surgir\u00e1n novedades respecto a lo que dictamine la justicia sobre el predio en cuesti\u00f3n.<\/p>\n<p><a data-flickr-embed=\"true\" href=\"https:\/\/www.flickr.com\/photos\/182279889@N02\/51719328452\/in\/dateposted-public\/\" title=\"Reunion exclubhotel (1)\"><img loading=\"lazy\" decoding=\"async\" src=\"https:\/\/live.staticflickr.com\/65535\/51719328452_aa81690c86_c.jpg\" width=\"800\" height=\"450\" alt=\"Reunion exclubhotel (1)\"><\/a><script async src=\"\/\/embedr.flickr.com\/assets\/client-code.js\" charset=\"utf-8\"><\/script><\/p>\n","protected":false},"excerpt":{"rendered":"<p>Este jueves en Villa Ventana, funcionarios de Ejecutivo municipal de Tornquist, mantuvieron una reuni\u00f3n con representantes de instituciones de la localidad sobre la situaci\u00f3n legal de las tierras del Ex Club Hotel de la Ventana.<\/p>\n","protected":false},"author":3,"featured_media":0,"comment_status":"closed","ping_status":"closed","sticky":false,"template":"","format":"standard","meta":{"footnotes":""},"categories":[28,26],"tags":[],"class_list":["post-65685","post","type-post","status-publish","format-standard","hentry","category-municipales","category-sociedad"],"yoast_head":"<!-- This site is optimized with the Yoast SEO plugin v25.9 - https:\/\/yoast.com\/wordpress\/plugins\/seo\/ -->\n<title>Reuni\u00f3n entre el municipio e instituciones sobre la situaci\u00f3n del predio del Ex Club Hotel - Noticias Radio Reflejos<\/title>\n<meta name=\"robots\" content=\"index, follow, max-snippet:-1, max-image-preview:large, max-video-preview:-1\" \/>\n<link rel=\"canonical\" href=\"https:\/\/www.noticiasradioreflejos.com.ar\/2021\/reunion-entre-el-municipio-e-instituciones-sobre-la-situacion-del-predio-del-ex-club-hotel\/\" \/>\n<meta property=\"og:locale\" content=\"es_ES\" \/>\n<meta property=\"og:type\" content=\"article\" \/>\n<meta property=\"og:title\" content=\"Reuni\u00f3n entre el municipio e instituciones sobre la situaci\u00f3n del predio del Ex Club Hotel - Noticias Radio Reflejos\" \/>\n<meta property=\"og:description\" content=\"Este jueves en Villa Ventana, funcionarios de Ejecutivo municipal de Tornquist, mantuvieron una reuni\u00f3n con representantes de instituciones de la localidad sobre la situaci\u00f3n legal de las tierras del Ex Club Hotel de la Ventana.\" \/>\n<meta property=\"og:url\" content=\"https:\/\/www.noticiasradioreflejos.com.ar\/2021\/reunion-entre-el-municipio-e-instituciones-sobre-la-situacion-del-predio-del-ex-club-hotel\/\" \/>\n<meta property=\"og:site_name\" content=\"Noticias Radio Reflejos\" \/>\n<meta property=\"article:published_time\" content=\"2021-12-02T20:35:45+00:00\" \/>\n<meta property=\"og:image\" content=\"https:\/\/live.staticflickr.com\/65535\/51719328332_549c4db8b2_c.jpg\" \/>\n<meta name=\"author\" content=\"Arnaldo Botto\" \/>\n<meta name=\"twitter:card\" content=\"summary_large_image\" \/>\n<script type=\"application\/ld+json\" class=\"yoast-schema-graph\">{\"@context\":\"https:\/\/schema.org\",\"@graph\":[{\"@type\":\"WebPage\",\"@id\":\"https:\/\/www.noticiasradioreflejos.com.ar\/2021\/reunion-entre-el-municipio-e-instituciones-sobre-la-situacion-del-predio-del-ex-club-hotel\/\",\"url\":\"https:\/\/www.noticiasradioreflejos.com.ar\/2021\/reunion-entre-el-municipio-e-instituciones-sobre-la-situacion-del-predio-del-ex-club-hotel\/\",\"name\":\"Reuni\u00f3n entre el municipio e instituciones sobre la situaci\u00f3n del predio del Ex Club Hotel - Noticias Radio Reflejos\",\"isPartOf\":{\"@id\":\"https:\/\/www.noticiasradioreflejos.com.ar\/2021\/#website\"},\"primaryImageOfPage\":{\"@id\":\"https:\/\/www.noticiasradioreflejos.com.ar\/2021\/reunion-entre-el-municipio-e-instituciones-sobre-la-situacion-del-predio-del-ex-club-hotel\/#primaryimage\"},\"image\":{\"@id\":\"https:\/\/www.noticiasradioreflejos.com.ar\/2021\/reunion-entre-el-municipio-e-instituciones-sobre-la-situacion-del-predio-del-ex-club-hotel\/#primaryimage\"},\"thumbnailUrl\":\"https:\/\/live.staticflickr.com\/65535\/51719328332_549c4db8b2_c.jpg\",\"datePublished\":\"2021-12-02T20:35:45+00:00\",\"author\":{\"@id\":\"https:\/\/www.noticiasradioreflejos.com.ar\/2021\/#\/schema\/person\/ad82545263dcc5ec0996818884fd5fb1\"},\"breadcrumb\":{\"@id\":\"https:\/\/www.noticiasradioreflejos.com.ar\/2021\/reunion-entre-el-municipio-e-instituciones-sobre-la-situacion-del-predio-del-ex-club-hotel\/#breadcrumb\"},\"inLanguage\":\"es\",\"potentialAction\":[{\"@type\":\"ReadAction\",\"target\":[\"https:\/\/www.noticiasradioreflejos.com.ar\/2021\/reunion-entre-el-municipio-e-instituciones-sobre-la-situacion-del-predio-del-ex-club-hotel\/\"]}]},{\"@type\":\"ImageObject\",\"inLanguage\":\"es\",\"@id\":\"https:\/\/www.noticiasradioreflejos.com.ar\/2021\/reunion-entre-el-municipio-e-instituciones-sobre-la-situacion-del-predio-del-ex-club-hotel\/#primaryimage\",\"url\":\"https:\/\/live.staticflickr.com\/65535\/51719328332_549c4db8b2_c.jpg\",\"contentUrl\":\"https:\/\/live.staticflickr.com\/65535\/51719328332_549c4db8b2_c.jpg\"},{\"@type\":\"BreadcrumbList\",\"@id\":\"https:\/\/www.noticiasradioreflejos.com.ar\/2021\/reunion-entre-el-municipio-e-instituciones-sobre-la-situacion-del-predio-del-ex-club-hotel\/#breadcrumb\",\"itemListElement\":[{\"@type\":\"ListItem\",\"position\":1,\"name\":\"Portada\",\"item\":\"https:\/\/www.noticiasradioreflejos.com.ar\/2021\/\"},{\"@type\":\"ListItem\",\"position\":2,\"name\":\"Reuni\u00f3n entre el municipio e instituciones sobre la situaci\u00f3n del predio del Ex Club Hotel\"}]},{\"@type\":\"WebSite\",\"@id\":\"https:\/\/www.noticiasradioreflejos.com.ar\/2021\/#website\",\"url\":\"https:\/\/www.noticiasradioreflejos.com.ar\/2021\/\",\"name\":\"Noticias Radio Reflejos\",\"description\":\"Las noticias de mi comarca\",\"potentialAction\":[{\"@type\":\"SearchAction\",\"target\":{\"@type\":\"EntryPoint\",\"urlTemplate\":\"https:\/\/www.noticiasradioreflejos.com.ar\/2021\/?s={search_term_string}\"},\"query-input\":{\"@type\":\"PropertyValueSpecification\",\"valueRequired\":true,\"valueName\":\"search_term_string\"}}],\"inLanguage\":\"es\"},{\"@type\":\"Person\",\"@id\":\"https:\/\/www.noticiasradioreflejos.com.ar\/2021\/#\/schema\/person\/ad82545263dcc5ec0996818884fd5fb1\",\"name\":\"Arnaldo Botto\",\"image\":{\"@type\":\"ImageObject\",\"inLanguage\":\"es\",\"@id\":\"https:\/\/www.noticiasradioreflejos.com.ar\/2021\/#\/schema\/person\/image\/\",\"url\":\"https:\/\/secure.gravatar.com\/avatar\/55cb5e37c1efa326397366e6974cb338056df65cb50e7d64d1cf314e87504837?s=96&d=mm&r=g\",\"contentUrl\":\"https:\/\/secure.gravatar.com\/avatar\/55cb5e37c1efa326397366e6974cb338056df65cb50e7d64d1cf314e87504837?s=96&d=mm&r=g\",\"caption\":\"Arnaldo Botto\"},\"url\":\"https:\/\/www.noticiasradioreflejos.com.ar\/2021\/author\/arnaldo\/\"}]}<\/script>\n<!-- \/ Yoast SEO plugin. -->","yoast_head_json":{"title":"Reuni\u00f3n entre el municipio e instituciones sobre la situaci\u00f3n del predio del Ex Club Hotel - Noticias Radio Reflejos","robots":{"index":"index","follow":"follow","max-snippet":"max-snippet:-1","max-image-preview":"max-image-preview:large","max-video-preview":"max-video-preview:-1"},"canonical":"https:\/\/www.noticiasradioreflejos.com.ar\/2021\/reunion-entre-el-municipio-e-instituciones-sobre-la-situacion-del-predio-del-ex-club-hotel\/","og_locale":"es_ES","og_type":"article","og_title":"Reuni\u00f3n entre el municipio e instituciones sobre la situaci\u00f3n del predio del Ex Club Hotel - Noticias Radio Reflejos","og_description":"Este jueves en Villa Ventana, funcionarios de Ejecutivo municipal de Tornquist, mantuvieron una reuni\u00f3n con representantes de instituciones de la localidad sobre la situaci\u00f3n legal de las tierras del Ex Club Hotel de la Ventana.","og_url":"https:\/\/www.noticiasradioreflejos.com.ar\/2021\/reunion-entre-el-municipio-e-instituciones-sobre-la-situacion-del-predio-del-ex-club-hotel\/","og_site_name":"Noticias Radio Reflejos","article_published_time":"2021-12-02T20:35:45+00:00","og_image":[{"url":"https:\/\/live.staticflickr.com\/65535\/51719328332_549c4db8b2_c.jpg","type":"","width":"","height":""}],"author":"Arnaldo Botto","twitter_card":"summary_large_image","schema":{"@context":"https:\/\/schema.org","@graph":[{"@type":"WebPage","@id":"https:\/\/www.noticiasradioreflejos.com.ar\/2021\/reunion-entre-el-municipio-e-instituciones-sobre-la-situacion-del-predio-del-ex-club-hotel\/","url":"https:\/\/www.noticiasradioreflejos.com.ar\/2021\/reunion-entre-el-municipio-e-instituciones-sobre-la-situacion-del-predio-del-ex-club-hotel\/","name":"Reuni\u00f3n entre el municipio e instituciones sobre la situaci\u00f3n del predio del Ex Club Hotel - Noticias Radio Reflejos","isPartOf":{"@id":"https:\/\/www.noticiasradioreflejos.com.ar\/2021\/#website"},"primaryImageOfPage":{"@id":"https:\/\/www.noticiasradioreflejos.com.ar\/2021\/reunion-entre-el-municipio-e-instituciones-sobre-la-situacion-del-predio-del-ex-club-hotel\/#primaryimage"},"image":{"@id":"https:\/\/www.noticiasradioreflejos.com.ar\/2021\/reunion-entre-el-municipio-e-instituciones-sobre-la-situacion-del-predio-del-ex-club-hotel\/#primaryimage"},"thumbnailUrl":"https:\/\/live.staticflickr.com\/65535\/51719328332_549c4db8b2_c.jpg","datePublished":"2021-12-02T20:35:45+00:00","author":{"@id":"https:\/\/www.noticiasradioreflejos.com.ar\/2021\/#\/schema\/person\/ad82545263dcc5ec0996818884fd5fb1"},"breadcrumb":{"@id":"https:\/\/www.noticiasradioreflejos.com.ar\/2021\/reunion-entre-el-municipio-e-instituciones-sobre-la-situacion-del-predio-del-ex-club-hotel\/#breadcrumb"},"inLanguage":"es","potentialAction":[{"@type":"ReadAction","target":["https:\/\/www.noticiasradioreflejos.com.ar\/2021\/reunion-entre-el-municipio-e-instituciones-sobre-la-situacion-del-predio-del-ex-club-hotel\/"]}]},{"@type":"ImageObject","inLanguage":"es","@id":"https:\/\/www.noticiasradioreflejos.com.ar\/2021\/reunion-entre-el-municipio-e-instituciones-sobre-la-situacion-del-predio-del-ex-club-hotel\/#primaryimage","url":"https:\/\/live.staticflickr.com\/65535\/51719328332_549c4db8b2_c.jpg","contentUrl":"https:\/\/live.staticflickr.com\/65535\/51719328332_549c4db8b2_c.jpg"},{"@type":"BreadcrumbList","@id":"https:\/\/www.noticiasradioreflejos.com.ar\/2021\/reunion-entre-el-municipio-e-instituciones-sobre-la-situacion-del-predio-del-ex-club-hotel\/#breadcrumb","itemListElement":[{"@type":"ListItem","position":1,"name":"Portada","item":"https:\/\/www.noticiasradioreflejos.com.ar\/2021\/"},{"@type":"ListItem","position":2,"name":"Reuni\u00f3n entre el municipio e instituciones sobre la situaci\u00f3n del predio del Ex Club Hotel"}]},{"@type":"WebSite","@id":"https:\/\/www.noticiasradioreflejos.com.ar\/2021\/#website","url":"https:\/\/www.noticiasradioreflejos.com.ar\/2021\/","name":"Noticias Radio Reflejos","description":"Las noticias de mi comarca","potentialAction":[{"@type":"SearchAction","target":{"@type":"EntryPoint","urlTemplate":"https:\/\/www.noticiasradioreflejos.com.ar\/2021\/?s={search_term_string}"},"query-input":{"@type":"PropertyValueSpecification","valueRequired":true,"valueName":"search_term_string"}}],"inLanguage":"es"},{"@type":"Person","@id":"https:\/\/www.noticiasradioreflejos.com.ar\/2021\/#\/schema\/person\/ad82545263dcc5ec0996818884fd5fb1","name":"Arnaldo Botto","image":{"@type":"ImageObject","inLanguage":"es","@id":"https:\/\/www.noticiasradioreflejos.com.ar\/2021\/#\/schema\/person\/image\/","url":"https:\/\/secure.gravatar.com\/avatar\/55cb5e37c1efa326397366e6974cb338056df65cb50e7d64d1cf314e87504837?s=96&d=mm&r=g","contentUrl":"https:\/\/secure.gravatar.com\/avatar\/55cb5e37c1efa326397366e6974cb338056df65cb50e7d64d1cf314e87504837?s=96&d=mm&r=g","caption":"Arnaldo Botto"},"url":"https:\/\/www.noticiasradioreflejos.com.ar\/2021\/author\/arnaldo\/"}]}},"_links":{"self":[{"href":"https:\/\/www.noticiasradioreflejos.com.ar\/2021\/wp-json\/wp\/v2\/posts\/65685","targetHints":{"allow":["GET"]}}],"collection":[{"href":"https:\/\/www.noticiasradioreflejos.com.ar\/2021\/wp-json\/wp\/v2\/posts"}],"about":[{"href":"https:\/\/www.noticiasradioreflejos.com.ar\/2021\/wp-json\/wp\/v2\/types\/post"}],"author":[{"embeddable":true,"href":"https:\/\/www.noticiasradioreflejos.com.ar\/2021\/wp-json\/wp\/v2\/users\/3"}],"replies":[{"embeddable":true,"href":"https:\/\/www.noticiasradioreflejos.com.ar\/2021\/wp-json\/wp\/v2\/comments?post=65685"}],"version-history":[{"count":1,"href":"https:\/\/www.noticiasradioreflejos.com.ar\/2021\/wp-json\/wp\/v2\/posts\/65685\/revisions"}],"predecessor-version":[{"id":65687,"href":"https:\/\/www.noticiasradioreflejos.com.ar\/2021\/wp-json\/wp\/v2\/posts\/65685\/revisions\/65687"}],"wp:attachment":[{"href":"https:\/\/www.noticiasradioreflejos.com.ar\/2021\/wp-json\/wp\/v2\/media?parent=65685"}],"wp:term":[{"taxonomy":"category","embeddable":true,"href":"https:\/\/www.noticiasradioreflejos.com.ar\/2021\/wp-json\/wp\/v2\/categories?post=65685"},{"taxonomy":"post_tag","embeddable":true,"href":"https:\/\/www.noticiasradioreflejos.com.ar\/2021\/wp-json\/wp\/v2\/tags?post=65685"}],"curies":[{"name":"wp","href":"https:\/\/api.w.org\/{rel}","templated":true}]}}