{"id":65682,"date":"2021-12-02T20:32:14","date_gmt":"2021-12-02T20:32:14","guid":{"rendered":"http:\/\/www.noticiasradioreflejos.com.ar\/2021\/?p=65682"},"modified":"2021-12-02T20:32:14","modified_gmt":"2021-12-02T20:32:14","slug":"ambientalistas-presentan-denuncia-penal-por-el-ecocidio-de-punta-tombo","status":"publish","type":"post","link":"https:\/\/www.noticiasradioreflejos.com.ar\/2021\/ambientalistas-presentan-denuncia-penal-por-el-ecocidio-de-punta-tombo\/","title":{"rendered":"Ambientalistas presentan denuncia penal por el Ecocidio de Punta Tombo"},"content":{"rendered":"<p dir=\"ltr\">En el d\u00eda de la fecha, la Asociaci\u00f3n Argentina de Abogadas\/os Ambientalistas y Greenpeace Argentina presentaron una denuncia penal ante las autoridades del Ministerio P\u00fablico Fiscal de la Provincia de Chubut, para exigir una investigaci\u00f3n penal a fondo con motivo de la masacre perpetrada en la Reserva Punta Tombo, donde cientos de ping\u00fcinos magallanes fueron asesinados. <!--more--><\/p>\n<p dir=\"ltr\">\u201cEntendemos que estamos ante un Ecocidio por haberse generado un da\u00f1o grave, a gran escala e irreversible contra la biodiversidad, los ecosistemas y los derechos de la madre tierra, comprometiendo la reproducci\u00f3n y desarrollo de una de las colonias de ping\u00fcinos m\u00e1s importantes del mundo, alterando significativamente la continuidad de los ciclos vitales de la Naturaleza y afectando severamente su capacidad de regeneraci\u00f3n\u201d &#8211; sostuvieron Rafael Colombo y Lucas Micheloud de la Asociaci\u00f3n de Abogados\/as Ambientalistas.<\/p>\n<p><a title=\"Pinguino de Magallanes (fotos ilustrativas de la especie)\" href=\"https:\/\/www.flickr.com\/photos\/182279889@N02\/51720382633\/in\/dateposted-public\/\" data-flickr-embed=\"true\"><img loading=\"lazy\" decoding=\"async\" src=\"https:\/\/live.staticflickr.com\/65535\/51720382633_7674760b1d_c.jpg\" alt=\"Pinguino de Magallanes (fotos ilustrativas de la especie)\" width=\"800\" height=\"534\" \/><\/a><script async src=\"\/\/embedr.flickr.com\/assets\/client-code.js\" charset=\"utf-8\"><\/script><\/p>\n<p dir=\"ltr\">\u00abLas topadoras pasaron por encima de la mayor colonia de ping\u00fcinos de Magallanes del mundo, en una zona de alta densidad de nidos. Esto es un\u00a0 verdadero crimen ambiental que constituye un delito penal y debe ser investigado y sancionado como tal. El da\u00f1o generado es irreversible y la justicia debe actuar conforme a la gravedad de los hechos\u00bb, sostuvo Luisina Vueso coordinadora de la campa\u00f1a de oc\u00e9anos de Greenpeace.<\/p>\n<p>&nbsp;<\/p>\n<p dir=\"ltr\">Las organizaciones entienden que se estar\u00eda configurando la acci\u00f3n t\u00edpica del delito de Crueldad contra los animales, establecido en los art\u00edculos 1\u00b0 y 3\u00b0 de la Ley 14.346 de Maltrato Animal, donde se penaliza a quien hiciere v\u00edctima de actos de crueldad a los animales, siendo precisamente perseguida los actos de \u201clastimar y arrollar animales intencionalmente\u201d, en concurso junto a otros tipos penales, como el Delito de Da\u00f1o y posiblemente, el delito de Estrago (art. 183 y 186 del CPA).<\/p>\n<p>&nbsp;<\/p>\n<p dir=\"ltr\">Al mismo tiempo, la denuncia remitida sugiere a la Fiscal\u00eda interviniente que disponga, de manera inmediata el traslado de los ping\u00fcinos afectados a un Centro de Atenci\u00f3n y Recuperaci\u00f3n Animal no Humano; la presentaci\u00f3n, en un plazo 5 d\u00edas, de un plan de reinserci\u00f3n de los ping\u00fcinos que fueran oportunamente trasladados por parte de las autoridades de la Reserva, observando que el mismo asegure los recaudos necesarios para el bienestar animal, manejo de la especie e integridad f\u00edsica; se efect\u00fae una ficha m\u00e9dica por cada ping\u00fcino asesinado y herido, y se designe un equipo de expertos en ciencias biol\u00f3gicas y veterinarias de la Reserva a fin de realizar el seguimiento de la evoluci\u00f3n de los mismos.<\/p>\n<p>&nbsp;<\/p>\n<p dir=\"ltr\">A su vez, se sugiere que se exhorte a la Administraci\u00f3n de la Reserva y las reparticiones ministeriales provinciales competentes a dise\u00f1ar una planificaci\u00f3n de la Gesti\u00f3n Institucional de la Reserva, con el deliberado prop\u00f3sito de garantizar el bienestar y dignidad animal, para los ping\u00fcinos existentes y otros animales no humanos, adoptando medidas proactivas y preventivas que garanticen que no se realizar\u00e1n acciones antr\u00f3picas en la reserva y terrenos colindantes que comprometan la integridad f\u00edsica y emocional de los ping\u00fcinos y otros animales no humanos; exhorte a las autoridades provinciales de Chubut a establecer mecanismos sancionatorios agravados frente a pr\u00e1cticas que da\u00f1en a los ping\u00fcinos y la diversidad biol\u00f3gica; solicite incorporar al imputado en registro de infractores ambientales y establece penas privativas de libertad contra su persona y penas accesorias: inhabilitaci\u00f3n, caducidad de permisos, clausuras, multas, entre otras.<\/p>\n<p>&nbsp;<\/p>\n<p dir=\"ltr\">Las organizaciones insisten en la sanci\u00f3n de un proyecto de ley que incorpore un Cap\u00edtulo Penal Ambiental en el C\u00f3digo Penal Argentino. Argentina no posee regulaciones penales-ambientales claras ni contundentes que est\u00e9n a la altura de la presente crisis ecol\u00f3gica, agravada por la pandemia por COVID-19, \u00edntimamente ligada a los da\u00f1os que se producen sobre la naturaleza y la madre tierra. En rigor, las fiscal\u00edas no cuentan con herramientas legales contundentes para enjuiciar,\u00a0 condenar y exigir recomposici\u00f3n del da\u00f1o ambiental que se correspondan con los grandes cr\u00edmenes ambientales producidos en nuestro pa\u00eds, durante los \u00faltimos a\u00f1os.<\/p>\n<p>&nbsp;<\/p>\n<p dir=\"ltr\">Sobre la reserva Punta Tombo<\/p>\n<p dir=\"ltr\">La reserva natural de Punta Tombo de la provincia de Chubut alberga a una de las mayores colonias continentales de ping\u00fcinos de Magallanes del planeta. Se extiende a lo largo de m\u00e1s de 210 hect\u00e1reas en la estepa patag\u00f3nica, ubic\u00e1ndose sobre la costa del Oc\u00e9ano Atl\u00e1ntico, en el departamento Florentino Ameghino, a 110 km de la ciudad de Rawson, capital provincial.<\/p>\n","protected":false},"excerpt":{"rendered":"<p>En el d\u00eda de la fecha, la Asociaci\u00f3n Argentina de Abogadas\/os Ambientalistas y Greenpeace Argentina presentaron una denuncia penal ante las autoridades del Ministerio P\u00fablico Fiscal de la Provincia de Chubut, para exigir una investigaci\u00f3n penal a fondo con motivo de la masacre perpetrada en la Reserva Punta Tombo, donde cientos de ping\u00fcinos magallanes fueron [&hellip;]<\/p>\n","protected":false},"author":3,"featured_media":0,"comment_status":"closed","ping_status":"closed","sticky":false,"template":"","format":"standard","meta":{"footnotes":""},"categories":[26],"tags":[],"class_list":["post-65682","post","type-post","status-publish","format-standard","hentry","category-sociedad"],"yoast_head":"<!-- This site is optimized with the Yoast SEO plugin v25.9 - https:\/\/yoast.com\/wordpress\/plugins\/seo\/ -->\n<title>Ambientalistas presentan denuncia penal por el Ecocidio de Punta Tombo - Noticias Radio Reflejos<\/title>\n<meta name=\"robots\" content=\"index, follow, max-snippet:-1, max-image-preview:large, max-video-preview:-1\" \/>\n<link rel=\"canonical\" href=\"https:\/\/www.noticiasradioreflejos.com.ar\/2021\/ambientalistas-presentan-denuncia-penal-por-el-ecocidio-de-punta-tombo\/\" \/>\n<meta property=\"og:locale\" content=\"es_ES\" \/>\n<meta property=\"og:type\" content=\"article\" \/>\n<meta property=\"og:title\" content=\"Ambientalistas presentan denuncia penal por el Ecocidio de Punta Tombo - Noticias Radio Reflejos\" \/>\n<meta property=\"og:description\" content=\"En el d\u00eda de la fecha, la Asociaci\u00f3n Argentina de Abogadas\/os Ambientalistas y Greenpeace Argentina presentaron una denuncia penal ante las autoridades del Ministerio P\u00fablico Fiscal de la Provincia de Chubut, para exigir una investigaci\u00f3n penal a fondo con motivo de la masacre perpetrada en la Reserva Punta Tombo, donde cientos de ping\u00fcinos magallanes fueron [&hellip;]\" \/>\n<meta property=\"og:url\" content=\"https:\/\/www.noticiasradioreflejos.com.ar\/2021\/ambientalistas-presentan-denuncia-penal-por-el-ecocidio-de-punta-tombo\/\" \/>\n<meta property=\"og:site_name\" content=\"Noticias Radio Reflejos\" \/>\n<meta property=\"article:published_time\" content=\"2021-12-02T20:32:14+00:00\" \/>\n<meta property=\"og:image\" content=\"https:\/\/live.staticflickr.com\/65535\/51720382633_7674760b1d_c.jpg\" \/>\n<meta name=\"author\" content=\"Arnaldo Botto\" \/>\n<meta name=\"twitter:card\" content=\"summary_large_image\" \/>\n<script type=\"application\/ld+json\" class=\"yoast-schema-graph\">{\"@context\":\"https:\/\/schema.org\",\"@graph\":[{\"@type\":\"WebPage\",\"@id\":\"https:\/\/www.noticiasradioreflejos.com.ar\/2021\/ambientalistas-presentan-denuncia-penal-por-el-ecocidio-de-punta-tombo\/\",\"url\":\"https:\/\/www.noticiasradioreflejos.com.ar\/2021\/ambientalistas-presentan-denuncia-penal-por-el-ecocidio-de-punta-tombo\/\",\"name\":\"Ambientalistas presentan denuncia penal por el Ecocidio de Punta Tombo - Noticias Radio Reflejos\",\"isPartOf\":{\"@id\":\"https:\/\/www.noticiasradioreflejos.com.ar\/2021\/#website\"},\"primaryImageOfPage\":{\"@id\":\"https:\/\/www.noticiasradioreflejos.com.ar\/2021\/ambientalistas-presentan-denuncia-penal-por-el-ecocidio-de-punta-tombo\/#primaryimage\"},\"image\":{\"@id\":\"https:\/\/www.noticiasradioreflejos.com.ar\/2021\/ambientalistas-presentan-denuncia-penal-por-el-ecocidio-de-punta-tombo\/#primaryimage\"},\"thumbnailUrl\":\"https:\/\/live.staticflickr.com\/65535\/51720382633_7674760b1d_c.jpg\",\"datePublished\":\"2021-12-02T20:32:14+00:00\",\"author\":{\"@id\":\"https:\/\/www.noticiasradioreflejos.com.ar\/2021\/#\/schema\/person\/ad82545263dcc5ec0996818884fd5fb1\"},\"breadcrumb\":{\"@id\":\"https:\/\/www.noticiasradioreflejos.com.ar\/2021\/ambientalistas-presentan-denuncia-penal-por-el-ecocidio-de-punta-tombo\/#breadcrumb\"},\"inLanguage\":\"es\",\"potentialAction\":[{\"@type\":\"ReadAction\",\"target\":[\"https:\/\/www.noticiasradioreflejos.com.ar\/2021\/ambientalistas-presentan-denuncia-penal-por-el-ecocidio-de-punta-tombo\/\"]}]},{\"@type\":\"ImageObject\",\"inLanguage\":\"es\",\"@id\":\"https:\/\/www.noticiasradioreflejos.com.ar\/2021\/ambientalistas-presentan-denuncia-penal-por-el-ecocidio-de-punta-tombo\/#primaryimage\",\"url\":\"https:\/\/live.staticflickr.com\/65535\/51720382633_7674760b1d_c.jpg\",\"contentUrl\":\"https:\/\/live.staticflickr.com\/65535\/51720382633_7674760b1d_c.jpg\"},{\"@type\":\"BreadcrumbList\",\"@id\":\"https:\/\/www.noticiasradioreflejos.com.ar\/2021\/ambientalistas-presentan-denuncia-penal-por-el-ecocidio-de-punta-tombo\/#breadcrumb\",\"itemListElement\":[{\"@type\":\"ListItem\",\"position\":1,\"name\":\"Portada\",\"item\":\"https:\/\/www.noticiasradioreflejos.com.ar\/2021\/\"},{\"@type\":\"ListItem\",\"position\":2,\"name\":\"Ambientalistas presentan denuncia penal por el Ecocidio de Punta Tombo\"}]},{\"@type\":\"WebSite\",\"@id\":\"https:\/\/www.noticiasradioreflejos.com.ar\/2021\/#website\",\"url\":\"https:\/\/www.noticiasradioreflejos.com.ar\/2021\/\",\"name\":\"Noticias Radio Reflejos\",\"description\":\"Las noticias de mi comarca\",\"potentialAction\":[{\"@type\":\"SearchAction\",\"target\":{\"@type\":\"EntryPoint\",\"urlTemplate\":\"https:\/\/www.noticiasradioreflejos.com.ar\/2021\/?s={search_term_string}\"},\"query-input\":{\"@type\":\"PropertyValueSpecification\",\"valueRequired\":true,\"valueName\":\"search_term_string\"}}],\"inLanguage\":\"es\"},{\"@type\":\"Person\",\"@id\":\"https:\/\/www.noticiasradioreflejos.com.ar\/2021\/#\/schema\/person\/ad82545263dcc5ec0996818884fd5fb1\",\"name\":\"Arnaldo Botto\",\"image\":{\"@type\":\"ImageObject\",\"inLanguage\":\"es\",\"@id\":\"https:\/\/www.noticiasradioreflejos.com.ar\/2021\/#\/schema\/person\/image\/\",\"url\":\"https:\/\/secure.gravatar.com\/avatar\/55cb5e37c1efa326397366e6974cb338056df65cb50e7d64d1cf314e87504837?s=96&d=mm&r=g\",\"contentUrl\":\"https:\/\/secure.gravatar.com\/avatar\/55cb5e37c1efa326397366e6974cb338056df65cb50e7d64d1cf314e87504837?s=96&d=mm&r=g\",\"caption\":\"Arnaldo Botto\"},\"url\":\"https:\/\/www.noticiasradioreflejos.com.ar\/2021\/author\/arnaldo\/\"}]}<\/script>\n<!-- \/ Yoast SEO plugin. -->","yoast_head_json":{"title":"Ambientalistas presentan denuncia penal por el Ecocidio de Punta Tombo - Noticias Radio Reflejos","robots":{"index":"index","follow":"follow","max-snippet":"max-snippet:-1","max-image-preview":"max-image-preview:large","max-video-preview":"max-video-preview:-1"},"canonical":"https:\/\/www.noticiasradioreflejos.com.ar\/2021\/ambientalistas-presentan-denuncia-penal-por-el-ecocidio-de-punta-tombo\/","og_locale":"es_ES","og_type":"article","og_title":"Ambientalistas presentan denuncia penal por el Ecocidio de Punta Tombo - Noticias Radio Reflejos","og_description":"En el d\u00eda de la fecha, la Asociaci\u00f3n Argentina de Abogadas\/os Ambientalistas y Greenpeace Argentina presentaron una denuncia penal ante las autoridades del Ministerio P\u00fablico Fiscal de la Provincia de Chubut, para exigir una investigaci\u00f3n penal a fondo con motivo de la masacre perpetrada en la Reserva Punta Tombo, donde cientos de ping\u00fcinos magallanes fueron [&hellip;]","og_url":"https:\/\/www.noticiasradioreflejos.com.ar\/2021\/ambientalistas-presentan-denuncia-penal-por-el-ecocidio-de-punta-tombo\/","og_site_name":"Noticias Radio Reflejos","article_published_time":"2021-12-02T20:32:14+00:00","og_image":[{"url":"https:\/\/live.staticflickr.com\/65535\/51720382633_7674760b1d_c.jpg","type":"","width":"","height":""}],"author":"Arnaldo Botto","twitter_card":"summary_large_image","schema":{"@context":"https:\/\/schema.org","@graph":[{"@type":"WebPage","@id":"https:\/\/www.noticiasradioreflejos.com.ar\/2021\/ambientalistas-presentan-denuncia-penal-por-el-ecocidio-de-punta-tombo\/","url":"https:\/\/www.noticiasradioreflejos.com.ar\/2021\/ambientalistas-presentan-denuncia-penal-por-el-ecocidio-de-punta-tombo\/","name":"Ambientalistas presentan denuncia penal por el Ecocidio de Punta Tombo - Noticias Radio Reflejos","isPartOf":{"@id":"https:\/\/www.noticiasradioreflejos.com.ar\/2021\/#website"},"primaryImageOfPage":{"@id":"https:\/\/www.noticiasradioreflejos.com.ar\/2021\/ambientalistas-presentan-denuncia-penal-por-el-ecocidio-de-punta-tombo\/#primaryimage"},"image":{"@id":"https:\/\/www.noticiasradioreflejos.com.ar\/2021\/ambientalistas-presentan-denuncia-penal-por-el-ecocidio-de-punta-tombo\/#primaryimage"},"thumbnailUrl":"https:\/\/live.staticflickr.com\/65535\/51720382633_7674760b1d_c.jpg","datePublished":"2021-12-02T20:32:14+00:00","author":{"@id":"https:\/\/www.noticiasradioreflejos.com.ar\/2021\/#\/schema\/person\/ad82545263dcc5ec0996818884fd5fb1"},"breadcrumb":{"@id":"https:\/\/www.noticiasradioreflejos.com.ar\/2021\/ambientalistas-presentan-denuncia-penal-por-el-ecocidio-de-punta-tombo\/#breadcrumb"},"inLanguage":"es","potentialAction":[{"@type":"ReadAction","target":["https:\/\/www.noticiasradioreflejos.com.ar\/2021\/ambientalistas-presentan-denuncia-penal-por-el-ecocidio-de-punta-tombo\/"]}]},{"@type":"ImageObject","inLanguage":"es","@id":"https:\/\/www.noticiasradioreflejos.com.ar\/2021\/ambientalistas-presentan-denuncia-penal-por-el-ecocidio-de-punta-tombo\/#primaryimage","url":"https:\/\/live.staticflickr.com\/65535\/51720382633_7674760b1d_c.jpg","contentUrl":"https:\/\/live.staticflickr.com\/65535\/51720382633_7674760b1d_c.jpg"},{"@type":"BreadcrumbList","@id":"https:\/\/www.noticiasradioreflejos.com.ar\/2021\/ambientalistas-presentan-denuncia-penal-por-el-ecocidio-de-punta-tombo\/#breadcrumb","itemListElement":[{"@type":"ListItem","position":1,"name":"Portada","item":"https:\/\/www.noticiasradioreflejos.com.ar\/2021\/"},{"@type":"ListItem","position":2,"name":"Ambientalistas presentan denuncia penal por el Ecocidio de Punta Tombo"}]},{"@type":"WebSite","@id":"https:\/\/www.noticiasradioreflejos.com.ar\/2021\/#website","url":"https:\/\/www.noticiasradioreflejos.com.ar\/2021\/","name":"Noticias Radio Reflejos","description":"Las noticias de mi comarca","potentialAction":[{"@type":"SearchAction","target":{"@type":"EntryPoint","urlTemplate":"https:\/\/www.noticiasradioreflejos.com.ar\/2021\/?s={search_term_string}"},"query-input":{"@type":"PropertyValueSpecification","valueRequired":true,"valueName":"search_term_string"}}],"inLanguage":"es"},{"@type":"Person","@id":"https:\/\/www.noticiasradioreflejos.com.ar\/2021\/#\/schema\/person\/ad82545263dcc5ec0996818884fd5fb1","name":"Arnaldo Botto","image":{"@type":"ImageObject","inLanguage":"es","@id":"https:\/\/www.noticiasradioreflejos.com.ar\/2021\/#\/schema\/person\/image\/","url":"https:\/\/secure.gravatar.com\/avatar\/55cb5e37c1efa326397366e6974cb338056df65cb50e7d64d1cf314e87504837?s=96&d=mm&r=g","contentUrl":"https:\/\/secure.gravatar.com\/avatar\/55cb5e37c1efa326397366e6974cb338056df65cb50e7d64d1cf314e87504837?s=96&d=mm&r=g","caption":"Arnaldo Botto"},"url":"https:\/\/www.noticiasradioreflejos.com.ar\/2021\/author\/arnaldo\/"}]}},"_links":{"self":[{"href":"https:\/\/www.noticiasradioreflejos.com.ar\/2021\/wp-json\/wp\/v2\/posts\/65682","targetHints":{"allow":["GET"]}}],"collection":[{"href":"https:\/\/www.noticiasradioreflejos.com.ar\/2021\/wp-json\/wp\/v2\/posts"}],"about":[{"href":"https:\/\/www.noticiasradioreflejos.com.ar\/2021\/wp-json\/wp\/v2\/types\/post"}],"author":[{"embeddable":true,"href":"https:\/\/www.noticiasradioreflejos.com.ar\/2021\/wp-json\/wp\/v2\/users\/3"}],"replies":[{"embeddable":true,"href":"https:\/\/www.noticiasradioreflejos.com.ar\/2021\/wp-json\/wp\/v2\/comments?post=65682"}],"version-history":[{"count":1,"href":"https:\/\/www.noticiasradioreflejos.com.ar\/2021\/wp-json\/wp\/v2\/posts\/65682\/revisions"}],"predecessor-version":[{"id":65684,"href":"https:\/\/www.noticiasradioreflejos.com.ar\/2021\/wp-json\/wp\/v2\/posts\/65682\/revisions\/65684"}],"wp:attachment":[{"href":"https:\/\/www.noticiasradioreflejos.com.ar\/2021\/wp-json\/wp\/v2\/media?parent=65682"}],"wp:term":[{"taxonomy":"category","embeddable":true,"href":"https:\/\/www.noticiasradioreflejos.com.ar\/2021\/wp-json\/wp\/v2\/categories?post=65682"},{"taxonomy":"post_tag","embeddable":true,"href":"https:\/\/www.noticiasradioreflejos.com.ar\/2021\/wp-json\/wp\/v2\/tags?post=65682"}],"curies":[{"name":"wp","href":"https:\/\/api.w.org\/{rel}","templated":true}]}}