{"id":65679,"date":"2021-12-02T18:35:15","date_gmt":"2021-12-02T18:35:15","guid":{"rendered":"http:\/\/www.noticiasradioreflejos.com.ar\/2021\/?p=65679"},"modified":"2021-12-02T18:35:15","modified_gmt":"2021-12-02T18:35:15","slug":"licitacion-publica-contratacion-de-aseguradora-de-riesgo-del-trabajo-a-r-t-y-seguro-de-vida-obligatorio-patronal","status":"publish","type":"post","link":"https:\/\/www.noticiasradioreflejos.com.ar\/2021\/licitacion-publica-contratacion-de-aseguradora-de-riesgo-del-trabajo-a-r-t-y-seguro-de-vida-obligatorio-patronal\/","title":{"rendered":"Licitaci\u00f3n P\u00fablica: contrataci\u00f3n de aseguradora de riesgo del trabajo (a.r.t.) y seguro de vida obligatorio (patronal)"},"content":{"rendered":"<p>Ll\u00e1mese a Licitaci\u00f3n P\u00fablica: CONTRATACION DE ASEGURADORA DE RIESGO DEL TRABAJO (A.R.T.) y SEGURO DE VIDA OBLIGATORIO (PATRONAL).-<\/p>\n<p>LICITACI\u00d3N P\u00daBLICA N\u00ba 13\/21<!--more--><\/p>\n<p>&nbsp;<\/p>\n<ul>\n<li>EXPEDIENTE N\u00ba 298\/21.-<\/li>\n<li>PRESUPUESTO OFICIAL: $ 7.000.000,00.-<\/li>\n<\/ul>\n<p>&nbsp;<\/p>\n<ul>\n<li>ADQUISICI\u00d3N DE PLIEGOS: Oficina de Compras de la Municipalidad de Tornquist, Sarmiento N\u00ba 53 \u2013 Tornquist. Desde el d\u00eda 29 de noviembre hasta el d\u00eda 10 de diciembre de 2021 inclusive de 8 a 13 hs.-<\/li>\n<\/ul>\n<p>&nbsp;<\/p>\n<ul>\n<li>VALOR DEL PLIEGO: $ 10.500,00<\/li>\n<\/ul>\n<p>&nbsp;<\/p>\n<ul>\n<li>APERTURA DE SOBRES: 20 de diciembre de 2021, a las 9 hs. en la Oficina de Compras.-<\/li>\n<\/ul>\n<p>&nbsp;<\/p>\n<p>&nbsp;<\/p>\n<p>&nbsp;<\/p>\n<p>&nbsp;<\/p>\n<p>&nbsp;<\/p>\n<p>&nbsp;<\/p>\n<p>&nbsp;<\/p>\n","protected":false},"excerpt":{"rendered":"<p>Ll\u00e1mese a Licitaci\u00f3n P\u00fablica: CONTRATACION DE ASEGURADORA DE RIESGO DEL TRABAJO (A.R.T.) y SEGURO DE VIDA OBLIGATORIO (PATRONAL).- LICITACI\u00d3N P\u00daBLICA N\u00ba 13\/21<\/p>\n","protected":false},"author":3,"featured_media":0,"comment_status":"closed","ping_status":"closed","sticky":false,"template":"","format":"standard","meta":{"footnotes":""},"categories":[28],"tags":[],"class_list":["post-65679","post","type-post","status-publish","format-standard","hentry","category-municipales"],"yoast_head":"<!-- This site is optimized with the Yoast SEO plugin v25.9 - https:\/\/yoast.com\/wordpress\/plugins\/seo\/ -->\n<title>Licitaci\u00f3n P\u00fablica: contrataci\u00f3n de aseguradora de riesgo del trabajo (a.r.t.) y seguro de vida obligatorio (patronal) - Noticias Radio Reflejos<\/title>\n<meta name=\"robots\" content=\"index, follow, max-snippet:-1, max-image-preview:large, max-video-preview:-1\" \/>\n<link rel=\"canonical\" href=\"https:\/\/www.noticiasradioreflejos.com.ar\/2021\/licitacion-publica-contratacion-de-aseguradora-de-riesgo-del-trabajo-a-r-t-y-seguro-de-vida-obligatorio-patronal\/\" \/>\n<meta property=\"og:locale\" content=\"es_ES\" \/>\n<meta property=\"og:type\" content=\"article\" \/>\n<meta property=\"og:title\" content=\"Licitaci\u00f3n P\u00fablica: contrataci\u00f3n de aseguradora de riesgo del trabajo (a.r.t.) y seguro de vida obligatorio (patronal) - Noticias Radio Reflejos\" \/>\n<meta property=\"og:description\" content=\"Ll\u00e1mese a Licitaci\u00f3n P\u00fablica: CONTRATACION DE ASEGURADORA DE RIESGO DEL TRABAJO (A.R.T.) y SEGURO DE VIDA OBLIGATORIO (PATRONAL).- LICITACI\u00d3N P\u00daBLICA N\u00ba 13\/21\" \/>\n<meta property=\"og:url\" content=\"https:\/\/www.noticiasradioreflejos.com.ar\/2021\/licitacion-publica-contratacion-de-aseguradora-de-riesgo-del-trabajo-a-r-t-y-seguro-de-vida-obligatorio-patronal\/\" \/>\n<meta property=\"og:site_name\" content=\"Noticias Radio Reflejos\" \/>\n<meta property=\"article:published_time\" content=\"2021-12-02T18:35:15+00:00\" \/>\n<meta property=\"og:image\" content=\"https:\/\/www.noticiasradioreflejos.com.ar\/2021\/wp-content\/uploads\/2021\/07\/logosol300x200.png\" \/>\n\t<meta property=\"og:image:width\" content=\"300\" \/>\n\t<meta property=\"og:image:height\" content=\"200\" \/>\n\t<meta property=\"og:image:type\" content=\"image\/png\" \/>\n<meta name=\"author\" content=\"Arnaldo Botto\" \/>\n<meta name=\"twitter:card\" content=\"summary_large_image\" \/>\n<script type=\"application\/ld+json\" class=\"yoast-schema-graph\">{\"@context\":\"https:\/\/schema.org\",\"@graph\":[{\"@type\":\"WebPage\",\"@id\":\"https:\/\/www.noticiasradioreflejos.com.ar\/2021\/licitacion-publica-contratacion-de-aseguradora-de-riesgo-del-trabajo-a-r-t-y-seguro-de-vida-obligatorio-patronal\/\",\"url\":\"https:\/\/www.noticiasradioreflejos.com.ar\/2021\/licitacion-publica-contratacion-de-aseguradora-de-riesgo-del-trabajo-a-r-t-y-seguro-de-vida-obligatorio-patronal\/\",\"name\":\"Licitaci\u00f3n P\u00fablica: contrataci\u00f3n de aseguradora de riesgo del trabajo (a.r.t.) y seguro de vida obligatorio (patronal) - Noticias Radio Reflejos\",\"isPartOf\":{\"@id\":\"https:\/\/www.noticiasradioreflejos.com.ar\/2021\/#website\"},\"datePublished\":\"2021-12-02T18:35:15+00:00\",\"author\":{\"@id\":\"https:\/\/www.noticiasradioreflejos.com.ar\/2021\/#\/schema\/person\/ad82545263dcc5ec0996818884fd5fb1\"},\"breadcrumb\":{\"@id\":\"https:\/\/www.noticiasradioreflejos.com.ar\/2021\/licitacion-publica-contratacion-de-aseguradora-de-riesgo-del-trabajo-a-r-t-y-seguro-de-vida-obligatorio-patronal\/#breadcrumb\"},\"inLanguage\":\"es\",\"potentialAction\":[{\"@type\":\"ReadAction\",\"target\":[\"https:\/\/www.noticiasradioreflejos.com.ar\/2021\/licitacion-publica-contratacion-de-aseguradora-de-riesgo-del-trabajo-a-r-t-y-seguro-de-vida-obligatorio-patronal\/\"]}]},{\"@type\":\"BreadcrumbList\",\"@id\":\"https:\/\/www.noticiasradioreflejos.com.ar\/2021\/licitacion-publica-contratacion-de-aseguradora-de-riesgo-del-trabajo-a-r-t-y-seguro-de-vida-obligatorio-patronal\/#breadcrumb\",\"itemListElement\":[{\"@type\":\"ListItem\",\"position\":1,\"name\":\"Portada\",\"item\":\"https:\/\/www.noticiasradioreflejos.com.ar\/2021\/\"},{\"@type\":\"ListItem\",\"position\":2,\"name\":\"Licitaci\u00f3n P\u00fablica: contrataci\u00f3n de aseguradora de riesgo del trabajo (a.r.t.) y seguro de vida obligatorio (patronal)\"}]},{\"@type\":\"WebSite\",\"@id\":\"https:\/\/www.noticiasradioreflejos.com.ar\/2021\/#website\",\"url\":\"https:\/\/www.noticiasradioreflejos.com.ar\/2021\/\",\"name\":\"Noticias Radio Reflejos\",\"description\":\"Las noticias de mi comarca\",\"potentialAction\":[{\"@type\":\"SearchAction\",\"target\":{\"@type\":\"EntryPoint\",\"urlTemplate\":\"https:\/\/www.noticiasradioreflejos.com.ar\/2021\/?s={search_term_string}\"},\"query-input\":{\"@type\":\"PropertyValueSpecification\",\"valueRequired\":true,\"valueName\":\"search_term_string\"}}],\"inLanguage\":\"es\"},{\"@type\":\"Person\",\"@id\":\"https:\/\/www.noticiasradioreflejos.com.ar\/2021\/#\/schema\/person\/ad82545263dcc5ec0996818884fd5fb1\",\"name\":\"Arnaldo Botto\",\"image\":{\"@type\":\"ImageObject\",\"inLanguage\":\"es\",\"@id\":\"https:\/\/www.noticiasradioreflejos.com.ar\/2021\/#\/schema\/person\/image\/\",\"url\":\"https:\/\/secure.gravatar.com\/avatar\/55cb5e37c1efa326397366e6974cb338056df65cb50e7d64d1cf314e87504837?s=96&d=mm&r=g\",\"contentUrl\":\"https:\/\/secure.gravatar.com\/avatar\/55cb5e37c1efa326397366e6974cb338056df65cb50e7d64d1cf314e87504837?s=96&d=mm&r=g\",\"caption\":\"Arnaldo Botto\"},\"url\":\"https:\/\/www.noticiasradioreflejos.com.ar\/2021\/author\/arnaldo\/\"}]}<\/script>\n<!-- \/ Yoast SEO plugin. -->","yoast_head_json":{"title":"Licitaci\u00f3n P\u00fablica: contrataci\u00f3n de aseguradora de riesgo del trabajo (a.r.t.) y seguro de vida obligatorio (patronal) - Noticias Radio Reflejos","robots":{"index":"index","follow":"follow","max-snippet":"max-snippet:-1","max-image-preview":"max-image-preview:large","max-video-preview":"max-video-preview:-1"},"canonical":"https:\/\/www.noticiasradioreflejos.com.ar\/2021\/licitacion-publica-contratacion-de-aseguradora-de-riesgo-del-trabajo-a-r-t-y-seguro-de-vida-obligatorio-patronal\/","og_locale":"es_ES","og_type":"article","og_title":"Licitaci\u00f3n P\u00fablica: contrataci\u00f3n de aseguradora de riesgo del trabajo (a.r.t.) y seguro de vida obligatorio (patronal) - Noticias Radio Reflejos","og_description":"Ll\u00e1mese a Licitaci\u00f3n P\u00fablica: CONTRATACION DE ASEGURADORA DE RIESGO DEL TRABAJO (A.R.T.) y SEGURO DE VIDA OBLIGATORIO (PATRONAL).- LICITACI\u00d3N P\u00daBLICA N\u00ba 13\/21","og_url":"https:\/\/www.noticiasradioreflejos.com.ar\/2021\/licitacion-publica-contratacion-de-aseguradora-de-riesgo-del-trabajo-a-r-t-y-seguro-de-vida-obligatorio-patronal\/","og_site_name":"Noticias Radio Reflejos","article_published_time":"2021-12-02T18:35:15+00:00","og_image":[{"width":300,"height":200,"url":"https:\/\/www.noticiasradioreflejos.com.ar\/2021\/wp-content\/uploads\/2021\/07\/logosol300x200.png","type":"image\/png"}],"author":"Arnaldo Botto","twitter_card":"summary_large_image","schema":{"@context":"https:\/\/schema.org","@graph":[{"@type":"WebPage","@id":"https:\/\/www.noticiasradioreflejos.com.ar\/2021\/licitacion-publica-contratacion-de-aseguradora-de-riesgo-del-trabajo-a-r-t-y-seguro-de-vida-obligatorio-patronal\/","url":"https:\/\/www.noticiasradioreflejos.com.ar\/2021\/licitacion-publica-contratacion-de-aseguradora-de-riesgo-del-trabajo-a-r-t-y-seguro-de-vida-obligatorio-patronal\/","name":"Licitaci\u00f3n P\u00fablica: contrataci\u00f3n de aseguradora de riesgo del trabajo (a.r.t.) y seguro de vida obligatorio (patronal) - Noticias Radio Reflejos","isPartOf":{"@id":"https:\/\/www.noticiasradioreflejos.com.ar\/2021\/#website"},"datePublished":"2021-12-02T18:35:15+00:00","author":{"@id":"https:\/\/www.noticiasradioreflejos.com.ar\/2021\/#\/schema\/person\/ad82545263dcc5ec0996818884fd5fb1"},"breadcrumb":{"@id":"https:\/\/www.noticiasradioreflejos.com.ar\/2021\/licitacion-publica-contratacion-de-aseguradora-de-riesgo-del-trabajo-a-r-t-y-seguro-de-vida-obligatorio-patronal\/#breadcrumb"},"inLanguage":"es","potentialAction":[{"@type":"ReadAction","target":["https:\/\/www.noticiasradioreflejos.com.ar\/2021\/licitacion-publica-contratacion-de-aseguradora-de-riesgo-del-trabajo-a-r-t-y-seguro-de-vida-obligatorio-patronal\/"]}]},{"@type":"BreadcrumbList","@id":"https:\/\/www.noticiasradioreflejos.com.ar\/2021\/licitacion-publica-contratacion-de-aseguradora-de-riesgo-del-trabajo-a-r-t-y-seguro-de-vida-obligatorio-patronal\/#breadcrumb","itemListElement":[{"@type":"ListItem","position":1,"name":"Portada","item":"https:\/\/www.noticiasradioreflejos.com.ar\/2021\/"},{"@type":"ListItem","position":2,"name":"Licitaci\u00f3n P\u00fablica: contrataci\u00f3n de aseguradora de riesgo del trabajo (a.r.t.) y seguro de vida obligatorio (patronal)"}]},{"@type":"WebSite","@id":"https:\/\/www.noticiasradioreflejos.com.ar\/2021\/#website","url":"https:\/\/www.noticiasradioreflejos.com.ar\/2021\/","name":"Noticias Radio Reflejos","description":"Las noticias de mi comarca","potentialAction":[{"@type":"SearchAction","target":{"@type":"EntryPoint","urlTemplate":"https:\/\/www.noticiasradioreflejos.com.ar\/2021\/?s={search_term_string}"},"query-input":{"@type":"PropertyValueSpecification","valueRequired":true,"valueName":"search_term_string"}}],"inLanguage":"es"},{"@type":"Person","@id":"https:\/\/www.noticiasradioreflejos.com.ar\/2021\/#\/schema\/person\/ad82545263dcc5ec0996818884fd5fb1","name":"Arnaldo Botto","image":{"@type":"ImageObject","inLanguage":"es","@id":"https:\/\/www.noticiasradioreflejos.com.ar\/2021\/#\/schema\/person\/image\/","url":"https:\/\/secure.gravatar.com\/avatar\/55cb5e37c1efa326397366e6974cb338056df65cb50e7d64d1cf314e87504837?s=96&d=mm&r=g","contentUrl":"https:\/\/secure.gravatar.com\/avatar\/55cb5e37c1efa326397366e6974cb338056df65cb50e7d64d1cf314e87504837?s=96&d=mm&r=g","caption":"Arnaldo Botto"},"url":"https:\/\/www.noticiasradioreflejos.com.ar\/2021\/author\/arnaldo\/"}]}},"_links":{"self":[{"href":"https:\/\/www.noticiasradioreflejos.com.ar\/2021\/wp-json\/wp\/v2\/posts\/65679","targetHints":{"allow":["GET"]}}],"collection":[{"href":"https:\/\/www.noticiasradioreflejos.com.ar\/2021\/wp-json\/wp\/v2\/posts"}],"about":[{"href":"https:\/\/www.noticiasradioreflejos.com.ar\/2021\/wp-json\/wp\/v2\/types\/post"}],"author":[{"embeddable":true,"href":"https:\/\/www.noticiasradioreflejos.com.ar\/2021\/wp-json\/wp\/v2\/users\/3"}],"replies":[{"embeddable":true,"href":"https:\/\/www.noticiasradioreflejos.com.ar\/2021\/wp-json\/wp\/v2\/comments?post=65679"}],"version-history":[{"count":1,"href":"https:\/\/www.noticiasradioreflejos.com.ar\/2021\/wp-json\/wp\/v2\/posts\/65679\/revisions"}],"predecessor-version":[{"id":65680,"href":"https:\/\/www.noticiasradioreflejos.com.ar\/2021\/wp-json\/wp\/v2\/posts\/65679\/revisions\/65680"}],"wp:attachment":[{"href":"https:\/\/www.noticiasradioreflejos.com.ar\/2021\/wp-json\/wp\/v2\/media?parent=65679"}],"wp:term":[{"taxonomy":"category","embeddable":true,"href":"https:\/\/www.noticiasradioreflejos.com.ar\/2021\/wp-json\/wp\/v2\/categories?post=65679"},{"taxonomy":"post_tag","embeddable":true,"href":"https:\/\/www.noticiasradioreflejos.com.ar\/2021\/wp-json\/wp\/v2\/tags?post=65679"}],"curies":[{"name":"wp","href":"https:\/\/api.w.org\/{rel}","templated":true}]}}