{"id":65673,"date":"2021-12-02T15:59:07","date_gmt":"2021-12-02T15:59:07","guid":{"rendered":"http:\/\/www.noticiasradioreflejos.com.ar\/2021\/?p=65673"},"modified":"2021-12-02T15:59:07","modified_gmt":"2021-12-02T15:59:07","slug":"concierto-festejo-coro-de-clarinetes-y-banda-sinfonica","status":"publish","type":"post","link":"https:\/\/www.noticiasradioreflejos.com.ar\/2021\/concierto-festejo-coro-de-clarinetes-y-banda-sinfonica\/","title":{"rendered":"Concierto Festejo: Coro de clarinetes y Banda Sinf\u00f3nica"},"content":{"rendered":"<p>El pr\u00f3ximo domingo 5 de diciembre, a las 19hs., en el patio de la Casa de la Cultura de la Universidad Nacional del Sur (Av. Alem 925), el Coro de Clarinetes Carmelo Azzolina y la Banda Sinf\u00f3nica de Bah\u00eda Blanca presentar\u00e1n un \u201cConcierto Festejo\u201d al cumplirse 15 y 10 a\u00f1os, respectivamente, de la primera presentaci\u00f3n de ambas agrupaciones dependientes de la Asociaci\u00f3n Filarm\u00f3nica de Bah\u00eda Blanca.<\/p>\n<div><\/div>\n<p><!--more--><br \/>\n&gt;Con la direcci\u00f3n de Eleonora Pino Malpica al frente de la Banda Sinf\u00f3nica de Bah\u00eda Blanca, el\u00a0 repertorio de ambas agrupaciones estar\u00e1 integrado por obras de autores argentinos y latinoamericanos.<\/p>\n<div><\/div>\n<div>Entrada Libre y gratuita,<\/div>\n<div>Les recomendamos traer agua, barbijo, reposera o lonita para el c\u00e9sped.<\/div>\n<p>&nbsp;<\/p>\n<p>&nbsp;<\/p>\n<div><\/div>\n","protected":false},"excerpt":{"rendered":"<p>El pr\u00f3ximo domingo 5 de diciembre, a las 19hs., en el patio de la Casa de la Cultura de la Universidad Nacional del Sur (Av. Alem 925), el Coro de Clarinetes Carmelo Azzolina y la Banda Sinf\u00f3nica de Bah\u00eda Blanca presentar\u00e1n un \u201cConcierto Festejo\u201d al cumplirse 15 y 10 a\u00f1os, respectivamente, de la primera presentaci\u00f3n [&hellip;]<\/p>\n","protected":false},"author":3,"featured_media":0,"comment_status":"closed","ping_status":"closed","sticky":false,"template":"","format":"standard","meta":{"footnotes":""},"categories":[35],"tags":[],"class_list":["post-65673","post","type-post","status-publish","format-standard","hentry","category-cultura"],"yoast_head":"<!-- This site is optimized with the Yoast SEO plugin v25.9 - https:\/\/yoast.com\/wordpress\/plugins\/seo\/ -->\n<title>Concierto Festejo: Coro de clarinetes y Banda Sinf\u00f3nica - Noticias Radio Reflejos<\/title>\n<meta name=\"robots\" content=\"index, follow, max-snippet:-1, max-image-preview:large, max-video-preview:-1\" \/>\n<link rel=\"canonical\" href=\"https:\/\/www.noticiasradioreflejos.com.ar\/2021\/concierto-festejo-coro-de-clarinetes-y-banda-sinfonica\/\" \/>\n<meta property=\"og:locale\" content=\"es_ES\" \/>\n<meta property=\"og:type\" content=\"article\" \/>\n<meta property=\"og:title\" content=\"Concierto Festejo: Coro de clarinetes y Banda Sinf\u00f3nica - Noticias Radio Reflejos\" \/>\n<meta property=\"og:description\" content=\"El pr\u00f3ximo domingo 5 de diciembre, a las 19hs., en el patio de la Casa de la Cultura de la Universidad Nacional del Sur (Av. Alem 925), el Coro de Clarinetes Carmelo Azzolina y la Banda Sinf\u00f3nica de Bah\u00eda Blanca presentar\u00e1n un \u201cConcierto Festejo\u201d al cumplirse 15 y 10 a\u00f1os, respectivamente, de la primera presentaci\u00f3n [&hellip;]\" \/>\n<meta property=\"og:url\" content=\"https:\/\/www.noticiasradioreflejos.com.ar\/2021\/concierto-festejo-coro-de-clarinetes-y-banda-sinfonica\/\" \/>\n<meta property=\"og:site_name\" content=\"Noticias Radio Reflejos\" \/>\n<meta property=\"article:published_time\" content=\"2021-12-02T15:59:07+00:00\" \/>\n<meta property=\"og:image\" content=\"https:\/\/www.noticiasradioreflejos.com.ar\/2021\/wp-content\/uploads\/2021\/07\/logosol300x200.png\" \/>\n\t<meta property=\"og:image:width\" content=\"300\" \/>\n\t<meta property=\"og:image:height\" content=\"200\" \/>\n\t<meta property=\"og:image:type\" content=\"image\/png\" \/>\n<meta name=\"author\" content=\"Arnaldo Botto\" \/>\n<meta name=\"twitter:card\" content=\"summary_large_image\" \/>\n<script type=\"application\/ld+json\" class=\"yoast-schema-graph\">{\"@context\":\"https:\/\/schema.org\",\"@graph\":[{\"@type\":\"WebPage\",\"@id\":\"https:\/\/www.noticiasradioreflejos.com.ar\/2021\/concierto-festejo-coro-de-clarinetes-y-banda-sinfonica\/\",\"url\":\"https:\/\/www.noticiasradioreflejos.com.ar\/2021\/concierto-festejo-coro-de-clarinetes-y-banda-sinfonica\/\",\"name\":\"Concierto Festejo: Coro de clarinetes y Banda Sinf\u00f3nica - Noticias Radio Reflejos\",\"isPartOf\":{\"@id\":\"https:\/\/www.noticiasradioreflejos.com.ar\/2021\/#website\"},\"datePublished\":\"2021-12-02T15:59:07+00:00\",\"author\":{\"@id\":\"https:\/\/www.noticiasradioreflejos.com.ar\/2021\/#\/schema\/person\/ad82545263dcc5ec0996818884fd5fb1\"},\"breadcrumb\":{\"@id\":\"https:\/\/www.noticiasradioreflejos.com.ar\/2021\/concierto-festejo-coro-de-clarinetes-y-banda-sinfonica\/#breadcrumb\"},\"inLanguage\":\"es\",\"potentialAction\":[{\"@type\":\"ReadAction\",\"target\":[\"https:\/\/www.noticiasradioreflejos.com.ar\/2021\/concierto-festejo-coro-de-clarinetes-y-banda-sinfonica\/\"]}]},{\"@type\":\"BreadcrumbList\",\"@id\":\"https:\/\/www.noticiasradioreflejos.com.ar\/2021\/concierto-festejo-coro-de-clarinetes-y-banda-sinfonica\/#breadcrumb\",\"itemListElement\":[{\"@type\":\"ListItem\",\"position\":1,\"name\":\"Portada\",\"item\":\"https:\/\/www.noticiasradioreflejos.com.ar\/2021\/\"},{\"@type\":\"ListItem\",\"position\":2,\"name\":\"Concierto Festejo: Coro de clarinetes y Banda Sinf\u00f3nica\"}]},{\"@type\":\"WebSite\",\"@id\":\"https:\/\/www.noticiasradioreflejos.com.ar\/2021\/#website\",\"url\":\"https:\/\/www.noticiasradioreflejos.com.ar\/2021\/\",\"name\":\"Noticias Radio Reflejos\",\"description\":\"Las noticias de mi comarca\",\"potentialAction\":[{\"@type\":\"SearchAction\",\"target\":{\"@type\":\"EntryPoint\",\"urlTemplate\":\"https:\/\/www.noticiasradioreflejos.com.ar\/2021\/?s={search_term_string}\"},\"query-input\":{\"@type\":\"PropertyValueSpecification\",\"valueRequired\":true,\"valueName\":\"search_term_string\"}}],\"inLanguage\":\"es\"},{\"@type\":\"Person\",\"@id\":\"https:\/\/www.noticiasradioreflejos.com.ar\/2021\/#\/schema\/person\/ad82545263dcc5ec0996818884fd5fb1\",\"name\":\"Arnaldo Botto\",\"image\":{\"@type\":\"ImageObject\",\"inLanguage\":\"es\",\"@id\":\"https:\/\/www.noticiasradioreflejos.com.ar\/2021\/#\/schema\/person\/image\/\",\"url\":\"https:\/\/secure.gravatar.com\/avatar\/55cb5e37c1efa326397366e6974cb338056df65cb50e7d64d1cf314e87504837?s=96&d=mm&r=g\",\"contentUrl\":\"https:\/\/secure.gravatar.com\/avatar\/55cb5e37c1efa326397366e6974cb338056df65cb50e7d64d1cf314e87504837?s=96&d=mm&r=g\",\"caption\":\"Arnaldo Botto\"},\"url\":\"https:\/\/www.noticiasradioreflejos.com.ar\/2021\/author\/arnaldo\/\"}]}<\/script>\n<!-- \/ Yoast SEO plugin. -->","yoast_head_json":{"title":"Concierto Festejo: Coro de clarinetes y Banda Sinf\u00f3nica - Noticias Radio Reflejos","robots":{"index":"index","follow":"follow","max-snippet":"max-snippet:-1","max-image-preview":"max-image-preview:large","max-video-preview":"max-video-preview:-1"},"canonical":"https:\/\/www.noticiasradioreflejos.com.ar\/2021\/concierto-festejo-coro-de-clarinetes-y-banda-sinfonica\/","og_locale":"es_ES","og_type":"article","og_title":"Concierto Festejo: Coro de clarinetes y Banda Sinf\u00f3nica - Noticias Radio Reflejos","og_description":"El pr\u00f3ximo domingo 5 de diciembre, a las 19hs., en el patio de la Casa de la Cultura de la Universidad Nacional del Sur (Av. Alem 925), el Coro de Clarinetes Carmelo Azzolina y la Banda Sinf\u00f3nica de Bah\u00eda Blanca presentar\u00e1n un \u201cConcierto Festejo\u201d al cumplirse 15 y 10 a\u00f1os, respectivamente, de la primera presentaci\u00f3n [&hellip;]","og_url":"https:\/\/www.noticiasradioreflejos.com.ar\/2021\/concierto-festejo-coro-de-clarinetes-y-banda-sinfonica\/","og_site_name":"Noticias Radio Reflejos","article_published_time":"2021-12-02T15:59:07+00:00","og_image":[{"width":300,"height":200,"url":"https:\/\/www.noticiasradioreflejos.com.ar\/2021\/wp-content\/uploads\/2021\/07\/logosol300x200.png","type":"image\/png"}],"author":"Arnaldo Botto","twitter_card":"summary_large_image","schema":{"@context":"https:\/\/schema.org","@graph":[{"@type":"WebPage","@id":"https:\/\/www.noticiasradioreflejos.com.ar\/2021\/concierto-festejo-coro-de-clarinetes-y-banda-sinfonica\/","url":"https:\/\/www.noticiasradioreflejos.com.ar\/2021\/concierto-festejo-coro-de-clarinetes-y-banda-sinfonica\/","name":"Concierto Festejo: Coro de clarinetes y Banda Sinf\u00f3nica - Noticias Radio Reflejos","isPartOf":{"@id":"https:\/\/www.noticiasradioreflejos.com.ar\/2021\/#website"},"datePublished":"2021-12-02T15:59:07+00:00","author":{"@id":"https:\/\/www.noticiasradioreflejos.com.ar\/2021\/#\/schema\/person\/ad82545263dcc5ec0996818884fd5fb1"},"breadcrumb":{"@id":"https:\/\/www.noticiasradioreflejos.com.ar\/2021\/concierto-festejo-coro-de-clarinetes-y-banda-sinfonica\/#breadcrumb"},"inLanguage":"es","potentialAction":[{"@type":"ReadAction","target":["https:\/\/www.noticiasradioreflejos.com.ar\/2021\/concierto-festejo-coro-de-clarinetes-y-banda-sinfonica\/"]}]},{"@type":"BreadcrumbList","@id":"https:\/\/www.noticiasradioreflejos.com.ar\/2021\/concierto-festejo-coro-de-clarinetes-y-banda-sinfonica\/#breadcrumb","itemListElement":[{"@type":"ListItem","position":1,"name":"Portada","item":"https:\/\/www.noticiasradioreflejos.com.ar\/2021\/"},{"@type":"ListItem","position":2,"name":"Concierto Festejo: Coro de clarinetes y Banda Sinf\u00f3nica"}]},{"@type":"WebSite","@id":"https:\/\/www.noticiasradioreflejos.com.ar\/2021\/#website","url":"https:\/\/www.noticiasradioreflejos.com.ar\/2021\/","name":"Noticias Radio Reflejos","description":"Las noticias de mi comarca","potentialAction":[{"@type":"SearchAction","target":{"@type":"EntryPoint","urlTemplate":"https:\/\/www.noticiasradioreflejos.com.ar\/2021\/?s={search_term_string}"},"query-input":{"@type":"PropertyValueSpecification","valueRequired":true,"valueName":"search_term_string"}}],"inLanguage":"es"},{"@type":"Person","@id":"https:\/\/www.noticiasradioreflejos.com.ar\/2021\/#\/schema\/person\/ad82545263dcc5ec0996818884fd5fb1","name":"Arnaldo Botto","image":{"@type":"ImageObject","inLanguage":"es","@id":"https:\/\/www.noticiasradioreflejos.com.ar\/2021\/#\/schema\/person\/image\/","url":"https:\/\/secure.gravatar.com\/avatar\/55cb5e37c1efa326397366e6974cb338056df65cb50e7d64d1cf314e87504837?s=96&d=mm&r=g","contentUrl":"https:\/\/secure.gravatar.com\/avatar\/55cb5e37c1efa326397366e6974cb338056df65cb50e7d64d1cf314e87504837?s=96&d=mm&r=g","caption":"Arnaldo Botto"},"url":"https:\/\/www.noticiasradioreflejos.com.ar\/2021\/author\/arnaldo\/"}]}},"_links":{"self":[{"href":"https:\/\/www.noticiasradioreflejos.com.ar\/2021\/wp-json\/wp\/v2\/posts\/65673","targetHints":{"allow":["GET"]}}],"collection":[{"href":"https:\/\/www.noticiasradioreflejos.com.ar\/2021\/wp-json\/wp\/v2\/posts"}],"about":[{"href":"https:\/\/www.noticiasradioreflejos.com.ar\/2021\/wp-json\/wp\/v2\/types\/post"}],"author":[{"embeddable":true,"href":"https:\/\/www.noticiasradioreflejos.com.ar\/2021\/wp-json\/wp\/v2\/users\/3"}],"replies":[{"embeddable":true,"href":"https:\/\/www.noticiasradioreflejos.com.ar\/2021\/wp-json\/wp\/v2\/comments?post=65673"}],"version-history":[{"count":1,"href":"https:\/\/www.noticiasradioreflejos.com.ar\/2021\/wp-json\/wp\/v2\/posts\/65673\/revisions"}],"predecessor-version":[{"id":65675,"href":"https:\/\/www.noticiasradioreflejos.com.ar\/2021\/wp-json\/wp\/v2\/posts\/65673\/revisions\/65675"}],"wp:attachment":[{"href":"https:\/\/www.noticiasradioreflejos.com.ar\/2021\/wp-json\/wp\/v2\/media?parent=65673"}],"wp:term":[{"taxonomy":"category","embeddable":true,"href":"https:\/\/www.noticiasradioreflejos.com.ar\/2021\/wp-json\/wp\/v2\/categories?post=65673"},{"taxonomy":"post_tag","embeddable":true,"href":"https:\/\/www.noticiasradioreflejos.com.ar\/2021\/wp-json\/wp\/v2\/tags?post=65673"}],"curies":[{"name":"wp","href":"https:\/\/api.w.org\/{rel}","templated":true}]}}