{"id":65668,"date":"2021-12-02T14:46:54","date_gmt":"2021-12-02T14:46:54","guid":{"rendered":"http:\/\/www.noticiasradioreflejos.com.ar\/2021\/?p=65668"},"modified":"2021-12-02T14:48:26","modified_gmt":"2021-12-02T14:48:26","slug":"abren-las-inscripciones-para-sortear-viviendas-en-desarrollos-urbanisticos-de-todo-el-pais","status":"publish","type":"post","link":"https:\/\/www.noticiasradioreflejos.com.ar\/2021\/abren-las-inscripciones-para-sortear-viviendas-en-desarrollos-urbanisticos-de-todo-el-pais\/","title":{"rendered":"Abren las inscripciones para sortear viviendas en Desarrollos Urban\u00edsticos de todo el pa\u00eds"},"content":{"rendered":"<p>Los interesados podr\u00e1n inscribirse hasta el pr\u00f3ximo 20 de diciembre, y el lunes 27 de diciembre se realizar\u00e1 el sorteo para adjudicar viviendas disponibles para esta nueva etapa.<!--more--><\/p>\n<div>\n<div class=\"wrapper-editable-content\">\n<div class=\"row\">\n<div class=\"container-md\">\n<div class=\"row\">\n<div class=\"col-md-10 offset-md-1 speak\">\n<div class=\"paragraph\">\n<figure class=\"mb-3\"><img decoding=\"async\" src=\"https:\/\/www.telam.com.ar\/thumbs\/bluesteel\/advf\/imagenes\/editadas\/5ffafba1084a9_900.jpg\" alt=\"Los interesados podrn inscribirse hasta el prximo 20 de diciembre y el lunes 27 de diciembre se realizar el sorteo\" width=\"100%\" height=\"100%\" \/><\/p>\n<div class=\"media-icons\"><\/div><figcaption>Los interesados podr\u00e1n inscribirse hasta el pr\u00f3ximo 20 de diciembre, y el lunes 27 de diciembre se realizar\u00e1 el sorteo<\/figcaption><\/figure>\n<p>La inscripci\u00f3n para sortear m\u00e1s de 900 viviendas en desarrollos urban\u00edsticos del Programa de Cr\u00e9dito Argentino II (Procrear II) abrir\u00e1 este jueves en 14 provincias.<\/p>\n<p>As\u00ed\u00a0<strong>podr\u00e1n inscribirse familias de Buenos Aires, Chaco, Chubut, C\u00f3rdoba, Corrientes, La Pampa, Mendoza, Misiones, Neuqu\u00e9n, Salta, San Luis, Santa Fe, Tierra del Fuego y Tucum\u00e1n.<\/strong><\/p>\n<p>En esta ocasi\u00f3n, se habilitar\u00e1 la inscripci\u00f3n para acceder al sorteo de 902 unidades funcionales ubicadas en los predios de Bah\u00eda Blanca, Bol\u00edvar, Canning, Carmen de Patagones, Ciudad Evita, Ezeiza, Ituzaing\u00f3, Lincoln, Mor\u00f3n, San Antonio de Areco, San Miguel, San Nicol\u00e1s, Suipacha, Tandil y Tigre (Buenos Aires).<\/p>\n<p>Asimismo, se sit\u00faan en Resistencia (Chaco); Puerto Madryn (Chubut); Barrio Liceo, Cavanagh, Morrison, San Francisco (C\u00f3rdoba); Ciudad de Corrientes (Corrientes); Santa Rosa (La Pampa); Maip\u00fa, Malarg\u00fce, Mendoza Capital, San Mart\u00edn, San Rafael (Mendoza); Posadas (Misiones); Zapala (Neuqu\u00e9n); Tartagal (Salta); Ciudad de San Luis (San Luis); Parque Federal, Sunchales (Santa Fe); Ushuaia (Tierra del Fuego) y Yerba Buena (Tucum\u00e1n).<\/p>\n<p><strong>Los interesados podr\u00e1n inscribirse hasta el pr\u00f3ximo 20 de diciembre, y el lunes 27 de diciembre se realizar\u00e1 el sorteo para adjudicar viviendas disponibles para esta nueva etapa.<\/strong><\/p>\n<p>La l\u00ednea Desarrollos Urban\u00edsticos de Procrear II, en el marco del programa federal Casa Propia,\u00a0<strong>brinda a las familias el acceso a cr\u00e9dito hipotecario para la compra de viviendas nuevas en uno de los predios donde el Estado Nacional los lleva adelante.<\/strong><\/p>\n<p>A trav\u00e9s de este programa, adem\u00e1s, se atiende a la diversidad de las demandas habitacionales, as\u00ed como a la particularidad de cada provincia y municipio donde se lleva adelante.<\/p>\n<p>\u00abCon estas pol\u00edticas p\u00fablicas estamos llevando adelante soluciones habitacionales para los argentinos y las argentinas\u00bb, afirm\u00f3 el ministro de Desarrollo Terrritorial, Jorge Ferraresi, y agreg\u00f3 que, \u00abde esta manera, no s\u00f3lo cumplimos el sue\u00f1o de la casa propia sino que generamos trabajo en la construcci\u00f3n y se demandan insumos de industria nacional\u00bb.<\/p>\n<\/div>\n<\/div>\n<\/div>\n<\/div>\n<\/div>\n<\/div>\n<\/div>\n","protected":false},"excerpt":{"rendered":"<p>Los interesados podr\u00e1n inscribirse hasta el pr\u00f3ximo 20 de diciembre, y el lunes 27 de diciembre se realizar\u00e1 el sorteo para adjudicar viviendas disponibles para esta nueva etapa.<\/p>\n","protected":false},"author":3,"featured_media":0,"comment_status":"closed","ping_status":"closed","sticky":false,"template":"","format":"standard","meta":{"footnotes":""},"categories":[24,26],"tags":[],"class_list":["post-65668","post","type-post","status-publish","format-standard","hentry","category-politica","category-sociedad"],"yoast_head":"<!-- This site is optimized with the Yoast SEO plugin v25.9 - https:\/\/yoast.com\/wordpress\/plugins\/seo\/ -->\n<title>Abren las inscripciones para sortear viviendas en Desarrollos Urban\u00edsticos de todo el pa\u00eds - Noticias Radio Reflejos<\/title>\n<meta name=\"robots\" content=\"index, follow, max-snippet:-1, max-image-preview:large, max-video-preview:-1\" \/>\n<link rel=\"canonical\" href=\"https:\/\/www.noticiasradioreflejos.com.ar\/2021\/abren-las-inscripciones-para-sortear-viviendas-en-desarrollos-urbanisticos-de-todo-el-pais\/\" \/>\n<meta property=\"og:locale\" content=\"es_ES\" \/>\n<meta property=\"og:type\" content=\"article\" \/>\n<meta property=\"og:title\" content=\"Abren las inscripciones para sortear viviendas en Desarrollos Urban\u00edsticos de todo el pa\u00eds - Noticias Radio Reflejos\" \/>\n<meta property=\"og:description\" content=\"Los interesados podr\u00e1n inscribirse hasta el pr\u00f3ximo 20 de diciembre, y el lunes 27 de diciembre se realizar\u00e1 el sorteo para adjudicar viviendas disponibles para esta nueva etapa.\" \/>\n<meta property=\"og:url\" content=\"https:\/\/www.noticiasradioreflejos.com.ar\/2021\/abren-las-inscripciones-para-sortear-viviendas-en-desarrollos-urbanisticos-de-todo-el-pais\/\" \/>\n<meta property=\"og:site_name\" content=\"Noticias Radio Reflejos\" \/>\n<meta property=\"article:published_time\" content=\"2021-12-02T14:46:54+00:00\" \/>\n<meta property=\"article:modified_time\" content=\"2021-12-02T14:48:26+00:00\" \/>\n<meta property=\"og:image\" content=\"https:\/\/www.telam.com.ar\/thumbs\/bluesteel\/advf\/imagenes\/editadas\/5ffafba1084a9_900.jpg\" \/>\n<meta name=\"author\" content=\"Arnaldo Botto\" \/>\n<meta name=\"twitter:card\" content=\"summary_large_image\" \/>\n<script type=\"application\/ld+json\" class=\"yoast-schema-graph\">{\"@context\":\"https:\/\/schema.org\",\"@graph\":[{\"@type\":\"WebPage\",\"@id\":\"https:\/\/www.noticiasradioreflejos.com.ar\/2021\/abren-las-inscripciones-para-sortear-viviendas-en-desarrollos-urbanisticos-de-todo-el-pais\/\",\"url\":\"https:\/\/www.noticiasradioreflejos.com.ar\/2021\/abren-las-inscripciones-para-sortear-viviendas-en-desarrollos-urbanisticos-de-todo-el-pais\/\",\"name\":\"Abren las inscripciones para sortear viviendas en Desarrollos Urban\u00edsticos de todo el pa\u00eds - Noticias Radio Reflejos\",\"isPartOf\":{\"@id\":\"https:\/\/www.noticiasradioreflejos.com.ar\/2021\/#website\"},\"primaryImageOfPage\":{\"@id\":\"https:\/\/www.noticiasradioreflejos.com.ar\/2021\/abren-las-inscripciones-para-sortear-viviendas-en-desarrollos-urbanisticos-de-todo-el-pais\/#primaryimage\"},\"image\":{\"@id\":\"https:\/\/www.noticiasradioreflejos.com.ar\/2021\/abren-las-inscripciones-para-sortear-viviendas-en-desarrollos-urbanisticos-de-todo-el-pais\/#primaryimage\"},\"thumbnailUrl\":\"https:\/\/www.telam.com.ar\/thumbs\/bluesteel\/advf\/imagenes\/editadas\/5ffafba1084a9_900.jpg\",\"datePublished\":\"2021-12-02T14:46:54+00:00\",\"dateModified\":\"2021-12-02T14:48:26+00:00\",\"author\":{\"@id\":\"https:\/\/www.noticiasradioreflejos.com.ar\/2021\/#\/schema\/person\/ad82545263dcc5ec0996818884fd5fb1\"},\"breadcrumb\":{\"@id\":\"https:\/\/www.noticiasradioreflejos.com.ar\/2021\/abren-las-inscripciones-para-sortear-viviendas-en-desarrollos-urbanisticos-de-todo-el-pais\/#breadcrumb\"},\"inLanguage\":\"es\",\"potentialAction\":[{\"@type\":\"ReadAction\",\"target\":[\"https:\/\/www.noticiasradioreflejos.com.ar\/2021\/abren-las-inscripciones-para-sortear-viviendas-en-desarrollos-urbanisticos-de-todo-el-pais\/\"]}]},{\"@type\":\"ImageObject\",\"inLanguage\":\"es\",\"@id\":\"https:\/\/www.noticiasradioreflejos.com.ar\/2021\/abren-las-inscripciones-para-sortear-viviendas-en-desarrollos-urbanisticos-de-todo-el-pais\/#primaryimage\",\"url\":\"https:\/\/www.telam.com.ar\/thumbs\/bluesteel\/advf\/imagenes\/editadas\/5ffafba1084a9_900.jpg\",\"contentUrl\":\"https:\/\/www.telam.com.ar\/thumbs\/bluesteel\/advf\/imagenes\/editadas\/5ffafba1084a9_900.jpg\"},{\"@type\":\"BreadcrumbList\",\"@id\":\"https:\/\/www.noticiasradioreflejos.com.ar\/2021\/abren-las-inscripciones-para-sortear-viviendas-en-desarrollos-urbanisticos-de-todo-el-pais\/#breadcrumb\",\"itemListElement\":[{\"@type\":\"ListItem\",\"position\":1,\"name\":\"Portada\",\"item\":\"https:\/\/www.noticiasradioreflejos.com.ar\/2021\/\"},{\"@type\":\"ListItem\",\"position\":2,\"name\":\"Abren las inscripciones para sortear viviendas en Desarrollos Urban\u00edsticos de todo el pa\u00eds\"}]},{\"@type\":\"WebSite\",\"@id\":\"https:\/\/www.noticiasradioreflejos.com.ar\/2021\/#website\",\"url\":\"https:\/\/www.noticiasradioreflejos.com.ar\/2021\/\",\"name\":\"Noticias Radio Reflejos\",\"description\":\"Las noticias de mi comarca\",\"potentialAction\":[{\"@type\":\"SearchAction\",\"target\":{\"@type\":\"EntryPoint\",\"urlTemplate\":\"https:\/\/www.noticiasradioreflejos.com.ar\/2021\/?s={search_term_string}\"},\"query-input\":{\"@type\":\"PropertyValueSpecification\",\"valueRequired\":true,\"valueName\":\"search_term_string\"}}],\"inLanguage\":\"es\"},{\"@type\":\"Person\",\"@id\":\"https:\/\/www.noticiasradioreflejos.com.ar\/2021\/#\/schema\/person\/ad82545263dcc5ec0996818884fd5fb1\",\"name\":\"Arnaldo Botto\",\"image\":{\"@type\":\"ImageObject\",\"inLanguage\":\"es\",\"@id\":\"https:\/\/www.noticiasradioreflejos.com.ar\/2021\/#\/schema\/person\/image\/\",\"url\":\"https:\/\/secure.gravatar.com\/avatar\/55cb5e37c1efa326397366e6974cb338056df65cb50e7d64d1cf314e87504837?s=96&d=mm&r=g\",\"contentUrl\":\"https:\/\/secure.gravatar.com\/avatar\/55cb5e37c1efa326397366e6974cb338056df65cb50e7d64d1cf314e87504837?s=96&d=mm&r=g\",\"caption\":\"Arnaldo Botto\"},\"url\":\"https:\/\/www.noticiasradioreflejos.com.ar\/2021\/author\/arnaldo\/\"}]}<\/script>\n<!-- \/ Yoast SEO plugin. -->","yoast_head_json":{"title":"Abren las inscripciones para sortear viviendas en Desarrollos Urban\u00edsticos de todo el pa\u00eds - Noticias Radio Reflejos","robots":{"index":"index","follow":"follow","max-snippet":"max-snippet:-1","max-image-preview":"max-image-preview:large","max-video-preview":"max-video-preview:-1"},"canonical":"https:\/\/www.noticiasradioreflejos.com.ar\/2021\/abren-las-inscripciones-para-sortear-viviendas-en-desarrollos-urbanisticos-de-todo-el-pais\/","og_locale":"es_ES","og_type":"article","og_title":"Abren las inscripciones para sortear viviendas en Desarrollos Urban\u00edsticos de todo el pa\u00eds - Noticias Radio Reflejos","og_description":"Los interesados podr\u00e1n inscribirse hasta el pr\u00f3ximo 20 de diciembre, y el lunes 27 de diciembre se realizar\u00e1 el sorteo para adjudicar viviendas disponibles para esta nueva etapa.","og_url":"https:\/\/www.noticiasradioreflejos.com.ar\/2021\/abren-las-inscripciones-para-sortear-viviendas-en-desarrollos-urbanisticos-de-todo-el-pais\/","og_site_name":"Noticias Radio Reflejos","article_published_time":"2021-12-02T14:46:54+00:00","article_modified_time":"2021-12-02T14:48:26+00:00","og_image":[{"url":"https:\/\/www.telam.com.ar\/thumbs\/bluesteel\/advf\/imagenes\/editadas\/5ffafba1084a9_900.jpg","type":"","width":"","height":""}],"author":"Arnaldo Botto","twitter_card":"summary_large_image","schema":{"@context":"https:\/\/schema.org","@graph":[{"@type":"WebPage","@id":"https:\/\/www.noticiasradioreflejos.com.ar\/2021\/abren-las-inscripciones-para-sortear-viviendas-en-desarrollos-urbanisticos-de-todo-el-pais\/","url":"https:\/\/www.noticiasradioreflejos.com.ar\/2021\/abren-las-inscripciones-para-sortear-viviendas-en-desarrollos-urbanisticos-de-todo-el-pais\/","name":"Abren las inscripciones para sortear viviendas en Desarrollos Urban\u00edsticos de todo el pa\u00eds - Noticias Radio Reflejos","isPartOf":{"@id":"https:\/\/www.noticiasradioreflejos.com.ar\/2021\/#website"},"primaryImageOfPage":{"@id":"https:\/\/www.noticiasradioreflejos.com.ar\/2021\/abren-las-inscripciones-para-sortear-viviendas-en-desarrollos-urbanisticos-de-todo-el-pais\/#primaryimage"},"image":{"@id":"https:\/\/www.noticiasradioreflejos.com.ar\/2021\/abren-las-inscripciones-para-sortear-viviendas-en-desarrollos-urbanisticos-de-todo-el-pais\/#primaryimage"},"thumbnailUrl":"https:\/\/www.telam.com.ar\/thumbs\/bluesteel\/advf\/imagenes\/editadas\/5ffafba1084a9_900.jpg","datePublished":"2021-12-02T14:46:54+00:00","dateModified":"2021-12-02T14:48:26+00:00","author":{"@id":"https:\/\/www.noticiasradioreflejos.com.ar\/2021\/#\/schema\/person\/ad82545263dcc5ec0996818884fd5fb1"},"breadcrumb":{"@id":"https:\/\/www.noticiasradioreflejos.com.ar\/2021\/abren-las-inscripciones-para-sortear-viviendas-en-desarrollos-urbanisticos-de-todo-el-pais\/#breadcrumb"},"inLanguage":"es","potentialAction":[{"@type":"ReadAction","target":["https:\/\/www.noticiasradioreflejos.com.ar\/2021\/abren-las-inscripciones-para-sortear-viviendas-en-desarrollos-urbanisticos-de-todo-el-pais\/"]}]},{"@type":"ImageObject","inLanguage":"es","@id":"https:\/\/www.noticiasradioreflejos.com.ar\/2021\/abren-las-inscripciones-para-sortear-viviendas-en-desarrollos-urbanisticos-de-todo-el-pais\/#primaryimage","url":"https:\/\/www.telam.com.ar\/thumbs\/bluesteel\/advf\/imagenes\/editadas\/5ffafba1084a9_900.jpg","contentUrl":"https:\/\/www.telam.com.ar\/thumbs\/bluesteel\/advf\/imagenes\/editadas\/5ffafba1084a9_900.jpg"},{"@type":"BreadcrumbList","@id":"https:\/\/www.noticiasradioreflejos.com.ar\/2021\/abren-las-inscripciones-para-sortear-viviendas-en-desarrollos-urbanisticos-de-todo-el-pais\/#breadcrumb","itemListElement":[{"@type":"ListItem","position":1,"name":"Portada","item":"https:\/\/www.noticiasradioreflejos.com.ar\/2021\/"},{"@type":"ListItem","position":2,"name":"Abren las inscripciones para sortear viviendas en Desarrollos Urban\u00edsticos de todo el pa\u00eds"}]},{"@type":"WebSite","@id":"https:\/\/www.noticiasradioreflejos.com.ar\/2021\/#website","url":"https:\/\/www.noticiasradioreflejos.com.ar\/2021\/","name":"Noticias Radio Reflejos","description":"Las noticias de mi comarca","potentialAction":[{"@type":"SearchAction","target":{"@type":"EntryPoint","urlTemplate":"https:\/\/www.noticiasradioreflejos.com.ar\/2021\/?s={search_term_string}"},"query-input":{"@type":"PropertyValueSpecification","valueRequired":true,"valueName":"search_term_string"}}],"inLanguage":"es"},{"@type":"Person","@id":"https:\/\/www.noticiasradioreflejos.com.ar\/2021\/#\/schema\/person\/ad82545263dcc5ec0996818884fd5fb1","name":"Arnaldo Botto","image":{"@type":"ImageObject","inLanguage":"es","@id":"https:\/\/www.noticiasradioreflejos.com.ar\/2021\/#\/schema\/person\/image\/","url":"https:\/\/secure.gravatar.com\/avatar\/55cb5e37c1efa326397366e6974cb338056df65cb50e7d64d1cf314e87504837?s=96&d=mm&r=g","contentUrl":"https:\/\/secure.gravatar.com\/avatar\/55cb5e37c1efa326397366e6974cb338056df65cb50e7d64d1cf314e87504837?s=96&d=mm&r=g","caption":"Arnaldo Botto"},"url":"https:\/\/www.noticiasradioreflejos.com.ar\/2021\/author\/arnaldo\/"}]}},"_links":{"self":[{"href":"https:\/\/www.noticiasradioreflejos.com.ar\/2021\/wp-json\/wp\/v2\/posts\/65668","targetHints":{"allow":["GET"]}}],"collection":[{"href":"https:\/\/www.noticiasradioreflejos.com.ar\/2021\/wp-json\/wp\/v2\/posts"}],"about":[{"href":"https:\/\/www.noticiasradioreflejos.com.ar\/2021\/wp-json\/wp\/v2\/types\/post"}],"author":[{"embeddable":true,"href":"https:\/\/www.noticiasradioreflejos.com.ar\/2021\/wp-json\/wp\/v2\/users\/3"}],"replies":[{"embeddable":true,"href":"https:\/\/www.noticiasradioreflejos.com.ar\/2021\/wp-json\/wp\/v2\/comments?post=65668"}],"version-history":[{"count":1,"href":"https:\/\/www.noticiasradioreflejos.com.ar\/2021\/wp-json\/wp\/v2\/posts\/65668\/revisions"}],"predecessor-version":[{"id":65669,"href":"https:\/\/www.noticiasradioreflejos.com.ar\/2021\/wp-json\/wp\/v2\/posts\/65668\/revisions\/65669"}],"wp:attachment":[{"href":"https:\/\/www.noticiasradioreflejos.com.ar\/2021\/wp-json\/wp\/v2\/media?parent=65668"}],"wp:term":[{"taxonomy":"category","embeddable":true,"href":"https:\/\/www.noticiasradioreflejos.com.ar\/2021\/wp-json\/wp\/v2\/categories?post=65668"},{"taxonomy":"post_tag","embeddable":true,"href":"https:\/\/www.noticiasradioreflejos.com.ar\/2021\/wp-json\/wp\/v2\/tags?post=65668"}],"curies":[{"name":"wp","href":"https:\/\/api.w.org\/{rel}","templated":true}]}}