{"id":65665,"date":"2021-12-02T14:13:54","date_gmt":"2021-12-02T14:13:54","guid":{"rendered":"http:\/\/www.noticiasradioreflejos.com.ar\/2021\/?p=65665"},"modified":"2021-12-02T14:14:39","modified_gmt":"2021-12-02T14:14:39","slug":"se-abre-la-inscripcion-para-residencias-estudiantiles","status":"publish","type":"post","link":"https:\/\/www.noticiasradioreflejos.com.ar\/2021\/se-abre-la-inscripcion-para-residencias-estudiantiles\/","title":{"rendered":"Se abre la inscripci\u00f3n para residencias estudiantiles"},"content":{"rendered":"<p>La Subsecretar\u00eda de Juventudes, Pol\u00edticas de G\u00e9nero y Diversidades informa que se encuentra abierta la inscripci\u00f3n a las Residencias Estudiantiles Municipales de los niveles terciario y universitario pertenecientes al Programa \u201cESTUDIEMOS JUNTOS\u201d.<!--more--><\/p>\n<p>Los interesados deber\u00e1n retirar en la oficina de la mencionada subsecretar\u00eda, \u00a0en de Ventura Picado 111 el formulario o descargarlo en el link: <a href=\"https:\/\/drive.google.com\/drive\/u\/0\/folders\/1pu41HwYN8CUb6wcfrC2D-8MZCUGGUcQS\">https:\/\/drive.google.com\/drive\/u\/0\/folders\/1pu41HwYN8CUb6wcfrC2D-8MZCUGGUcQS<\/a><\/p>\n<p>La fecha l\u00edmite de inscripci\u00f3n ser\u00e1 hasta el \u00a017 de enero para presentar el formulario completo con toda la documentaci\u00f3n a adjuntar.<\/p>\n<p>Aquellos que deseen inscribirse deber\u00e1n cumplir con los siguientes requisitos:<\/p>\n<p>(a)\u00a0\u00a0\u00a0\u00a0\u00a0\u00a0 Poseer un ingreso m\u00e1ximo familiar de hasta cinco salarios m\u00ednimos, vitales y m\u00f3viles.<\/p>\n<p>(b)\u00a0\u00a0\u00a0\u00a0\u00a0\u00a0 Hasta 29 a\u00f1os de edad.<\/p>\n<p>(c)\u00a0\u00a0\u00a0\u00a0\u00a0\u00a0\u00a0 Inscripci\u00f3n y\/o certificaci\u00f3n de ingreso a una instituci\u00f3n educativa de car\u00e1cter superior.<\/p>\n<p>(d)\u00a0\u00a0\u00a0\u00a0\u00a0\u00a0 Anal\u00edtico final de la Escuela Secundaria o el certificado de t\u00edtulo secundario en tr\u00e1mite.<\/p>\n<p>&nbsp;<\/p>\n<p>Por consultas o dudas, podr\u00e1n acercarse a Ventura Picado 111 de 8:00 a 14:00 hs, v\u00eda mail a <a href=\"mailto:juventud.tornquist@gmail.com\">juventud.tornquist@gmail.com<\/a>, en Instagram a @juventudes_tornquist, o por Whatsapp al 2915365453.<\/p>\n","protected":false},"excerpt":{"rendered":"<p>La Subsecretar\u00eda de Juventudes, Pol\u00edticas de G\u00e9nero y Diversidades informa que se encuentra abierta la inscripci\u00f3n a las Residencias Estudiantiles Municipales de los niveles terciario y universitario pertenecientes al Programa \u201cESTUDIEMOS JUNTOS\u201d.<\/p>\n","protected":false},"author":3,"featured_media":0,"comment_status":"closed","ping_status":"closed","sticky":false,"template":"","format":"standard","meta":{"footnotes":""},"categories":[28],"tags":[],"class_list":["post-65665","post","type-post","status-publish","format-standard","hentry","category-municipales"],"yoast_head":"<!-- This site is optimized with the Yoast SEO plugin v25.9 - https:\/\/yoast.com\/wordpress\/plugins\/seo\/ -->\n<title>Se abre la inscripci\u00f3n para residencias estudiantiles - Noticias Radio Reflejos<\/title>\n<meta name=\"robots\" content=\"index, follow, max-snippet:-1, max-image-preview:large, max-video-preview:-1\" \/>\n<link rel=\"canonical\" href=\"https:\/\/www.noticiasradioreflejos.com.ar\/2021\/se-abre-la-inscripcion-para-residencias-estudiantiles\/\" \/>\n<meta property=\"og:locale\" content=\"es_ES\" \/>\n<meta property=\"og:type\" content=\"article\" \/>\n<meta property=\"og:title\" content=\"Se abre la inscripci\u00f3n para residencias estudiantiles - Noticias Radio Reflejos\" \/>\n<meta property=\"og:description\" content=\"La Subsecretar\u00eda de Juventudes, Pol\u00edticas de G\u00e9nero y Diversidades informa que se encuentra abierta la inscripci\u00f3n a las Residencias Estudiantiles Municipales de los niveles terciario y universitario pertenecientes al Programa \u201cESTUDIEMOS JUNTOS\u201d.\" \/>\n<meta property=\"og:url\" content=\"https:\/\/www.noticiasradioreflejos.com.ar\/2021\/se-abre-la-inscripcion-para-residencias-estudiantiles\/\" \/>\n<meta property=\"og:site_name\" content=\"Noticias Radio Reflejos\" \/>\n<meta property=\"article:published_time\" content=\"2021-12-02T14:13:54+00:00\" \/>\n<meta property=\"article:modified_time\" content=\"2021-12-02T14:14:39+00:00\" \/>\n<meta property=\"og:image\" content=\"https:\/\/www.noticiasradioreflejos.com.ar\/2021\/wp-content\/uploads\/2021\/07\/logosol300x200.png\" \/>\n\t<meta property=\"og:image:width\" content=\"300\" \/>\n\t<meta property=\"og:image:height\" content=\"200\" \/>\n\t<meta property=\"og:image:type\" content=\"image\/png\" \/>\n<meta name=\"author\" content=\"Arnaldo Botto\" \/>\n<meta name=\"twitter:card\" content=\"summary_large_image\" \/>\n<script type=\"application\/ld+json\" class=\"yoast-schema-graph\">{\"@context\":\"https:\/\/schema.org\",\"@graph\":[{\"@type\":\"WebPage\",\"@id\":\"https:\/\/www.noticiasradioreflejos.com.ar\/2021\/se-abre-la-inscripcion-para-residencias-estudiantiles\/\",\"url\":\"https:\/\/www.noticiasradioreflejos.com.ar\/2021\/se-abre-la-inscripcion-para-residencias-estudiantiles\/\",\"name\":\"Se abre la inscripci\u00f3n para residencias estudiantiles - Noticias Radio Reflejos\",\"isPartOf\":{\"@id\":\"https:\/\/www.noticiasradioreflejos.com.ar\/2021\/#website\"},\"datePublished\":\"2021-12-02T14:13:54+00:00\",\"dateModified\":\"2021-12-02T14:14:39+00:00\",\"author\":{\"@id\":\"https:\/\/www.noticiasradioreflejos.com.ar\/2021\/#\/schema\/person\/ad82545263dcc5ec0996818884fd5fb1\"},\"breadcrumb\":{\"@id\":\"https:\/\/www.noticiasradioreflejos.com.ar\/2021\/se-abre-la-inscripcion-para-residencias-estudiantiles\/#breadcrumb\"},\"inLanguage\":\"es\",\"potentialAction\":[{\"@type\":\"ReadAction\",\"target\":[\"https:\/\/www.noticiasradioreflejos.com.ar\/2021\/se-abre-la-inscripcion-para-residencias-estudiantiles\/\"]}]},{\"@type\":\"BreadcrumbList\",\"@id\":\"https:\/\/www.noticiasradioreflejos.com.ar\/2021\/se-abre-la-inscripcion-para-residencias-estudiantiles\/#breadcrumb\",\"itemListElement\":[{\"@type\":\"ListItem\",\"position\":1,\"name\":\"Portada\",\"item\":\"https:\/\/www.noticiasradioreflejos.com.ar\/2021\/\"},{\"@type\":\"ListItem\",\"position\":2,\"name\":\"Se abre la inscripci\u00f3n para residencias estudiantiles\"}]},{\"@type\":\"WebSite\",\"@id\":\"https:\/\/www.noticiasradioreflejos.com.ar\/2021\/#website\",\"url\":\"https:\/\/www.noticiasradioreflejos.com.ar\/2021\/\",\"name\":\"Noticias Radio Reflejos\",\"description\":\"Las noticias de mi comarca\",\"potentialAction\":[{\"@type\":\"SearchAction\",\"target\":{\"@type\":\"EntryPoint\",\"urlTemplate\":\"https:\/\/www.noticiasradioreflejos.com.ar\/2021\/?s={search_term_string}\"},\"query-input\":{\"@type\":\"PropertyValueSpecification\",\"valueRequired\":true,\"valueName\":\"search_term_string\"}}],\"inLanguage\":\"es\"},{\"@type\":\"Person\",\"@id\":\"https:\/\/www.noticiasradioreflejos.com.ar\/2021\/#\/schema\/person\/ad82545263dcc5ec0996818884fd5fb1\",\"name\":\"Arnaldo Botto\",\"image\":{\"@type\":\"ImageObject\",\"inLanguage\":\"es\",\"@id\":\"https:\/\/www.noticiasradioreflejos.com.ar\/2021\/#\/schema\/person\/image\/\",\"url\":\"https:\/\/secure.gravatar.com\/avatar\/55cb5e37c1efa326397366e6974cb338056df65cb50e7d64d1cf314e87504837?s=96&d=mm&r=g\",\"contentUrl\":\"https:\/\/secure.gravatar.com\/avatar\/55cb5e37c1efa326397366e6974cb338056df65cb50e7d64d1cf314e87504837?s=96&d=mm&r=g\",\"caption\":\"Arnaldo Botto\"},\"url\":\"https:\/\/www.noticiasradioreflejos.com.ar\/2021\/author\/arnaldo\/\"}]}<\/script>\n<!-- \/ Yoast SEO plugin. -->","yoast_head_json":{"title":"Se abre la inscripci\u00f3n para residencias estudiantiles - Noticias Radio Reflejos","robots":{"index":"index","follow":"follow","max-snippet":"max-snippet:-1","max-image-preview":"max-image-preview:large","max-video-preview":"max-video-preview:-1"},"canonical":"https:\/\/www.noticiasradioreflejos.com.ar\/2021\/se-abre-la-inscripcion-para-residencias-estudiantiles\/","og_locale":"es_ES","og_type":"article","og_title":"Se abre la inscripci\u00f3n para residencias estudiantiles - Noticias Radio Reflejos","og_description":"La Subsecretar\u00eda de Juventudes, Pol\u00edticas de G\u00e9nero y Diversidades informa que se encuentra abierta la inscripci\u00f3n a las Residencias Estudiantiles Municipales de los niveles terciario y universitario pertenecientes al Programa \u201cESTUDIEMOS JUNTOS\u201d.","og_url":"https:\/\/www.noticiasradioreflejos.com.ar\/2021\/se-abre-la-inscripcion-para-residencias-estudiantiles\/","og_site_name":"Noticias Radio Reflejos","article_published_time":"2021-12-02T14:13:54+00:00","article_modified_time":"2021-12-02T14:14:39+00:00","og_image":[{"width":300,"height":200,"url":"https:\/\/www.noticiasradioreflejos.com.ar\/2021\/wp-content\/uploads\/2021\/07\/logosol300x200.png","type":"image\/png"}],"author":"Arnaldo Botto","twitter_card":"summary_large_image","schema":{"@context":"https:\/\/schema.org","@graph":[{"@type":"WebPage","@id":"https:\/\/www.noticiasradioreflejos.com.ar\/2021\/se-abre-la-inscripcion-para-residencias-estudiantiles\/","url":"https:\/\/www.noticiasradioreflejos.com.ar\/2021\/se-abre-la-inscripcion-para-residencias-estudiantiles\/","name":"Se abre la inscripci\u00f3n para residencias estudiantiles - Noticias Radio Reflejos","isPartOf":{"@id":"https:\/\/www.noticiasradioreflejos.com.ar\/2021\/#website"},"datePublished":"2021-12-02T14:13:54+00:00","dateModified":"2021-12-02T14:14:39+00:00","author":{"@id":"https:\/\/www.noticiasradioreflejos.com.ar\/2021\/#\/schema\/person\/ad82545263dcc5ec0996818884fd5fb1"},"breadcrumb":{"@id":"https:\/\/www.noticiasradioreflejos.com.ar\/2021\/se-abre-la-inscripcion-para-residencias-estudiantiles\/#breadcrumb"},"inLanguage":"es","potentialAction":[{"@type":"ReadAction","target":["https:\/\/www.noticiasradioreflejos.com.ar\/2021\/se-abre-la-inscripcion-para-residencias-estudiantiles\/"]}]},{"@type":"BreadcrumbList","@id":"https:\/\/www.noticiasradioreflejos.com.ar\/2021\/se-abre-la-inscripcion-para-residencias-estudiantiles\/#breadcrumb","itemListElement":[{"@type":"ListItem","position":1,"name":"Portada","item":"https:\/\/www.noticiasradioreflejos.com.ar\/2021\/"},{"@type":"ListItem","position":2,"name":"Se abre la inscripci\u00f3n para residencias estudiantiles"}]},{"@type":"WebSite","@id":"https:\/\/www.noticiasradioreflejos.com.ar\/2021\/#website","url":"https:\/\/www.noticiasradioreflejos.com.ar\/2021\/","name":"Noticias Radio Reflejos","description":"Las noticias de mi comarca","potentialAction":[{"@type":"SearchAction","target":{"@type":"EntryPoint","urlTemplate":"https:\/\/www.noticiasradioreflejos.com.ar\/2021\/?s={search_term_string}"},"query-input":{"@type":"PropertyValueSpecification","valueRequired":true,"valueName":"search_term_string"}}],"inLanguage":"es"},{"@type":"Person","@id":"https:\/\/www.noticiasradioreflejos.com.ar\/2021\/#\/schema\/person\/ad82545263dcc5ec0996818884fd5fb1","name":"Arnaldo Botto","image":{"@type":"ImageObject","inLanguage":"es","@id":"https:\/\/www.noticiasradioreflejos.com.ar\/2021\/#\/schema\/person\/image\/","url":"https:\/\/secure.gravatar.com\/avatar\/55cb5e37c1efa326397366e6974cb338056df65cb50e7d64d1cf314e87504837?s=96&d=mm&r=g","contentUrl":"https:\/\/secure.gravatar.com\/avatar\/55cb5e37c1efa326397366e6974cb338056df65cb50e7d64d1cf314e87504837?s=96&d=mm&r=g","caption":"Arnaldo Botto"},"url":"https:\/\/www.noticiasradioreflejos.com.ar\/2021\/author\/arnaldo\/"}]}},"_links":{"self":[{"href":"https:\/\/www.noticiasradioreflejos.com.ar\/2021\/wp-json\/wp\/v2\/posts\/65665","targetHints":{"allow":["GET"]}}],"collection":[{"href":"https:\/\/www.noticiasradioreflejos.com.ar\/2021\/wp-json\/wp\/v2\/posts"}],"about":[{"href":"https:\/\/www.noticiasradioreflejos.com.ar\/2021\/wp-json\/wp\/v2\/types\/post"}],"author":[{"embeddable":true,"href":"https:\/\/www.noticiasradioreflejos.com.ar\/2021\/wp-json\/wp\/v2\/users\/3"}],"replies":[{"embeddable":true,"href":"https:\/\/www.noticiasradioreflejos.com.ar\/2021\/wp-json\/wp\/v2\/comments?post=65665"}],"version-history":[{"count":1,"href":"https:\/\/www.noticiasradioreflejos.com.ar\/2021\/wp-json\/wp\/v2\/posts\/65665\/revisions"}],"predecessor-version":[{"id":65667,"href":"https:\/\/www.noticiasradioreflejos.com.ar\/2021\/wp-json\/wp\/v2\/posts\/65665\/revisions\/65667"}],"wp:attachment":[{"href":"https:\/\/www.noticiasradioreflejos.com.ar\/2021\/wp-json\/wp\/v2\/media?parent=65665"}],"wp:term":[{"taxonomy":"category","embeddable":true,"href":"https:\/\/www.noticiasradioreflejos.com.ar\/2021\/wp-json\/wp\/v2\/categories?post=65665"},{"taxonomy":"post_tag","embeddable":true,"href":"https:\/\/www.noticiasradioreflejos.com.ar\/2021\/wp-json\/wp\/v2\/tags?post=65665"}],"curies":[{"name":"wp","href":"https:\/\/api.w.org\/{rel}","templated":true}]}}