{"id":65661,"date":"2021-12-02T13:49:38","date_gmt":"2021-12-02T13:49:38","guid":{"rendered":"http:\/\/www.noticiasradioreflejos.com.ar\/2021\/?p=65661"},"modified":"2021-12-02T13:49:38","modified_gmt":"2021-12-02T13:49:38","slug":"tornquist-detienen-a-una-banda-narco-que-operaba-en-la-comarca-serrana-y-bahia-blanca","status":"publish","type":"post","link":"https:\/\/www.noticiasradioreflejos.com.ar\/2021\/tornquist-detienen-a-una-banda-narco-que-operaba-en-la-comarca-serrana-y-bahia-blanca\/","title":{"rendered":"Tornquist: detienen a una banda narco que operaba en la Comarca Serrana y Bah\u00eda Blanca"},"content":{"rendered":"<p>En el marco de una investigaci\u00f3n realizada por el\u00a0<strong>Fiscal Mauricio Del Cero, titular de la UFIJ N\u00b019<\/strong>, personal de Drogas Il\u00edcitas Bah\u00eda Blanca detuvo a Marcos Arrieta, Alejandro Bualo y Miqueas Medina en la localidad de Tornquist, por comercializaci\u00f3n de estupefacientes.<!--more--><\/p>\n<p>Se realizaron allanamientos en Rosa Altgert de Tornquist al 600, Italia al 400, Mitre al 400, Santiago Amarante al 700, Newery al 400 y 12 de Octubre al 500 de esa localidad, en los cuales se secuestr\u00f3 marihuana, coca\u00edna LSD, \u00e9xtasis, balanzas y dinero en efectivo.<\/p>\n<p>La investigaci\u00f3n se inici\u00f3 por un procedimiento de interceptaci\u00f3n vehicular, realizado el 21 de marzo del a\u00f1o pasado por personal de la Estaci\u00f3n de Polic\u00eda Comunal de Tornquist, en funci\u00f3n de las medidas adoptadas en el marco del Aislamiento Social Preventivo y Obligatorio (ASPO), para evitar la propagaci\u00f3n de la pandemia COVID-19.<\/p>\n<p>En esas circunstancias, tres hombres que circulaban en un veh\u00edculo se negaron a ser identificados dando respuestas evasivas y agresivas, por lo que se procedi\u00f3 a su aprehensi\u00f3n en funci\u00f3n de lo normado por el art\u00edculo 205 del C\u00f3digo Procesal Penal y dando la correspondiente intervenci\u00f3n a la Justicia Federal.<\/p>\n<p>Los ocupantes del auto eran Arrieta, Bualo y a Medina; y en la requisa se les secuestr\u00f3 marihuana, coca\u00edna, \u00e9xtasis y los tel\u00e9fonos celulares.<\/p>\n<p>Adem\u00e1s, durante el mes de julio de este a\u00f1o, personal policial de la Estaci\u00f3n Comunal de Tornquist, constat\u00f3 movimientos compatibles con la comercializaci\u00f3n de estupefacientes en la vivienda de Medina; ello en el marco de la causa por la que oportunamente se detuvo a Mart\u00edn Ricciardi con coca\u00edna, marihuana, balanzas, handys, un arma de fuego, cuadernos con anotaciones, m\u00e1s de 800 mil pesos y 1.950 d\u00f3lares (<a href=\"https:\/\/agenciadenoticiasjudiciales.com\/una-pareja-fue-aprehendida-tras-un-allanamiento-por-drogas-en-tornquist\/\">https:\/\/agenciadenoticiasjudiciales.com\/una-pareja-fue-aprehendida-tras-un-allanamiento-por-drogas-en-tornquist\/<\/a>).<\/p>\n<p>Analizados los tel\u00e9fonos de Medina, Arrieta y Bualo se pudo determinar que comercializaban marihuana, coca\u00edna y LSD en m\u00faltiples localidades como Tornquist, Villa Ventana, Sierra de la Ventana, Saavedra y Bah\u00eda Blanca, situaci\u00f3n que se produjo en un amplio per\u00edodo de tiempo (en el caso de Medina desde febrero del 2018, Arrieta desde diciembre de 2017 y Bualo desde octubre de 2019) funcionando, en parte de ese tiempo, como una organizaci\u00f3n de tres personas coordinadas entre s\u00ed para delinquir.<\/p>\n<p>A ra\u00edz de eso el Fiscal solicit\u00f3 las detenciones, medidas que fueron concedidas por el Juzgado de Garant\u00edas N.\u00ba 1 \u2013 interinamente a cargo del Dr. Guillermo M\u00e9rcuri \u2013 y ser\u00e1n indagados en las pr\u00f3ximas horas.<\/p>\n<div class=\"wp-block-columns\">\n<div class=\"wp-block-column\">\n<figure class=\"wp-block-image size-large\"><img loading=\"lazy\" decoding=\"async\" class=\"wp-image-5190\" src=\"https:\/\/agenciadenoticiasjudiciales.com\/wp-content\/uploads\/2021\/12\/allanam-2-de-diciembre2-1024x768.jpg\" sizes=\"auto, (max-width: 1024px) 100vw, 1024px\" srcset=\"https:\/\/agenciadenoticiasjudiciales.com\/wp-content\/uploads\/2021\/12\/allanam-2-de-diciembre2-1024x768.jpg 1024w, https:\/\/agenciadenoticiasjudiciales.com\/wp-content\/uploads\/2021\/12\/allanam-2-de-diciembre2-300x225.jpg 300w, https:\/\/agenciadenoticiasjudiciales.com\/wp-content\/uploads\/2021\/12\/allanam-2-de-diciembre2-768x576.jpg 768w, https:\/\/agenciadenoticiasjudiciales.com\/wp-content\/uploads\/2021\/12\/allanam-2-de-diciembre2.jpg 1280w\" alt=\"\" width=\"1024\" height=\"768\" \/><\/figure>\n<\/div>\n<\/div>\n<figure class=\"wp-block-image size-large\"><img loading=\"lazy\" decoding=\"async\" class=\"wp-image-5191\" src=\"https:\/\/agenciadenoticiasjudiciales.com\/wp-content\/uploads\/2021\/12\/allanam-2-de-dic-3-1024x768.jpg\" sizes=\"auto, (max-width: 1024px) 100vw, 1024px\" srcset=\"https:\/\/agenciadenoticiasjudiciales.com\/wp-content\/uploads\/2021\/12\/allanam-2-de-dic-3-1024x768.jpg 1024w, https:\/\/agenciadenoticiasjudiciales.com\/wp-content\/uploads\/2021\/12\/allanam-2-de-dic-3-300x225.jpg 300w, https:\/\/agenciadenoticiasjudiciales.com\/wp-content\/uploads\/2021\/12\/allanam-2-de-dic-3-768x576.jpg 768w, https:\/\/agenciadenoticiasjudiciales.com\/wp-content\/uploads\/2021\/12\/allanam-2-de-dic-3.jpg 1280w\" alt=\"\" width=\"1024\" height=\"768\" \/><\/figure>\n<div class=\"post-shares m-t-xs-60\">\n<div class=\"title\">Compartir:<\/div>\n<div class=\"shared-counts-wrap after_content style-axil_style\"><a class=\"shared-counts-button facebook shared-counts-no-count\" title=\"Share on Facebook\" href=\"https:\/\/www.facebook.com\/sharer\/sharer.php?u=https:\/\/agenciadenoticiasjudiciales.com\/tornquist-detienen-a-banda-narco-que-operaba-en-la-comarca-serrana-y-bahia-blanca\/&amp;display=popup&amp;ref=plugin&amp;src=share_button\" target=\"_blank\" rel=\"nofollow noopener noreferrer\" data-postid=\"5188\" data-social-network=\"Facebook\" data-social-action=\"Share\" data-social-target=\"https:\/\/agenciadenoticiasjudiciales.com\/tornquist-detienen-a-banda-narco-que-operaba-en-la-comarca-serrana-y-bahia-blanca\/\"><span class=\"shared-counts-count\">0<\/span><\/a><\/div>\n<\/div>\n","protected":false},"excerpt":{"rendered":"<p>En el marco de una investigaci\u00f3n realizada por el\u00a0Fiscal Mauricio Del Cero, titular de la UFIJ N\u00b019, personal de Drogas Il\u00edcitas Bah\u00eda Blanca detuvo a Marcos Arrieta, Alejandro Bualo y Miqueas Medina en la localidad de Tornquist, por comercializaci\u00f3n de estupefacientes.<\/p>\n","protected":false},"author":3,"featured_media":0,"comment_status":"closed","ping_status":"closed","sticky":false,"template":"","format":"standard","meta":{"footnotes":""},"categories":[29],"tags":[48],"class_list":["post-65661","post","type-post","status-publish","format-standard","hentry","category-policiales","tag-destacada"],"yoast_head":"<!-- This site is optimized with the Yoast SEO plugin v25.9 - https:\/\/yoast.com\/wordpress\/plugins\/seo\/ -->\n<title>Tornquist: detienen a una banda narco que operaba en la Comarca Serrana y Bah\u00eda Blanca - Noticias Radio Reflejos<\/title>\n<meta name=\"robots\" content=\"index, follow, max-snippet:-1, max-image-preview:large, max-video-preview:-1\" \/>\n<link rel=\"canonical\" href=\"https:\/\/www.noticiasradioreflejos.com.ar\/2021\/tornquist-detienen-a-una-banda-narco-que-operaba-en-la-comarca-serrana-y-bahia-blanca\/\" \/>\n<meta property=\"og:locale\" content=\"es_ES\" \/>\n<meta property=\"og:type\" content=\"article\" \/>\n<meta property=\"og:title\" content=\"Tornquist: detienen a una banda narco que operaba en la Comarca Serrana y Bah\u00eda Blanca - Noticias Radio Reflejos\" \/>\n<meta property=\"og:description\" content=\"En el marco de una investigaci\u00f3n realizada por el\u00a0Fiscal Mauricio Del Cero, titular de la UFIJ N\u00b019, personal de Drogas Il\u00edcitas Bah\u00eda Blanca detuvo a Marcos Arrieta, Alejandro Bualo y Miqueas Medina en la localidad de Tornquist, por comercializaci\u00f3n de estupefacientes.\" \/>\n<meta property=\"og:url\" content=\"https:\/\/www.noticiasradioreflejos.com.ar\/2021\/tornquist-detienen-a-una-banda-narco-que-operaba-en-la-comarca-serrana-y-bahia-blanca\/\" \/>\n<meta property=\"og:site_name\" content=\"Noticias Radio Reflejos\" \/>\n<meta property=\"article:published_time\" content=\"2021-12-02T13:49:38+00:00\" \/>\n<meta property=\"og:image\" content=\"https:\/\/agenciadenoticiasjudiciales.com\/wp-content\/uploads\/2021\/12\/allanam-2-de-diciembre2-1024x768.jpg\" \/>\n<meta name=\"author\" content=\"Arnaldo Botto\" \/>\n<meta name=\"twitter:card\" content=\"summary_large_image\" \/>\n<script type=\"application\/ld+json\" class=\"yoast-schema-graph\">{\"@context\":\"https:\/\/schema.org\",\"@graph\":[{\"@type\":\"WebPage\",\"@id\":\"https:\/\/www.noticiasradioreflejos.com.ar\/2021\/tornquist-detienen-a-una-banda-narco-que-operaba-en-la-comarca-serrana-y-bahia-blanca\/\",\"url\":\"https:\/\/www.noticiasradioreflejos.com.ar\/2021\/tornquist-detienen-a-una-banda-narco-que-operaba-en-la-comarca-serrana-y-bahia-blanca\/\",\"name\":\"Tornquist: detienen a una banda narco que operaba en la Comarca Serrana y Bah\u00eda Blanca - Noticias Radio Reflejos\",\"isPartOf\":{\"@id\":\"https:\/\/www.noticiasradioreflejos.com.ar\/2021\/#website\"},\"primaryImageOfPage\":{\"@id\":\"https:\/\/www.noticiasradioreflejos.com.ar\/2021\/tornquist-detienen-a-una-banda-narco-que-operaba-en-la-comarca-serrana-y-bahia-blanca\/#primaryimage\"},\"image\":{\"@id\":\"https:\/\/www.noticiasradioreflejos.com.ar\/2021\/tornquist-detienen-a-una-banda-narco-que-operaba-en-la-comarca-serrana-y-bahia-blanca\/#primaryimage\"},\"thumbnailUrl\":\"https:\/\/agenciadenoticiasjudiciales.com\/wp-content\/uploads\/2021\/12\/allanam-2-de-diciembre2-1024x768.jpg\",\"datePublished\":\"2021-12-02T13:49:38+00:00\",\"author\":{\"@id\":\"https:\/\/www.noticiasradioreflejos.com.ar\/2021\/#\/schema\/person\/ad82545263dcc5ec0996818884fd5fb1\"},\"breadcrumb\":{\"@id\":\"https:\/\/www.noticiasradioreflejos.com.ar\/2021\/tornquist-detienen-a-una-banda-narco-que-operaba-en-la-comarca-serrana-y-bahia-blanca\/#breadcrumb\"},\"inLanguage\":\"es\",\"potentialAction\":[{\"@type\":\"ReadAction\",\"target\":[\"https:\/\/www.noticiasradioreflejos.com.ar\/2021\/tornquist-detienen-a-una-banda-narco-que-operaba-en-la-comarca-serrana-y-bahia-blanca\/\"]}]},{\"@type\":\"ImageObject\",\"inLanguage\":\"es\",\"@id\":\"https:\/\/www.noticiasradioreflejos.com.ar\/2021\/tornquist-detienen-a-una-banda-narco-que-operaba-en-la-comarca-serrana-y-bahia-blanca\/#primaryimage\",\"url\":\"https:\/\/agenciadenoticiasjudiciales.com\/wp-content\/uploads\/2021\/12\/allanam-2-de-diciembre2-1024x768.jpg\",\"contentUrl\":\"https:\/\/agenciadenoticiasjudiciales.com\/wp-content\/uploads\/2021\/12\/allanam-2-de-diciembre2-1024x768.jpg\"},{\"@type\":\"BreadcrumbList\",\"@id\":\"https:\/\/www.noticiasradioreflejos.com.ar\/2021\/tornquist-detienen-a-una-banda-narco-que-operaba-en-la-comarca-serrana-y-bahia-blanca\/#breadcrumb\",\"itemListElement\":[{\"@type\":\"ListItem\",\"position\":1,\"name\":\"Portada\",\"item\":\"https:\/\/www.noticiasradioreflejos.com.ar\/2021\/\"},{\"@type\":\"ListItem\",\"position\":2,\"name\":\"Tornquist: detienen a una banda narco que operaba en la Comarca Serrana y Bah\u00eda Blanca\"}]},{\"@type\":\"WebSite\",\"@id\":\"https:\/\/www.noticiasradioreflejos.com.ar\/2021\/#website\",\"url\":\"https:\/\/www.noticiasradioreflejos.com.ar\/2021\/\",\"name\":\"Noticias Radio Reflejos\",\"description\":\"Las noticias de mi comarca\",\"potentialAction\":[{\"@type\":\"SearchAction\",\"target\":{\"@type\":\"EntryPoint\",\"urlTemplate\":\"https:\/\/www.noticiasradioreflejos.com.ar\/2021\/?s={search_term_string}\"},\"query-input\":{\"@type\":\"PropertyValueSpecification\",\"valueRequired\":true,\"valueName\":\"search_term_string\"}}],\"inLanguage\":\"es\"},{\"@type\":\"Person\",\"@id\":\"https:\/\/www.noticiasradioreflejos.com.ar\/2021\/#\/schema\/person\/ad82545263dcc5ec0996818884fd5fb1\",\"name\":\"Arnaldo Botto\",\"image\":{\"@type\":\"ImageObject\",\"inLanguage\":\"es\",\"@id\":\"https:\/\/www.noticiasradioreflejos.com.ar\/2021\/#\/schema\/person\/image\/\",\"url\":\"https:\/\/secure.gravatar.com\/avatar\/55cb5e37c1efa326397366e6974cb338056df65cb50e7d64d1cf314e87504837?s=96&d=mm&r=g\",\"contentUrl\":\"https:\/\/secure.gravatar.com\/avatar\/55cb5e37c1efa326397366e6974cb338056df65cb50e7d64d1cf314e87504837?s=96&d=mm&r=g\",\"caption\":\"Arnaldo Botto\"},\"url\":\"https:\/\/www.noticiasradioreflejos.com.ar\/2021\/author\/arnaldo\/\"}]}<\/script>\n<!-- \/ Yoast SEO plugin. -->","yoast_head_json":{"title":"Tornquist: detienen a una banda narco que operaba en la Comarca Serrana y Bah\u00eda Blanca - Noticias Radio Reflejos","robots":{"index":"index","follow":"follow","max-snippet":"max-snippet:-1","max-image-preview":"max-image-preview:large","max-video-preview":"max-video-preview:-1"},"canonical":"https:\/\/www.noticiasradioreflejos.com.ar\/2021\/tornquist-detienen-a-una-banda-narco-que-operaba-en-la-comarca-serrana-y-bahia-blanca\/","og_locale":"es_ES","og_type":"article","og_title":"Tornquist: detienen a una banda narco que operaba en la Comarca Serrana y Bah\u00eda Blanca - Noticias Radio Reflejos","og_description":"En el marco de una investigaci\u00f3n realizada por el\u00a0Fiscal Mauricio Del Cero, titular de la UFIJ N\u00b019, personal de Drogas Il\u00edcitas Bah\u00eda Blanca detuvo a Marcos Arrieta, Alejandro Bualo y Miqueas Medina en la localidad de Tornquist, por comercializaci\u00f3n de estupefacientes.","og_url":"https:\/\/www.noticiasradioreflejos.com.ar\/2021\/tornquist-detienen-a-una-banda-narco-que-operaba-en-la-comarca-serrana-y-bahia-blanca\/","og_site_name":"Noticias Radio Reflejos","article_published_time":"2021-12-02T13:49:38+00:00","og_image":[{"url":"https:\/\/agenciadenoticiasjudiciales.com\/wp-content\/uploads\/2021\/12\/allanam-2-de-diciembre2-1024x768.jpg","type":"","width":"","height":""}],"author":"Arnaldo Botto","twitter_card":"summary_large_image","schema":{"@context":"https:\/\/schema.org","@graph":[{"@type":"WebPage","@id":"https:\/\/www.noticiasradioreflejos.com.ar\/2021\/tornquist-detienen-a-una-banda-narco-que-operaba-en-la-comarca-serrana-y-bahia-blanca\/","url":"https:\/\/www.noticiasradioreflejos.com.ar\/2021\/tornquist-detienen-a-una-banda-narco-que-operaba-en-la-comarca-serrana-y-bahia-blanca\/","name":"Tornquist: detienen a una banda narco que operaba en la Comarca Serrana y Bah\u00eda Blanca - Noticias Radio Reflejos","isPartOf":{"@id":"https:\/\/www.noticiasradioreflejos.com.ar\/2021\/#website"},"primaryImageOfPage":{"@id":"https:\/\/www.noticiasradioreflejos.com.ar\/2021\/tornquist-detienen-a-una-banda-narco-que-operaba-en-la-comarca-serrana-y-bahia-blanca\/#primaryimage"},"image":{"@id":"https:\/\/www.noticiasradioreflejos.com.ar\/2021\/tornquist-detienen-a-una-banda-narco-que-operaba-en-la-comarca-serrana-y-bahia-blanca\/#primaryimage"},"thumbnailUrl":"https:\/\/agenciadenoticiasjudiciales.com\/wp-content\/uploads\/2021\/12\/allanam-2-de-diciembre2-1024x768.jpg","datePublished":"2021-12-02T13:49:38+00:00","author":{"@id":"https:\/\/www.noticiasradioreflejos.com.ar\/2021\/#\/schema\/person\/ad82545263dcc5ec0996818884fd5fb1"},"breadcrumb":{"@id":"https:\/\/www.noticiasradioreflejos.com.ar\/2021\/tornquist-detienen-a-una-banda-narco-que-operaba-en-la-comarca-serrana-y-bahia-blanca\/#breadcrumb"},"inLanguage":"es","potentialAction":[{"@type":"ReadAction","target":["https:\/\/www.noticiasradioreflejos.com.ar\/2021\/tornquist-detienen-a-una-banda-narco-que-operaba-en-la-comarca-serrana-y-bahia-blanca\/"]}]},{"@type":"ImageObject","inLanguage":"es","@id":"https:\/\/www.noticiasradioreflejos.com.ar\/2021\/tornquist-detienen-a-una-banda-narco-que-operaba-en-la-comarca-serrana-y-bahia-blanca\/#primaryimage","url":"https:\/\/agenciadenoticiasjudiciales.com\/wp-content\/uploads\/2021\/12\/allanam-2-de-diciembre2-1024x768.jpg","contentUrl":"https:\/\/agenciadenoticiasjudiciales.com\/wp-content\/uploads\/2021\/12\/allanam-2-de-diciembre2-1024x768.jpg"},{"@type":"BreadcrumbList","@id":"https:\/\/www.noticiasradioreflejos.com.ar\/2021\/tornquist-detienen-a-una-banda-narco-que-operaba-en-la-comarca-serrana-y-bahia-blanca\/#breadcrumb","itemListElement":[{"@type":"ListItem","position":1,"name":"Portada","item":"https:\/\/www.noticiasradioreflejos.com.ar\/2021\/"},{"@type":"ListItem","position":2,"name":"Tornquist: detienen a una banda narco que operaba en la Comarca Serrana y Bah\u00eda Blanca"}]},{"@type":"WebSite","@id":"https:\/\/www.noticiasradioreflejos.com.ar\/2021\/#website","url":"https:\/\/www.noticiasradioreflejos.com.ar\/2021\/","name":"Noticias Radio Reflejos","description":"Las noticias de mi comarca","potentialAction":[{"@type":"SearchAction","target":{"@type":"EntryPoint","urlTemplate":"https:\/\/www.noticiasradioreflejos.com.ar\/2021\/?s={search_term_string}"},"query-input":{"@type":"PropertyValueSpecification","valueRequired":true,"valueName":"search_term_string"}}],"inLanguage":"es"},{"@type":"Person","@id":"https:\/\/www.noticiasradioreflejos.com.ar\/2021\/#\/schema\/person\/ad82545263dcc5ec0996818884fd5fb1","name":"Arnaldo Botto","image":{"@type":"ImageObject","inLanguage":"es","@id":"https:\/\/www.noticiasradioreflejos.com.ar\/2021\/#\/schema\/person\/image\/","url":"https:\/\/secure.gravatar.com\/avatar\/55cb5e37c1efa326397366e6974cb338056df65cb50e7d64d1cf314e87504837?s=96&d=mm&r=g","contentUrl":"https:\/\/secure.gravatar.com\/avatar\/55cb5e37c1efa326397366e6974cb338056df65cb50e7d64d1cf314e87504837?s=96&d=mm&r=g","caption":"Arnaldo Botto"},"url":"https:\/\/www.noticiasradioreflejos.com.ar\/2021\/author\/arnaldo\/"}]}},"_links":{"self":[{"href":"https:\/\/www.noticiasradioreflejos.com.ar\/2021\/wp-json\/wp\/v2\/posts\/65661","targetHints":{"allow":["GET"]}}],"collection":[{"href":"https:\/\/www.noticiasradioreflejos.com.ar\/2021\/wp-json\/wp\/v2\/posts"}],"about":[{"href":"https:\/\/www.noticiasradioreflejos.com.ar\/2021\/wp-json\/wp\/v2\/types\/post"}],"author":[{"embeddable":true,"href":"https:\/\/www.noticiasradioreflejos.com.ar\/2021\/wp-json\/wp\/v2\/users\/3"}],"replies":[{"embeddable":true,"href":"https:\/\/www.noticiasradioreflejos.com.ar\/2021\/wp-json\/wp\/v2\/comments?post=65661"}],"version-history":[{"count":1,"href":"https:\/\/www.noticiasradioreflejos.com.ar\/2021\/wp-json\/wp\/v2\/posts\/65661\/revisions"}],"predecessor-version":[{"id":65663,"href":"https:\/\/www.noticiasradioreflejos.com.ar\/2021\/wp-json\/wp\/v2\/posts\/65661\/revisions\/65663"}],"wp:attachment":[{"href":"https:\/\/www.noticiasradioreflejos.com.ar\/2021\/wp-json\/wp\/v2\/media?parent=65661"}],"wp:term":[{"taxonomy":"category","embeddable":true,"href":"https:\/\/www.noticiasradioreflejos.com.ar\/2021\/wp-json\/wp\/v2\/categories?post=65661"},{"taxonomy":"post_tag","embeddable":true,"href":"https:\/\/www.noticiasradioreflejos.com.ar\/2021\/wp-json\/wp\/v2\/tags?post=65661"}],"curies":[{"name":"wp","href":"https:\/\/api.w.org\/{rel}","templated":true}]}}