{"id":654,"date":"2016-09-08T16:10:41","date_gmt":"2016-09-08T16:10:41","guid":{"rendered":"http:\/\/noticiasradioreflejos.com.ar\/noticias\/?p=654"},"modified":"2016-09-08T16:10:41","modified_gmt":"2016-09-08T16:10:41","slug":"654","status":"publish","type":"post","link":"https:\/\/www.noticiasradioreflejos.com.ar\/2021\/654\/","title":{"rendered":"Informe de sesi\u00f3n del Concejo Deliberante"},"content":{"rendered":"<p>A continuaci\u00f3n presentamos la informaci\u00f3n sobre la sesi\u00f3n de ayer 7 de septiembre, en la que el Honorable Concejo Deliberante presento la siguiente orden del d\u00eda:<!--more--><br \/>\n<strong><u>Comunicaciones Oficiales y dict\u00e1menes de las Comisiones: <\/u><\/strong><br \/>\n<strong><u>Expte. <\/u><\/strong><strong><u>N\u00ba 080\/16:<\/u><\/strong> \u201cD.E. \u2013 \u201cIncremento Salarial\u201d \u2013 Ejercicio 2016\u201d.<br \/>\nPasa a las Comisiones de Presupuesto y Hacienda, y Asuntos Municipales.<br \/>\n<strong><u>Expte. <\/u><\/strong><strong><u>N\u00ba 267\/16:<\/u><\/strong> \u201cD.E. \u2013 Proyecto de Ordenanza Preparatoria: Contribuciones por Mejoras y Valoraci\u00f3n\u201d.<br \/>\nPasa a las Comisiones de Obras P\u00fablicas, Presupuesto y Hacienda, Asuntos Municipales, e Interpretaci\u00f3n y Reglamento.<br \/>\n<strong><u>Expte. <\/u><\/strong><strong><u>N\u00ba 286\/16:<\/u><\/strong> \u201cD.E. \u2013 Convalida la firma del Convenio Marco de Colaboraci\u00f3n Institucional celebrado entre A.R.B.A. y la Municipalidad de Tornquist\u201d.<br \/>\nPasa a las Comisiones de Asuntos Municipales, y Presupuesto y Hacienda.<br \/>\n<strong><u>Expte. <\/u><\/strong><strong><u>N\u00ba 6845\/16:<\/u><\/strong> \u201cBloque F.P.V. \u2013 Pedido de Informe: Ref. estado de las cuentas de los fondos rotatorios a la fecha y aplicaci\u00f3n de Programas referidos a la producci\u00f3n en el Partido de Tornquist\u201d.<br \/>\nPasa a las Comisiones de Presupuesto y Hacienda,\u00a0 y Producci\u00f3n, Comercio e Industria.<br \/>\n<strong><u>Expte. <\/u><\/strong><strong><u>N\u00ba 6851\/16:<\/u><\/strong> \u201cN.P.- Sindicato Regional de Trabajadores de Luz y Fuerza: Ref. solicitud de informaci\u00f3n sobre Contrato de Comodato\u201d.<br \/>\nPasa a las Comisiones de Asuntos Municipales y Obras P\u00fablicas.<br \/>\n<strong><u>Expte. <\/u><\/strong><strong><u>N\u00ba 6852\/16:<\/u><\/strong> \u201cBloque F.P.V. \u2013 Proyecto de Ordenanza: Imponer el nombre de Ren\u00e9 Favaloro al Parque Lineal de la ciudad de Tornquist\u201d.<br \/>\nPasa a las Comisiones de Asuntos Municipales.<br \/>\n<strong><u>Expte. <\/u><\/strong><strong><u>N\u00ba 6849\/16:<\/u><\/strong> \u201cBloque F.P.V. \u2013 Proyecto de Ordenanza: Creaci\u00f3n Programa Municipal de Recuperaci\u00f3n de Envases de Agroqu\u00edmicos\u201d.<br \/>\nSe aprueba por unanimidad el dictamen de las Comisiones de ECOLOG\u00cdA Y MEDIO AMBIENTE, OBRAS P\u00daBLICAS, ASUNTOS MUNICIPALES Y SALUD P\u00daBLICA que aconseja enviar el mismo a la Secretar\u00eda de Producci\u00f3n y Medio Ambiente a efectos de ser analizado el Proyecto de Ordenanza.<br \/>\n<strong><u>Expte. <\/u><\/strong><strong><u>N\u00ba 6850\/16:<\/u><\/strong> \u201cBloque F.P.V. \u2013 Proyecto de Ordenanza: Creaci\u00f3n Programa Municipal de Recuperaci\u00f3n de Neum\u00e1ticos \u201cFuera de Uso\u201d y \u201cde Desecho\u201d\u201d.<br \/>\nSe aprueba por unanimidad el dictamen de las Comisiones de ECOLOG\u00cdA Y MEDIO AMBIENTE, OBRAS P\u00daBLICAS, ASUNTOS MUNICIPALES Y SALUD P\u00daBLICA que \u00a0aconseja enviar el mismo a la Secretar\u00eda de Producci\u00f3n y Medio Ambiente a efectos de ser analizado el Proyecto de Ordenanza.<br \/>\n<strong><u>Expte. <\/u><\/strong><strong><u>N\u00ba 6853\/16:<\/u><\/strong> \u201cH.C.D. \u2013 Proyecto de Resoluci\u00f3n: Modificaci\u00f3n Resoluci\u00f3n N\u00ba 13\/06. Ref. reconocimiento Abanderados y Escoltas del Distrito\u201d.<br \/>\nDe acuerdo al dictamen de la Comisi\u00f3n de ASUNTOS MUNICIPALES se aprueba por unanimidad la \u00a0Resoluci\u00f3n N\u00ba 23\/16 por la que se deja sin efecto la Resoluci\u00f3n N\u00ba 13\/16. Se prev\u00e9 la confecci\u00f3n de diplomas de reconocimiento por su esfuerzo, dedicaci\u00f3n, compromiso y responsabilidad a todos los abanderados y sus escoltas de las banderas Argentina y Bonaerense que resulten portadores de los pabellones, los cuales ser\u00e1n entregados en el Acto de cierre del Ciclo Lectivo de cada establecimiento educativo del Distrito de Tornquist.<br \/>\n<strong><u>Expte. <\/u><\/strong><strong><u>N\u00ba 6854\/16:<\/u><\/strong> \u201cN.P. \u2013 Vecinos por el Tren: Petitorio ref. restituci\u00f3n del servicio de Ferrobaires\u201d.<br \/>\nDe acuerdo al dictamen de la Comisi\u00f3n de ASUNTOS MUNICIPALES se aprueba por unanimidad \u00a0la \u00a0Resoluci\u00f3n N\u00ba \u00a024\/16 por la que se solicita al Sr. Intendente Municipal realice las gestiones ante las autoridades provinciales y\/o nacionales, a fin de que se restablezca el servicio de Ferrobaires en forma urgente. El petitorio presentado por el grupo \u201cVecinos \u00a0por el Tren\u201d solicita\u00a0 la ampliaci\u00f3n del servicio de trenes \u00a0argentinos que cubre el tramo v\u00eda Lamadrid y junto con la posible \u00a0incorporaci\u00f3n de un servicio que recorra el tramo v\u00eda Pringles hasta \u00a0Olavarr\u00eda. Se env\u00eda copia a la Gobernadora de la provincia de Buenos Aires Sra. Mar\u00eda Eugenia Vidal,\u00a0 al Ministerio de infraestructura de la provincia de Buenos Aires Lic.\u00a0 Edgardo Cenz\u00f3n, al Ministerio de Transporte de la Naci\u00f3n y grupo \u201cVecinos por el Tren\u201d.<br \/>\n<strong><u>Proyectos Presentados<\/u><\/strong><br \/>\n<strong><u>Bloque Frente para la Victoria: Proyecto de Ordenanza: <\/u><\/strong>Establece que los grandes generadores de RSU (residuos s\u00f3lidos urbanos), instalados en el \u00e1mbito del Distrito de Tornquist,\u00a0deben\u00a0implementar un Plan de gesti\u00f3n diferenciada de los residuos s\u00f3lidos urbanos, debiendo hacerse cargo de la separaci\u00f3n en origen de los mismos, para su correcta recolecci\u00f3n y tratamiento posterior, ya sean\u00a0 residuos reciclables o residuos no reciclables. Se entender\u00e1 por:<\/p>\n<ol>\n<li>a) Grandes generadores de residuos s\u00f3lidos urbanos: i) Organismos p\u00fablicos, ii) los hoteles,\u00a0iii) los\u00a0shoppings\u00a0y galer\u00edas comerciales,\u00a0iv) los supermercados, v) los restaurantes, confiter\u00edas y otros del rubro gastron\u00f3mico y iv) los establecimientos educativos del Distrito de Tornquist.<\/li>\n<li>b) Residuos s\u00f3lidos urbanos: son aquellos elementos, objetos o sustancias generados y desechados producto de actividades realizadas en los n\u00facleos urbanos y rurales, comprendiendo aqu\u00e9llos cuyo origen sea dom\u00e9stico, comercial, institucional, asistencial e industrial no especial asimilable a los residuos domiciliarios.<\/li>\n<li>c) Separaci\u00f3n en origen: es la acci\u00f3n por la cual el generador clasifica en origen los residuos a su cargo, en dos fracciones: reciclables y no reciclables. Los residuos reciclables deber\u00e1n ser dispuestos en bolsas verdes y los no reciclables en bolsas negras con el objeto de reducir el volumen de los residuos a disponerse finalmente.<\/li>\n<li>d) Residuos reciclables: materiales susceptibles de aprovechamiento como cart\u00f3n, papel, envases larga vida tipo Tetra\u00a0Brik, pl\u00e1sticos, PET, vidrios, metales, entre otros.<\/li>\n<\/ol>\n<p>Se solicita formaci\u00f3n de Expediente y pase a Comisi\u00f3n.<br \/>\n<strong><u>Bloques F.P.C. y S. y Cambiemos Bs. As.- Proyecto de Ordenanza:<\/u><\/strong> Crea en el \u00e1mbito del Concejo Deliberante la Sesi\u00f3n Informativa del Secretario de Gobierno. \u00a0El Secretario de Gobierno con una anticipaci\u00f3n no inferior a siete d\u00edas h\u00e1biles, har\u00e1 llegar a los Presidentes de cada uno de los bloques pol\u00edticos a trav\u00e9s del Presidente del Concejo Deliberante un escrito con los temas a exponer. Posteriormente concurrir\u00e1 \u00a0ante el Concejo Deliberante a efectos de cumplimentar con la exposici\u00f3n.\u00a0 Deber\u00e1 concurrir al Concejo Deliberante de\u00a0 manera bimestral, para informar de la marcha del Gobierno.<br \/>\nSe solicita formaci\u00f3n de Expediente y pase a Comisi\u00f3n.<br \/>\n<strong><u>Honorable Concejo Deliberante- Proyecto de Resoluci\u00f3n: <\/u><\/strong>Declarar de Inter\u00e9s Municipal \u00a0la Charla \u201cLa Mujer y la Pol\u00edtica\u201d, a llevarse a cabo el d\u00eda 9 de Septiembre del corriente, a la hora 16, en el Teatro Municipal Rodolfo Funke. En dicha charla se realizar\u00e1 un reconocimiento a las primeras mujeres Concejales del Distrito de Tornquist: Justa Picado, Jorgelina Cornacchini y Haydee Lili de Larena. Se entregar\u00e1 un Diploma de Reconocimiento a cada una de las mujeres Concejales del Distrito de Tornquist.<br \/>\nSe solicita formaci\u00f3n de Expediente y tratamiento sobre Tablas.<br \/>\nSe forma el Expediente N\u00ba 6856\/16 y se aprueba por unanimidad la Resoluci\u00f3n bajo el N\u00ba 20\/16 por la que se declara de Inter\u00e9s Municipal\u00a0 \u00a0la Charla \u201cLa Mujer y la Pol\u00edtica\u201d, a llevarse a cabo el d\u00eda 9 de Septiembre del corriente, a la hora 16, en el Teatro Municipal Rodolfo Funke.<br \/>\n<strong><u>Bloque Frente para la Victoria:- Pedido de Informes: <\/u><\/strong>Solicita al Sr. Intendente Municipal Sergio Bordoni responda con datos actualizados el Pedido de Informe presentado el 5 de abril de 2016 y que se enviara al D.E. el 21 de Abril\u00a0 con el n\u00famero de Expediente 6805\/16, por el cual se solicitaba informaci\u00f3n sobre funcionarios del gobierno municipal presentados como ocupantes de cargos dentro del Poder Ejecutivo, no siendo designados los mismos mediante el acto administrativo correspondiente.<br \/>\nSe solicita formaci\u00f3n de Expediente y pase a Comisi\u00f3n.<br \/>\n<strong><u>Bloque Frente para la Victoria- Proyecto de Resoluci\u00f3n: <\/u><\/strong>Solicita al Sr. Intendente Municipal, tome como prioridad la adquisici\u00f3n de un veh\u00edculo tipo 4&#215;4, destinado a reforzar la flota de la Polic\u00eda Comunal del destacamento de la localidad de Chasic\u00f3.<br \/>\nAsignar personal e insumos a la Patrulla Rural para reforzar la\u00a0 prevenci\u00f3n de delitos en la zona rural del Oeste del Distrito de Tornquist (Chasic\u00f3, Pelicur\u00e1, Nueva Roma, Berraondo y Paraje Las Quintas).<br \/>\nSe solicita formaci\u00f3n de Expediente y pase a Comisi\u00f3n.<br \/>\n<strong><u>Bloque Frente para la Victoria:- Pedido de Informes: <\/u><\/strong>Solicita al Sr. Intendente Municipal copia del Proyecto de intervenci\u00f3n de la Plaza Ernesto Tornquist, copia del estudio avalado por\u00a0 profesional competente donde se certifica la peligrosidad de los ejemplares extra\u00eddos y cu\u00e1l es el programa de extracci\u00f3n de los ejemplares que a\u00fan no se han eliminado, copia del contrato de contrataci\u00f3n del Sr. Fidelle, Curr\u00edculum Vitae del mismo y matr\u00edcula en el Colegio de Profesionales correspondiente. \u00a0Solicita se remita a este Concejo Deliberante detalle de los gastos y proveedores involucrados en todas las intervenciones realizadas, incluyendo el recambio de las farolas.<br \/>\nSe solicita formaci\u00f3n de Expediente y pase a Comisi\u00f3n.<br \/>\n<strong><u>Bloque Frente para la Victoria- Proyecto de Resoluci\u00f3n:<\/u><\/strong> Solicitar a la Honorable C\u00e1mara de Senadores de la Provincia de Buenos Aires se incorpore al nuevo Proyecto de\u00a0 Ley de la Zona Patag\u00f3nica Bonaerense, a los\u00a0 Partidos de Patagones, Villarino, y los cuarteles V, VI, VII, VIII, IX, X, y XI, y III, IV y V de los Partidos de Puan y Tornquist respectivamente, por poseer caracter\u00edsticas edafoclim\u00e1ticas y productivas de an\u00e1logas.<br \/>\nEnviar copia de la presente al Intendente del Partido de Tornquist, a los Presidentes de ambas C\u00e1maras de la Legislatura Provincial, a los Presidentes de las Comisiones de Presupuesto y Asuntos Agrarios de ambas C\u00e1maras de Legisladores, a los Intendentes y HCD de Puan, Patagones, y Villarino, a los Legisladores Provinciales y Nacionales de la Sexta Secci\u00f3n Electoral y a la Cooperativa El\u00e9ctrica de Chasic\u00f3.<br \/>\nSe solicita formaci\u00f3n de Expediente y pase a Comisi\u00f3n.<br \/>\n<strong><u>Asuntos Particulares<\/u><\/strong><br \/>\n<strong><u>N.P. Director de Deportes Prof. Sebasti\u00e1n Bassi:<\/u><\/strong> Solicita se declare de Inter\u00e9s Municipal el 3\u00ba Torneo Provincial de Gimnasia Art\u00edstica nivel E en la localidad de Tornquist, a realizarse los d\u00edas 16, 17 y 18 de septiembre.<br \/>\nSe solicita formaci\u00f3n de Expediente y tratamiento sobre Tablas.<br \/>\nSe forma el Expediente N\u00ba 6857\/16 y se aprueba por unanimidad la Resoluci\u00f3n con el N\u00ba 21\/16 por la que se declare de Inter\u00e9s Municipal el \u201c3\u00ba\u00a0 Torneo Provincial de Gimnasia Art\u00edstica nivel E\u201d a realizarse en las instalaciones del Gimnasio Municipal \u201cEva Per\u00f3n\u201d de la ciudad de Tornquist los d\u00edas 16, 17 y 18 de septiembre del corriente a\u00f1o.<br \/>\n<strong><u>N.P. Alejandro Aiello: propietario Transporte Silver:<\/u><\/strong> Solicita autorizaci\u00f3n para realizar un aumento en la tarifa del transporte de L\u00ednea Urbana Saldungaray- Tornquist.<br \/>\nSe solicita formaci\u00f3n de Expediente y pase a Comisi\u00f3n.<br \/>\n<strong><u>N.P. Vecinas del Distrito:<\/u><\/strong> Solicitan adhesi\u00f3n y aprobaci\u00f3n del Proyecto de Ley de Paridad Electoral presentado en la Legislatura de la Provincia de Buenos Aires.<br \/>\nSe solicita formaci\u00f3n de Expediente y pase a Comisi\u00f3n.<br \/>\n<strong><u>N.P. C\u00e1mara de Comercio, Turismo e Industria Sierra de la Ventana, Villa La Arcadia y Saldungaray:<\/u><\/strong> Solicita se declare de Inter\u00e9s Municipal la Expo Comercial y Art\u00edstica con motivo de celebrarse el segundo aniversario de la instituci\u00f3n, a realizarse el domingo 25 de Septiembre en el Centro Cultural de Sierra de la Ventana.<br \/>\nSe solicita formaci\u00f3n de Expediente y pase a Comisi\u00f3n.<br \/>\n<strong><u>N.P. Instituciones de la localidad de Chasic\u00f3 y Cooperativa El\u00e9ctrica de Chasic\u00f3 Ltda:<\/u><\/strong> Solicita al Concejo Deliberante de Tornquist proceda a tratar el Proyecto de Ley Provincial aprobado en Diputados por el cual\u00a0 el Partido de Villarino es reconocido como parte de la Patagonia Bonaerense y no se tienen en cuenta los cuarteles III, IV Y V del Partido de Tornquist y los cuarteles V, VI, VII, VIII, IX, X Y XI\u00a0\u00a0 del Partido de Puan.<br \/>\nSe aprueba por unanimidad adjuntar la nota \u00a0al Proyecto de Resoluci\u00f3n presentado por el Bloque FPV \u00a0en relaci\u00f3n al mismo tema.<br \/>\n<strong><u>N.P. Prof. Mar\u00eda Rosa Gonz\u00e1lez, Inspectora Jefe Distrital Tornquist:<\/u><\/strong> Solicita se declare de Inter\u00e9s Municipal la Jornada de capacitaci\u00f3n y talleres sobre Educaci\u00f3n y Seguridad Vial\u00a0 a desarrollarse el d\u00eda 15 de septiembre en el Teatro Rodolfo Funke.<br \/>\nSe solicita formaci\u00f3n de Expediente y tratamiento sobre Tablas.<br \/>\nSe forma el Expediente N\u00ba 6858\/16 y se aprueba por unanimidad la Resoluci\u00f3n bajo el N\u00ba 22\/16 por la que se declara de Inter\u00e9s Municipal la Jornada de capacitaci\u00f3n y talleres sobre Educaci\u00f3n y Seguridad Vial dirigida a Directivos y representantes educativos, a realizarse el pr\u00f3ximo d\u00eda 15 de septiembre en el Teatro Rodolfo Funke.<br \/>\nAlocuciones de los se\u00f1ores Concejales:<br \/>\nConcejal L\u00f6ffler Guillermo:<br \/>\n\u201cSi, nosotros nos quer\u00edamos referir al hecho ocurrido en la localidad de Chasic\u00f3, repudiar en realidad el hecho ese, es algo que no nos puede estar pasando en las localidades de nuestro Distrito, donde una persona de mal ha cortado el flexible de los frenos de la combi que transporta chicos y que podr\u00eda haber causado cualquier tragedia, y a su vez queremos pedirle a las autoridades que se esclarezca ese hecho, que se haga todo lo necesario para que se esclarezca porque esto es un hecho que no puede quedar sin que se d\u00e9 a conocer y sin que se sepa qui\u00e9nes son o quien es el culpable, y a su vez, repudiar las palabras del Intendente que la verdad nos parecieron de mucha irresponsabilidad y de muy mal gusto, donde en el d\u00eda del hecho se refiere a que tiene un tinte pol\u00edtico. Nosotros como oposici\u00f3n nunca se nos podr\u00eda pasar por la cabeza hacer algo de esa manera, \u00bfno?, por m\u00e1s que disputamos sobre algunos temas los cuales no estamos de acuerdo, pero siempre se discuten ac\u00e1, dentro, en la Banca, en el Concejo, o las cosas se plantean, se le plantean directamente a \u00e9l, o a alguno de los secretarios, pero nos parece muy irresponsable que haga esa declaraci\u00f3n, y de muy mal gusto. Entonces pedirle que se haga todo el esfuerzo, que las autoridades policiales, la Secretar\u00eda de Seguridad haga todo lo que tiene que hacer y que ese hecho se esclarezca lo antes posible. Nada m\u00e1s se\u00f1or Presidente\u201d.<br \/>\nConcejal Skolak Mar\u00eda Ofelia:<br \/>\n\u201cBueno, me voy a sumar a lo que dijo mi compa\u00f1ero el Concejal Guillermo L\u00f6ffler. Yo voy a, por qu\u00e9 justamente me apoyo en lo que dijo el Concejal L\u00f6ffler, porque yo tambi\u00e9n quiero repudiar dos frases, dos p\u00e1rrafos que encuentro ac\u00e1 en lo que expres\u00f3 el Intendente Municipal en una nota que se le realiz\u00f3 cuando se empez\u00f3 a reforestar la plaza. En una parte dice que \u201c\u2026no tiene nada que responder ni nada que explicar, ellos lo sab\u00edan al proyecto, se hacen los tontos, c\u00f3mo no sab\u00edan lo que se iba a hacer\u2026\u201d. Y en otra parte dice que \u201c\u2026muchos \u00e1rboles est\u00e1n secos, hasta un necio se da cuenta de que esto hab\u00eda que hacerlo\u2026\u201d. Bueno, en primer lugar no conocemos el proyecto se\u00f1or Presidente, porque, es m\u00e1s, lo hemos pedido desde ac\u00e1, hoy volvemos a presentar un Pedido de Informes, no conocemos los proyectos. En segundo lugar quiero decirle se\u00f1or Presidente que tontos es un adjetivo del idioma espa\u00f1ol referido a quien posee una inteligencia escasa, alguien torpe, o con una conducta poco pertinente. Es fingir enga\u00f1osamente no darse cuenta de las cosas para lograr alg\u00fan objetivo. Y necio es un adjetivo negativo que caracteriza a una persona de ignorante, que no sabe lo que tiene que hacer. La verdad que un Intendente Municipal que representa a todo el Distrito de Tornquist, que es la m\u00e1xima autoridad del Distrito de Tornquist se exprese de esa manera no me parece lo correcto. Nada m\u00e1s se\u00f1or Presidente\u201d.<br \/>\nConcejal Ant\u00f3n V\u00edctor:<br \/>\n\u201cBueno, obviamente que me sumo a las palabras de los compa\u00f1eros, pero este pedido de palabra ocurre por otro tema. Todos sabemos que lamentablemente la situaci\u00f3n econ\u00f3mica del pa\u00eds es complicada, es dif\u00edcil, hasta ahora no se nota demasiado en nuestro Distrito, pero nuestra empresa insignia si se quiere, sabemos que est\u00e1 dando vacaciones adelantadas a sus empleados, con lo cual ser\u00eda importante para nosotros como concejales saber cu\u00e1l es la realidad que hoy por hoy est\u00e1 viviendo Interpack. Sabemos que es un privado, y que debe tener sus limitaciones a dar informaci\u00f3n, pero como representantes de la comunidad ser\u00eda bueno tener una reuni\u00f3n con las autoridades de la empresa, para saber en qu\u00e9 estado est\u00e1 hoy y tambi\u00e9n, para por ah\u00ed poder plantear tanto a nivel municipal como a nivel provincial alg\u00fan tipo de financiamiento o ayuda si la empresa lo requiere, con lo cual es eso, plantear, mocionar una reuni\u00f3n con las autoridades de Interpack a fin de saber cu\u00e1l es el estado, no s\u00e9 si decir el estado financiero pero s\u00ed cu\u00e1l es la situaci\u00f3n hoy por hoy en la producci\u00f3n de esa empresa. Nada m\u00e1s se\u00f1or Presidente\u201d.<br \/>\nSe aprueba por unanimidad la moci\u00f3n de invitar al Ingeniero Dabos a mantener una reuni\u00f3n con los Concejales.<br \/>\nHONORABLE CONCEJO DELIBERANTE.<br \/>\n<a title=\"P1060292\" href=\"http:\/\/farm9.staticflickr.com\/8366\/28921780803_064020d937_c.jpg\" rel=\"\"><img loading=\"lazy\" decoding=\"async\" class=\"aligncenter\" title=\"P1060292\" src=\"http:\/\/farm9.staticflickr.com\/8366\/28921780803_064020d937_c.jpg\" alt=\"P1060292\" width=\"800\" height=\"600\" \/><\/a><br \/>\n<a title=\"P1060293\" href=\"http:\/\/farm9.staticflickr.com\/8308\/29463977201_dcab1a5c82_c.jpg\" rel=\"\"><img loading=\"lazy\" decoding=\"async\" class=\"aligncenter\" title=\"P1060293\" src=\"http:\/\/farm9.staticflickr.com\/8308\/29463977201_dcab1a5c82_c.jpg\" alt=\"P1060293\" width=\"800\" height=\"600\" \/><\/a><br \/>\n<a title=\"P1060299\" href=\"http:\/\/farm9.staticflickr.com\/8185\/29254765660_a5476a898e_c.jpg\" rel=\"\"><img loading=\"lazy\" decoding=\"async\" class=\"aligncenter\" title=\"P1060299\" src=\"http:\/\/farm9.staticflickr.com\/8185\/29254765660_a5476a898e_c.jpg\" alt=\"P1060299\" width=\"800\" height=\"600\" \/><\/a><br \/>\n<a title=\"P1060291\" href=\"http:\/\/farm9.staticflickr.com\/8495\/29463974381_64af32737a_c.jpg\" rel=\"\"><img loading=\"lazy\" decoding=\"async\" class=\"aligncenter\" title=\"P1060291\" src=\"http:\/\/farm9.staticflickr.com\/8495\/29463974381_64af32737a_c.jpg\" alt=\"P1060291\" width=\"800\" height=\"600\" \/><\/a><\/p>\n","protected":false},"excerpt":{"rendered":"<p>A continuaci\u00f3n presentamos la informaci\u00f3n sobre la sesi\u00f3n de ayer 7 de septiembre, en la que el Honorable Concejo Deliberante presento la siguiente orden del d\u00eda:<\/p>\n","protected":false},"author":3,"featured_media":0,"comment_status":"closed","ping_status":"open","sticky":false,"template":"","format":"standard","meta":{"footnotes":""},"categories":[28],"tags":[],"class_list":["post-654","post","type-post","status-publish","format-standard","hentry","category-municipales"],"yoast_head":"<!-- This site is optimized with the Yoast SEO plugin v25.9 - https:\/\/yoast.com\/wordpress\/plugins\/seo\/ -->\n<title>Informe de sesi\u00f3n del Concejo Deliberante - Noticias Radio Reflejos<\/title>\n<meta name=\"robots\" content=\"index, follow, max-snippet:-1, max-image-preview:large, max-video-preview:-1\" \/>\n<link rel=\"canonical\" href=\"https:\/\/www.noticiasradioreflejos.com.ar\/2021\/654\/\" \/>\n<meta property=\"og:locale\" content=\"es_ES\" \/>\n<meta property=\"og:type\" content=\"article\" \/>\n<meta property=\"og:title\" content=\"Informe de sesi\u00f3n del Concejo Deliberante - Noticias Radio Reflejos\" \/>\n<meta property=\"og:description\" content=\"A continuaci\u00f3n presentamos la informaci\u00f3n sobre la sesi\u00f3n de ayer 7 de septiembre, en la que el Honorable Concejo Deliberante presento la siguiente orden del d\u00eda:\" \/>\n<meta property=\"og:url\" content=\"https:\/\/www.noticiasradioreflejos.com.ar\/2021\/654\/\" \/>\n<meta property=\"og:site_name\" content=\"Noticias Radio Reflejos\" \/>\n<meta property=\"article:published_time\" content=\"2016-09-08T16:10:41+00:00\" \/>\n<meta property=\"og:image\" content=\"http:\/\/farm9.staticflickr.com\/8366\/28921780803_064020d937_c.jpg\" \/>\n<meta name=\"author\" content=\"Arnaldo Botto\" \/>\n<meta name=\"twitter:card\" content=\"summary_large_image\" \/>\n<script type=\"application\/ld+json\" class=\"yoast-schema-graph\">{\"@context\":\"https:\/\/schema.org\",\"@graph\":[{\"@type\":\"WebPage\",\"@id\":\"https:\/\/www.noticiasradioreflejos.com.ar\/2021\/654\/\",\"url\":\"https:\/\/www.noticiasradioreflejos.com.ar\/2021\/654\/\",\"name\":\"Informe de sesi\u00f3n del Concejo Deliberante - Noticias Radio Reflejos\",\"isPartOf\":{\"@id\":\"https:\/\/www.noticiasradioreflejos.com.ar\/2021\/#website\"},\"primaryImageOfPage\":{\"@id\":\"https:\/\/www.noticiasradioreflejos.com.ar\/2021\/654\/#primaryimage\"},\"image\":{\"@id\":\"https:\/\/www.noticiasradioreflejos.com.ar\/2021\/654\/#primaryimage\"},\"thumbnailUrl\":\"http:\/\/farm9.staticflickr.com\/8366\/28921780803_064020d937_c.jpg\",\"datePublished\":\"2016-09-08T16:10:41+00:00\",\"author\":{\"@id\":\"https:\/\/www.noticiasradioreflejos.com.ar\/2021\/#\/schema\/person\/ad82545263dcc5ec0996818884fd5fb1\"},\"breadcrumb\":{\"@id\":\"https:\/\/www.noticiasradioreflejos.com.ar\/2021\/654\/#breadcrumb\"},\"inLanguage\":\"es\",\"potentialAction\":[{\"@type\":\"ReadAction\",\"target\":[\"https:\/\/www.noticiasradioreflejos.com.ar\/2021\/654\/\"]}]},{\"@type\":\"ImageObject\",\"inLanguage\":\"es\",\"@id\":\"https:\/\/www.noticiasradioreflejos.com.ar\/2021\/654\/#primaryimage\",\"url\":\"http:\/\/farm9.staticflickr.com\/8366\/28921780803_064020d937_c.jpg\",\"contentUrl\":\"http:\/\/farm9.staticflickr.com\/8366\/28921780803_064020d937_c.jpg\"},{\"@type\":\"BreadcrumbList\",\"@id\":\"https:\/\/www.noticiasradioreflejos.com.ar\/2021\/654\/#breadcrumb\",\"itemListElement\":[{\"@type\":\"ListItem\",\"position\":1,\"name\":\"Portada\",\"item\":\"https:\/\/www.noticiasradioreflejos.com.ar\/2021\/\"},{\"@type\":\"ListItem\",\"position\":2,\"name\":\"Informe de sesi\u00f3n del Concejo Deliberante\"}]},{\"@type\":\"WebSite\",\"@id\":\"https:\/\/www.noticiasradioreflejos.com.ar\/2021\/#website\",\"url\":\"https:\/\/www.noticiasradioreflejos.com.ar\/2021\/\",\"name\":\"Noticias Radio Reflejos\",\"description\":\"Las noticias de mi comarca\",\"potentialAction\":[{\"@type\":\"SearchAction\",\"target\":{\"@type\":\"EntryPoint\",\"urlTemplate\":\"https:\/\/www.noticiasradioreflejos.com.ar\/2021\/?s={search_term_string}\"},\"query-input\":{\"@type\":\"PropertyValueSpecification\",\"valueRequired\":true,\"valueName\":\"search_term_string\"}}],\"inLanguage\":\"es\"},{\"@type\":\"Person\",\"@id\":\"https:\/\/www.noticiasradioreflejos.com.ar\/2021\/#\/schema\/person\/ad82545263dcc5ec0996818884fd5fb1\",\"name\":\"Arnaldo Botto\",\"image\":{\"@type\":\"ImageObject\",\"inLanguage\":\"es\",\"@id\":\"https:\/\/www.noticiasradioreflejos.com.ar\/2021\/#\/schema\/person\/image\/\",\"url\":\"https:\/\/secure.gravatar.com\/avatar\/55cb5e37c1efa326397366e6974cb338056df65cb50e7d64d1cf314e87504837?s=96&d=mm&r=g\",\"contentUrl\":\"https:\/\/secure.gravatar.com\/avatar\/55cb5e37c1efa326397366e6974cb338056df65cb50e7d64d1cf314e87504837?s=96&d=mm&r=g\",\"caption\":\"Arnaldo Botto\"},\"url\":\"https:\/\/www.noticiasradioreflejos.com.ar\/2021\/author\/arnaldo\/\"}]}<\/script>\n<!-- \/ Yoast SEO plugin. -->","yoast_head_json":{"title":"Informe de sesi\u00f3n del Concejo Deliberante - Noticias Radio Reflejos","robots":{"index":"index","follow":"follow","max-snippet":"max-snippet:-1","max-image-preview":"max-image-preview:large","max-video-preview":"max-video-preview:-1"},"canonical":"https:\/\/www.noticiasradioreflejos.com.ar\/2021\/654\/","og_locale":"es_ES","og_type":"article","og_title":"Informe de sesi\u00f3n del Concejo Deliberante - Noticias Radio Reflejos","og_description":"A continuaci\u00f3n presentamos la informaci\u00f3n sobre la sesi\u00f3n de ayer 7 de septiembre, en la que el Honorable Concejo Deliberante presento la siguiente orden del d\u00eda:","og_url":"https:\/\/www.noticiasradioreflejos.com.ar\/2021\/654\/","og_site_name":"Noticias Radio Reflejos","article_published_time":"2016-09-08T16:10:41+00:00","og_image":[{"url":"http:\/\/farm9.staticflickr.com\/8366\/28921780803_064020d937_c.jpg","type":"","width":"","height":""}],"author":"Arnaldo Botto","twitter_card":"summary_large_image","schema":{"@context":"https:\/\/schema.org","@graph":[{"@type":"WebPage","@id":"https:\/\/www.noticiasradioreflejos.com.ar\/2021\/654\/","url":"https:\/\/www.noticiasradioreflejos.com.ar\/2021\/654\/","name":"Informe de sesi\u00f3n del Concejo Deliberante - Noticias Radio Reflejos","isPartOf":{"@id":"https:\/\/www.noticiasradioreflejos.com.ar\/2021\/#website"},"primaryImageOfPage":{"@id":"https:\/\/www.noticiasradioreflejos.com.ar\/2021\/654\/#primaryimage"},"image":{"@id":"https:\/\/www.noticiasradioreflejos.com.ar\/2021\/654\/#primaryimage"},"thumbnailUrl":"http:\/\/farm9.staticflickr.com\/8366\/28921780803_064020d937_c.jpg","datePublished":"2016-09-08T16:10:41+00:00","author":{"@id":"https:\/\/www.noticiasradioreflejos.com.ar\/2021\/#\/schema\/person\/ad82545263dcc5ec0996818884fd5fb1"},"breadcrumb":{"@id":"https:\/\/www.noticiasradioreflejos.com.ar\/2021\/654\/#breadcrumb"},"inLanguage":"es","potentialAction":[{"@type":"ReadAction","target":["https:\/\/www.noticiasradioreflejos.com.ar\/2021\/654\/"]}]},{"@type":"ImageObject","inLanguage":"es","@id":"https:\/\/www.noticiasradioreflejos.com.ar\/2021\/654\/#primaryimage","url":"http:\/\/farm9.staticflickr.com\/8366\/28921780803_064020d937_c.jpg","contentUrl":"http:\/\/farm9.staticflickr.com\/8366\/28921780803_064020d937_c.jpg"},{"@type":"BreadcrumbList","@id":"https:\/\/www.noticiasradioreflejos.com.ar\/2021\/654\/#breadcrumb","itemListElement":[{"@type":"ListItem","position":1,"name":"Portada","item":"https:\/\/www.noticiasradioreflejos.com.ar\/2021\/"},{"@type":"ListItem","position":2,"name":"Informe de sesi\u00f3n del Concejo Deliberante"}]},{"@type":"WebSite","@id":"https:\/\/www.noticiasradioreflejos.com.ar\/2021\/#website","url":"https:\/\/www.noticiasradioreflejos.com.ar\/2021\/","name":"Noticias Radio Reflejos","description":"Las noticias de mi comarca","potentialAction":[{"@type":"SearchAction","target":{"@type":"EntryPoint","urlTemplate":"https:\/\/www.noticiasradioreflejos.com.ar\/2021\/?s={search_term_string}"},"query-input":{"@type":"PropertyValueSpecification","valueRequired":true,"valueName":"search_term_string"}}],"inLanguage":"es"},{"@type":"Person","@id":"https:\/\/www.noticiasradioreflejos.com.ar\/2021\/#\/schema\/person\/ad82545263dcc5ec0996818884fd5fb1","name":"Arnaldo Botto","image":{"@type":"ImageObject","inLanguage":"es","@id":"https:\/\/www.noticiasradioreflejos.com.ar\/2021\/#\/schema\/person\/image\/","url":"https:\/\/secure.gravatar.com\/avatar\/55cb5e37c1efa326397366e6974cb338056df65cb50e7d64d1cf314e87504837?s=96&d=mm&r=g","contentUrl":"https:\/\/secure.gravatar.com\/avatar\/55cb5e37c1efa326397366e6974cb338056df65cb50e7d64d1cf314e87504837?s=96&d=mm&r=g","caption":"Arnaldo Botto"},"url":"https:\/\/www.noticiasradioreflejos.com.ar\/2021\/author\/arnaldo\/"}]}},"_links":{"self":[{"href":"https:\/\/www.noticiasradioreflejos.com.ar\/2021\/wp-json\/wp\/v2\/posts\/654","targetHints":{"allow":["GET"]}}],"collection":[{"href":"https:\/\/www.noticiasradioreflejos.com.ar\/2021\/wp-json\/wp\/v2\/posts"}],"about":[{"href":"https:\/\/www.noticiasradioreflejos.com.ar\/2021\/wp-json\/wp\/v2\/types\/post"}],"author":[{"embeddable":true,"href":"https:\/\/www.noticiasradioreflejos.com.ar\/2021\/wp-json\/wp\/v2\/users\/3"}],"replies":[{"embeddable":true,"href":"https:\/\/www.noticiasradioreflejos.com.ar\/2021\/wp-json\/wp\/v2\/comments?post=654"}],"version-history":[{"count":0,"href":"https:\/\/www.noticiasradioreflejos.com.ar\/2021\/wp-json\/wp\/v2\/posts\/654\/revisions"}],"wp:attachment":[{"href":"https:\/\/www.noticiasradioreflejos.com.ar\/2021\/wp-json\/wp\/v2\/media?parent=654"}],"wp:term":[{"taxonomy":"category","embeddable":true,"href":"https:\/\/www.noticiasradioreflejos.com.ar\/2021\/wp-json\/wp\/v2\/categories?post=654"},{"taxonomy":"post_tag","embeddable":true,"href":"https:\/\/www.noticiasradioreflejos.com.ar\/2021\/wp-json\/wp\/v2\/tags?post=654"}],"curies":[{"name":"wp","href":"https:\/\/api.w.org\/{rel}","templated":true}]}}