{"id":65317,"date":"2021-11-25T11:16:40","date_gmt":"2021-11-25T11:16:40","guid":{"rendered":"http:\/\/www.noticiasradioreflejos.com.ar\/2021\/?p=65317"},"modified":"2021-11-25T13:45:51","modified_gmt":"2021-11-25T13:45:51","slug":"hubo-lluvias-en-la-comarca-con-fuertes-descargas-electricas-y-rafagas-de-viento","status":"publish","type":"post","link":"https:\/\/www.noticiasradioreflejos.com.ar\/2021\/hubo-lluvias-en-la-comarca-con-fuertes-descargas-electricas-y-rafagas-de-viento\/","title":{"rendered":"Hubo lluvias en la comarca con fuertes descargas el\u00e9ctricas y r\u00e1fagas de viento."},"content":{"rendered":"<p>Este mi\u00e9rcoles 24 fue un d\u00eda caluroso, la m\u00e1xima alcanz\u00f3 los 34.2\u00b0 de term\u00f3metro a las 15.20 hs y a partir de las 16.30 el cielo se cubri\u00f3 completamente, hubo una tormenta el\u00e9ctrica con fuertes r\u00e1fagas de viento y pocos mm de precipitaciones. En horas de la noche cay\u00f3 un rayo que estremeci\u00f3 a toda la localidad<!--more--><\/p>\n<p>El SMN anunciaba la llegada de tormentas a la comarca serrana para la tarde de ayer, y los pron\u00f3sticos se cumplieron; cerca de las 17,30 hs comenzaron a escucharse los primeros truenos, para continuar por varias horas con descargas el\u00e9ctricas y vientos que fueron cambiando del Noreste al sur en poco tiempo. Las primeras precipitaciones llegaron a las 18,20 en forma de chaparrones aislados, y a partir del medianoche, el viento se calm\u00f3 y llovi\u00f3 en forma suave hasta este momento.<\/p>\n<p>A la hora 21,40 un rayo estremeci\u00f3 a toda la localidad y provoc\u00f3 el corte de servicio el\u00e9ctrico en el Barrio Cerro Ceferino e hizo saltar las t\u00e9rmicas de muchos hogares en varios barrios.<\/p>\n<p>A su vez en Saldungaray hubo una lluvia torrencial en apenas una hora, que acumul\u00f3 55 mm, provocando el anegamientos de varias calles, posteriormente calm\u00f3 y llovizn\u00f3 hasta esta ma\u00f1ana alcanzando los 60 mm a las 8 hs.<\/p>\n<p>El total de lluvia en Sierra de la Ventana sum\u00f3 apenas 5 mm hasta las 7 horas de este jueves. En tanto hubo fuertes lluvias en la ciudad Tornquist y otros puntos de la zona serrana.<\/p>\n<p><strong>Datos de lluvias hasta las 8 de la ma\u00f1ana<\/strong><\/p>\n<p>5 mm Sierra de la Ventana<br \/>\n15 mm Villa Ventana<br \/>\n60 mm en Saldungaray<br \/>\n4.4 mm en el Cerro Naposta<br \/>\n42 mm en Tornquist<br \/>\n45 mm Estancia Funke<br \/>\n8.3 mm en Frapal<br \/>\n6 mm en Cabildo<br \/>\n46 mm Tres Picos<br \/>\n8 mm. en Pig\u00fc\u00e9<br \/>\n30 mm. en Dufaur<br \/>\n8 mm en el Pantanoso<br \/>\n7.5 mm. en Coronel Su\u00e1rez<br \/>\n13 mm. en Huanguel\u00e9n<br \/>\n12.5 mm en Pasman<br \/>\n9 mm en Cura Malal<br \/>\n7.5 mm en San Eloy<br \/>\n13 mm en Cnel Pringles<br \/>\n4 mm en Monte Hermoso<br \/>\n10 mm Bordenave<br \/>\n8 mm Felipe Sola<br \/>\n20 mm Villa Iris<br \/>\n17 mm Pellicur\u00e1<br \/>\n18 mm Arroyo Venado<br \/>\n3 mm Naposta<br \/>\n17 mm Laguna Las Encadenadas<br \/>\n18 mm Cahue<\/p>\n<p><span style=\"color: #0000ff;\"><em><strong>Foto de portada: de Franco SCialpi.\u00a0<\/strong><\/em><\/span><\/p>\n","protected":false},"excerpt":{"rendered":"<p>Este mi\u00e9rcoles 24 fue un d\u00eda caluroso, la m\u00e1xima alcanz\u00f3 los 34.2\u00b0 de term\u00f3metro a las 15.20 hs y a partir de las 16.30 el cielo se cubri\u00f3 completamente, hubo una tormenta el\u00e9ctrica con fuertes r\u00e1fagas de viento y pocos mm de precipitaciones. En horas de la noche cay\u00f3 un rayo que estremeci\u00f3 a toda [&hellip;]<\/p>\n","protected":false},"author":3,"featured_media":65318,"comment_status":"closed","ping_status":"closed","sticky":false,"template":"","format":"standard","meta":{"footnotes":""},"categories":[26],"tags":[48],"class_list":["post-65317","post","type-post","status-publish","format-standard","has-post-thumbnail","hentry","category-sociedad","tag-destacada"],"yoast_head":"<!-- This site is optimized with the Yoast SEO plugin v25.9 - https:\/\/yoast.com\/wordpress\/plugins\/seo\/ -->\n<title>Hubo lluvias en la comarca con fuertes descargas el\u00e9ctricas y r\u00e1fagas de viento. - Noticias Radio Reflejos<\/title>\n<meta name=\"robots\" content=\"index, follow, max-snippet:-1, max-image-preview:large, max-video-preview:-1\" \/>\n<link rel=\"canonical\" href=\"https:\/\/www.noticiasradioreflejos.com.ar\/2021\/hubo-lluvias-en-la-comarca-con-fuertes-descargas-electricas-y-rafagas-de-viento\/\" \/>\n<meta property=\"og:locale\" content=\"es_ES\" \/>\n<meta property=\"og:type\" content=\"article\" \/>\n<meta property=\"og:title\" content=\"Hubo lluvias en la comarca con fuertes descargas el\u00e9ctricas y r\u00e1fagas de viento. - Noticias Radio Reflejos\" \/>\n<meta property=\"og:description\" content=\"Este mi\u00e9rcoles 24 fue un d\u00eda caluroso, la m\u00e1xima alcanz\u00f3 los 34.2\u00b0 de term\u00f3metro a las 15.20 hs y a partir de las 16.30 el cielo se cubri\u00f3 completamente, hubo una tormenta el\u00e9ctrica con fuertes r\u00e1fagas de viento y pocos mm de precipitaciones. En horas de la noche cay\u00f3 un rayo que estremeci\u00f3 a toda [&hellip;]\" \/>\n<meta property=\"og:url\" content=\"https:\/\/www.noticiasradioreflejos.com.ar\/2021\/hubo-lluvias-en-la-comarca-con-fuertes-descargas-electricas-y-rafagas-de-viento\/\" \/>\n<meta property=\"og:site_name\" content=\"Noticias Radio Reflejos\" \/>\n<meta property=\"article:published_time\" content=\"2021-11-25T11:16:40+00:00\" \/>\n<meta property=\"article:modified_time\" content=\"2021-11-25T13:45:51+00:00\" \/>\n<meta property=\"og:image\" content=\"https:\/\/www.noticiasradioreflejos.com.ar\/2021\/wp-content\/uploads\/2021\/11\/127771197_782698675906781_3166416446496218576_n.jpg\" \/>\n\t<meta property=\"og:image:width\" content=\"1080\" \/>\n\t<meta property=\"og:image:height\" content=\"720\" \/>\n\t<meta property=\"og:image:type\" content=\"image\/jpeg\" \/>\n<meta name=\"author\" content=\"Arnaldo Botto\" \/>\n<meta name=\"twitter:card\" content=\"summary_large_image\" \/>\n<script type=\"application\/ld+json\" class=\"yoast-schema-graph\">{\"@context\":\"https:\/\/schema.org\",\"@graph\":[{\"@type\":\"WebPage\",\"@id\":\"https:\/\/www.noticiasradioreflejos.com.ar\/2021\/hubo-lluvias-en-la-comarca-con-fuertes-descargas-electricas-y-rafagas-de-viento\/\",\"url\":\"https:\/\/www.noticiasradioreflejos.com.ar\/2021\/hubo-lluvias-en-la-comarca-con-fuertes-descargas-electricas-y-rafagas-de-viento\/\",\"name\":\"Hubo lluvias en la comarca con fuertes descargas el\u00e9ctricas y r\u00e1fagas de viento. - Noticias Radio Reflejos\",\"isPartOf\":{\"@id\":\"https:\/\/www.noticiasradioreflejos.com.ar\/2021\/#website\"},\"primaryImageOfPage\":{\"@id\":\"https:\/\/www.noticiasradioreflejos.com.ar\/2021\/hubo-lluvias-en-la-comarca-con-fuertes-descargas-electricas-y-rafagas-de-viento\/#primaryimage\"},\"image\":{\"@id\":\"https:\/\/www.noticiasradioreflejos.com.ar\/2021\/hubo-lluvias-en-la-comarca-con-fuertes-descargas-electricas-y-rafagas-de-viento\/#primaryimage\"},\"thumbnailUrl\":\"https:\/\/www.noticiasradioreflejos.com.ar\/2021\/wp-content\/uploads\/2021\/11\/127771197_782698675906781_3166416446496218576_n.jpg\",\"datePublished\":\"2021-11-25T11:16:40+00:00\",\"dateModified\":\"2021-11-25T13:45:51+00:00\",\"author\":{\"@id\":\"https:\/\/www.noticiasradioreflejos.com.ar\/2021\/#\/schema\/person\/ad82545263dcc5ec0996818884fd5fb1\"},\"breadcrumb\":{\"@id\":\"https:\/\/www.noticiasradioreflejos.com.ar\/2021\/hubo-lluvias-en-la-comarca-con-fuertes-descargas-electricas-y-rafagas-de-viento\/#breadcrumb\"},\"inLanguage\":\"es\",\"potentialAction\":[{\"@type\":\"ReadAction\",\"target\":[\"https:\/\/www.noticiasradioreflejos.com.ar\/2021\/hubo-lluvias-en-la-comarca-con-fuertes-descargas-electricas-y-rafagas-de-viento\/\"]}]},{\"@type\":\"ImageObject\",\"inLanguage\":\"es\",\"@id\":\"https:\/\/www.noticiasradioreflejos.com.ar\/2021\/hubo-lluvias-en-la-comarca-con-fuertes-descargas-electricas-y-rafagas-de-viento\/#primaryimage\",\"url\":\"https:\/\/www.noticiasradioreflejos.com.ar\/2021\/wp-content\/uploads\/2021\/11\/127771197_782698675906781_3166416446496218576_n.jpg\",\"contentUrl\":\"https:\/\/www.noticiasradioreflejos.com.ar\/2021\/wp-content\/uploads\/2021\/11\/127771197_782698675906781_3166416446496218576_n.jpg\",\"width\":1080,\"height\":720},{\"@type\":\"BreadcrumbList\",\"@id\":\"https:\/\/www.noticiasradioreflejos.com.ar\/2021\/hubo-lluvias-en-la-comarca-con-fuertes-descargas-electricas-y-rafagas-de-viento\/#breadcrumb\",\"itemListElement\":[{\"@type\":\"ListItem\",\"position\":1,\"name\":\"Portada\",\"item\":\"https:\/\/www.noticiasradioreflejos.com.ar\/2021\/\"},{\"@type\":\"ListItem\",\"position\":2,\"name\":\"Hubo lluvias en la comarca con fuertes descargas el\u00e9ctricas y r\u00e1fagas de viento.\"}]},{\"@type\":\"WebSite\",\"@id\":\"https:\/\/www.noticiasradioreflejos.com.ar\/2021\/#website\",\"url\":\"https:\/\/www.noticiasradioreflejos.com.ar\/2021\/\",\"name\":\"Noticias Radio Reflejos\",\"description\":\"Las noticias de mi comarca\",\"potentialAction\":[{\"@type\":\"SearchAction\",\"target\":{\"@type\":\"EntryPoint\",\"urlTemplate\":\"https:\/\/www.noticiasradioreflejos.com.ar\/2021\/?s={search_term_string}\"},\"query-input\":{\"@type\":\"PropertyValueSpecification\",\"valueRequired\":true,\"valueName\":\"search_term_string\"}}],\"inLanguage\":\"es\"},{\"@type\":\"Person\",\"@id\":\"https:\/\/www.noticiasradioreflejos.com.ar\/2021\/#\/schema\/person\/ad82545263dcc5ec0996818884fd5fb1\",\"name\":\"Arnaldo Botto\",\"image\":{\"@type\":\"ImageObject\",\"inLanguage\":\"es\",\"@id\":\"https:\/\/www.noticiasradioreflejos.com.ar\/2021\/#\/schema\/person\/image\/\",\"url\":\"https:\/\/secure.gravatar.com\/avatar\/55cb5e37c1efa326397366e6974cb338056df65cb50e7d64d1cf314e87504837?s=96&d=mm&r=g\",\"contentUrl\":\"https:\/\/secure.gravatar.com\/avatar\/55cb5e37c1efa326397366e6974cb338056df65cb50e7d64d1cf314e87504837?s=96&d=mm&r=g\",\"caption\":\"Arnaldo Botto\"},\"url\":\"https:\/\/www.noticiasradioreflejos.com.ar\/2021\/author\/arnaldo\/\"}]}<\/script>\n<!-- \/ Yoast SEO plugin. -->","yoast_head_json":{"title":"Hubo lluvias en la comarca con fuertes descargas el\u00e9ctricas y r\u00e1fagas de viento. - Noticias Radio Reflejos","robots":{"index":"index","follow":"follow","max-snippet":"max-snippet:-1","max-image-preview":"max-image-preview:large","max-video-preview":"max-video-preview:-1"},"canonical":"https:\/\/www.noticiasradioreflejos.com.ar\/2021\/hubo-lluvias-en-la-comarca-con-fuertes-descargas-electricas-y-rafagas-de-viento\/","og_locale":"es_ES","og_type":"article","og_title":"Hubo lluvias en la comarca con fuertes descargas el\u00e9ctricas y r\u00e1fagas de viento. - Noticias Radio Reflejos","og_description":"Este mi\u00e9rcoles 24 fue un d\u00eda caluroso, la m\u00e1xima alcanz\u00f3 los 34.2\u00b0 de term\u00f3metro a las 15.20 hs y a partir de las 16.30 el cielo se cubri\u00f3 completamente, hubo una tormenta el\u00e9ctrica con fuertes r\u00e1fagas de viento y pocos mm de precipitaciones. En horas de la noche cay\u00f3 un rayo que estremeci\u00f3 a toda [&hellip;]","og_url":"https:\/\/www.noticiasradioreflejos.com.ar\/2021\/hubo-lluvias-en-la-comarca-con-fuertes-descargas-electricas-y-rafagas-de-viento\/","og_site_name":"Noticias Radio Reflejos","article_published_time":"2021-11-25T11:16:40+00:00","article_modified_time":"2021-11-25T13:45:51+00:00","og_image":[{"width":1080,"height":720,"url":"https:\/\/www.noticiasradioreflejos.com.ar\/2021\/wp-content\/uploads\/2021\/11\/127771197_782698675906781_3166416446496218576_n.jpg","type":"image\/jpeg"}],"author":"Arnaldo Botto","twitter_card":"summary_large_image","schema":{"@context":"https:\/\/schema.org","@graph":[{"@type":"WebPage","@id":"https:\/\/www.noticiasradioreflejos.com.ar\/2021\/hubo-lluvias-en-la-comarca-con-fuertes-descargas-electricas-y-rafagas-de-viento\/","url":"https:\/\/www.noticiasradioreflejos.com.ar\/2021\/hubo-lluvias-en-la-comarca-con-fuertes-descargas-electricas-y-rafagas-de-viento\/","name":"Hubo lluvias en la comarca con fuertes descargas el\u00e9ctricas y r\u00e1fagas de viento. - Noticias Radio Reflejos","isPartOf":{"@id":"https:\/\/www.noticiasradioreflejos.com.ar\/2021\/#website"},"primaryImageOfPage":{"@id":"https:\/\/www.noticiasradioreflejos.com.ar\/2021\/hubo-lluvias-en-la-comarca-con-fuertes-descargas-electricas-y-rafagas-de-viento\/#primaryimage"},"image":{"@id":"https:\/\/www.noticiasradioreflejos.com.ar\/2021\/hubo-lluvias-en-la-comarca-con-fuertes-descargas-electricas-y-rafagas-de-viento\/#primaryimage"},"thumbnailUrl":"https:\/\/www.noticiasradioreflejos.com.ar\/2021\/wp-content\/uploads\/2021\/11\/127771197_782698675906781_3166416446496218576_n.jpg","datePublished":"2021-11-25T11:16:40+00:00","dateModified":"2021-11-25T13:45:51+00:00","author":{"@id":"https:\/\/www.noticiasradioreflejos.com.ar\/2021\/#\/schema\/person\/ad82545263dcc5ec0996818884fd5fb1"},"breadcrumb":{"@id":"https:\/\/www.noticiasradioreflejos.com.ar\/2021\/hubo-lluvias-en-la-comarca-con-fuertes-descargas-electricas-y-rafagas-de-viento\/#breadcrumb"},"inLanguage":"es","potentialAction":[{"@type":"ReadAction","target":["https:\/\/www.noticiasradioreflejos.com.ar\/2021\/hubo-lluvias-en-la-comarca-con-fuertes-descargas-electricas-y-rafagas-de-viento\/"]}]},{"@type":"ImageObject","inLanguage":"es","@id":"https:\/\/www.noticiasradioreflejos.com.ar\/2021\/hubo-lluvias-en-la-comarca-con-fuertes-descargas-electricas-y-rafagas-de-viento\/#primaryimage","url":"https:\/\/www.noticiasradioreflejos.com.ar\/2021\/wp-content\/uploads\/2021\/11\/127771197_782698675906781_3166416446496218576_n.jpg","contentUrl":"https:\/\/www.noticiasradioreflejos.com.ar\/2021\/wp-content\/uploads\/2021\/11\/127771197_782698675906781_3166416446496218576_n.jpg","width":1080,"height":720},{"@type":"BreadcrumbList","@id":"https:\/\/www.noticiasradioreflejos.com.ar\/2021\/hubo-lluvias-en-la-comarca-con-fuertes-descargas-electricas-y-rafagas-de-viento\/#breadcrumb","itemListElement":[{"@type":"ListItem","position":1,"name":"Portada","item":"https:\/\/www.noticiasradioreflejos.com.ar\/2021\/"},{"@type":"ListItem","position":2,"name":"Hubo lluvias en la comarca con fuertes descargas el\u00e9ctricas y r\u00e1fagas de viento."}]},{"@type":"WebSite","@id":"https:\/\/www.noticiasradioreflejos.com.ar\/2021\/#website","url":"https:\/\/www.noticiasradioreflejos.com.ar\/2021\/","name":"Noticias Radio Reflejos","description":"Las noticias de mi comarca","potentialAction":[{"@type":"SearchAction","target":{"@type":"EntryPoint","urlTemplate":"https:\/\/www.noticiasradioreflejos.com.ar\/2021\/?s={search_term_string}"},"query-input":{"@type":"PropertyValueSpecification","valueRequired":true,"valueName":"search_term_string"}}],"inLanguage":"es"},{"@type":"Person","@id":"https:\/\/www.noticiasradioreflejos.com.ar\/2021\/#\/schema\/person\/ad82545263dcc5ec0996818884fd5fb1","name":"Arnaldo Botto","image":{"@type":"ImageObject","inLanguage":"es","@id":"https:\/\/www.noticiasradioreflejos.com.ar\/2021\/#\/schema\/person\/image\/","url":"https:\/\/secure.gravatar.com\/avatar\/55cb5e37c1efa326397366e6974cb338056df65cb50e7d64d1cf314e87504837?s=96&d=mm&r=g","contentUrl":"https:\/\/secure.gravatar.com\/avatar\/55cb5e37c1efa326397366e6974cb338056df65cb50e7d64d1cf314e87504837?s=96&d=mm&r=g","caption":"Arnaldo Botto"},"url":"https:\/\/www.noticiasradioreflejos.com.ar\/2021\/author\/arnaldo\/"}]}},"_links":{"self":[{"href":"https:\/\/www.noticiasradioreflejos.com.ar\/2021\/wp-json\/wp\/v2\/posts\/65317","targetHints":{"allow":["GET"]}}],"collection":[{"href":"https:\/\/www.noticiasradioreflejos.com.ar\/2021\/wp-json\/wp\/v2\/posts"}],"about":[{"href":"https:\/\/www.noticiasradioreflejos.com.ar\/2021\/wp-json\/wp\/v2\/types\/post"}],"author":[{"embeddable":true,"href":"https:\/\/www.noticiasradioreflejos.com.ar\/2021\/wp-json\/wp\/v2\/users\/3"}],"replies":[{"embeddable":true,"href":"https:\/\/www.noticiasradioreflejos.com.ar\/2021\/wp-json\/wp\/v2\/comments?post=65317"}],"version-history":[{"count":8,"href":"https:\/\/www.noticiasradioreflejos.com.ar\/2021\/wp-json\/wp\/v2\/posts\/65317\/revisions"}],"predecessor-version":[{"id":65346,"href":"https:\/\/www.noticiasradioreflejos.com.ar\/2021\/wp-json\/wp\/v2\/posts\/65317\/revisions\/65346"}],"wp:featuredmedia":[{"embeddable":true,"href":"https:\/\/www.noticiasradioreflejos.com.ar\/2021\/wp-json\/wp\/v2\/media\/65318"}],"wp:attachment":[{"href":"https:\/\/www.noticiasradioreflejos.com.ar\/2021\/wp-json\/wp\/v2\/media?parent=65317"}],"wp:term":[{"taxonomy":"category","embeddable":true,"href":"https:\/\/www.noticiasradioreflejos.com.ar\/2021\/wp-json\/wp\/v2\/categories?post=65317"},{"taxonomy":"post_tag","embeddable":true,"href":"https:\/\/www.noticiasradioreflejos.com.ar\/2021\/wp-json\/wp\/v2\/tags?post=65317"}],"curies":[{"name":"wp","href":"https:\/\/api.w.org\/{rel}","templated":true}]}}