{"id":65235,"date":"2021-11-23T21:05:07","date_gmt":"2021-11-23T21:05:07","guid":{"rendered":"http:\/\/www.noticiasradioreflejos.com.ar\/2021\/?p=65235"},"modified":"2021-11-23T21:06:20","modified_gmt":"2021-11-23T21:06:20","slug":"acciones-concretas-que-tal-vez-sean-simples-pero-que-impacten-en-la-concientizacion-para-lograr-comunidades-sin-violencias","status":"publish","type":"post","link":"https:\/\/www.noticiasradioreflejos.com.ar\/2021\/acciones-concretas-que-tal-vez-sean-simples-pero-que-impacten-en-la-concientizacion-para-lograr-comunidades-sin-violencias\/","title":{"rendered":"\u00abAcciones concretas que tal vez sean simples pero que impacten en la concientizaci\u00f3n para lograr comunidades sin violencias\u00bb"},"content":{"rendered":"<p>El Subsecretario de Juventudes, Pol\u00edticas de G\u00e9nero y Diversidades del Municipio de Tornquist, informa el comienzo de las actividades por el <strong>D\u00eda Internacional de la Eliminaci\u00f3n de la Violencia contra la Mujer<\/strong>. Dichas actividades durar\u00e1n toda la semana en las localidades de Tornquist y de Sierra de la Ventana.<!--more--><\/p>\n<p>\u00abLo que se viene trabajando desde hace m\u00e1s de un mes, es trabajar con las chicas del equipo de violencia por razones de g\u00e9nero en acciones concretas que tal vez sean simples pero que impacten en la concientizaci\u00f3n para lograr comunidades sin violencias\u00bb present\u00f3 el lema de la sexta regi\u00f3n del Ministerio de Mujeres, Pol\u00edticas de G\u00e9nero y Diversidad Sexual de la Provincia de Buenos Aires para concientizar hacia la violencia que reciben las mujeres durante esta semana de noviembre.<\/p>\n<p>\u00abDurante toda la semana, van a estar en algunos colegios dando charlas puntuales para que el cambio se de en las nuevas generaciones mucho m\u00e1s profundo. Tambi\u00e9n vamos a realizar un peque\u00f1o acto simb\u00f3lico de, a partir de hoy, iluminar el palacio municipal de color violeta. El d\u00eda de hoy, vamos a tener una caminata organizada con la directora de Deportes, Sof\u00eda Urriaga\u00bb. Bruno agreg\u00f3 que el d\u00eda Jueves el equipo tambi\u00e9n se presentar\u00e1 en Sierra de la Ventana a partir de una jornada organizada por el Consejo Municipal de las Mujeres de Tornquist.<\/p>\n<p>En relaci\u00f3n a los botones anti p\u00e1nico, comparti\u00f3: \u00abSe est\u00e1n terminando cuestiones t\u00e9cnicas que tienen que ver con la plataforma que va tanto en el centro de monitoreo como en las comisar\u00edas, aunque los botones se encuentran en perfecto funcionamiento. Tenemos tambi\u00e9n en el distrito el sistema de monitoreo dual, esto es una tobillera electr\u00f3nica para el agresor y un tel\u00e9fono satelital para la v\u00edctima\u00bb.<\/p>\n<p>Tambi\u00e9n mencion\u00f3 qu\u00e9 suceder\u00e1 con el equipo interdisciplinario de violencia por razones de g\u00e9nero del otro lado de las sierras: \u00abVenimos muy contentos avanzando y estamos empezando a definir quienes van a ser quienes se encuentren en la oficina de violencia de g\u00e9nero en Sierra de la Ventana, que es probable que a principios de diciembre est\u00e9 funcionando con normalidad\u00bb.<\/p>\n<p>El 10 de diciembre Bruno estar\u00e1 asumiendo en el Honorable Concejo Deliberante, por lo tanto, tendr\u00e1 una sucesi\u00f3n la Subsecretar\u00eda de Juventudes, Pol\u00edticas de G\u00e9nero y Diversidades del Municipio.<\/p>\n<p>\u00abSi bien fue una nueva pol\u00edtica que no estaba visibilizada, creo que las elecciones son momento para abarajar y dar de nuevo y creo que ma\u00f1ana el Gobernador presentar\u00e1 una serie de medidas que tiene que ver con profundizar pol\u00edticas p\u00fablicas para que el Estado pueda acompa\u00f1ar lo mejor posible a las v\u00edctimas de violencia de g\u00e9nero\u00bb hizo referencia al primer Congreso en el marco del 25 de noviembre que organiza el Ministerio de Mujeres, Pol\u00edticas de G\u00e9nero y Diversidad Sexual de la Provincia de Buenos Aires.<\/p>\n<p>Para finalizar, Bruno record\u00f3 que durante toda esta semana se estar\u00e1n recibiendo donaciones tanto como en la sede de la oficina de violencia por razones de g\u00e9nero (Ventura Picado 111, Tornquist) como en la sede de Desarrollo Social de Sierra de la Ventana. Lo que se recaude ser\u00e1 distribuido por el equipo de la oficina a todas aquellas mujeres que se encuentran atravesando el proceso de salida de las violencias. \u00abEsto lo hacemos para involucrar a la comunidad para colaborar y darle a la mujer v\u00edctima de violencia de g\u00e9nero todas las herramientas para salir. Esto, m\u00e1s que el acto econ\u00f3mico, es un acto demostrativo de acompa\u00f1amiento, que estas donaciones permitan a la mujer sentirse acompa\u00f1ada\u00bb. Entre lo que se puede acercar, se encuentran: alimentos no perecederos, ropa, ropa de cama, pa\u00f1ales, juguetes y todo aquello que se cree \u00fatil para acompa\u00f1ar a estas mujeres.<\/p>\n<p>Nota completa a continuaci\u00f3n:<br \/>\n<iframe loading=\"lazy\" src=\"https:\/\/w.soundcloud.com\/player\/?url=https%3A\/\/api.soundcloud.com\/tracks\/1165278430&amp;color=%23ff5500&amp;auto_play=false&amp;hide_related=false&amp;show_comments=true&amp;show_user=true&amp;show_reposts=false&amp;show_teaser=true\" width=\"100%\" height=\"166\" frameborder=\"no\" scrolling=\"no\"><\/iframe><\/p>\n<div style=\"font-size: 10px; color: #cccccc; line-break: anywhere; word-break: normal; overflow: hidden; white-space: nowrap; text-overflow: ellipsis; font-family: Interstate,Lucida Grande,Lucida Sans Unicode,Lucida Sans,Garuda,Verdana,Tahoma,sans-serif; font-weight: 100;\"><a style=\"color: #cccccc; text-decoration: none;\" title=\"fmreflejos 103.7\" href=\"https:\/\/soundcloud.com\/fmreflejos-103-7\" target=\"_blank\" rel=\"noopener\">fmreflejos 103.7<\/a> \u00b7 <a style=\"color: #cccccc; text-decoration: none;\" title=\"Bruno Zaconni\" href=\"https:\/\/soundcloud.com\/fmreflejos-103-7\/bruno-zaconni-2\" target=\"_blank\" rel=\"noopener\">Bruno Zaconni<\/a><\/div>\n","protected":false},"excerpt":{"rendered":"<p>El Subsecretario de Juventudes, Pol\u00edticas de G\u00e9nero y Diversidades del Municipio de Tornquist, informa el comienzo de las actividades por el D\u00eda Internacional de la Eliminaci\u00f3n de la Violencia contra la Mujer. Dichas actividades durar\u00e1n toda la semana en las localidades de Tornquist y de Sierra de la Ventana.<\/p>\n","protected":false},"author":3,"featured_media":0,"comment_status":"closed","ping_status":"closed","sticky":false,"template":"","format":"standard","meta":{"footnotes":""},"categories":[28,24,26],"tags":[48],"class_list":["post-65235","post","type-post","status-publish","format-standard","hentry","category-municipales","category-politica","category-sociedad","tag-destacada"],"yoast_head":"<!-- This site is optimized with the Yoast SEO plugin v25.9 - https:\/\/yoast.com\/wordpress\/plugins\/seo\/ -->\n<title>&quot;Acciones concretas que tal vez sean simples pero que impacten en la concientizaci\u00f3n para lograr comunidades sin violencias&quot; - Noticias Radio Reflejos<\/title>\n<meta name=\"robots\" content=\"index, follow, max-snippet:-1, max-image-preview:large, max-video-preview:-1\" \/>\n<link rel=\"canonical\" href=\"https:\/\/www.noticiasradioreflejos.com.ar\/2021\/acciones-concretas-que-tal-vez-sean-simples-pero-que-impacten-en-la-concientizacion-para-lograr-comunidades-sin-violencias\/\" \/>\n<meta property=\"og:locale\" content=\"es_ES\" \/>\n<meta property=\"og:type\" content=\"article\" \/>\n<meta property=\"og:title\" content=\"&quot;Acciones concretas que tal vez sean simples pero que impacten en la concientizaci\u00f3n para lograr comunidades sin violencias&quot; - Noticias Radio Reflejos\" \/>\n<meta property=\"og:description\" content=\"El Subsecretario de Juventudes, Pol\u00edticas de G\u00e9nero y Diversidades del Municipio de Tornquist, informa el comienzo de las actividades por el D\u00eda Internacional de la Eliminaci\u00f3n de la Violencia contra la Mujer. Dichas actividades durar\u00e1n toda la semana en las localidades de Tornquist y de Sierra de la Ventana.\" \/>\n<meta property=\"og:url\" content=\"https:\/\/www.noticiasradioreflejos.com.ar\/2021\/acciones-concretas-que-tal-vez-sean-simples-pero-que-impacten-en-la-concientizacion-para-lograr-comunidades-sin-violencias\/\" \/>\n<meta property=\"og:site_name\" content=\"Noticias Radio Reflejos\" \/>\n<meta property=\"article:published_time\" content=\"2021-11-23T21:05:07+00:00\" \/>\n<meta property=\"article:modified_time\" content=\"2021-11-23T21:06:20+00:00\" \/>\n<meta property=\"og:image\" content=\"https:\/\/www.noticiasradioreflejos.com.ar\/2021\/wp-content\/uploads\/2021\/07\/logosol300x200.png\" \/>\n\t<meta property=\"og:image:width\" content=\"300\" \/>\n\t<meta property=\"og:image:height\" content=\"200\" \/>\n\t<meta property=\"og:image:type\" content=\"image\/png\" \/>\n<meta name=\"author\" content=\"Arnaldo Botto\" \/>\n<meta name=\"twitter:card\" content=\"summary_large_image\" \/>\n<script type=\"application\/ld+json\" class=\"yoast-schema-graph\">{\"@context\":\"https:\/\/schema.org\",\"@graph\":[{\"@type\":\"WebPage\",\"@id\":\"https:\/\/www.noticiasradioreflejos.com.ar\/2021\/acciones-concretas-que-tal-vez-sean-simples-pero-que-impacten-en-la-concientizacion-para-lograr-comunidades-sin-violencias\/\",\"url\":\"https:\/\/www.noticiasradioreflejos.com.ar\/2021\/acciones-concretas-que-tal-vez-sean-simples-pero-que-impacten-en-la-concientizacion-para-lograr-comunidades-sin-violencias\/\",\"name\":\"\\\"Acciones concretas que tal vez sean simples pero que impacten en la concientizaci\u00f3n para lograr comunidades sin violencias\\\" - Noticias Radio Reflejos\",\"isPartOf\":{\"@id\":\"https:\/\/www.noticiasradioreflejos.com.ar\/2021\/#website\"},\"datePublished\":\"2021-11-23T21:05:07+00:00\",\"dateModified\":\"2021-11-23T21:06:20+00:00\",\"author\":{\"@id\":\"https:\/\/www.noticiasradioreflejos.com.ar\/2021\/#\/schema\/person\/ad82545263dcc5ec0996818884fd5fb1\"},\"breadcrumb\":{\"@id\":\"https:\/\/www.noticiasradioreflejos.com.ar\/2021\/acciones-concretas-que-tal-vez-sean-simples-pero-que-impacten-en-la-concientizacion-para-lograr-comunidades-sin-violencias\/#breadcrumb\"},\"inLanguage\":\"es\",\"potentialAction\":[{\"@type\":\"ReadAction\",\"target\":[\"https:\/\/www.noticiasradioreflejos.com.ar\/2021\/acciones-concretas-que-tal-vez-sean-simples-pero-que-impacten-en-la-concientizacion-para-lograr-comunidades-sin-violencias\/\"]}]},{\"@type\":\"BreadcrumbList\",\"@id\":\"https:\/\/www.noticiasradioreflejos.com.ar\/2021\/acciones-concretas-que-tal-vez-sean-simples-pero-que-impacten-en-la-concientizacion-para-lograr-comunidades-sin-violencias\/#breadcrumb\",\"itemListElement\":[{\"@type\":\"ListItem\",\"position\":1,\"name\":\"Portada\",\"item\":\"https:\/\/www.noticiasradioreflejos.com.ar\/2021\/\"},{\"@type\":\"ListItem\",\"position\":2,\"name\":\"\u00abAcciones concretas que tal vez sean simples pero que impacten en la concientizaci\u00f3n para lograr comunidades sin violencias\u00bb\"}]},{\"@type\":\"WebSite\",\"@id\":\"https:\/\/www.noticiasradioreflejos.com.ar\/2021\/#website\",\"url\":\"https:\/\/www.noticiasradioreflejos.com.ar\/2021\/\",\"name\":\"Noticias Radio Reflejos\",\"description\":\"Las noticias de mi comarca\",\"potentialAction\":[{\"@type\":\"SearchAction\",\"target\":{\"@type\":\"EntryPoint\",\"urlTemplate\":\"https:\/\/www.noticiasradioreflejos.com.ar\/2021\/?s={search_term_string}\"},\"query-input\":{\"@type\":\"PropertyValueSpecification\",\"valueRequired\":true,\"valueName\":\"search_term_string\"}}],\"inLanguage\":\"es\"},{\"@type\":\"Person\",\"@id\":\"https:\/\/www.noticiasradioreflejos.com.ar\/2021\/#\/schema\/person\/ad82545263dcc5ec0996818884fd5fb1\",\"name\":\"Arnaldo Botto\",\"image\":{\"@type\":\"ImageObject\",\"inLanguage\":\"es\",\"@id\":\"https:\/\/www.noticiasradioreflejos.com.ar\/2021\/#\/schema\/person\/image\/\",\"url\":\"https:\/\/secure.gravatar.com\/avatar\/55cb5e37c1efa326397366e6974cb338056df65cb50e7d64d1cf314e87504837?s=96&d=mm&r=g\",\"contentUrl\":\"https:\/\/secure.gravatar.com\/avatar\/55cb5e37c1efa326397366e6974cb338056df65cb50e7d64d1cf314e87504837?s=96&d=mm&r=g\",\"caption\":\"Arnaldo Botto\"},\"url\":\"https:\/\/www.noticiasradioreflejos.com.ar\/2021\/author\/arnaldo\/\"}]}<\/script>\n<!-- \/ Yoast SEO plugin. -->","yoast_head_json":{"title":"\"Acciones concretas que tal vez sean simples pero que impacten en la concientizaci\u00f3n para lograr comunidades sin violencias\" - Noticias Radio Reflejos","robots":{"index":"index","follow":"follow","max-snippet":"max-snippet:-1","max-image-preview":"max-image-preview:large","max-video-preview":"max-video-preview:-1"},"canonical":"https:\/\/www.noticiasradioreflejos.com.ar\/2021\/acciones-concretas-que-tal-vez-sean-simples-pero-que-impacten-en-la-concientizacion-para-lograr-comunidades-sin-violencias\/","og_locale":"es_ES","og_type":"article","og_title":"\"Acciones concretas que tal vez sean simples pero que impacten en la concientizaci\u00f3n para lograr comunidades sin violencias\" - Noticias Radio Reflejos","og_description":"El Subsecretario de Juventudes, Pol\u00edticas de G\u00e9nero y Diversidades del Municipio de Tornquist, informa el comienzo de las actividades por el D\u00eda Internacional de la Eliminaci\u00f3n de la Violencia contra la Mujer. Dichas actividades durar\u00e1n toda la semana en las localidades de Tornquist y de Sierra de la Ventana.","og_url":"https:\/\/www.noticiasradioreflejos.com.ar\/2021\/acciones-concretas-que-tal-vez-sean-simples-pero-que-impacten-en-la-concientizacion-para-lograr-comunidades-sin-violencias\/","og_site_name":"Noticias Radio Reflejos","article_published_time":"2021-11-23T21:05:07+00:00","article_modified_time":"2021-11-23T21:06:20+00:00","og_image":[{"width":300,"height":200,"url":"https:\/\/www.noticiasradioreflejos.com.ar\/2021\/wp-content\/uploads\/2021\/07\/logosol300x200.png","type":"image\/png"}],"author":"Arnaldo Botto","twitter_card":"summary_large_image","schema":{"@context":"https:\/\/schema.org","@graph":[{"@type":"WebPage","@id":"https:\/\/www.noticiasradioreflejos.com.ar\/2021\/acciones-concretas-que-tal-vez-sean-simples-pero-que-impacten-en-la-concientizacion-para-lograr-comunidades-sin-violencias\/","url":"https:\/\/www.noticiasradioreflejos.com.ar\/2021\/acciones-concretas-que-tal-vez-sean-simples-pero-que-impacten-en-la-concientizacion-para-lograr-comunidades-sin-violencias\/","name":"\"Acciones concretas que tal vez sean simples pero que impacten en la concientizaci\u00f3n para lograr comunidades sin violencias\" - Noticias Radio Reflejos","isPartOf":{"@id":"https:\/\/www.noticiasradioreflejos.com.ar\/2021\/#website"},"datePublished":"2021-11-23T21:05:07+00:00","dateModified":"2021-11-23T21:06:20+00:00","author":{"@id":"https:\/\/www.noticiasradioreflejos.com.ar\/2021\/#\/schema\/person\/ad82545263dcc5ec0996818884fd5fb1"},"breadcrumb":{"@id":"https:\/\/www.noticiasradioreflejos.com.ar\/2021\/acciones-concretas-que-tal-vez-sean-simples-pero-que-impacten-en-la-concientizacion-para-lograr-comunidades-sin-violencias\/#breadcrumb"},"inLanguage":"es","potentialAction":[{"@type":"ReadAction","target":["https:\/\/www.noticiasradioreflejos.com.ar\/2021\/acciones-concretas-que-tal-vez-sean-simples-pero-que-impacten-en-la-concientizacion-para-lograr-comunidades-sin-violencias\/"]}]},{"@type":"BreadcrumbList","@id":"https:\/\/www.noticiasradioreflejos.com.ar\/2021\/acciones-concretas-que-tal-vez-sean-simples-pero-que-impacten-en-la-concientizacion-para-lograr-comunidades-sin-violencias\/#breadcrumb","itemListElement":[{"@type":"ListItem","position":1,"name":"Portada","item":"https:\/\/www.noticiasradioreflejos.com.ar\/2021\/"},{"@type":"ListItem","position":2,"name":"\u00abAcciones concretas que tal vez sean simples pero que impacten en la concientizaci\u00f3n para lograr comunidades sin violencias\u00bb"}]},{"@type":"WebSite","@id":"https:\/\/www.noticiasradioreflejos.com.ar\/2021\/#website","url":"https:\/\/www.noticiasradioreflejos.com.ar\/2021\/","name":"Noticias Radio Reflejos","description":"Las noticias de mi comarca","potentialAction":[{"@type":"SearchAction","target":{"@type":"EntryPoint","urlTemplate":"https:\/\/www.noticiasradioreflejos.com.ar\/2021\/?s={search_term_string}"},"query-input":{"@type":"PropertyValueSpecification","valueRequired":true,"valueName":"search_term_string"}}],"inLanguage":"es"},{"@type":"Person","@id":"https:\/\/www.noticiasradioreflejos.com.ar\/2021\/#\/schema\/person\/ad82545263dcc5ec0996818884fd5fb1","name":"Arnaldo Botto","image":{"@type":"ImageObject","inLanguage":"es","@id":"https:\/\/www.noticiasradioreflejos.com.ar\/2021\/#\/schema\/person\/image\/","url":"https:\/\/secure.gravatar.com\/avatar\/55cb5e37c1efa326397366e6974cb338056df65cb50e7d64d1cf314e87504837?s=96&d=mm&r=g","contentUrl":"https:\/\/secure.gravatar.com\/avatar\/55cb5e37c1efa326397366e6974cb338056df65cb50e7d64d1cf314e87504837?s=96&d=mm&r=g","caption":"Arnaldo Botto"},"url":"https:\/\/www.noticiasradioreflejos.com.ar\/2021\/author\/arnaldo\/"}]}},"_links":{"self":[{"href":"https:\/\/www.noticiasradioreflejos.com.ar\/2021\/wp-json\/wp\/v2\/posts\/65235","targetHints":{"allow":["GET"]}}],"collection":[{"href":"https:\/\/www.noticiasradioreflejos.com.ar\/2021\/wp-json\/wp\/v2\/posts"}],"about":[{"href":"https:\/\/www.noticiasradioreflejos.com.ar\/2021\/wp-json\/wp\/v2\/types\/post"}],"author":[{"embeddable":true,"href":"https:\/\/www.noticiasradioreflejos.com.ar\/2021\/wp-json\/wp\/v2\/users\/3"}],"replies":[{"embeddable":true,"href":"https:\/\/www.noticiasradioreflejos.com.ar\/2021\/wp-json\/wp\/v2\/comments?post=65235"}],"version-history":[{"count":2,"href":"https:\/\/www.noticiasradioreflejos.com.ar\/2021\/wp-json\/wp\/v2\/posts\/65235\/revisions"}],"predecessor-version":[{"id":65259,"href":"https:\/\/www.noticiasradioreflejos.com.ar\/2021\/wp-json\/wp\/v2\/posts\/65235\/revisions\/65259"}],"wp:attachment":[{"href":"https:\/\/www.noticiasradioreflejos.com.ar\/2021\/wp-json\/wp\/v2\/media?parent=65235"}],"wp:term":[{"taxonomy":"category","embeddable":true,"href":"https:\/\/www.noticiasradioreflejos.com.ar\/2021\/wp-json\/wp\/v2\/categories?post=65235"},{"taxonomy":"post_tag","embeddable":true,"href":"https:\/\/www.noticiasradioreflejos.com.ar\/2021\/wp-json\/wp\/v2\/tags?post=65235"}],"curies":[{"name":"wp","href":"https:\/\/api.w.org\/{rel}","templated":true}]}}