{"id":65233,"date":"2021-11-23T18:31:47","date_gmt":"2021-11-23T18:31:47","guid":{"rendered":"http:\/\/www.noticiasradioreflejos.com.ar\/2021\/?p=65233"},"modified":"2021-11-23T18:31:47","modified_gmt":"2021-11-23T18:31:47","slug":"educacion-ambiental-a-medida-que-uno-va-conociendo-va-tomando-mejores-decisiones-o-acciones-a-favor-del-medio-ambiente","status":"publish","type":"post","link":"https:\/\/www.noticiasradioreflejos.com.ar\/2021\/educacion-ambiental-a-medida-que-uno-va-conociendo-va-tomando-mejores-decisiones-o-acciones-a-favor-del-medio-ambiente\/","title":{"rendered":"Educaci\u00f3n ambiental: \u00abA medida que uno va conociendo, va tomando mejores decisiones o acciones a favor del medio ambiente\u00bb"},"content":{"rendered":"<p><strong>\u00abSembrar futuro en Sierra\u00bb<\/strong> es un evento que tomar\u00e1 lugar el 4 de diciembre en la Biblioteca Popular Mariano Moreno de Sierra de la Ventana. Gu\u00eda e int\u00e9rprete de la naturaleza activa integrante dentro del OPDS del cuidado de Sierras Grandes y el Parque Provincial Ernesto Tornquist, se encuentra integrando la organizaci\u00f3n de la jornada y esta ma\u00f1ana a entrevistamos para que nos cuente m\u00e1s detalladamente de qu\u00e9 se trata.<!--more--><\/p>\n<p><a data-flickr-embed=\"true\" href=\"https:\/\/www.flickr.com\/photos\/182279889@N02\/51701105000\/in\/dateposted-public\/\" title=\"Romina Gabrieli flora local (1)\"><img loading=\"lazy\" decoding=\"async\" src=\"https:\/\/live.staticflickr.com\/65535\/51701105000_d8965446ce_c.jpg\" width=\"664\" height=\"800\" alt=\"Romina Gabrieli flora local (1)\"><\/a><script async src=\"\/\/embedr.flickr.com\/assets\/client-code.js\" charset=\"utf-8\"><\/script><\/p>\n<p>\u00abEs un programa de educaci\u00f3n ambiental que parte de la Provincia para las \u00e1reas protegidas\u00bb explic\u00f3 de qu\u00e9 se trata \u00abSembrar futuro\u00bb. Romina explic\u00f3 que la idea es que se pueda trabajar respetando la idiosincrasia y las particularidades de cada reserva, pero con un pensamiento dentro del contexto en el que nos encontramos, qu\u00e9 relaci\u00f3n tienen las personas con la naturaleza y c\u00f3mo interact\u00faa con ella.<\/p>\n<p>\u00abLo que estamos haciendo es una presentaci\u00f3n de este programa que va a arrancar el a\u00f1o que viene\u00bb se refiri\u00f3 al evento del 4 de diciembre. \u00abProponemos una actividad para toda la familia en la biblioteca que tiene que ver con tratar de pasarla bien, hacer un paseo, pero siempre dejar un mensaje de reflexi\u00f3n\u00bb invit\u00f3 a los oyentes de la radio.<\/p>\n<p>\u00abMuchos de los problemas ambientales provienen del desconocimiento, eso es un poco lo que queremos transmitir, que a medida que uno va conociendo, va tomando mejores decisiones o acciones a favor del medio ambiente\u00bb resalt\u00f3 la importancia que tiene la capacitaci\u00f3n en el cuidado del medio ambiente que tiene esta jornada.<\/p>\n<p><a data-flickr-embed=\"true\" href=\"https:\/\/www.flickr.com\/photos\/182279889@N02\/51700892069\/in\/dateposted-public\/\" title=\"Romina Gabrieli flora local (5)\"><img loading=\"lazy\" decoding=\"async\" src=\"https:\/\/live.staticflickr.com\/65535\/51700892069_f13139b3e4_c.jpg\" width=\"600\" height=\"800\" alt=\"Romina Gabrieli flora local (5)\"><\/a><script async src=\"\/\/embedr.flickr.com\/assets\/client-code.js\" charset=\"utf-8\"><\/script><\/p>\n<p>Adem\u00e1s, agreg\u00f3 que quienes asistan a la jornada, se llevar\u00e1n como regalo especies nativas de nuestra zona, \u00abque sea un s\u00edmbolo de la oportunidad de comenzar o continuar con un jard\u00edn de nativas dentro de la comarca\u00bb.<\/p>\n<p>Romina tambi\u00e9n estuvo hablando sobre las actividades que se realizaron este fin de semana en Sierras Grandes: \u00abTuvimos mucha gente los 3 d\u00edas del fin de semana, pero estamos trabajando desde vacaciones de invierno de manera ininterrumpida\u00bb. Romina agreg\u00f3 que, hoy en d\u00eda, est\u00e1n completando las capacidades m\u00e1ximas de asistencia a las actividades que se proponen desde la Reserva.<\/p>\n<p>\u00abNos gustar\u00eda mucho que la gente de la comarca vaya el d\u00eda 4, para pasar un d\u00eda lindo, llevarse un regalito y aprender m\u00e1s de nuestro ambiente y de c\u00f3mo nos llevamos como nuestro medio ambiente como sociedad\u00bb.<\/p>\n<p>Nota completa a continuaci\u00f3n:<br \/>\n<iframe loading=\"lazy\" src=\"https:\/\/w.soundcloud.com\/player\/?url=https%3A\/\/api.soundcloud.com\/tracks\/1165266193&amp;color=%23ff5500&amp;auto_play=false&amp;hide_related=false&amp;show_comments=true&amp;show_user=true&amp;show_reposts=false&amp;show_teaser=true\" width=\"100%\" height=\"166\" frameborder=\"no\" scrolling=\"no\"><\/iframe><\/p>\n<div style=\"font-size: 10px; color: #cccccc; line-break: anywhere; word-break: normal; overflow: hidden; white-space: nowrap; text-overflow: ellipsis; font-family: Interstate,Lucida Grande,Lucida Sans Unicode,Lucida Sans,Garuda,Verdana,Tahoma,sans-serif; font-weight: 100;\"><a style=\"color: #cccccc; text-decoration: none;\" title=\"fmreflejos 103.7\" href=\"https:\/\/soundcloud.com\/fmreflejos-103-7\" target=\"_blank\" rel=\"noopener\">fmreflejos 103.7<\/a> \u00b7 <a style=\"color: #cccccc; text-decoration: none;\" title=\"Romina Gabrieli\" href=\"https:\/\/soundcloud.com\/fmreflejos-103-7\/romina-gabrieli\" target=\"_blank\" rel=\"noopener\">Romina Gabrieli<\/a><\/div>\n<p><a data-flickr-embed=\"true\" href=\"https:\/\/www.flickr.com\/photos\/182279889@N02\/51698761847\/in\/dateposted-public\/\" title=\"WhatsApp Image 2021-11-23 at 08.59.59\"><img loading=\"lazy\" decoding=\"async\" src=\"https:\/\/live.staticflickr.com\/65535\/51698761847_17236fb0d7_c.jpg\" width=\"800\" height=\"594\" alt=\"WhatsApp Image 2021-11-23 at 08.59.59\"><\/a><script async src=\"\/\/embedr.flickr.com\/assets\/client-code.js\" charset=\"utf-8\"><\/script><\/p>\n","protected":false},"excerpt":{"rendered":"<p>\u00abSembrar futuro en Sierra\u00bb es un evento que tomar\u00e1 lugar el 4 de diciembre en la Biblioteca Popular Mariano Moreno de Sierra de la Ventana. Gu\u00eda e int\u00e9rprete de la naturaleza activa integrante dentro del OPDS del cuidado de Sierras Grandes y el Parque Provincial Ernesto Tornquist, se encuentra integrando la organizaci\u00f3n de la jornada [&hellip;]<\/p>\n","protected":false},"author":3,"featured_media":0,"comment_status":"closed","ping_status":"closed","sticky":false,"template":"","format":"standard","meta":{"footnotes":""},"categories":[34],"tags":[48],"class_list":["post-65233","post","type-post","status-publish","format-standard","hentry","category-educacion","tag-destacada"],"yoast_head":"<!-- This site is optimized with the Yoast SEO plugin v25.9 - https:\/\/yoast.com\/wordpress\/plugins\/seo\/ -->\n<title>Educaci\u00f3n ambiental: &quot;A medida que uno va conociendo, va tomando mejores decisiones o acciones a favor del medio ambiente&quot; - Noticias Radio Reflejos<\/title>\n<meta name=\"robots\" content=\"index, follow, max-snippet:-1, max-image-preview:large, max-video-preview:-1\" \/>\n<link rel=\"canonical\" href=\"https:\/\/www.noticiasradioreflejos.com.ar\/2021\/educacion-ambiental-a-medida-que-uno-va-conociendo-va-tomando-mejores-decisiones-o-acciones-a-favor-del-medio-ambiente\/\" \/>\n<meta property=\"og:locale\" content=\"es_ES\" \/>\n<meta property=\"og:type\" content=\"article\" \/>\n<meta property=\"og:title\" content=\"Educaci\u00f3n ambiental: &quot;A medida que uno va conociendo, va tomando mejores decisiones o acciones a favor del medio ambiente&quot; - Noticias Radio Reflejos\" \/>\n<meta property=\"og:description\" content=\"\u00abSembrar futuro en Sierra\u00bb es un evento que tomar\u00e1 lugar el 4 de diciembre en la Biblioteca Popular Mariano Moreno de Sierra de la Ventana. Gu\u00eda e int\u00e9rprete de la naturaleza activa integrante dentro del OPDS del cuidado de Sierras Grandes y el Parque Provincial Ernesto Tornquist, se encuentra integrando la organizaci\u00f3n de la jornada [&hellip;]\" \/>\n<meta property=\"og:url\" content=\"https:\/\/www.noticiasradioreflejos.com.ar\/2021\/educacion-ambiental-a-medida-que-uno-va-conociendo-va-tomando-mejores-decisiones-o-acciones-a-favor-del-medio-ambiente\/\" \/>\n<meta property=\"og:site_name\" content=\"Noticias Radio Reflejos\" \/>\n<meta property=\"article:published_time\" content=\"2021-11-23T18:31:47+00:00\" \/>\n<meta property=\"og:image\" content=\"https:\/\/live.staticflickr.com\/65535\/51701105000_d8965446ce_c.jpg\" \/>\n<meta name=\"author\" content=\"Arnaldo Botto\" \/>\n<meta name=\"twitter:card\" content=\"summary_large_image\" \/>\n<script type=\"application\/ld+json\" class=\"yoast-schema-graph\">{\"@context\":\"https:\/\/schema.org\",\"@graph\":[{\"@type\":\"WebPage\",\"@id\":\"https:\/\/www.noticiasradioreflejos.com.ar\/2021\/educacion-ambiental-a-medida-que-uno-va-conociendo-va-tomando-mejores-decisiones-o-acciones-a-favor-del-medio-ambiente\/\",\"url\":\"https:\/\/www.noticiasradioreflejos.com.ar\/2021\/educacion-ambiental-a-medida-que-uno-va-conociendo-va-tomando-mejores-decisiones-o-acciones-a-favor-del-medio-ambiente\/\",\"name\":\"Educaci\u00f3n ambiental: \\\"A medida que uno va conociendo, va tomando mejores decisiones o acciones a favor del medio ambiente\\\" - Noticias Radio Reflejos\",\"isPartOf\":{\"@id\":\"https:\/\/www.noticiasradioreflejos.com.ar\/2021\/#website\"},\"primaryImageOfPage\":{\"@id\":\"https:\/\/www.noticiasradioreflejos.com.ar\/2021\/educacion-ambiental-a-medida-que-uno-va-conociendo-va-tomando-mejores-decisiones-o-acciones-a-favor-del-medio-ambiente\/#primaryimage\"},\"image\":{\"@id\":\"https:\/\/www.noticiasradioreflejos.com.ar\/2021\/educacion-ambiental-a-medida-que-uno-va-conociendo-va-tomando-mejores-decisiones-o-acciones-a-favor-del-medio-ambiente\/#primaryimage\"},\"thumbnailUrl\":\"https:\/\/live.staticflickr.com\/65535\/51701105000_d8965446ce_c.jpg\",\"datePublished\":\"2021-11-23T18:31:47+00:00\",\"author\":{\"@id\":\"https:\/\/www.noticiasradioreflejos.com.ar\/2021\/#\/schema\/person\/ad82545263dcc5ec0996818884fd5fb1\"},\"breadcrumb\":{\"@id\":\"https:\/\/www.noticiasradioreflejos.com.ar\/2021\/educacion-ambiental-a-medida-que-uno-va-conociendo-va-tomando-mejores-decisiones-o-acciones-a-favor-del-medio-ambiente\/#breadcrumb\"},\"inLanguage\":\"es\",\"potentialAction\":[{\"@type\":\"ReadAction\",\"target\":[\"https:\/\/www.noticiasradioreflejos.com.ar\/2021\/educacion-ambiental-a-medida-que-uno-va-conociendo-va-tomando-mejores-decisiones-o-acciones-a-favor-del-medio-ambiente\/\"]}]},{\"@type\":\"ImageObject\",\"inLanguage\":\"es\",\"@id\":\"https:\/\/www.noticiasradioreflejos.com.ar\/2021\/educacion-ambiental-a-medida-que-uno-va-conociendo-va-tomando-mejores-decisiones-o-acciones-a-favor-del-medio-ambiente\/#primaryimage\",\"url\":\"https:\/\/live.staticflickr.com\/65535\/51701105000_d8965446ce_c.jpg\",\"contentUrl\":\"https:\/\/live.staticflickr.com\/65535\/51701105000_d8965446ce_c.jpg\"},{\"@type\":\"BreadcrumbList\",\"@id\":\"https:\/\/www.noticiasradioreflejos.com.ar\/2021\/educacion-ambiental-a-medida-que-uno-va-conociendo-va-tomando-mejores-decisiones-o-acciones-a-favor-del-medio-ambiente\/#breadcrumb\",\"itemListElement\":[{\"@type\":\"ListItem\",\"position\":1,\"name\":\"Portada\",\"item\":\"https:\/\/www.noticiasradioreflejos.com.ar\/2021\/\"},{\"@type\":\"ListItem\",\"position\":2,\"name\":\"Educaci\u00f3n ambiental: \u00abA medida que uno va conociendo, va tomando mejores decisiones o acciones a favor del medio ambiente\u00bb\"}]},{\"@type\":\"WebSite\",\"@id\":\"https:\/\/www.noticiasradioreflejos.com.ar\/2021\/#website\",\"url\":\"https:\/\/www.noticiasradioreflejos.com.ar\/2021\/\",\"name\":\"Noticias Radio Reflejos\",\"description\":\"Las noticias de mi comarca\",\"potentialAction\":[{\"@type\":\"SearchAction\",\"target\":{\"@type\":\"EntryPoint\",\"urlTemplate\":\"https:\/\/www.noticiasradioreflejos.com.ar\/2021\/?s={search_term_string}\"},\"query-input\":{\"@type\":\"PropertyValueSpecification\",\"valueRequired\":true,\"valueName\":\"search_term_string\"}}],\"inLanguage\":\"es\"},{\"@type\":\"Person\",\"@id\":\"https:\/\/www.noticiasradioreflejos.com.ar\/2021\/#\/schema\/person\/ad82545263dcc5ec0996818884fd5fb1\",\"name\":\"Arnaldo Botto\",\"image\":{\"@type\":\"ImageObject\",\"inLanguage\":\"es\",\"@id\":\"https:\/\/www.noticiasradioreflejos.com.ar\/2021\/#\/schema\/person\/image\/\",\"url\":\"https:\/\/secure.gravatar.com\/avatar\/55cb5e37c1efa326397366e6974cb338056df65cb50e7d64d1cf314e87504837?s=96&d=mm&r=g\",\"contentUrl\":\"https:\/\/secure.gravatar.com\/avatar\/55cb5e37c1efa326397366e6974cb338056df65cb50e7d64d1cf314e87504837?s=96&d=mm&r=g\",\"caption\":\"Arnaldo Botto\"},\"url\":\"https:\/\/www.noticiasradioreflejos.com.ar\/2021\/author\/arnaldo\/\"}]}<\/script>\n<!-- \/ Yoast SEO plugin. -->","yoast_head_json":{"title":"Educaci\u00f3n ambiental: \"A medida que uno va conociendo, va tomando mejores decisiones o acciones a favor del medio ambiente\" - Noticias Radio Reflejos","robots":{"index":"index","follow":"follow","max-snippet":"max-snippet:-1","max-image-preview":"max-image-preview:large","max-video-preview":"max-video-preview:-1"},"canonical":"https:\/\/www.noticiasradioreflejos.com.ar\/2021\/educacion-ambiental-a-medida-que-uno-va-conociendo-va-tomando-mejores-decisiones-o-acciones-a-favor-del-medio-ambiente\/","og_locale":"es_ES","og_type":"article","og_title":"Educaci\u00f3n ambiental: \"A medida que uno va conociendo, va tomando mejores decisiones o acciones a favor del medio ambiente\" - Noticias Radio Reflejos","og_description":"\u00abSembrar futuro en Sierra\u00bb es un evento que tomar\u00e1 lugar el 4 de diciembre en la Biblioteca Popular Mariano Moreno de Sierra de la Ventana. Gu\u00eda e int\u00e9rprete de la naturaleza activa integrante dentro del OPDS del cuidado de Sierras Grandes y el Parque Provincial Ernesto Tornquist, se encuentra integrando la organizaci\u00f3n de la jornada [&hellip;]","og_url":"https:\/\/www.noticiasradioreflejos.com.ar\/2021\/educacion-ambiental-a-medida-que-uno-va-conociendo-va-tomando-mejores-decisiones-o-acciones-a-favor-del-medio-ambiente\/","og_site_name":"Noticias Radio Reflejos","article_published_time":"2021-11-23T18:31:47+00:00","og_image":[{"url":"https:\/\/live.staticflickr.com\/65535\/51701105000_d8965446ce_c.jpg","type":"","width":"","height":""}],"author":"Arnaldo Botto","twitter_card":"summary_large_image","schema":{"@context":"https:\/\/schema.org","@graph":[{"@type":"WebPage","@id":"https:\/\/www.noticiasradioreflejos.com.ar\/2021\/educacion-ambiental-a-medida-que-uno-va-conociendo-va-tomando-mejores-decisiones-o-acciones-a-favor-del-medio-ambiente\/","url":"https:\/\/www.noticiasradioreflejos.com.ar\/2021\/educacion-ambiental-a-medida-que-uno-va-conociendo-va-tomando-mejores-decisiones-o-acciones-a-favor-del-medio-ambiente\/","name":"Educaci\u00f3n ambiental: \"A medida que uno va conociendo, va tomando mejores decisiones o acciones a favor del medio ambiente\" - Noticias Radio Reflejos","isPartOf":{"@id":"https:\/\/www.noticiasradioreflejos.com.ar\/2021\/#website"},"primaryImageOfPage":{"@id":"https:\/\/www.noticiasradioreflejos.com.ar\/2021\/educacion-ambiental-a-medida-que-uno-va-conociendo-va-tomando-mejores-decisiones-o-acciones-a-favor-del-medio-ambiente\/#primaryimage"},"image":{"@id":"https:\/\/www.noticiasradioreflejos.com.ar\/2021\/educacion-ambiental-a-medida-que-uno-va-conociendo-va-tomando-mejores-decisiones-o-acciones-a-favor-del-medio-ambiente\/#primaryimage"},"thumbnailUrl":"https:\/\/live.staticflickr.com\/65535\/51701105000_d8965446ce_c.jpg","datePublished":"2021-11-23T18:31:47+00:00","author":{"@id":"https:\/\/www.noticiasradioreflejos.com.ar\/2021\/#\/schema\/person\/ad82545263dcc5ec0996818884fd5fb1"},"breadcrumb":{"@id":"https:\/\/www.noticiasradioreflejos.com.ar\/2021\/educacion-ambiental-a-medida-que-uno-va-conociendo-va-tomando-mejores-decisiones-o-acciones-a-favor-del-medio-ambiente\/#breadcrumb"},"inLanguage":"es","potentialAction":[{"@type":"ReadAction","target":["https:\/\/www.noticiasradioreflejos.com.ar\/2021\/educacion-ambiental-a-medida-que-uno-va-conociendo-va-tomando-mejores-decisiones-o-acciones-a-favor-del-medio-ambiente\/"]}]},{"@type":"ImageObject","inLanguage":"es","@id":"https:\/\/www.noticiasradioreflejos.com.ar\/2021\/educacion-ambiental-a-medida-que-uno-va-conociendo-va-tomando-mejores-decisiones-o-acciones-a-favor-del-medio-ambiente\/#primaryimage","url":"https:\/\/live.staticflickr.com\/65535\/51701105000_d8965446ce_c.jpg","contentUrl":"https:\/\/live.staticflickr.com\/65535\/51701105000_d8965446ce_c.jpg"},{"@type":"BreadcrumbList","@id":"https:\/\/www.noticiasradioreflejos.com.ar\/2021\/educacion-ambiental-a-medida-que-uno-va-conociendo-va-tomando-mejores-decisiones-o-acciones-a-favor-del-medio-ambiente\/#breadcrumb","itemListElement":[{"@type":"ListItem","position":1,"name":"Portada","item":"https:\/\/www.noticiasradioreflejos.com.ar\/2021\/"},{"@type":"ListItem","position":2,"name":"Educaci\u00f3n ambiental: \u00abA medida que uno va conociendo, va tomando mejores decisiones o acciones a favor del medio ambiente\u00bb"}]},{"@type":"WebSite","@id":"https:\/\/www.noticiasradioreflejos.com.ar\/2021\/#website","url":"https:\/\/www.noticiasradioreflejos.com.ar\/2021\/","name":"Noticias Radio Reflejos","description":"Las noticias de mi comarca","potentialAction":[{"@type":"SearchAction","target":{"@type":"EntryPoint","urlTemplate":"https:\/\/www.noticiasradioreflejos.com.ar\/2021\/?s={search_term_string}"},"query-input":{"@type":"PropertyValueSpecification","valueRequired":true,"valueName":"search_term_string"}}],"inLanguage":"es"},{"@type":"Person","@id":"https:\/\/www.noticiasradioreflejos.com.ar\/2021\/#\/schema\/person\/ad82545263dcc5ec0996818884fd5fb1","name":"Arnaldo Botto","image":{"@type":"ImageObject","inLanguage":"es","@id":"https:\/\/www.noticiasradioreflejos.com.ar\/2021\/#\/schema\/person\/image\/","url":"https:\/\/secure.gravatar.com\/avatar\/55cb5e37c1efa326397366e6974cb338056df65cb50e7d64d1cf314e87504837?s=96&d=mm&r=g","contentUrl":"https:\/\/secure.gravatar.com\/avatar\/55cb5e37c1efa326397366e6974cb338056df65cb50e7d64d1cf314e87504837?s=96&d=mm&r=g","caption":"Arnaldo Botto"},"url":"https:\/\/www.noticiasradioreflejos.com.ar\/2021\/author\/arnaldo\/"}]}},"_links":{"self":[{"href":"https:\/\/www.noticiasradioreflejos.com.ar\/2021\/wp-json\/wp\/v2\/posts\/65233","targetHints":{"allow":["GET"]}}],"collection":[{"href":"https:\/\/www.noticiasradioreflejos.com.ar\/2021\/wp-json\/wp\/v2\/posts"}],"about":[{"href":"https:\/\/www.noticiasradioreflejos.com.ar\/2021\/wp-json\/wp\/v2\/types\/post"}],"author":[{"embeddable":true,"href":"https:\/\/www.noticiasradioreflejos.com.ar\/2021\/wp-json\/wp\/v2\/users\/3"}],"replies":[{"embeddable":true,"href":"https:\/\/www.noticiasradioreflejos.com.ar\/2021\/wp-json\/wp\/v2\/comments?post=65233"}],"version-history":[{"count":2,"href":"https:\/\/www.noticiasradioreflejos.com.ar\/2021\/wp-json\/wp\/v2\/posts\/65233\/revisions"}],"predecessor-version":[{"id":65254,"href":"https:\/\/www.noticiasradioreflejos.com.ar\/2021\/wp-json\/wp\/v2\/posts\/65233\/revisions\/65254"}],"wp:attachment":[{"href":"https:\/\/www.noticiasradioreflejos.com.ar\/2021\/wp-json\/wp\/v2\/media?parent=65233"}],"wp:term":[{"taxonomy":"category","embeddable":true,"href":"https:\/\/www.noticiasradioreflejos.com.ar\/2021\/wp-json\/wp\/v2\/categories?post=65233"},{"taxonomy":"post_tag","embeddable":true,"href":"https:\/\/www.noticiasradioreflejos.com.ar\/2021\/wp-json\/wp\/v2\/tags?post=65233"}],"curies":[{"name":"wp","href":"https:\/\/api.w.org\/{rel}","templated":true}]}}