{"id":65219,"date":"2021-11-23T15:06:44","date_gmt":"2021-11-23T15:06:44","guid":{"rendered":"http:\/\/www.noticiasradioreflejos.com.ar\/2021\/?p=65219"},"modified":"2021-11-23T15:07:01","modified_gmt":"2021-11-23T15:07:01","slug":"fue-un-accidente-de-trabajo-que-le-puede-pasar-a-cualquiera","status":"publish","type":"post","link":"https:\/\/www.noticiasradioreflejos.com.ar\/2021\/fue-un-accidente-de-trabajo-que-le-puede-pasar-a-cualquiera\/","title":{"rendered":"\u00abFue un accidente de trabajo que le puede pasar a cualquiera\u00bb"},"content":{"rendered":"<p>El padre Lucas Cetolini, quien se accident\u00f3 esta ma\u00f1ana durante su horario de trabajo en Saldungaray, se comunica con la radio para contar qu\u00e9 fue lo que pas\u00f3 y llevar un poco de tranquilidad a los vecinos, m\u00e1s all\u00e1 del momento ingrato que est\u00e1n pasando.<!--more--><\/p>\n<p>\u00abHubo un accidente de trabajo, con otro compa\u00f1ero estaban arrancando un cami\u00f3n y fue apretado con otro cami\u00f3n. \u00c9l esta estable ahora, fue trasladado al Hospital Espa\u00f1ol para hacer una tomograf\u00eda y por seguridad va a quedar internado\u00bb. Alfredo mencion\u00f3 que su hijo sufri\u00f3 una fisura de las costillas, lo que queda molestando al pulm\u00f3n, obstaculizando su respiraci\u00f3n.<\/p>\n<p>El padre de Lucas coment\u00f3 que \u00e9l nunca perdi\u00f3 el conocimiento y que se encuentra muy dolorido, pero que repiti\u00f3 que se encuentra estable, aunque lo que tiene es delicado. \u00abNo podemos decir otra cosa de lo que dice el m\u00e9dico, porque no sabemos. La tomograf\u00eda va a decir todo\u00bb.<\/p>\n<p>Finalmente, expres\u00f3: \u00abFue un accidente de trabajo que le puede pasar a cualquiera\u00bb.<\/p>\n<p>&nbsp;<\/p>\n<p><iframe loading=\"lazy\" src=\"https:\/\/w.soundcloud.com\/player\/?url=https%3A\/\/api.soundcloud.com\/tracks\/1165260988&amp;color=%23ff5500&amp;auto_play=false&amp;hide_related=false&amp;show_comments=true&amp;show_user=true&amp;show_reposts=false&amp;show_teaser=true\" width=\"100%\" height=\"166\" frameborder=\"no\" scrolling=\"no\"><\/iframe><\/p>\n<div style=\"font-size: 10px; color: #cccccc; line-break: anywhere; word-break: normal; overflow: hidden; white-space: nowrap; text-overflow: ellipsis; font-family: Interstate,Lucida Grande,Lucida Sans Unicode,Lucida Sans,Garuda,Verdana,Tahoma,sans-serif; font-weight: 100;\"><a style=\"color: #cccccc; text-decoration: none;\" title=\"fmreflejos 103.7\" href=\"https:\/\/soundcloud.com\/fmreflejos-103-7\" target=\"_blank\" rel=\"noopener\">fmreflejos 103.7<\/a> \u00b7 <a style=\"color: #cccccc; text-decoration: none;\" title=\"Alfredo Cetolini\" href=\"https:\/\/soundcloud.com\/fmreflejos-103-7\/alfredo-cetolini\" target=\"_blank\" rel=\"noopener\">Alfredo Cetolini<\/a><\/div>\n","protected":false},"excerpt":{"rendered":"<p>El padre Lucas Cetolini, quien se accident\u00f3 esta ma\u00f1ana durante su horario de trabajo en Saldungaray, se comunica con la radio para contar qu\u00e9 fue lo que pas\u00f3 y llevar un poco de tranquilidad a los vecinos, m\u00e1s all\u00e1 del momento ingrato que est\u00e1n pasando.<\/p>\n","protected":false},"author":3,"featured_media":174,"comment_status":"closed","ping_status":"closed","sticky":false,"template":"","format":"standard","meta":{"footnotes":""},"categories":[28,29,26],"tags":[48],"class_list":["post-65219","post","type-post","status-publish","format-standard","has-post-thumbnail","hentry","category-municipales","category-policiales","category-sociedad","tag-destacada"],"yoast_head":"<!-- This site is optimized with the Yoast SEO plugin v25.9 - https:\/\/yoast.com\/wordpress\/plugins\/seo\/ -->\n<title>&quot;Fue un accidente de trabajo que le puede pasar a cualquiera&quot; - Noticias Radio Reflejos<\/title>\n<meta name=\"robots\" content=\"index, follow, max-snippet:-1, max-image-preview:large, max-video-preview:-1\" \/>\n<link rel=\"canonical\" href=\"https:\/\/www.noticiasradioreflejos.com.ar\/2021\/fue-un-accidente-de-trabajo-que-le-puede-pasar-a-cualquiera\/\" \/>\n<meta property=\"og:locale\" content=\"es_ES\" \/>\n<meta property=\"og:type\" content=\"article\" \/>\n<meta property=\"og:title\" content=\"&quot;Fue un accidente de trabajo que le puede pasar a cualquiera&quot; - Noticias Radio Reflejos\" \/>\n<meta property=\"og:description\" content=\"El padre Lucas Cetolini, quien se accident\u00f3 esta ma\u00f1ana durante su horario de trabajo en Saldungaray, se comunica con la radio para contar qu\u00e9 fue lo que pas\u00f3 y llevar un poco de tranquilidad a los vecinos, m\u00e1s all\u00e1 del momento ingrato que est\u00e1n pasando.\" \/>\n<meta property=\"og:url\" content=\"https:\/\/www.noticiasradioreflejos.com.ar\/2021\/fue-un-accidente-de-trabajo-que-le-puede-pasar-a-cualquiera\/\" \/>\n<meta property=\"og:site_name\" content=\"Noticias Radio Reflejos\" \/>\n<meta property=\"article:published_time\" content=\"2021-11-23T15:06:44+00:00\" \/>\n<meta property=\"article:modified_time\" content=\"2021-11-23T15:07:01+00:00\" \/>\n<meta property=\"og:image\" content=\"https:\/\/www.noticiasradioreflejos.com.ar\/2021\/wp-content\/uploads\/2016\/08\/Foto-Saldungaray-Indio.jpg\" \/>\n\t<meta property=\"og:image:width\" content=\"640\" \/>\n\t<meta property=\"og:image:height\" content=\"480\" \/>\n\t<meta property=\"og:image:type\" content=\"image\/jpeg\" \/>\n<meta name=\"author\" content=\"Arnaldo Botto\" \/>\n<meta name=\"twitter:card\" content=\"summary_large_image\" \/>\n<script type=\"application\/ld+json\" class=\"yoast-schema-graph\">{\"@context\":\"https:\/\/schema.org\",\"@graph\":[{\"@type\":\"WebPage\",\"@id\":\"https:\/\/www.noticiasradioreflejos.com.ar\/2021\/fue-un-accidente-de-trabajo-que-le-puede-pasar-a-cualquiera\/\",\"url\":\"https:\/\/www.noticiasradioreflejos.com.ar\/2021\/fue-un-accidente-de-trabajo-que-le-puede-pasar-a-cualquiera\/\",\"name\":\"\\\"Fue un accidente de trabajo que le puede pasar a cualquiera\\\" - Noticias Radio Reflejos\",\"isPartOf\":{\"@id\":\"https:\/\/www.noticiasradioreflejos.com.ar\/2021\/#website\"},\"primaryImageOfPage\":{\"@id\":\"https:\/\/www.noticiasradioreflejos.com.ar\/2021\/fue-un-accidente-de-trabajo-que-le-puede-pasar-a-cualquiera\/#primaryimage\"},\"image\":{\"@id\":\"https:\/\/www.noticiasradioreflejos.com.ar\/2021\/fue-un-accidente-de-trabajo-que-le-puede-pasar-a-cualquiera\/#primaryimage\"},\"thumbnailUrl\":\"https:\/\/www.noticiasradioreflejos.com.ar\/2021\/wp-content\/uploads\/2016\/08\/Foto-Saldungaray-Indio.jpg\",\"datePublished\":\"2021-11-23T15:06:44+00:00\",\"dateModified\":\"2021-11-23T15:07:01+00:00\",\"author\":{\"@id\":\"https:\/\/www.noticiasradioreflejos.com.ar\/2021\/#\/schema\/person\/ad82545263dcc5ec0996818884fd5fb1\"},\"breadcrumb\":{\"@id\":\"https:\/\/www.noticiasradioreflejos.com.ar\/2021\/fue-un-accidente-de-trabajo-que-le-puede-pasar-a-cualquiera\/#breadcrumb\"},\"inLanguage\":\"es\",\"potentialAction\":[{\"@type\":\"ReadAction\",\"target\":[\"https:\/\/www.noticiasradioreflejos.com.ar\/2021\/fue-un-accidente-de-trabajo-que-le-puede-pasar-a-cualquiera\/\"]}]},{\"@type\":\"ImageObject\",\"inLanguage\":\"es\",\"@id\":\"https:\/\/www.noticiasradioreflejos.com.ar\/2021\/fue-un-accidente-de-trabajo-que-le-puede-pasar-a-cualquiera\/#primaryimage\",\"url\":\"https:\/\/www.noticiasradioreflejos.com.ar\/2021\/wp-content\/uploads\/2016\/08\/Foto-Saldungaray-Indio.jpg\",\"contentUrl\":\"https:\/\/www.noticiasradioreflejos.com.ar\/2021\/wp-content\/uploads\/2016\/08\/Foto-Saldungaray-Indio.jpg\",\"width\":640,\"height\":480},{\"@type\":\"BreadcrumbList\",\"@id\":\"https:\/\/www.noticiasradioreflejos.com.ar\/2021\/fue-un-accidente-de-trabajo-que-le-puede-pasar-a-cualquiera\/#breadcrumb\",\"itemListElement\":[{\"@type\":\"ListItem\",\"position\":1,\"name\":\"Portada\",\"item\":\"https:\/\/www.noticiasradioreflejos.com.ar\/2021\/\"},{\"@type\":\"ListItem\",\"position\":2,\"name\":\"\u00abFue un accidente de trabajo que le puede pasar a cualquiera\u00bb\"}]},{\"@type\":\"WebSite\",\"@id\":\"https:\/\/www.noticiasradioreflejos.com.ar\/2021\/#website\",\"url\":\"https:\/\/www.noticiasradioreflejos.com.ar\/2021\/\",\"name\":\"Noticias Radio Reflejos\",\"description\":\"Las noticias de mi comarca\",\"potentialAction\":[{\"@type\":\"SearchAction\",\"target\":{\"@type\":\"EntryPoint\",\"urlTemplate\":\"https:\/\/www.noticiasradioreflejos.com.ar\/2021\/?s={search_term_string}\"},\"query-input\":{\"@type\":\"PropertyValueSpecification\",\"valueRequired\":true,\"valueName\":\"search_term_string\"}}],\"inLanguage\":\"es\"},{\"@type\":\"Person\",\"@id\":\"https:\/\/www.noticiasradioreflejos.com.ar\/2021\/#\/schema\/person\/ad82545263dcc5ec0996818884fd5fb1\",\"name\":\"Arnaldo Botto\",\"image\":{\"@type\":\"ImageObject\",\"inLanguage\":\"es\",\"@id\":\"https:\/\/www.noticiasradioreflejos.com.ar\/2021\/#\/schema\/person\/image\/\",\"url\":\"https:\/\/secure.gravatar.com\/avatar\/55cb5e37c1efa326397366e6974cb338056df65cb50e7d64d1cf314e87504837?s=96&d=mm&r=g\",\"contentUrl\":\"https:\/\/secure.gravatar.com\/avatar\/55cb5e37c1efa326397366e6974cb338056df65cb50e7d64d1cf314e87504837?s=96&d=mm&r=g\",\"caption\":\"Arnaldo Botto\"},\"url\":\"https:\/\/www.noticiasradioreflejos.com.ar\/2021\/author\/arnaldo\/\"}]}<\/script>\n<!-- \/ Yoast SEO plugin. -->","yoast_head_json":{"title":"\"Fue un accidente de trabajo que le puede pasar a cualquiera\" - Noticias Radio Reflejos","robots":{"index":"index","follow":"follow","max-snippet":"max-snippet:-1","max-image-preview":"max-image-preview:large","max-video-preview":"max-video-preview:-1"},"canonical":"https:\/\/www.noticiasradioreflejos.com.ar\/2021\/fue-un-accidente-de-trabajo-que-le-puede-pasar-a-cualquiera\/","og_locale":"es_ES","og_type":"article","og_title":"\"Fue un accidente de trabajo que le puede pasar a cualquiera\" - Noticias Radio Reflejos","og_description":"El padre Lucas Cetolini, quien se accident\u00f3 esta ma\u00f1ana durante su horario de trabajo en Saldungaray, se comunica con la radio para contar qu\u00e9 fue lo que pas\u00f3 y llevar un poco de tranquilidad a los vecinos, m\u00e1s all\u00e1 del momento ingrato que est\u00e1n pasando.","og_url":"https:\/\/www.noticiasradioreflejos.com.ar\/2021\/fue-un-accidente-de-trabajo-que-le-puede-pasar-a-cualquiera\/","og_site_name":"Noticias Radio Reflejos","article_published_time":"2021-11-23T15:06:44+00:00","article_modified_time":"2021-11-23T15:07:01+00:00","og_image":[{"width":640,"height":480,"url":"https:\/\/www.noticiasradioreflejos.com.ar\/2021\/wp-content\/uploads\/2016\/08\/Foto-Saldungaray-Indio.jpg","type":"image\/jpeg"}],"author":"Arnaldo Botto","twitter_card":"summary_large_image","schema":{"@context":"https:\/\/schema.org","@graph":[{"@type":"WebPage","@id":"https:\/\/www.noticiasradioreflejos.com.ar\/2021\/fue-un-accidente-de-trabajo-que-le-puede-pasar-a-cualquiera\/","url":"https:\/\/www.noticiasradioreflejos.com.ar\/2021\/fue-un-accidente-de-trabajo-que-le-puede-pasar-a-cualquiera\/","name":"\"Fue un accidente de trabajo que le puede pasar a cualquiera\" - Noticias Radio Reflejos","isPartOf":{"@id":"https:\/\/www.noticiasradioreflejos.com.ar\/2021\/#website"},"primaryImageOfPage":{"@id":"https:\/\/www.noticiasradioreflejos.com.ar\/2021\/fue-un-accidente-de-trabajo-que-le-puede-pasar-a-cualquiera\/#primaryimage"},"image":{"@id":"https:\/\/www.noticiasradioreflejos.com.ar\/2021\/fue-un-accidente-de-trabajo-que-le-puede-pasar-a-cualquiera\/#primaryimage"},"thumbnailUrl":"https:\/\/www.noticiasradioreflejos.com.ar\/2021\/wp-content\/uploads\/2016\/08\/Foto-Saldungaray-Indio.jpg","datePublished":"2021-11-23T15:06:44+00:00","dateModified":"2021-11-23T15:07:01+00:00","author":{"@id":"https:\/\/www.noticiasradioreflejos.com.ar\/2021\/#\/schema\/person\/ad82545263dcc5ec0996818884fd5fb1"},"breadcrumb":{"@id":"https:\/\/www.noticiasradioreflejos.com.ar\/2021\/fue-un-accidente-de-trabajo-que-le-puede-pasar-a-cualquiera\/#breadcrumb"},"inLanguage":"es","potentialAction":[{"@type":"ReadAction","target":["https:\/\/www.noticiasradioreflejos.com.ar\/2021\/fue-un-accidente-de-trabajo-que-le-puede-pasar-a-cualquiera\/"]}]},{"@type":"ImageObject","inLanguage":"es","@id":"https:\/\/www.noticiasradioreflejos.com.ar\/2021\/fue-un-accidente-de-trabajo-que-le-puede-pasar-a-cualquiera\/#primaryimage","url":"https:\/\/www.noticiasradioreflejos.com.ar\/2021\/wp-content\/uploads\/2016\/08\/Foto-Saldungaray-Indio.jpg","contentUrl":"https:\/\/www.noticiasradioreflejos.com.ar\/2021\/wp-content\/uploads\/2016\/08\/Foto-Saldungaray-Indio.jpg","width":640,"height":480},{"@type":"BreadcrumbList","@id":"https:\/\/www.noticiasradioreflejos.com.ar\/2021\/fue-un-accidente-de-trabajo-que-le-puede-pasar-a-cualquiera\/#breadcrumb","itemListElement":[{"@type":"ListItem","position":1,"name":"Portada","item":"https:\/\/www.noticiasradioreflejos.com.ar\/2021\/"},{"@type":"ListItem","position":2,"name":"\u00abFue un accidente de trabajo que le puede pasar a cualquiera\u00bb"}]},{"@type":"WebSite","@id":"https:\/\/www.noticiasradioreflejos.com.ar\/2021\/#website","url":"https:\/\/www.noticiasradioreflejos.com.ar\/2021\/","name":"Noticias Radio Reflejos","description":"Las noticias de mi comarca","potentialAction":[{"@type":"SearchAction","target":{"@type":"EntryPoint","urlTemplate":"https:\/\/www.noticiasradioreflejos.com.ar\/2021\/?s={search_term_string}"},"query-input":{"@type":"PropertyValueSpecification","valueRequired":true,"valueName":"search_term_string"}}],"inLanguage":"es"},{"@type":"Person","@id":"https:\/\/www.noticiasradioreflejos.com.ar\/2021\/#\/schema\/person\/ad82545263dcc5ec0996818884fd5fb1","name":"Arnaldo Botto","image":{"@type":"ImageObject","inLanguage":"es","@id":"https:\/\/www.noticiasradioreflejos.com.ar\/2021\/#\/schema\/person\/image\/","url":"https:\/\/secure.gravatar.com\/avatar\/55cb5e37c1efa326397366e6974cb338056df65cb50e7d64d1cf314e87504837?s=96&d=mm&r=g","contentUrl":"https:\/\/secure.gravatar.com\/avatar\/55cb5e37c1efa326397366e6974cb338056df65cb50e7d64d1cf314e87504837?s=96&d=mm&r=g","caption":"Arnaldo Botto"},"url":"https:\/\/www.noticiasradioreflejos.com.ar\/2021\/author\/arnaldo\/"}]}},"_links":{"self":[{"href":"https:\/\/www.noticiasradioreflejos.com.ar\/2021\/wp-json\/wp\/v2\/posts\/65219","targetHints":{"allow":["GET"]}}],"collection":[{"href":"https:\/\/www.noticiasradioreflejos.com.ar\/2021\/wp-json\/wp\/v2\/posts"}],"about":[{"href":"https:\/\/www.noticiasradioreflejos.com.ar\/2021\/wp-json\/wp\/v2\/types\/post"}],"author":[{"embeddable":true,"href":"https:\/\/www.noticiasradioreflejos.com.ar\/2021\/wp-json\/wp\/v2\/users\/3"}],"replies":[{"embeddable":true,"href":"https:\/\/www.noticiasradioreflejos.com.ar\/2021\/wp-json\/wp\/v2\/comments?post=65219"}],"version-history":[{"count":2,"href":"https:\/\/www.noticiasradioreflejos.com.ar\/2021\/wp-json\/wp\/v2\/posts\/65219\/revisions"}],"predecessor-version":[{"id":65227,"href":"https:\/\/www.noticiasradioreflejos.com.ar\/2021\/wp-json\/wp\/v2\/posts\/65219\/revisions\/65227"}],"wp:featuredmedia":[{"embeddable":true,"href":"https:\/\/www.noticiasradioreflejos.com.ar\/2021\/wp-json\/wp\/v2\/media\/174"}],"wp:attachment":[{"href":"https:\/\/www.noticiasradioreflejos.com.ar\/2021\/wp-json\/wp\/v2\/media?parent=65219"}],"wp:term":[{"taxonomy":"category","embeddable":true,"href":"https:\/\/www.noticiasradioreflejos.com.ar\/2021\/wp-json\/wp\/v2\/categories?post=65219"},{"taxonomy":"post_tag","embeddable":true,"href":"https:\/\/www.noticiasradioreflejos.com.ar\/2021\/wp-json\/wp\/v2\/tags?post=65219"}],"curies":[{"name":"wp","href":"https:\/\/api.w.org\/{rel}","templated":true}]}}