{"id":65128,"date":"2021-11-19T16:31:14","date_gmt":"2021-11-19T16:31:14","guid":{"rendered":"http:\/\/www.noticiasradioreflejos.com.ar\/2021\/?p=65128"},"modified":"2021-11-19T16:31:14","modified_gmt":"2021-11-19T16:31:14","slug":"el-juez-sostuvo-que-los-policias-son-los-unicos-y-verdaderos-imputados-en-el-crimen-de-lucas","status":"publish","type":"post","link":"https:\/\/www.noticiasradioreflejos.com.ar\/2021\/el-juez-sostuvo-que-los-policias-son-los-unicos-y-verdaderos-imputados-en-el-crimen-de-lucas\/","title":{"rendered":"El juez sostuvo que los polic\u00edas son \u201clos \u00fanicos y verdaderos imputados\u201d en el crimen de Lucas"},"content":{"rendered":"<p>Luego de haber sobrese\u00eddo a los adolescentes que viajaban en el auto al determinar que no cometieron delito alguno, el juez de Menores\u00a0Alejandro Rodolfo Cilleruelo\u00a0se declar\u00f3 incompetente y le prohibi\u00f3 la salida del pa\u00eds a los tres polic\u00edas implicados. De esta manera, el foco de la investigaci\u00f3n queda puesto en el irregular procedimiento policial.<\/p>\n<figure class=\"mb-3\"><img decoding=\"async\" src=\"https:\/\/www.telam.com.ar\/thumbs\/bluesteel\/advf\/imagenes\/2021\/11\/6196df6d178bc_900.jpg\" alt=\"Los tres policas implicados en el caso el inspector Gabriel Isassi el oficial mayor Fabin Lpez y el oficial Jos Nievas\" width=\"100%\" height=\"100%\" \/><\/p>\n<div class=\"media-icons\"><\/div><figcaption>Los tres polic\u00edas implicados en el caso: el inspector Gabriel Isassi, el oficial mayor Fabi\u00e1n L\u00f3pez y el oficial Jos\u00e9 Nievas.<\/figcaption><\/figure>\n<p>El juez de menores que intervino en las primeras instancias de la investigaci\u00f3n del homicidio del Lucas Gonz\u00e1lez por parte de efectivos de la Polic\u00eda de la Ciudad consider\u00f3 hoy que \u201clos \u00fanicos y verdaderos imputados\u201d resultaron ser los polic\u00edas, al desvincular \u00abdefinitivamente\u00bb del caso a los tres adolescentes que acompa\u00f1aban a la v\u00edctima, informaron hoy fuentes judiciales.<\/p>\n<p>En la resoluci\u00f3n \u2013a la que accedi\u00f3 T\u00e9lam-, el titular del Juzgado Nacional de Menores 4, Alejandro Rodolfo Cilleruelo, le prohibi\u00f3 la salida del pa\u00eds a los tres polic\u00edas implicados en la causa y se declar\u00f3 incompetente, luego de haber sobrese\u00eddo a los adolescentes que viajaban en el auto al determinar no solo que no cometieron delito alguno, sino que fueron \u201cv\u00edctimas\u201d de los oficiales.<\/p>\n<p>\u201cLa polic\u00eda en una democracia no puede actuar bajo ning\u00fan concepto de modo subrepticio y sin debida identificaci\u00f3n, menos cuando est\u00e1n ordenando la detenci\u00f3n de un veh\u00edculo del cual como se comprob\u00f3 no parti\u00f3 agresi\u00f3n de ninguna naturaleza\u201d, sostuvo Cilleruelo.<\/p>\n<p>\u00abLos \u00fanicos y verdaderos imputados en autos resultaban los polic\u00edas\u00bb, concluy\u00f3 el juez en la resoluci\u00f3n, en la que dej\u00f3 asentado que los adolescentes sobrese\u00eddos \u201ccomo todo parece indicar, fueron v\u00edctimas de la polic\u00eda\u201d.<\/p>\n<p>Cilleruelo no solo dict\u00f3 el sobreseimiento de los tres acompa\u00f1antes de Gonz\u00e1lez que por unas horas estuvieron detenidos en el Centro de Admisi\u00f3n y Derivaci\u00f3n (CAD) (ex Instituto Inchausti) del barrio de Congreso, sino que puso el foco de la investigaci\u00f3n en el irregular procedimiento policial.<\/p>\n<p>Tras analizar un \u00fanico video de una c\u00e1mara de la Ciudad que estaba averiada y capt\u00f3 solo en forma parcial la secuencia en la que el auto sin identificaci\u00f3n de los polic\u00edas intercept\u00f3 al de las v\u00edctimas, el juez sostuvo que parec\u00eda m\u00e1s \u201cun asalto\u201d que una orden para que se detengan para ser identificados.<\/p>\n<p>\u201cNo surge que el accionar del personal policial haya sido una actuaci\u00f3n clara para que las personas a quien iba dirigida la orden de detenci\u00f3n pudieran circunscribirse y actuar conforme ella\u201d, explic\u00f3 el magistrado.<\/p>\n<p>Si bien no orden\u00f3 sus detenciones, en la misma resoluci\u00f3n, el juez dispuso la prohibici\u00f3n de la salida del pa\u00eds para el inspector Gabriel Isassi, el oficial mayor Fabi\u00e1n L\u00f3pez y el oficial Jos\u00e9 Nievas, los tres polic\u00edas de la brigada de la Comisar\u00eda Vecinal 4D implicados en el caso.<\/p>\n<figure class=\"mb-3\"><img decoding=\"async\" class=\" lazy \" src=\"https:\/\/www.telam.com.ar\/thumbs\/bluesteel\/advf\/imagenes\/2021\/11\/6196bdb1b75a9.43.07-%281%29_900.jpg\" alt=\"Lucas Gonzlez futbolista de 17 aos fue baleado en la cabeza por un efectivo de la Polica de la Ciudad Foto Archivo familiar\" width=\"100%\" height=\"100%\" \/><\/p>\n<div class=\"media-icons\"><\/div><figcaption>Lucas Gonz\u00e1lez, futbolista de 17 a\u00f1os, fue baleado en la cabeza por un efectivo de la Polic\u00eda de la Ciudad. Foto: Archivo familiar<\/figcaption><\/figure>\n<p>Fuentes judiciales explicaron que,<strong>\u00a0ahora, el expediente recaer\u00e1 en el juez y el fiscal del fuero penal de mayores que estaban de turno\u00a0<\/strong>el d\u00eda del hecho en la zona de Barracas.<\/p>\n<p>Ese juzgado es el Criminal y Correccional 7, a cargo del juez Mart\u00edn Carlos Del Viso, y la fiscal\u00eda, la n\u00famero 32, a cargo de Leonel G\u00f3mez Barbella, quienes s\u00ed podr\u00edan ordenar en las pr\u00f3ximas horas las detenciones de los tres efectivos porte\u00f1os.<\/p>\n<p>El juez de Menores tambi\u00e9n orden\u00f3 la autopsia de Gonz\u00e1lez, que se realiz\u00f3 este viernes en la morgue judicial del Cuerpo M\u00e9dico Forense, en la calle Jun\u00edn al 700.<\/p>\n<p>Desde la noche del jueves se aguardaba que el juez Cilleruelo adopte alguna determinaci\u00f3n en el expediente.<\/p>\n<p>Incluso, en su car\u00e1cter de ministro de Justicia y Seguridad, Marcelo D\u2019Alessandro, le envi\u00f3 un escrito a Cilleruelo \u2013al que accedi\u00f3 T\u00e9lam-, en el que le informaba la situaci\u00f3n del pase a disponibilidad de los polic\u00edas y le indicaba que \u201cresulta imprescindible proceder a la adopci\u00f3n de medidas urgentes respecto de la situaci\u00f3n procesal\u201d de los oficiales Isassi, L\u00f3pez y Nievas.<\/p>\n<p>La Polic\u00eda Federal Argentina, fuerza que interviene desde el inicio en las actuaciones de este expediente, aguardaba alguna determinaci\u00f3n del juzgado actuante en relaci\u00f3n a los polic\u00edas y e<strong>n el caso ya intervienen los detectives de la Divisi\u00f3n Homicidios de la fuerza federal<\/strong>.<\/p>\n","protected":false},"excerpt":{"rendered":"<p>Luego de haber sobrese\u00eddo a los adolescentes que viajaban en el auto al determinar que no cometieron delito alguno, el juez de Menores\u00a0Alejandro Rodolfo Cilleruelo\u00a0se declar\u00f3 incompetente y le prohibi\u00f3 la salida del pa\u00eds a los tres polic\u00edas implicados. De esta manera, el foco de la investigaci\u00f3n queda puesto en el irregular procedimiento policial. Los [&hellip;]<\/p>\n","protected":false},"author":3,"featured_media":0,"comment_status":"closed","ping_status":"closed","sticky":false,"template":"","format":"standard","meta":{"footnotes":""},"categories":[29,24],"tags":[],"class_list":["post-65128","post","type-post","status-publish","format-standard","hentry","category-policiales","category-politica"],"yoast_head":"<!-- This site is optimized with the Yoast SEO plugin v25.9 - https:\/\/yoast.com\/wordpress\/plugins\/seo\/ -->\n<title>El juez sostuvo que los polic\u00edas son \u201clos \u00fanicos y verdaderos imputados\u201d en el crimen de Lucas - Noticias Radio Reflejos<\/title>\n<meta name=\"robots\" content=\"index, follow, max-snippet:-1, max-image-preview:large, max-video-preview:-1\" \/>\n<link rel=\"canonical\" href=\"https:\/\/www.noticiasradioreflejos.com.ar\/2021\/el-juez-sostuvo-que-los-policias-son-los-unicos-y-verdaderos-imputados-en-el-crimen-de-lucas\/\" \/>\n<meta property=\"og:locale\" content=\"es_ES\" \/>\n<meta property=\"og:type\" content=\"article\" \/>\n<meta property=\"og:title\" content=\"El juez sostuvo que los polic\u00edas son \u201clos \u00fanicos y verdaderos imputados\u201d en el crimen de Lucas - Noticias Radio Reflejos\" \/>\n<meta property=\"og:description\" content=\"Luego de haber sobrese\u00eddo a los adolescentes que viajaban en el auto al determinar que no cometieron delito alguno, el juez de Menores\u00a0Alejandro Rodolfo Cilleruelo\u00a0se declar\u00f3 incompetente y le prohibi\u00f3 la salida del pa\u00eds a los tres polic\u00edas implicados. De esta manera, el foco de la investigaci\u00f3n queda puesto en el irregular procedimiento policial. Los [&hellip;]\" \/>\n<meta property=\"og:url\" content=\"https:\/\/www.noticiasradioreflejos.com.ar\/2021\/el-juez-sostuvo-que-los-policias-son-los-unicos-y-verdaderos-imputados-en-el-crimen-de-lucas\/\" \/>\n<meta property=\"og:site_name\" content=\"Noticias Radio Reflejos\" \/>\n<meta property=\"article:published_time\" content=\"2021-11-19T16:31:14+00:00\" \/>\n<meta property=\"og:image\" content=\"https:\/\/www.telam.com.ar\/thumbs\/bluesteel\/advf\/imagenes\/2021\/11\/6196df6d178bc_900.jpg\" \/>\n<meta name=\"author\" content=\"Arnaldo Botto\" \/>\n<meta name=\"twitter:card\" content=\"summary_large_image\" \/>\n<script type=\"application\/ld+json\" class=\"yoast-schema-graph\">{\"@context\":\"https:\/\/schema.org\",\"@graph\":[{\"@type\":\"WebPage\",\"@id\":\"https:\/\/www.noticiasradioreflejos.com.ar\/2021\/el-juez-sostuvo-que-los-policias-son-los-unicos-y-verdaderos-imputados-en-el-crimen-de-lucas\/\",\"url\":\"https:\/\/www.noticiasradioreflejos.com.ar\/2021\/el-juez-sostuvo-que-los-policias-son-los-unicos-y-verdaderos-imputados-en-el-crimen-de-lucas\/\",\"name\":\"El juez sostuvo que los polic\u00edas son \u201clos \u00fanicos y verdaderos imputados\u201d en el crimen de Lucas - Noticias Radio Reflejos\",\"isPartOf\":{\"@id\":\"https:\/\/www.noticiasradioreflejos.com.ar\/2021\/#website\"},\"primaryImageOfPage\":{\"@id\":\"https:\/\/www.noticiasradioreflejos.com.ar\/2021\/el-juez-sostuvo-que-los-policias-son-los-unicos-y-verdaderos-imputados-en-el-crimen-de-lucas\/#primaryimage\"},\"image\":{\"@id\":\"https:\/\/www.noticiasradioreflejos.com.ar\/2021\/el-juez-sostuvo-que-los-policias-son-los-unicos-y-verdaderos-imputados-en-el-crimen-de-lucas\/#primaryimage\"},\"thumbnailUrl\":\"https:\/\/www.telam.com.ar\/thumbs\/bluesteel\/advf\/imagenes\/2021\/11\/6196df6d178bc_900.jpg\",\"datePublished\":\"2021-11-19T16:31:14+00:00\",\"author\":{\"@id\":\"https:\/\/www.noticiasradioreflejos.com.ar\/2021\/#\/schema\/person\/ad82545263dcc5ec0996818884fd5fb1\"},\"breadcrumb\":{\"@id\":\"https:\/\/www.noticiasradioreflejos.com.ar\/2021\/el-juez-sostuvo-que-los-policias-son-los-unicos-y-verdaderos-imputados-en-el-crimen-de-lucas\/#breadcrumb\"},\"inLanguage\":\"es\",\"potentialAction\":[{\"@type\":\"ReadAction\",\"target\":[\"https:\/\/www.noticiasradioreflejos.com.ar\/2021\/el-juez-sostuvo-que-los-policias-son-los-unicos-y-verdaderos-imputados-en-el-crimen-de-lucas\/\"]}]},{\"@type\":\"ImageObject\",\"inLanguage\":\"es\",\"@id\":\"https:\/\/www.noticiasradioreflejos.com.ar\/2021\/el-juez-sostuvo-que-los-policias-son-los-unicos-y-verdaderos-imputados-en-el-crimen-de-lucas\/#primaryimage\",\"url\":\"https:\/\/www.telam.com.ar\/thumbs\/bluesteel\/advf\/imagenes\/2021\/11\/6196df6d178bc_900.jpg\",\"contentUrl\":\"https:\/\/www.telam.com.ar\/thumbs\/bluesteel\/advf\/imagenes\/2021\/11\/6196df6d178bc_900.jpg\"},{\"@type\":\"BreadcrumbList\",\"@id\":\"https:\/\/www.noticiasradioreflejos.com.ar\/2021\/el-juez-sostuvo-que-los-policias-son-los-unicos-y-verdaderos-imputados-en-el-crimen-de-lucas\/#breadcrumb\",\"itemListElement\":[{\"@type\":\"ListItem\",\"position\":1,\"name\":\"Portada\",\"item\":\"https:\/\/www.noticiasradioreflejos.com.ar\/2021\/\"},{\"@type\":\"ListItem\",\"position\":2,\"name\":\"El juez sostuvo que los polic\u00edas son \u201clos \u00fanicos y verdaderos imputados\u201d en el crimen de Lucas\"}]},{\"@type\":\"WebSite\",\"@id\":\"https:\/\/www.noticiasradioreflejos.com.ar\/2021\/#website\",\"url\":\"https:\/\/www.noticiasradioreflejos.com.ar\/2021\/\",\"name\":\"Noticias Radio Reflejos\",\"description\":\"Las noticias de mi comarca\",\"potentialAction\":[{\"@type\":\"SearchAction\",\"target\":{\"@type\":\"EntryPoint\",\"urlTemplate\":\"https:\/\/www.noticiasradioreflejos.com.ar\/2021\/?s={search_term_string}\"},\"query-input\":{\"@type\":\"PropertyValueSpecification\",\"valueRequired\":true,\"valueName\":\"search_term_string\"}}],\"inLanguage\":\"es\"},{\"@type\":\"Person\",\"@id\":\"https:\/\/www.noticiasradioreflejos.com.ar\/2021\/#\/schema\/person\/ad82545263dcc5ec0996818884fd5fb1\",\"name\":\"Arnaldo Botto\",\"image\":{\"@type\":\"ImageObject\",\"inLanguage\":\"es\",\"@id\":\"https:\/\/www.noticiasradioreflejos.com.ar\/2021\/#\/schema\/person\/image\/\",\"url\":\"https:\/\/secure.gravatar.com\/avatar\/55cb5e37c1efa326397366e6974cb338056df65cb50e7d64d1cf314e87504837?s=96&d=mm&r=g\",\"contentUrl\":\"https:\/\/secure.gravatar.com\/avatar\/55cb5e37c1efa326397366e6974cb338056df65cb50e7d64d1cf314e87504837?s=96&d=mm&r=g\",\"caption\":\"Arnaldo Botto\"},\"url\":\"https:\/\/www.noticiasradioreflejos.com.ar\/2021\/author\/arnaldo\/\"}]}<\/script>\n<!-- \/ Yoast SEO plugin. -->","yoast_head_json":{"title":"El juez sostuvo que los polic\u00edas son \u201clos \u00fanicos y verdaderos imputados\u201d en el crimen de Lucas - Noticias Radio Reflejos","robots":{"index":"index","follow":"follow","max-snippet":"max-snippet:-1","max-image-preview":"max-image-preview:large","max-video-preview":"max-video-preview:-1"},"canonical":"https:\/\/www.noticiasradioreflejos.com.ar\/2021\/el-juez-sostuvo-que-los-policias-son-los-unicos-y-verdaderos-imputados-en-el-crimen-de-lucas\/","og_locale":"es_ES","og_type":"article","og_title":"El juez sostuvo que los polic\u00edas son \u201clos \u00fanicos y verdaderos imputados\u201d en el crimen de Lucas - Noticias Radio Reflejos","og_description":"Luego de haber sobrese\u00eddo a los adolescentes que viajaban en el auto al determinar que no cometieron delito alguno, el juez de Menores\u00a0Alejandro Rodolfo Cilleruelo\u00a0se declar\u00f3 incompetente y le prohibi\u00f3 la salida del pa\u00eds a los tres polic\u00edas implicados. De esta manera, el foco de la investigaci\u00f3n queda puesto en el irregular procedimiento policial. Los [&hellip;]","og_url":"https:\/\/www.noticiasradioreflejos.com.ar\/2021\/el-juez-sostuvo-que-los-policias-son-los-unicos-y-verdaderos-imputados-en-el-crimen-de-lucas\/","og_site_name":"Noticias Radio Reflejos","article_published_time":"2021-11-19T16:31:14+00:00","og_image":[{"url":"https:\/\/www.telam.com.ar\/thumbs\/bluesteel\/advf\/imagenes\/2021\/11\/6196df6d178bc_900.jpg","type":"","width":"","height":""}],"author":"Arnaldo Botto","twitter_card":"summary_large_image","schema":{"@context":"https:\/\/schema.org","@graph":[{"@type":"WebPage","@id":"https:\/\/www.noticiasradioreflejos.com.ar\/2021\/el-juez-sostuvo-que-los-policias-son-los-unicos-y-verdaderos-imputados-en-el-crimen-de-lucas\/","url":"https:\/\/www.noticiasradioreflejos.com.ar\/2021\/el-juez-sostuvo-que-los-policias-son-los-unicos-y-verdaderos-imputados-en-el-crimen-de-lucas\/","name":"El juez sostuvo que los polic\u00edas son \u201clos \u00fanicos y verdaderos imputados\u201d en el crimen de Lucas - Noticias Radio Reflejos","isPartOf":{"@id":"https:\/\/www.noticiasradioreflejos.com.ar\/2021\/#website"},"primaryImageOfPage":{"@id":"https:\/\/www.noticiasradioreflejos.com.ar\/2021\/el-juez-sostuvo-que-los-policias-son-los-unicos-y-verdaderos-imputados-en-el-crimen-de-lucas\/#primaryimage"},"image":{"@id":"https:\/\/www.noticiasradioreflejos.com.ar\/2021\/el-juez-sostuvo-que-los-policias-son-los-unicos-y-verdaderos-imputados-en-el-crimen-de-lucas\/#primaryimage"},"thumbnailUrl":"https:\/\/www.telam.com.ar\/thumbs\/bluesteel\/advf\/imagenes\/2021\/11\/6196df6d178bc_900.jpg","datePublished":"2021-11-19T16:31:14+00:00","author":{"@id":"https:\/\/www.noticiasradioreflejos.com.ar\/2021\/#\/schema\/person\/ad82545263dcc5ec0996818884fd5fb1"},"breadcrumb":{"@id":"https:\/\/www.noticiasradioreflejos.com.ar\/2021\/el-juez-sostuvo-que-los-policias-son-los-unicos-y-verdaderos-imputados-en-el-crimen-de-lucas\/#breadcrumb"},"inLanguage":"es","potentialAction":[{"@type":"ReadAction","target":["https:\/\/www.noticiasradioreflejos.com.ar\/2021\/el-juez-sostuvo-que-los-policias-son-los-unicos-y-verdaderos-imputados-en-el-crimen-de-lucas\/"]}]},{"@type":"ImageObject","inLanguage":"es","@id":"https:\/\/www.noticiasradioreflejos.com.ar\/2021\/el-juez-sostuvo-que-los-policias-son-los-unicos-y-verdaderos-imputados-en-el-crimen-de-lucas\/#primaryimage","url":"https:\/\/www.telam.com.ar\/thumbs\/bluesteel\/advf\/imagenes\/2021\/11\/6196df6d178bc_900.jpg","contentUrl":"https:\/\/www.telam.com.ar\/thumbs\/bluesteel\/advf\/imagenes\/2021\/11\/6196df6d178bc_900.jpg"},{"@type":"BreadcrumbList","@id":"https:\/\/www.noticiasradioreflejos.com.ar\/2021\/el-juez-sostuvo-que-los-policias-son-los-unicos-y-verdaderos-imputados-en-el-crimen-de-lucas\/#breadcrumb","itemListElement":[{"@type":"ListItem","position":1,"name":"Portada","item":"https:\/\/www.noticiasradioreflejos.com.ar\/2021\/"},{"@type":"ListItem","position":2,"name":"El juez sostuvo que los polic\u00edas son \u201clos \u00fanicos y verdaderos imputados\u201d en el crimen de Lucas"}]},{"@type":"WebSite","@id":"https:\/\/www.noticiasradioreflejos.com.ar\/2021\/#website","url":"https:\/\/www.noticiasradioreflejos.com.ar\/2021\/","name":"Noticias Radio Reflejos","description":"Las noticias de mi comarca","potentialAction":[{"@type":"SearchAction","target":{"@type":"EntryPoint","urlTemplate":"https:\/\/www.noticiasradioreflejos.com.ar\/2021\/?s={search_term_string}"},"query-input":{"@type":"PropertyValueSpecification","valueRequired":true,"valueName":"search_term_string"}}],"inLanguage":"es"},{"@type":"Person","@id":"https:\/\/www.noticiasradioreflejos.com.ar\/2021\/#\/schema\/person\/ad82545263dcc5ec0996818884fd5fb1","name":"Arnaldo Botto","image":{"@type":"ImageObject","inLanguage":"es","@id":"https:\/\/www.noticiasradioreflejos.com.ar\/2021\/#\/schema\/person\/image\/","url":"https:\/\/secure.gravatar.com\/avatar\/55cb5e37c1efa326397366e6974cb338056df65cb50e7d64d1cf314e87504837?s=96&d=mm&r=g","contentUrl":"https:\/\/secure.gravatar.com\/avatar\/55cb5e37c1efa326397366e6974cb338056df65cb50e7d64d1cf314e87504837?s=96&d=mm&r=g","caption":"Arnaldo Botto"},"url":"https:\/\/www.noticiasradioreflejos.com.ar\/2021\/author\/arnaldo\/"}]}},"_links":{"self":[{"href":"https:\/\/www.noticiasradioreflejos.com.ar\/2021\/wp-json\/wp\/v2\/posts\/65128","targetHints":{"allow":["GET"]}}],"collection":[{"href":"https:\/\/www.noticiasradioreflejos.com.ar\/2021\/wp-json\/wp\/v2\/posts"}],"about":[{"href":"https:\/\/www.noticiasradioreflejos.com.ar\/2021\/wp-json\/wp\/v2\/types\/post"}],"author":[{"embeddable":true,"href":"https:\/\/www.noticiasradioreflejos.com.ar\/2021\/wp-json\/wp\/v2\/users\/3"}],"replies":[{"embeddable":true,"href":"https:\/\/www.noticiasradioreflejos.com.ar\/2021\/wp-json\/wp\/v2\/comments?post=65128"}],"version-history":[{"count":2,"href":"https:\/\/www.noticiasradioreflejos.com.ar\/2021\/wp-json\/wp\/v2\/posts\/65128\/revisions"}],"predecessor-version":[{"id":65131,"href":"https:\/\/www.noticiasradioreflejos.com.ar\/2021\/wp-json\/wp\/v2\/posts\/65128\/revisions\/65131"}],"wp:attachment":[{"href":"https:\/\/www.noticiasradioreflejos.com.ar\/2021\/wp-json\/wp\/v2\/media?parent=65128"}],"wp:term":[{"taxonomy":"category","embeddable":true,"href":"https:\/\/www.noticiasradioreflejos.com.ar\/2021\/wp-json\/wp\/v2\/categories?post=65128"},{"taxonomy":"post_tag","embeddable":true,"href":"https:\/\/www.noticiasradioreflejos.com.ar\/2021\/wp-json\/wp\/v2\/tags?post=65128"}],"curies":[{"name":"wp","href":"https:\/\/api.w.org\/{rel}","templated":true}]}}