{"id":651,"date":"2016-09-08T15:59:14","date_gmt":"2016-09-08T15:59:14","guid":{"rendered":"http:\/\/noticiasradioreflejos.com.ar\/noticias\/?p=651"},"modified":"2016-09-08T15:59:14","modified_gmt":"2016-09-08T15:59:14","slug":"ornada-del-senasa-y-los-entes-sanitarios-bonaerenses-sobre-avances-en-el-control-de-la-fiebre-aftosa-en-la-region","status":"publish","type":"post","link":"https:\/\/www.noticiasradioreflejos.com.ar\/2021\/ornada-del-senasa-y-los-entes-sanitarios-bonaerenses-sobre-avances-en-el-control-de-la-fiebre-aftosa-en-la-region\/","title":{"rendered":"Jornada del Senasa y los entes sanitarios bonaerenses sobre avances en el control de la fiebre aftosa en la regi\u00f3n"},"content":{"rendered":"<p>El Senasa y los entes sanitarios bonaerenses analizar\u00e1n los avances en el control de la fiebre aftosa en la regi\u00f3n.\u00a0La jornada de trabajo se realizar\u00e1 el pr\u00f3ximo 14 de septiembre en el Campo Experimental del organismo sanitario, ubicado en la ciudad de Azul.<!--more--><br \/>\n<strong>BUENOS AIRES, 6 de septiembre de 2016 &#8211;<\/strong> Con el objetivo de examinar la situaci\u00f3n actual del Plan Nacional de Fiebre Aftosa y reflexionar sobre la etapa 2016-2020, el Servicio Nacional de Sanidad y Calidad Agroalimentaria (Senasa) convoca a todos los entes sanitarios bonaerenses, al encuentro formativo, ha desarrollarse el 14 de septiembre pr\u00f3ximo. Ser\u00e1 desde las 9,30 horas, en su Campo Experimental, ubicado en la ciudad de Azul \u2013Kil\u00f3metro 300 de la Ruta Nacional N\u00ba 3-.<br \/>\nLa convocatoria tiene como objetivo abordar cuestiones vinculadas a la situaci\u00f3n sanitaria regional y nacional, analizar los resultados de los recientes muestreos epidemiol\u00f3gicos realizados, las estrategias para las campa\u00f1as de vacunaci\u00f3n, y el rol de los entes sanitarios.<br \/>\nAsimismo, se informar\u00e1 sobre los principales conceptos t\u00e9cnicos vinculados a la recientemente promulgada Ley 27.233, que declara de inter\u00e9s nacional la sanidad de los animales y los vegetales, adem\u00e1s del control y erradicaci\u00f3n de enfermedades y plagas que afecten a la producci\u00f3n.<br \/>\nPara asistir se deber\u00e1 confirmar asistencia al correo electr\u00f3nico <a href=\"mailto:fiebreaftosa@senasa.gob.ar\">fiebreaftosa@senasa.gob.ar<\/a>, indicando cantidad de personas presentes por cada Ente Sanitario hasta el <strong>7 de septiembre<\/strong>.<\/p>\n","protected":false},"excerpt":{"rendered":"<p>El Senasa y los entes sanitarios bonaerenses analizar\u00e1n los avances en el control de la fiebre aftosa en la regi\u00f3n.\u00a0La jornada de trabajo se realizar\u00e1 el pr\u00f3ximo 14 de septiembre en el Campo Experimental del organismo sanitario, ubicado en la ciudad de Azul.<\/p>\n","protected":false},"author":3,"featured_media":0,"comment_status":"closed","ping_status":"open","sticky":false,"template":"","format":"standard","meta":{"footnotes":""},"categories":[24],"tags":[],"class_list":["post-651","post","type-post","status-publish","format-standard","hentry","category-politica"],"yoast_head":"<!-- This site is optimized with the Yoast SEO plugin v25.9 - https:\/\/yoast.com\/wordpress\/plugins\/seo\/ -->\n<title>Jornada del Senasa y los entes sanitarios bonaerenses sobre avances en el control de la fiebre aftosa en la regi\u00f3n - Noticias Radio Reflejos<\/title>\n<meta name=\"robots\" content=\"index, follow, max-snippet:-1, max-image-preview:large, max-video-preview:-1\" \/>\n<link rel=\"canonical\" href=\"https:\/\/www.noticiasradioreflejos.com.ar\/2021\/ornada-del-senasa-y-los-entes-sanitarios-bonaerenses-sobre-avances-en-el-control-de-la-fiebre-aftosa-en-la-region\/\" \/>\n<meta property=\"og:locale\" content=\"es_ES\" \/>\n<meta property=\"og:type\" content=\"article\" \/>\n<meta property=\"og:title\" content=\"Jornada del Senasa y los entes sanitarios bonaerenses sobre avances en el control de la fiebre aftosa en la regi\u00f3n - Noticias Radio Reflejos\" \/>\n<meta property=\"og:description\" content=\"El Senasa y los entes sanitarios bonaerenses analizar\u00e1n los avances en el control de la fiebre aftosa en la regi\u00f3n.\u00a0La jornada de trabajo se realizar\u00e1 el pr\u00f3ximo 14 de septiembre en el Campo Experimental del organismo sanitario, ubicado en la ciudad de Azul.\" \/>\n<meta property=\"og:url\" content=\"https:\/\/www.noticiasradioreflejos.com.ar\/2021\/ornada-del-senasa-y-los-entes-sanitarios-bonaerenses-sobre-avances-en-el-control-de-la-fiebre-aftosa-en-la-region\/\" \/>\n<meta property=\"og:site_name\" content=\"Noticias Radio Reflejos\" \/>\n<meta property=\"article:published_time\" content=\"2016-09-08T15:59:14+00:00\" \/>\n<meta property=\"og:image\" content=\"https:\/\/www.noticiasradioreflejos.com.ar\/2021\/wp-content\/uploads\/2021\/07\/logosol300x200.png\" \/>\n\t<meta property=\"og:image:width\" content=\"300\" \/>\n\t<meta property=\"og:image:height\" content=\"200\" \/>\n\t<meta property=\"og:image:type\" content=\"image\/png\" \/>\n<meta name=\"author\" content=\"Arnaldo Botto\" \/>\n<meta name=\"twitter:card\" content=\"summary_large_image\" \/>\n<script type=\"application\/ld+json\" class=\"yoast-schema-graph\">{\"@context\":\"https:\/\/schema.org\",\"@graph\":[{\"@type\":\"WebPage\",\"@id\":\"https:\/\/www.noticiasradioreflejos.com.ar\/2021\/ornada-del-senasa-y-los-entes-sanitarios-bonaerenses-sobre-avances-en-el-control-de-la-fiebre-aftosa-en-la-region\/\",\"url\":\"https:\/\/www.noticiasradioreflejos.com.ar\/2021\/ornada-del-senasa-y-los-entes-sanitarios-bonaerenses-sobre-avances-en-el-control-de-la-fiebre-aftosa-en-la-region\/\",\"name\":\"Jornada del Senasa y los entes sanitarios bonaerenses sobre avances en el control de la fiebre aftosa en la regi\u00f3n - Noticias Radio Reflejos\",\"isPartOf\":{\"@id\":\"https:\/\/www.noticiasradioreflejos.com.ar\/2021\/#website\"},\"datePublished\":\"2016-09-08T15:59:14+00:00\",\"author\":{\"@id\":\"https:\/\/www.noticiasradioreflejos.com.ar\/2021\/#\/schema\/person\/ad82545263dcc5ec0996818884fd5fb1\"},\"breadcrumb\":{\"@id\":\"https:\/\/www.noticiasradioreflejos.com.ar\/2021\/ornada-del-senasa-y-los-entes-sanitarios-bonaerenses-sobre-avances-en-el-control-de-la-fiebre-aftosa-en-la-region\/#breadcrumb\"},\"inLanguage\":\"es\",\"potentialAction\":[{\"@type\":\"ReadAction\",\"target\":[\"https:\/\/www.noticiasradioreflejos.com.ar\/2021\/ornada-del-senasa-y-los-entes-sanitarios-bonaerenses-sobre-avances-en-el-control-de-la-fiebre-aftosa-en-la-region\/\"]}]},{\"@type\":\"BreadcrumbList\",\"@id\":\"https:\/\/www.noticiasradioreflejos.com.ar\/2021\/ornada-del-senasa-y-los-entes-sanitarios-bonaerenses-sobre-avances-en-el-control-de-la-fiebre-aftosa-en-la-region\/#breadcrumb\",\"itemListElement\":[{\"@type\":\"ListItem\",\"position\":1,\"name\":\"Portada\",\"item\":\"https:\/\/www.noticiasradioreflejos.com.ar\/2021\/\"},{\"@type\":\"ListItem\",\"position\":2,\"name\":\"Jornada del Senasa y los entes sanitarios bonaerenses sobre avances en el control de la fiebre aftosa en la regi\u00f3n\"}]},{\"@type\":\"WebSite\",\"@id\":\"https:\/\/www.noticiasradioreflejos.com.ar\/2021\/#website\",\"url\":\"https:\/\/www.noticiasradioreflejos.com.ar\/2021\/\",\"name\":\"Noticias Radio Reflejos\",\"description\":\"Las noticias de mi comarca\",\"potentialAction\":[{\"@type\":\"SearchAction\",\"target\":{\"@type\":\"EntryPoint\",\"urlTemplate\":\"https:\/\/www.noticiasradioreflejos.com.ar\/2021\/?s={search_term_string}\"},\"query-input\":{\"@type\":\"PropertyValueSpecification\",\"valueRequired\":true,\"valueName\":\"search_term_string\"}}],\"inLanguage\":\"es\"},{\"@type\":\"Person\",\"@id\":\"https:\/\/www.noticiasradioreflejos.com.ar\/2021\/#\/schema\/person\/ad82545263dcc5ec0996818884fd5fb1\",\"name\":\"Arnaldo Botto\",\"image\":{\"@type\":\"ImageObject\",\"inLanguage\":\"es\",\"@id\":\"https:\/\/www.noticiasradioreflejos.com.ar\/2021\/#\/schema\/person\/image\/\",\"url\":\"https:\/\/secure.gravatar.com\/avatar\/55cb5e37c1efa326397366e6974cb338056df65cb50e7d64d1cf314e87504837?s=96&d=mm&r=g\",\"contentUrl\":\"https:\/\/secure.gravatar.com\/avatar\/55cb5e37c1efa326397366e6974cb338056df65cb50e7d64d1cf314e87504837?s=96&d=mm&r=g\",\"caption\":\"Arnaldo Botto\"},\"url\":\"https:\/\/www.noticiasradioreflejos.com.ar\/2021\/author\/arnaldo\/\"}]}<\/script>\n<!-- \/ Yoast SEO plugin. -->","yoast_head_json":{"title":"Jornada del Senasa y los entes sanitarios bonaerenses sobre avances en el control de la fiebre aftosa en la regi\u00f3n - Noticias Radio Reflejos","robots":{"index":"index","follow":"follow","max-snippet":"max-snippet:-1","max-image-preview":"max-image-preview:large","max-video-preview":"max-video-preview:-1"},"canonical":"https:\/\/www.noticiasradioreflejos.com.ar\/2021\/ornada-del-senasa-y-los-entes-sanitarios-bonaerenses-sobre-avances-en-el-control-de-la-fiebre-aftosa-en-la-region\/","og_locale":"es_ES","og_type":"article","og_title":"Jornada del Senasa y los entes sanitarios bonaerenses sobre avances en el control de la fiebre aftosa en la regi\u00f3n - Noticias Radio Reflejos","og_description":"El Senasa y los entes sanitarios bonaerenses analizar\u00e1n los avances en el control de la fiebre aftosa en la regi\u00f3n.\u00a0La jornada de trabajo se realizar\u00e1 el pr\u00f3ximo 14 de septiembre en el Campo Experimental del organismo sanitario, ubicado en la ciudad de Azul.","og_url":"https:\/\/www.noticiasradioreflejos.com.ar\/2021\/ornada-del-senasa-y-los-entes-sanitarios-bonaerenses-sobre-avances-en-el-control-de-la-fiebre-aftosa-en-la-region\/","og_site_name":"Noticias Radio Reflejos","article_published_time":"2016-09-08T15:59:14+00:00","og_image":[{"width":300,"height":200,"url":"https:\/\/www.noticiasradioreflejos.com.ar\/2021\/wp-content\/uploads\/2021\/07\/logosol300x200.png","type":"image\/png"}],"author":"Arnaldo Botto","twitter_card":"summary_large_image","schema":{"@context":"https:\/\/schema.org","@graph":[{"@type":"WebPage","@id":"https:\/\/www.noticiasradioreflejos.com.ar\/2021\/ornada-del-senasa-y-los-entes-sanitarios-bonaerenses-sobre-avances-en-el-control-de-la-fiebre-aftosa-en-la-region\/","url":"https:\/\/www.noticiasradioreflejos.com.ar\/2021\/ornada-del-senasa-y-los-entes-sanitarios-bonaerenses-sobre-avances-en-el-control-de-la-fiebre-aftosa-en-la-region\/","name":"Jornada del Senasa y los entes sanitarios bonaerenses sobre avances en el control de la fiebre aftosa en la regi\u00f3n - Noticias Radio Reflejos","isPartOf":{"@id":"https:\/\/www.noticiasradioreflejos.com.ar\/2021\/#website"},"datePublished":"2016-09-08T15:59:14+00:00","author":{"@id":"https:\/\/www.noticiasradioreflejos.com.ar\/2021\/#\/schema\/person\/ad82545263dcc5ec0996818884fd5fb1"},"breadcrumb":{"@id":"https:\/\/www.noticiasradioreflejos.com.ar\/2021\/ornada-del-senasa-y-los-entes-sanitarios-bonaerenses-sobre-avances-en-el-control-de-la-fiebre-aftosa-en-la-region\/#breadcrumb"},"inLanguage":"es","potentialAction":[{"@type":"ReadAction","target":["https:\/\/www.noticiasradioreflejos.com.ar\/2021\/ornada-del-senasa-y-los-entes-sanitarios-bonaerenses-sobre-avances-en-el-control-de-la-fiebre-aftosa-en-la-region\/"]}]},{"@type":"BreadcrumbList","@id":"https:\/\/www.noticiasradioreflejos.com.ar\/2021\/ornada-del-senasa-y-los-entes-sanitarios-bonaerenses-sobre-avances-en-el-control-de-la-fiebre-aftosa-en-la-region\/#breadcrumb","itemListElement":[{"@type":"ListItem","position":1,"name":"Portada","item":"https:\/\/www.noticiasradioreflejos.com.ar\/2021\/"},{"@type":"ListItem","position":2,"name":"Jornada del Senasa y los entes sanitarios bonaerenses sobre avances en el control de la fiebre aftosa en la regi\u00f3n"}]},{"@type":"WebSite","@id":"https:\/\/www.noticiasradioreflejos.com.ar\/2021\/#website","url":"https:\/\/www.noticiasradioreflejos.com.ar\/2021\/","name":"Noticias Radio Reflejos","description":"Las noticias de mi comarca","potentialAction":[{"@type":"SearchAction","target":{"@type":"EntryPoint","urlTemplate":"https:\/\/www.noticiasradioreflejos.com.ar\/2021\/?s={search_term_string}"},"query-input":{"@type":"PropertyValueSpecification","valueRequired":true,"valueName":"search_term_string"}}],"inLanguage":"es"},{"@type":"Person","@id":"https:\/\/www.noticiasradioreflejos.com.ar\/2021\/#\/schema\/person\/ad82545263dcc5ec0996818884fd5fb1","name":"Arnaldo Botto","image":{"@type":"ImageObject","inLanguage":"es","@id":"https:\/\/www.noticiasradioreflejos.com.ar\/2021\/#\/schema\/person\/image\/","url":"https:\/\/secure.gravatar.com\/avatar\/55cb5e37c1efa326397366e6974cb338056df65cb50e7d64d1cf314e87504837?s=96&d=mm&r=g","contentUrl":"https:\/\/secure.gravatar.com\/avatar\/55cb5e37c1efa326397366e6974cb338056df65cb50e7d64d1cf314e87504837?s=96&d=mm&r=g","caption":"Arnaldo Botto"},"url":"https:\/\/www.noticiasradioreflejos.com.ar\/2021\/author\/arnaldo\/"}]}},"_links":{"self":[{"href":"https:\/\/www.noticiasradioreflejos.com.ar\/2021\/wp-json\/wp\/v2\/posts\/651","targetHints":{"allow":["GET"]}}],"collection":[{"href":"https:\/\/www.noticiasradioreflejos.com.ar\/2021\/wp-json\/wp\/v2\/posts"}],"about":[{"href":"https:\/\/www.noticiasradioreflejos.com.ar\/2021\/wp-json\/wp\/v2\/types\/post"}],"author":[{"embeddable":true,"href":"https:\/\/www.noticiasradioreflejos.com.ar\/2021\/wp-json\/wp\/v2\/users\/3"}],"replies":[{"embeddable":true,"href":"https:\/\/www.noticiasradioreflejos.com.ar\/2021\/wp-json\/wp\/v2\/comments?post=651"}],"version-history":[{"count":0,"href":"https:\/\/www.noticiasradioreflejos.com.ar\/2021\/wp-json\/wp\/v2\/posts\/651\/revisions"}],"wp:attachment":[{"href":"https:\/\/www.noticiasradioreflejos.com.ar\/2021\/wp-json\/wp\/v2\/media?parent=651"}],"wp:term":[{"taxonomy":"category","embeddable":true,"href":"https:\/\/www.noticiasradioreflejos.com.ar\/2021\/wp-json\/wp\/v2\/categories?post=651"},{"taxonomy":"post_tag","embeddable":true,"href":"https:\/\/www.noticiasradioreflejos.com.ar\/2021\/wp-json\/wp\/v2\/tags?post=651"}],"curies":[{"name":"wp","href":"https:\/\/api.w.org\/{rel}","templated":true}]}}